{"id":2385,"date":"2019-02-01T10:03:18","date_gmt":"2019-02-01T13:03:18","guid":{"rendered":"http:\/\/medicina.udd.cl\/centro-genetica-genomica\/?p=2385"},"modified":"2019-02-01T10:03:18","modified_gmt":"2019-02-01T13:03:18","slug":"icim-udd-recibe-en-sus-laboratorios-a-investigador-de-la-universidad-de-oxford","status":"publish","type":"post","link":"https:\/\/medicina.udd.cl\/centro-genetica-genomica\/noticias\/2019\/02\/01\/icim-udd-recibe-en-sus-laboratorios-a-investigador-de-la-universidad-de-oxford\/","title":{"rendered":"ICIM UDD recibe en sus laboratorios a investigador de la Universidad de Oxford"},"content":{"rendered":"<div id=\"gallery-1\" class=\"carousel slide carousel-gallery\" data-ride=\"false\" data-interval=\"false\"><div class=\"carousel-inner\" role=\"listbox\"><figure class=\"carousel-item active\"><img loading=\"lazy\" decoding=\"async\" width=\"712\" height=\"534\" src=\"https:\/\/medicina.udd.cl\/centro-genetica-genomica\/files\/2019\/02\/David-Priestman-en-ICIM-1.jpg\" class=\"attachment-landscape_952 size-landscape_952\" alt=\"\" srcset=\"https:\/\/medicina.udd.cl\/centro-genetica-genomica\/files\/2019\/02\/David-Priestman-en-ICIM-1.jpg 4032w, https:\/\/medicina.udd.cl\/centro-genetica-genomica\/files\/2019\/02\/David-Priestman-en-ICIM-1-300x225.jpg 300w, https:\/\/medicina.udd.cl\/centro-genetica-genomica\/files\/2019\/02\/David-Priestman-en-ICIM-1-768x576.jpg 768w, https:\/\/medicina.udd.cl\/centro-genetica-genomica\/files\/2019\/02\/David-Priestman-en-ICIM-1-1024x768.jpg 1024w, https:\/\/medicina.udd.cl\/centro-genetica-genomica\/files\/2019\/02\/David-Priestman-en-ICIM-1-960x720.jpg 960w\" sizes=\"auto, (max-width: 712px) 100vw, 712px\" \/><\/figure><figure class=\"carousel-item\"><img loading=\"lazy\" decoding=\"async\" width=\"672\" height=\"534\" src=\"https:\/\/medicina.udd.cl\/centro-genetica-genomica\/files\/2019\/02\/David-Priestman-en-ICIM-2.jpg\" class=\"attachment-landscape_952 size-landscape_952\" alt=\"\" srcset=\"https:\/\/medicina.udd.cl\/centro-genetica-genomica\/files\/2019\/02\/David-Priestman-en-ICIM-2.jpg 3804w, https:\/\/medicina.udd.cl\/centro-genetica-genomica\/files\/2019\/02\/David-Priestman-en-ICIM-2-300x238.jpg 300w, https:\/\/medicina.udd.cl\/centro-genetica-genomica\/files\/2019\/02\/David-Priestman-en-ICIM-2-768x611.jpg 768w, https:\/\/medicina.udd.cl\/centro-genetica-genomica\/files\/2019\/02\/David-Priestman-en-ICIM-2-1024x814.jpg 1024w, https:\/\/medicina.udd.cl\/centro-genetica-genomica\/files\/2019\/02\/David-Priestman-en-ICIM-2-960x763.jpg 960w\" sizes=\"auto, (max-width: 672px) 100vw, 672px\" \/><\/figure><figure class=\"carousel-item\"><img loading=\"lazy\" decoding=\"async\" width=\"627\" height=\"534\" src=\"https:\/\/medicina.udd.cl\/centro-genetica-genomica\/files\/2019\/02\/David-Priestman-en-ICIM-3.jpg\" class=\"attachment-landscape_952 size-landscape_952\" alt=\"\" srcset=\"https:\/\/medicina.udd.cl\/centro-genetica-genomica\/files\/2019\/02\/David-Priestman-en-ICIM-3.jpg 3205w, https:\/\/medicina.udd.cl\/centro-genetica-genomica\/files\/2019\/02\/David-Priestman-en-ICIM-3-300x256.jpg 300w, https:\/\/medicina.udd.cl\/centro-genetica-genomica\/files\/2019\/02\/David-Priestman-en-ICIM-3-768x654.jpg 768w, https:\/\/medicina.udd.cl\/centro-genetica-genomica\/files\/2019\/02\/David-Priestman-en-ICIM-3-1024x872.jpg 1024w, https:\/\/medicina.udd.cl\/centro-genetica-genomica\/files\/2019\/02\/David-Priestman-en-ICIM-3-960x818.jpg 960w\" sizes=\"auto, (max-width: 627px) 100vw, 627px\" \/><\/figure><\/div><footer class=\"carousel-footer\"><div class=\"carousel-counter\"><span class=\"carousel-counter-current\"><\/span> \/ <span class=\"carousel-counter-total\"><\/span><\/div><a class=\"carousel-control-prev\" href=\"#gallery-1\" role=\"button\" data-slide=\"prev\"><svg aria-hidden=\"true\" class=\"svg-chevron-left-dims\"><use xlink:href='https:\/\/medicina.udd.cl\/centro-genetica-genomica\/wp-content\/themes\/facultades-2018\/assets\/img\/svg\/dist\/main.svg?version=1695853099#chevron-left'><\/use><\/svg><span class=\"sr-only\">Anterior<\/span><\/a><a class=\"carousel-control-next\" href=\"#gallery-1\" role=\"button\" data-slide=\"next\"><svg aria-hidden=\"true\" class=\"svg-chevron-right-dims\"><use xlink:href='https:\/\/medicina.udd.cl\/centro-genetica-genomica\/wp-content\/themes\/facultades-2018\/assets\/img\/svg\/dist\/main.svg?version=1695853099#chevron-right'><\/use><\/svg><span class=\"sr-only\">Siguiente<\/span><\/a><\/footer><\/div>\n<p>El Dr. David Priestman, investigador del Departamento de Farmacolog\u00eda de la Universidad de Oxford, se encuentra en los laboratorios del Instituto de Ciencias e Innovaci\u00f3n en Medicina (ICIM) de la Universidad del Desarrollo, trabajando junto al acad\u00e9mico Andr\u00e9s Klein, director del Centro de Gen\u00e9tica y Gen\u00f3mica.<\/p>\n<p>Ambos investigadores se conocieron hace algunos a\u00f1os en distintas conferencias y reuniones internacionales, lo que les ha permitido trabajar en distintos laboratorios y complementar sus \u00e1reas de especializaci\u00f3n para la b\u00fasqueda de nuevos hallazgos cient\u00edficos. Klein es experto en temas gen\u00e9ticos y Priestman ha orientado su trabajo al \u00e1rea de la bioqu\u00edmica.<\/p>\n<p>En este contexto, Priestman se encuentra trabajando en el ICIM en el proyecto Fondecyt de Andr\u00e9s Klein denominado \u201cUncovering modifier genes of lysosomal biology by exploiting the natural genetic variation of inbred mouse strains\u201d.<\/p>\n<p>Este trabajo est\u00e1 enfocado en descubrir genes modificadores de la biolog\u00eda lisosomal en la salud y enfermedad, mediante el estudio sistem\u00e1tico de un gran n\u00famero de par\u00e1metros lisosomales en tejidos de distintas cepas de ratones sanos. Los lisosomas son el centro de degradaci\u00f3n y reciclaje celular, fundamentales para distintos procesos biol\u00f3gicos. Desbalances en estas v\u00edas pueden generar patolog\u00edas que han sido asociadas con enfermedades comunes como el Alzheimer, Parkinson y enfermedades de almacenamiento lisosomal.<\/p>\n<p>Uno de los objetivos de este estudio, y en el cual est\u00e1 trabajando Priestman junto al estudiante del Doctorado en Ciencias e Innovaci\u00f3n en Medicina de la UDD Anyelo Dur\u00e1n, es analizar la actividad de enzimas lisosomales en ratones, que \u201ctienden a ser disfuncionales en muchas patolog\u00edas, por lo que si logramos identificar nuevos genes que aumenten la actividad de estas enzimas, se podr\u00eda llegar a una terapia\u201d, explica Klein.<\/p>\n<p>La visita de David Priestman tendr\u00e1 una duraci\u00f3n de tres meses y fue posible gracias a LysoMod, un consorcio internacional de laboratorios financiado el programa Horizon 2020 de investigaci\u00f3n e innovaci\u00f3n de la Uni\u00f3n Europea que busca encontrar modificadores de la biolog\u00eda lisosomal.<\/p>\n<p>Su estad\u00eda, adem\u00e1s, busca consolidar la relaci\u00f3n de ambos investigadores y promover al ICIM como un espacio de intercambio de ideas y de vinculaci\u00f3n con otras instituciones dedicadas a la investigaci\u00f3n cient\u00edfica.<\/p>\n","protected":false},"excerpt":{"rendered":"<p>Se trata del Dr. David Priestman quien, durante tres meses, se encontrar\u00e1 trabajando en el proyecto Fondecyt del Dr. Andr\u00e9s Klein, director del Centro de Gen\u00e9tica y Gen\u00f3mica, cuyo objetivo es descubrir nuevos genes modificadores de la biolog\u00eda lisosomal en la salud y enfermedad. <\/p>\n","protected":false},"author":42,"featured_media":2387,"comment_status":"open","ping_status":"open","sticky":false,"template":"","format":"standard","meta":{"footnotes":""},"categories":[4],"tags":[],"class_list":["post-2385","post","type-post","status-publish","format-standard","has-post-thumbnail","hentry","category-noticias"],"yoast_head":"<!-- This site is optimized with the Yoast SEO plugin v26.9 - https:\/\/yoast.com\/product\/yoast-seo-wordpress\/ -->\n<title>ICIM UDD recibe en sus laboratorios a investigador de la Universidad de Oxford - Centro de Gen\u00e9tica y Gen\u00f3mica<\/title>\n<meta name=\"robots\" content=\"index, follow, max-snippet:-1, max-image-preview:large, max-video-preview:-1\" \/>\n<link rel=\"canonical\" href=\"https:\/\/medicina.udd.cl\/centro-genetica-genomica\/noticias\/2019\/02\/01\/icim-udd-recibe-en-sus-laboratorios-a-investigador-de-la-universidad-de-oxford\/\" \/>\n<meta property=\"og:locale\" content=\"es_ES\" \/>\n<meta property=\"og:type\" content=\"article\" \/>\n<meta property=\"og:title\" content=\"ICIM UDD recibe en sus laboratorios a investigador de la Universidad de Oxford - Centro de Gen\u00e9tica y Gen\u00f3mica\" \/>\n<meta property=\"og:description\" content=\"Se trata del Dr. David Priestman quien, durante tres meses, se encontrar\u00e1 trabajando en el proyecto Fondecyt del Dr. Andr\u00e9s Klein, director del Centro de Gen\u00e9tica y Gen\u00f3mica, cuyo objetivo es descubrir nuevos genes modificadores de la biolog\u00eda lisosomal en la salud y enfermedad.\" \/>\n<meta property=\"og:url\" content=\"https:\/\/medicina.udd.cl\/centro-genetica-genomica\/noticias\/2019\/02\/01\/icim-udd-recibe-en-sus-laboratorios-a-investigador-de-la-universidad-de-oxford\/\" \/>\n<meta property=\"og:site_name\" content=\"Centro de Gen\u00e9tica y Gen\u00f3mica\" \/>\n<meta property=\"article:published_time\" content=\"2019-02-01T13:03:18+00:00\" \/>\n<meta property=\"og:image\" content=\"https:\/\/medicina.udd.cl\/centro-genetica-genomica\/files\/2019\/02\/David-Priestman-en-ICIM-2.jpg\" \/>\n\t<meta property=\"og:image:width\" content=\"3804\" \/>\n\t<meta property=\"og:image:height\" content=\"3024\" \/>\n\t<meta property=\"og:image:type\" content=\"image\/jpeg\" \/>\n<meta name=\"twitter:label1\" content=\"Escrito por\" \/>\n\t<meta name=\"twitter:data1\" content=\"\" \/>\n\t<meta name=\"twitter:label2\" content=\"Tiempo de lectura\" \/>\n\t<meta name=\"twitter:data2\" content=\"2 minutos\" \/>\n<script type=\"application\/ld+json\" class=\"yoast-schema-graph\">{\"@context\":\"https:\/\/schema.org\",\"@graph\":[{\"@type\":\"Article\",\"@id\":\"https:\/\/medicina.udd.cl\/centro-genetica-genomica\/noticias\/2019\/02\/01\/icim-udd-recibe-en-sus-laboratorios-a-investigador-de-la-universidad-de-oxford\/#article\",\"isPartOf\":{\"@id\":\"https:\/\/medicina.udd.cl\/centro-genetica-genomica\/noticias\/2019\/02\/01\/icim-udd-recibe-en-sus-laboratorios-a-investigador-de-la-universidad-de-oxford\/\"},\"author\":{\"name\":\"\",\"@id\":\"\"},\"headline\":\"ICIM UDD recibe en sus laboratorios a investigador de la Universidad de Oxford\",\"datePublished\":\"2019-02-01T13:03:18+00:00\",\"mainEntityOfPage\":{\"@id\":\"https:\/\/medicina.udd.cl\/centro-genetica-genomica\/noticias\/2019\/02\/01\/icim-udd-recibe-en-sus-laboratorios-a-investigador-de-la-universidad-de-oxford\/\"},\"wordCount\":401,\"commentCount\":0,\"image\":{\"@id\":\"https:\/\/medicina.udd.cl\/centro-genetica-genomica\/noticias\/2019\/02\/01\/icim-udd-recibe-en-sus-laboratorios-a-investigador-de-la-universidad-de-oxford\/#primaryimage\"},\"thumbnailUrl\":\"https:\/\/medicina.udd.cl\/centro-genetica-genomica\/files\/2019\/02\/David-Priestman-en-ICIM-2.jpg\",\"articleSection\":[\"Noticias\"],\"inLanguage\":\"es\",\"potentialAction\":[{\"@type\":\"CommentAction\",\"name\":\"Comment\",\"target\":[\"https:\/\/medicina.udd.cl\/centro-genetica-genomica\/noticias\/2019\/02\/01\/icim-udd-recibe-en-sus-laboratorios-a-investigador-de-la-universidad-de-oxford\/#respond\"]}]},{\"@type\":\"WebPage\",\"@id\":\"https:\/\/medicina.udd.cl\/centro-genetica-genomica\/noticias\/2019\/02\/01\/icim-udd-recibe-en-sus-laboratorios-a-investigador-de-la-universidad-de-oxford\/\",\"url\":\"https:\/\/medicina.udd.cl\/centro-genetica-genomica\/noticias\/2019\/02\/01\/icim-udd-recibe-en-sus-laboratorios-a-investigador-de-la-universidad-de-oxford\/\",\"name\":\"ICIM UDD recibe en sus laboratorios a investigador de la Universidad de Oxford - Centro de Gen\u00e9tica y Gen\u00f3mica\",\"isPartOf\":{\"@id\":\"https:\/\/medicina.udd.cl\/centro-genetica-genomica\/#website\"},\"primaryImageOfPage\":{\"@id\":\"https:\/\/medicina.udd.cl\/centro-genetica-genomica\/noticias\/2019\/02\/01\/icim-udd-recibe-en-sus-laboratorios-a-investigador-de-la-universidad-de-oxford\/#primaryimage\"},\"image\":{\"@id\":\"https:\/\/medicina.udd.cl\/centro-genetica-genomica\/noticias\/2019\/02\/01\/icim-udd-recibe-en-sus-laboratorios-a-investigador-de-la-universidad-de-oxford\/#primaryimage\"},\"thumbnailUrl\":\"https:\/\/medicina.udd.cl\/centro-genetica-genomica\/files\/2019\/02\/David-Priestman-en-ICIM-2.jpg\",\"datePublished\":\"2019-02-01T13:03:18+00:00\",\"author\":{\"@id\":\"\"},\"breadcrumb\":{\"@id\":\"https:\/\/medicina.udd.cl\/centro-genetica-genomica\/noticias\/2019\/02\/01\/icim-udd-recibe-en-sus-laboratorios-a-investigador-de-la-universidad-de-oxford\/#breadcrumb\"},\"inLanguage\":\"es\",\"potentialAction\":[{\"@type\":\"ReadAction\",\"target\":[\"https:\/\/medicina.udd.cl\/centro-genetica-genomica\/noticias\/2019\/02\/01\/icim-udd-recibe-en-sus-laboratorios-a-investigador-de-la-universidad-de-oxford\/\"]}]},{\"@type\":\"ImageObject\",\"inLanguage\":\"es\",\"@id\":\"https:\/\/medicina.udd.cl\/centro-genetica-genomica\/noticias\/2019\/02\/01\/icim-udd-recibe-en-sus-laboratorios-a-investigador-de-la-universidad-de-oxford\/#primaryimage\",\"url\":\"https:\/\/medicina.udd.cl\/centro-genetica-genomica\/files\/2019\/02\/David-Priestman-en-ICIM-2.jpg\",\"contentUrl\":\"https:\/\/medicina.udd.cl\/centro-genetica-genomica\/files\/2019\/02\/David-Priestman-en-ICIM-2.jpg\",\"width\":3804,\"height\":3024},{\"@type\":\"BreadcrumbList\",\"@id\":\"https:\/\/medicina.udd.cl\/centro-genetica-genomica\/noticias\/2019\/02\/01\/icim-udd-recibe-en-sus-laboratorios-a-investigador-de-la-universidad-de-oxford\/#breadcrumb\",\"itemListElement\":[{\"@type\":\"ListItem\",\"position\":1,\"name\":\"Inicio\",\"item\":\"https:\/\/medicina.udd.cl\/centro-genetica-genomica\/\"},{\"@type\":\"ListItem\",\"position\":2,\"name\":\"ICIM UDD recibe en sus laboratorios a investigador de la Universidad de Oxford\"}]},{\"@type\":\"WebSite\",\"@id\":\"https:\/\/medicina.udd.cl\/centro-genetica-genomica\/#website\",\"url\":\"https:\/\/medicina.udd.cl\/centro-genetica-genomica\/\",\"name\":\"Centro de Gen\u00e9tica y Gen\u00f3mica\",\"description\":\"\",\"inLanguage\":\"es\"},{\"@type\":\"Person\",\"@id\":\"\",\"url\":\"https:\/\/medicina.udd.cl\/centro-genetica-genomica\/noticias\/author\/\"}]}<\/script>\n<!-- \/ Yoast SEO plugin. -->","yoast_head_json":{"title":"ICIM UDD recibe en sus laboratorios a investigador de la Universidad de Oxford - Centro de Gen\u00e9tica y Gen\u00f3mica","robots":{"index":"index","follow":"follow","max-snippet":"max-snippet:-1","max-image-preview":"max-image-preview:large","max-video-preview":"max-video-preview:-1"},"canonical":"https:\/\/medicina.udd.cl\/centro-genetica-genomica\/noticias\/2019\/02\/01\/icim-udd-recibe-en-sus-laboratorios-a-investigador-de-la-universidad-de-oxford\/","og_locale":"es_ES","og_type":"article","og_title":"ICIM UDD recibe en sus laboratorios a investigador de la Universidad de Oxford - Centro de Gen\u00e9tica y Gen\u00f3mica","og_description":"Se trata del Dr. David Priestman quien, durante tres meses, se encontrar\u00e1 trabajando en el proyecto Fondecyt del Dr. Andr\u00e9s Klein, director del Centro de Gen\u00e9tica y Gen\u00f3mica, cuyo objetivo es descubrir nuevos genes modificadores de la biolog\u00eda lisosomal en la salud y enfermedad.","og_url":"https:\/\/medicina.udd.cl\/centro-genetica-genomica\/noticias\/2019\/02\/01\/icim-udd-recibe-en-sus-laboratorios-a-investigador-de-la-universidad-de-oxford\/","og_site_name":"Centro de Gen\u00e9tica y Gen\u00f3mica","article_published_time":"2019-02-01T13:03:18+00:00","og_image":[{"width":3804,"height":3024,"url":"https:\/\/medicina.udd.cl\/centro-genetica-genomica\/files\/2019\/02\/David-Priestman-en-ICIM-2.jpg","type":"image\/jpeg"}],"twitter_misc":{"Escrito por":"","Tiempo de lectura":"2 minutos"},"schema":{"@context":"https:\/\/schema.org","@graph":[{"@type":"Article","@id":"https:\/\/medicina.udd.cl\/centro-genetica-genomica\/noticias\/2019\/02\/01\/icim-udd-recibe-en-sus-laboratorios-a-investigador-de-la-universidad-de-oxford\/#article","isPartOf":{"@id":"https:\/\/medicina.udd.cl\/centro-genetica-genomica\/noticias\/2019\/02\/01\/icim-udd-recibe-en-sus-laboratorios-a-investigador-de-la-universidad-de-oxford\/"},"author":{"name":"","@id":""},"headline":"ICIM UDD recibe en sus laboratorios a investigador de la Universidad de Oxford","datePublished":"2019-02-01T13:03:18+00:00","mainEntityOfPage":{"@id":"https:\/\/medicina.udd.cl\/centro-genetica-genomica\/noticias\/2019\/02\/01\/icim-udd-recibe-en-sus-laboratorios-a-investigador-de-la-universidad-de-oxford\/"},"wordCount":401,"commentCount":0,"image":{"@id":"https:\/\/medicina.udd.cl\/centro-genetica-genomica\/noticias\/2019\/02\/01\/icim-udd-recibe-en-sus-laboratorios-a-investigador-de-la-universidad-de-oxford\/#primaryimage"},"thumbnailUrl":"https:\/\/medicina.udd.cl\/centro-genetica-genomica\/files\/2019\/02\/David-Priestman-en-ICIM-2.jpg","articleSection":["Noticias"],"inLanguage":"es","potentialAction":[{"@type":"CommentAction","name":"Comment","target":["https:\/\/medicina.udd.cl\/centro-genetica-genomica\/noticias\/2019\/02\/01\/icim-udd-recibe-en-sus-laboratorios-a-investigador-de-la-universidad-de-oxford\/#respond"]}]},{"@type":"WebPage","@id":"https:\/\/medicina.udd.cl\/centro-genetica-genomica\/noticias\/2019\/02\/01\/icim-udd-recibe-en-sus-laboratorios-a-investigador-de-la-universidad-de-oxford\/","url":"https:\/\/medicina.udd.cl\/centro-genetica-genomica\/noticias\/2019\/02\/01\/icim-udd-recibe-en-sus-laboratorios-a-investigador-de-la-universidad-de-oxford\/","name":"ICIM UDD recibe en sus laboratorios a investigador de la Universidad de Oxford - Centro de Gen\u00e9tica y Gen\u00f3mica","isPartOf":{"@id":"https:\/\/medicina.udd.cl\/centro-genetica-genomica\/#website"},"primaryImageOfPage":{"@id":"https:\/\/medicina.udd.cl\/centro-genetica-genomica\/noticias\/2019\/02\/01\/icim-udd-recibe-en-sus-laboratorios-a-investigador-de-la-universidad-de-oxford\/#primaryimage"},"image":{"@id":"https:\/\/medicina.udd.cl\/centro-genetica-genomica\/noticias\/2019\/02\/01\/icim-udd-recibe-en-sus-laboratorios-a-investigador-de-la-universidad-de-oxford\/#primaryimage"},"thumbnailUrl":"https:\/\/medicina.udd.cl\/centro-genetica-genomica\/files\/2019\/02\/David-Priestman-en-ICIM-2.jpg","datePublished":"2019-02-01T13:03:18+00:00","author":{"@id":""},"breadcrumb":{"@id":"https:\/\/medicina.udd.cl\/centro-genetica-genomica\/noticias\/2019\/02\/01\/icim-udd-recibe-en-sus-laboratorios-a-investigador-de-la-universidad-de-oxford\/#breadcrumb"},"inLanguage":"es","potentialAction":[{"@type":"ReadAction","target":["https:\/\/medicina.udd.cl\/centro-genetica-genomica\/noticias\/2019\/02\/01\/icim-udd-recibe-en-sus-laboratorios-a-investigador-de-la-universidad-de-oxford\/"]}]},{"@type":"ImageObject","inLanguage":"es","@id":"https:\/\/medicina.udd.cl\/centro-genetica-genomica\/noticias\/2019\/02\/01\/icim-udd-recibe-en-sus-laboratorios-a-investigador-de-la-universidad-de-oxford\/#primaryimage","url":"https:\/\/medicina.udd.cl\/centro-genetica-genomica\/files\/2019\/02\/David-Priestman-en-ICIM-2.jpg","contentUrl":"https:\/\/medicina.udd.cl\/centro-genetica-genomica\/files\/2019\/02\/David-Priestman-en-ICIM-2.jpg","width":3804,"height":3024},{"@type":"BreadcrumbList","@id":"https:\/\/medicina.udd.cl\/centro-genetica-genomica\/noticias\/2019\/02\/01\/icim-udd-recibe-en-sus-laboratorios-a-investigador-de-la-universidad-de-oxford\/#breadcrumb","itemListElement":[{"@type":"ListItem","position":1,"name":"Inicio","item":"https:\/\/medicina.udd.cl\/centro-genetica-genomica\/"},{"@type":"ListItem","position":2,"name":"ICIM UDD recibe en sus laboratorios a investigador de la Universidad de Oxford"}]},{"@type":"WebSite","@id":"https:\/\/medicina.udd.cl\/centro-genetica-genomica\/#website","url":"https:\/\/medicina.udd.cl\/centro-genetica-genomica\/","name":"Centro de Gen\u00e9tica y Gen\u00f3mica","description":"","inLanguage":"es"},{"@type":"Person","@id":"","url":"https:\/\/medicina.udd.cl\/centro-genetica-genomica\/noticias\/author\/"}]}},"featured_image_url":"https:\/\/medicina.udd.cl\/centro-genetica-genomica\/files\/2019\/02\/David-Priestman-en-ICIM-2.jpg","_links":{"self":[{"href":"https:\/\/medicina.udd.cl\/centro-genetica-genomica\/wp-json\/wp\/v2\/posts\/2385","targetHints":{"allow":["GET"]}}],"collection":[{"href":"https:\/\/medicina.udd.cl\/centro-genetica-genomica\/wp-json\/wp\/v2\/posts"}],"about":[{"href":"https:\/\/medicina.udd.cl\/centro-genetica-genomica\/wp-json\/wp\/v2\/types\/post"}],"author":[{"embeddable":true,"href":"https:\/\/medicina.udd.cl\/centro-genetica-genomica\/wp-json\/wp\/v2\/users\/42"}],"replies":[{"embeddable":true,"href":"https:\/\/medicina.udd.cl\/centro-genetica-genomica\/wp-json\/wp\/v2\/comments?post=2385"}],"version-history":[{"count":1,"href":"https:\/\/medicina.udd.cl\/centro-genetica-genomica\/wp-json\/wp\/v2\/posts\/2385\/revisions"}],"predecessor-version":[{"id":2389,"href":"https:\/\/medicina.udd.cl\/centro-genetica-genomica\/wp-json\/wp\/v2\/posts\/2385\/revisions\/2389"}],"wp:featuredmedia":[{"embeddable":true,"href":"https:\/\/medicina.udd.cl\/centro-genetica-genomica\/wp-json\/wp\/v2\/media\/2387"}],"wp:attachment":[{"href":"https:\/\/medicina.udd.cl\/centro-genetica-genomica\/wp-json\/wp\/v2\/media?parent=2385"}],"wp:term":[{"taxonomy":"category","embeddable":true,"href":"https:\/\/medicina.udd.cl\/centro-genetica-genomica\/wp-json\/wp\/v2\/categories?post=2385"},{"taxonomy":"post_tag","embeddable":true,"href":"https:\/\/medicina.udd.cl\/centro-genetica-genomica\/wp-json\/wp\/v2\/tags?post=2385"}],"curies":[{"name":"wp","href":"https:\/\/api.w.org\/{rel}","templated":true}]}}