{"id":2391,"date":"2019-05-22T14:50:07","date_gmt":"2019-05-22T18:50:07","guid":{"rendered":"http:\/\/beta.med.udd.cl\/centro-genetica-genomica\/?p=2391"},"modified":"2019-05-22T14:50:07","modified_gmt":"2019-05-22T18:50:07","slug":"profesionales-de-la-salud-adquieren-herramientas-para-el-manejo-y-prevencion-del-cancer","status":"publish","type":"post","link":"https:\/\/medicina.udd.cl\/centro-genetica-genomica\/noticias\/2019\/05\/22\/profesionales-de-la-salud-adquieren-herramientas-para-el-manejo-y-prevencion-del-cancer\/","title":{"rendered":"Aplican nuevos conocimientos de gen\u00e9tica y gen\u00f3mica para profesionales de la salud"},"content":{"rendered":"<p><a href=\"http:\/\/medicina.udd.cl\/centro-genetica-genomica\/files\/2019\/05\/IMG_9061-1.jpg\"><img loading=\"lazy\" decoding=\"async\" class=\"alignnone size-medium wp-image-2392\" src=\"http:\/\/medicina.udd.cl\/centro-genetica-genomica\/files\/2019\/05\/IMG_9061-1-300x200.jpg\" alt=\"\" width=\"300\" height=\"200\" srcset=\"https:\/\/medicina.udd.cl\/centro-genetica-genomica\/files\/2019\/05\/IMG_9061-1-300x200.jpg 300w, https:\/\/medicina.udd.cl\/centro-genetica-genomica\/files\/2019\/05\/IMG_9061-1-768x512.jpg 768w, https:\/\/medicina.udd.cl\/centro-genetica-genomica\/files\/2019\/05\/IMG_9061-1-1024x683.jpg 1024w, https:\/\/medicina.udd.cl\/centro-genetica-genomica\/files\/2019\/05\/IMG_9061-1-960x640.jpg 960w\" sizes=\"auto, (max-width: 300px) 100vw, 300px\" \/><\/a><\/p>\n<p>La carrera de Enfermer\u00eda y el Centro de Gen\u00e9tica y\u00a0Gen\u00f3mica de la Facultad de Medicina Cl\u00ednica Alemana Universidad del Desarrollo, realizaron el II Seminario de Asesor\u00eda Gen\u00e9tica en la Cl\u00ednica Alemana, actividad que reuni\u00f3 a m\u00e1s de 120 profesionales de la salud para capacitarse en prevenci\u00f3n de enfermedades, en especial el c\u00e1ncer, y asesor\u00eda gen\u00e9tica en las distintas \u00e1reas m\u00e9dicas (preconcepcional, prenatal, pedi\u00e1trica y del adulto).<\/p>\n<p>\u201cVemos que hay una necesidad de capacitar a m\u00e1s profesionales de la salud, al menos con herramientas b\u00e1sicas para que puedan identificar individuos de mayor riesgo y puedan afrontar esas situaciones de manera adecuada, sin derivar, sin b\u00fasqueda de informaci\u00f3n y si es apropiado un estudio gen\u00e9tico\u201d, dijo Sonia Margarit, consejera gen\u00e9tica e investigadora del Centro de Gen\u00e9tica y\u00a0Gen\u00f3mica.<\/p>\n<figure id=\"attachment_2393\" aria-describedby=\"caption-attachment-2393\" style=\"width: 300px\" class=\"wp-caption alignnone\"><a href=\"http:\/\/medicina.udd.cl\/centro-genetica-genomica\/files\/2019\/05\/IMG_9058-1.jpg\"><img loading=\"lazy\" decoding=\"async\" class=\"wp-image-2393 size-medium\" src=\"http:\/\/medicina.udd.cl\/centro-genetica-genomica\/files\/2019\/05\/IMG_9058-1-300x200.jpg\" alt=\"\" width=\"300\" height=\"200\" srcset=\"https:\/\/medicina.udd.cl\/centro-genetica-genomica\/files\/2019\/05\/IMG_9058-1-300x200.jpg 300w, https:\/\/medicina.udd.cl\/centro-genetica-genomica\/files\/2019\/05\/IMG_9058-1-768x512.jpg 768w, https:\/\/medicina.udd.cl\/centro-genetica-genomica\/files\/2019\/05\/IMG_9058-1-1024x683.jpg 1024w, https:\/\/medicina.udd.cl\/centro-genetica-genomica\/files\/2019\/05\/IMG_9058-1-960x640.jpg 960w\" sizes=\"auto, (max-width: 300px) 100vw, 300px\" \/><\/a><figcaption id=\"caption-attachment-2393\" class=\"wp-caption-text\">Sonia Margarit, consejera gen\u00e9tica e investigadora del Centro de Gen\u00e9tica y\u00a0Gen\u00f3mica<\/figcaption><\/figure>\n<p>Por su parte, Claudia P\u00e9rez, directora de la carrera de Enfermer\u00eda UDD, destac\u00f3 la importancia de esta iniciativa para poder preparar a las personas de manera r\u00e1pida y efectiva para la prevenci\u00f3n del c\u00e1ncer, enfermedad que en cinco a\u00f1os ser\u00e1 la primera causa de muerte del pa\u00eds.<\/p>\n<p>\u201cNos tenemos que hacer cargo de esto, tenemos que preparar a los profesionales en esta \u00e1rea. La Asesor\u00eda Gen\u00e9tica permitir\u00e1 a una persona poder guiar y decir cu\u00e1l es su riesgo de tener c\u00e1ncer y como se puede prevenir. Esta enfermedad se puede evitar sabiendo los antecedentes gen\u00e9ticos, por la alimentaci\u00f3n, sobrepeso, entre otros\u201d, se\u00f1al\u00f3 P\u00e9rez y agreg\u00f3 que, dado el d\u00e9ficit de personal m\u00e9dico en esta \u00e1rea, durante el pr\u00f3ximo mes de agosto se realizar\u00e1 un nuevo curso, espec\u00edfico de capacitaci\u00f3n para asesor\u00eda gen\u00e9tica.<\/p>\n<figure id=\"attachment_2394\" aria-describedby=\"caption-attachment-2394\" style=\"width: 300px\" class=\"wp-caption alignnone\"><a href=\"http:\/\/medicina.udd.cl\/centro-genetica-genomica\/files\/2019\/05\/IMG_9050-1.jpg\"><img loading=\"lazy\" decoding=\"async\" class=\"wp-image-2394 size-medium\" src=\"http:\/\/medicina.udd.cl\/centro-genetica-genomica\/files\/2019\/05\/IMG_9050-1-300x200.jpg\" alt=\"\" width=\"300\" height=\"200\" srcset=\"https:\/\/medicina.udd.cl\/centro-genetica-genomica\/files\/2019\/05\/IMG_9050-1-300x200.jpg 300w, https:\/\/medicina.udd.cl\/centro-genetica-genomica\/files\/2019\/05\/IMG_9050-1-768x512.jpg 768w, https:\/\/medicina.udd.cl\/centro-genetica-genomica\/files\/2019\/05\/IMG_9050-1-1024x683.jpg 1024w, https:\/\/medicina.udd.cl\/centro-genetica-genomica\/files\/2019\/05\/IMG_9050-1-960x640.jpg 960w\" sizes=\"auto, (max-width: 300px) 100vw, 300px\" \/><\/a><figcaption id=\"caption-attachment-2394\" class=\"wp-caption-text\">Claudia P\u00e9rez, directora de la carrera de Enfermer\u00eda UDD<\/figcaption><\/figure>\n<p>En el encuentro expusieron tambi\u00e9n la doctora Mar\u00eda Eugenia Bravo, m\u00e9dico cirujano del Centro de patolog\u00eda Mamaria de la Cl\u00ednica Las Condes; el doctor Guillermo Lay-Son, m\u00e9dico genetista cl\u00ednico del Complejo Asistencial Dr. S\u00f3tero Del R\u00edo; y Daniela Madrid, paciente del Centro de Gen\u00f3mica y Gen\u00e9tica UDD.<\/p>\n<figure id=\"attachment_2396\" aria-describedby=\"caption-attachment-2396\" style=\"width: 300px\" class=\"wp-caption alignnone\"><a href=\"http:\/\/medicina.udd.cl\/centro-genetica-genomica\/files\/2019\/05\/IMG_9072-1.jpg\"><img loading=\"lazy\" decoding=\"async\" class=\"wp-image-2396 size-medium\" src=\"http:\/\/medicina.udd.cl\/centro-genetica-genomica\/files\/2019\/05\/IMG_9072-1-300x200.jpg\" alt=\"\" width=\"300\" height=\"200\" srcset=\"https:\/\/medicina.udd.cl\/centro-genetica-genomica\/files\/2019\/05\/IMG_9072-1-300x200.jpg 300w, https:\/\/medicina.udd.cl\/centro-genetica-genomica\/files\/2019\/05\/IMG_9072-1-768x512.jpg 768w, https:\/\/medicina.udd.cl\/centro-genetica-genomica\/files\/2019\/05\/IMG_9072-1-1024x683.jpg 1024w, https:\/\/medicina.udd.cl\/centro-genetica-genomica\/files\/2019\/05\/IMG_9072-1-960x640.jpg 960w\" sizes=\"auto, (max-width: 300px) 100vw, 300px\" \/><\/a><figcaption id=\"caption-attachment-2396\" class=\"wp-caption-text\">Dra. Mar\u00eda Eugenia Bravo, m\u00e9dico cirujano del Centro de patolog\u00eda Mamaria de la Cl\u00ednica Las Condes<\/figcaption><\/figure>\n<figure id=\"attachment_2397\" aria-describedby=\"caption-attachment-2397\" style=\"width: 300px\" class=\"wp-caption alignnone\"><a href=\"http:\/\/medicina.udd.cl\/centro-genetica-genomica\/files\/2019\/05\/IMG_9074-1.jpg\"><img loading=\"lazy\" decoding=\"async\" class=\"wp-image-2397 size-medium\" src=\"http:\/\/medicina.udd.cl\/centro-genetica-genomica\/files\/2019\/05\/IMG_9074-1-300x200.jpg\" alt=\"\" width=\"300\" height=\"200\" srcset=\"https:\/\/medicina.udd.cl\/centro-genetica-genomica\/files\/2019\/05\/IMG_9074-1-300x200.jpg 300w, https:\/\/medicina.udd.cl\/centro-genetica-genomica\/files\/2019\/05\/IMG_9074-1-768x512.jpg 768w, https:\/\/medicina.udd.cl\/centro-genetica-genomica\/files\/2019\/05\/IMG_9074-1-1024x683.jpg 1024w, https:\/\/medicina.udd.cl\/centro-genetica-genomica\/files\/2019\/05\/IMG_9074-1-960x640.jpg 960w\" sizes=\"auto, (max-width: 300px) 100vw, 300px\" \/><\/a><figcaption id=\"caption-attachment-2397\" class=\"wp-caption-text\">Daniela Madrid, paciente del Centro de Gen\u00f3mica y Gen\u00e9tica UDD<\/figcaption><\/figure>\n<figure id=\"attachment_2395\" aria-describedby=\"caption-attachment-2395\" style=\"width: 300px\" class=\"wp-caption alignnone\"><a href=\"http:\/\/medicina.udd.cl\/centro-genetica-genomica\/files\/2019\/05\/IMG_9065-1.jpg\"><img loading=\"lazy\" decoding=\"async\" class=\"wp-image-2395 size-medium\" src=\"http:\/\/medicina.udd.cl\/centro-genetica-genomica\/files\/2019\/05\/IMG_9065-1-300x200.jpg\" alt=\"\" width=\"300\" height=\"200\" srcset=\"https:\/\/medicina.udd.cl\/centro-genetica-genomica\/files\/2019\/05\/IMG_9065-1-300x200.jpg 300w, https:\/\/medicina.udd.cl\/centro-genetica-genomica\/files\/2019\/05\/IMG_9065-1-768x512.jpg 768w, https:\/\/medicina.udd.cl\/centro-genetica-genomica\/files\/2019\/05\/IMG_9065-1-1024x683.jpg 1024w, https:\/\/medicina.udd.cl\/centro-genetica-genomica\/files\/2019\/05\/IMG_9065-1-960x640.jpg 960w\" sizes=\"auto, (max-width: 300px) 100vw, 300px\" \/><\/a><figcaption id=\"caption-attachment-2395\" class=\"wp-caption-text\">Dr. Guillermo Lay-Son, m\u00e9dico genetista cl\u00ednico del Complejo Asistencial Dr. S\u00f3tero Del R\u00edo<\/figcaption><\/figure>\n","protected":false},"excerpt":{"rendered":"<p>En Cl\u00ednica Alemana se realiz\u00f3 el II Seminario en Asesor\u00eda Gen\u00e9tica con la necesidad de capacitar a profesionales en las distintas \u00e1reas m\u00e9dicas para la prevenci\u00f3n de enfermedades<\/p>\n","protected":false},"author":0,"featured_media":2392,"comment_status":"open","ping_status":"open","sticky":false,"template":"","format":"standard","meta":{"footnotes":""},"categories":[4],"tags":[],"class_list":["post-2391","post","type-post","status-publish","format-standard","has-post-thumbnail","hentry","category-noticias"],"yoast_head":"<!-- This site is optimized with the Yoast SEO plugin v26.9 - https:\/\/yoast.com\/product\/yoast-seo-wordpress\/ -->\n<title>Aplican nuevos conocimientos de gen\u00e9tica y gen\u00f3mica para profesionales de la salud - Centro de Gen\u00e9tica y Gen\u00f3mica<\/title>\n<meta name=\"robots\" content=\"index, follow, max-snippet:-1, max-image-preview:large, max-video-preview:-1\" \/>\n<link rel=\"canonical\" href=\"https:\/\/medicina.udd.cl\/centro-genetica-genomica\/noticias\/2019\/05\/22\/profesionales-de-la-salud-adquieren-herramientas-para-el-manejo-y-prevencion-del-cancer\/\" \/>\n<meta property=\"og:locale\" content=\"es_ES\" \/>\n<meta property=\"og:type\" content=\"article\" \/>\n<meta property=\"og:title\" content=\"Aplican nuevos conocimientos de gen\u00e9tica y gen\u00f3mica para profesionales de la salud - Centro de Gen\u00e9tica y Gen\u00f3mica\" \/>\n<meta property=\"og:description\" content=\"En Cl\u00ednica Alemana se realiz\u00f3 el II Seminario en Asesor\u00eda Gen\u00e9tica con la necesidad de capacitar a profesionales en las distintas \u00e1reas m\u00e9dicas para la prevenci\u00f3n de enfermedades\" \/>\n<meta property=\"og:url\" content=\"https:\/\/medicina.udd.cl\/centro-genetica-genomica\/noticias\/2019\/05\/22\/profesionales-de-la-salud-adquieren-herramientas-para-el-manejo-y-prevencion-del-cancer\/\" \/>\n<meta property=\"og:site_name\" content=\"Centro de Gen\u00e9tica y Gen\u00f3mica\" \/>\n<meta property=\"article:published_time\" content=\"2019-05-22T18:50:07+00:00\" \/>\n<meta property=\"og:image\" content=\"https:\/\/medicina.udd.cl\/centro-genetica-genomica\/files\/2019\/05\/IMG_9061-1-1024x683.jpg\" \/>\n\t<meta property=\"og:image:width\" content=\"1024\" \/>\n\t<meta property=\"og:image:height\" content=\"683\" \/>\n\t<meta property=\"og:image:type\" content=\"image\/jpeg\" \/>\n<meta name=\"twitter:label1\" content=\"Tiempo de lectura\" \/>\n\t<meta name=\"twitter:data1\" content=\"2 minutos\" \/>\n<script type=\"application\/ld+json\" class=\"yoast-schema-graph\">{\"@context\":\"https:\/\/schema.org\",\"@graph\":[{\"@type\":\"Article\",\"@id\":\"https:\/\/medicina.udd.cl\/centro-genetica-genomica\/noticias\/2019\/05\/22\/profesionales-de-la-salud-adquieren-herramientas-para-el-manejo-y-prevencion-del-cancer\/#article\",\"isPartOf\":{\"@id\":\"https:\/\/medicina.udd.cl\/centro-genetica-genomica\/noticias\/2019\/05\/22\/profesionales-de-la-salud-adquieren-herramientas-para-el-manejo-y-prevencion-del-cancer\/\"},\"author\":{\"name\":\"\",\"@id\":\"\"},\"headline\":\"Aplican nuevos conocimientos de gen\u00e9tica y gen\u00f3mica para profesionales de la salud\",\"datePublished\":\"2019-05-22T18:50:07+00:00\",\"mainEntityOfPage\":{\"@id\":\"https:\/\/medicina.udd.cl\/centro-genetica-genomica\/noticias\/2019\/05\/22\/profesionales-de-la-salud-adquieren-herramientas-para-el-manejo-y-prevencion-del-cancer\/\"},\"wordCount\":484,\"commentCount\":0,\"image\":{\"@id\":\"https:\/\/medicina.udd.cl\/centro-genetica-genomica\/noticias\/2019\/05\/22\/profesionales-de-la-salud-adquieren-herramientas-para-el-manejo-y-prevencion-del-cancer\/#primaryimage\"},\"thumbnailUrl\":\"https:\/\/medicina.udd.cl\/centro-genetica-genomica\/files\/2019\/05\/IMG_9061-1.jpg\",\"articleSection\":[\"Noticias\"],\"inLanguage\":\"es\",\"potentialAction\":[{\"@type\":\"CommentAction\",\"name\":\"Comment\",\"target\":[\"https:\/\/medicina.udd.cl\/centro-genetica-genomica\/noticias\/2019\/05\/22\/profesionales-de-la-salud-adquieren-herramientas-para-el-manejo-y-prevencion-del-cancer\/#respond\"]}]},{\"@type\":\"WebPage\",\"@id\":\"https:\/\/medicina.udd.cl\/centro-genetica-genomica\/noticias\/2019\/05\/22\/profesionales-de-la-salud-adquieren-herramientas-para-el-manejo-y-prevencion-del-cancer\/\",\"url\":\"https:\/\/medicina.udd.cl\/centro-genetica-genomica\/noticias\/2019\/05\/22\/profesionales-de-la-salud-adquieren-herramientas-para-el-manejo-y-prevencion-del-cancer\/\",\"name\":\"Aplican nuevos conocimientos de gen\u00e9tica y gen\u00f3mica para profesionales de la salud - Centro de Gen\u00e9tica y Gen\u00f3mica\",\"isPartOf\":{\"@id\":\"https:\/\/medicina.udd.cl\/centro-genetica-genomica\/#website\"},\"primaryImageOfPage\":{\"@id\":\"https:\/\/medicina.udd.cl\/centro-genetica-genomica\/noticias\/2019\/05\/22\/profesionales-de-la-salud-adquieren-herramientas-para-el-manejo-y-prevencion-del-cancer\/#primaryimage\"},\"image\":{\"@id\":\"https:\/\/medicina.udd.cl\/centro-genetica-genomica\/noticias\/2019\/05\/22\/profesionales-de-la-salud-adquieren-herramientas-para-el-manejo-y-prevencion-del-cancer\/#primaryimage\"},\"thumbnailUrl\":\"https:\/\/medicina.udd.cl\/centro-genetica-genomica\/files\/2019\/05\/IMG_9061-1.jpg\",\"datePublished\":\"2019-05-22T18:50:07+00:00\",\"author\":{\"@id\":\"\"},\"breadcrumb\":{\"@id\":\"https:\/\/medicina.udd.cl\/centro-genetica-genomica\/noticias\/2019\/05\/22\/profesionales-de-la-salud-adquieren-herramientas-para-el-manejo-y-prevencion-del-cancer\/#breadcrumb\"},\"inLanguage\":\"es\",\"potentialAction\":[{\"@type\":\"ReadAction\",\"target\":[\"https:\/\/medicina.udd.cl\/centro-genetica-genomica\/noticias\/2019\/05\/22\/profesionales-de-la-salud-adquieren-herramientas-para-el-manejo-y-prevencion-del-cancer\/\"]}]},{\"@type\":\"ImageObject\",\"inLanguage\":\"es\",\"@id\":\"https:\/\/medicina.udd.cl\/centro-genetica-genomica\/noticias\/2019\/05\/22\/profesionales-de-la-salud-adquieren-herramientas-para-el-manejo-y-prevencion-del-cancer\/#primaryimage\",\"url\":\"https:\/\/medicina.udd.cl\/centro-genetica-genomica\/files\/2019\/05\/IMG_9061-1.jpg\",\"contentUrl\":\"https:\/\/medicina.udd.cl\/centro-genetica-genomica\/files\/2019\/05\/IMG_9061-1.jpg\",\"width\":5184,\"height\":3456},{\"@type\":\"BreadcrumbList\",\"@id\":\"https:\/\/medicina.udd.cl\/centro-genetica-genomica\/noticias\/2019\/05\/22\/profesionales-de-la-salud-adquieren-herramientas-para-el-manejo-y-prevencion-del-cancer\/#breadcrumb\",\"itemListElement\":[{\"@type\":\"ListItem\",\"position\":1,\"name\":\"Inicio\",\"item\":\"https:\/\/medicina.udd.cl\/centro-genetica-genomica\/\"},{\"@type\":\"ListItem\",\"position\":2,\"name\":\"Aplican nuevos conocimientos de gen\u00e9tica y gen\u00f3mica para profesionales de la salud\"}]},{\"@type\":\"WebSite\",\"@id\":\"https:\/\/medicina.udd.cl\/centro-genetica-genomica\/#website\",\"url\":\"https:\/\/medicina.udd.cl\/centro-genetica-genomica\/\",\"name\":\"Centro de Gen\u00e9tica y Gen\u00f3mica\",\"description\":\"\",\"inLanguage\":\"es\"}]}<\/script>\n<!-- \/ Yoast SEO plugin. -->","yoast_head_json":{"title":"Aplican nuevos conocimientos de gen\u00e9tica y gen\u00f3mica para profesionales de la salud - Centro de Gen\u00e9tica y Gen\u00f3mica","robots":{"index":"index","follow":"follow","max-snippet":"max-snippet:-1","max-image-preview":"max-image-preview:large","max-video-preview":"max-video-preview:-1"},"canonical":"https:\/\/medicina.udd.cl\/centro-genetica-genomica\/noticias\/2019\/05\/22\/profesionales-de-la-salud-adquieren-herramientas-para-el-manejo-y-prevencion-del-cancer\/","og_locale":"es_ES","og_type":"article","og_title":"Aplican nuevos conocimientos de gen\u00e9tica y gen\u00f3mica para profesionales de la salud - Centro de Gen\u00e9tica y Gen\u00f3mica","og_description":"En Cl\u00ednica Alemana se realiz\u00f3 el II Seminario en Asesor\u00eda Gen\u00e9tica con la necesidad de capacitar a profesionales en las distintas \u00e1reas m\u00e9dicas para la prevenci\u00f3n de enfermedades","og_url":"https:\/\/medicina.udd.cl\/centro-genetica-genomica\/noticias\/2019\/05\/22\/profesionales-de-la-salud-adquieren-herramientas-para-el-manejo-y-prevencion-del-cancer\/","og_site_name":"Centro de Gen\u00e9tica y Gen\u00f3mica","article_published_time":"2019-05-22T18:50:07+00:00","og_image":[{"width":1024,"height":683,"url":"https:\/\/medicina.udd.cl\/centro-genetica-genomica\/files\/2019\/05\/IMG_9061-1-1024x683.jpg","type":"image\/jpeg"}],"twitter_misc":{"Tiempo de lectura":"2 minutos"},"schema":{"@context":"https:\/\/schema.org","@graph":[{"@type":"Article","@id":"https:\/\/medicina.udd.cl\/centro-genetica-genomica\/noticias\/2019\/05\/22\/profesionales-de-la-salud-adquieren-herramientas-para-el-manejo-y-prevencion-del-cancer\/#article","isPartOf":{"@id":"https:\/\/medicina.udd.cl\/centro-genetica-genomica\/noticias\/2019\/05\/22\/profesionales-de-la-salud-adquieren-herramientas-para-el-manejo-y-prevencion-del-cancer\/"},"author":{"name":"","@id":""},"headline":"Aplican nuevos conocimientos de gen\u00e9tica y gen\u00f3mica para profesionales de la salud","datePublished":"2019-05-22T18:50:07+00:00","mainEntityOfPage":{"@id":"https:\/\/medicina.udd.cl\/centro-genetica-genomica\/noticias\/2019\/05\/22\/profesionales-de-la-salud-adquieren-herramientas-para-el-manejo-y-prevencion-del-cancer\/"},"wordCount":484,"commentCount":0,"image":{"@id":"https:\/\/medicina.udd.cl\/centro-genetica-genomica\/noticias\/2019\/05\/22\/profesionales-de-la-salud-adquieren-herramientas-para-el-manejo-y-prevencion-del-cancer\/#primaryimage"},"thumbnailUrl":"https:\/\/medicina.udd.cl\/centro-genetica-genomica\/files\/2019\/05\/IMG_9061-1.jpg","articleSection":["Noticias"],"inLanguage":"es","potentialAction":[{"@type":"CommentAction","name":"Comment","target":["https:\/\/medicina.udd.cl\/centro-genetica-genomica\/noticias\/2019\/05\/22\/profesionales-de-la-salud-adquieren-herramientas-para-el-manejo-y-prevencion-del-cancer\/#respond"]}]},{"@type":"WebPage","@id":"https:\/\/medicina.udd.cl\/centro-genetica-genomica\/noticias\/2019\/05\/22\/profesionales-de-la-salud-adquieren-herramientas-para-el-manejo-y-prevencion-del-cancer\/","url":"https:\/\/medicina.udd.cl\/centro-genetica-genomica\/noticias\/2019\/05\/22\/profesionales-de-la-salud-adquieren-herramientas-para-el-manejo-y-prevencion-del-cancer\/","name":"Aplican nuevos conocimientos de gen\u00e9tica y gen\u00f3mica para profesionales de la salud - Centro de Gen\u00e9tica y Gen\u00f3mica","isPartOf":{"@id":"https:\/\/medicina.udd.cl\/centro-genetica-genomica\/#website"},"primaryImageOfPage":{"@id":"https:\/\/medicina.udd.cl\/centro-genetica-genomica\/noticias\/2019\/05\/22\/profesionales-de-la-salud-adquieren-herramientas-para-el-manejo-y-prevencion-del-cancer\/#primaryimage"},"image":{"@id":"https:\/\/medicina.udd.cl\/centro-genetica-genomica\/noticias\/2019\/05\/22\/profesionales-de-la-salud-adquieren-herramientas-para-el-manejo-y-prevencion-del-cancer\/#primaryimage"},"thumbnailUrl":"https:\/\/medicina.udd.cl\/centro-genetica-genomica\/files\/2019\/05\/IMG_9061-1.jpg","datePublished":"2019-05-22T18:50:07+00:00","author":{"@id":""},"breadcrumb":{"@id":"https:\/\/medicina.udd.cl\/centro-genetica-genomica\/noticias\/2019\/05\/22\/profesionales-de-la-salud-adquieren-herramientas-para-el-manejo-y-prevencion-del-cancer\/#breadcrumb"},"inLanguage":"es","potentialAction":[{"@type":"ReadAction","target":["https:\/\/medicina.udd.cl\/centro-genetica-genomica\/noticias\/2019\/05\/22\/profesionales-de-la-salud-adquieren-herramientas-para-el-manejo-y-prevencion-del-cancer\/"]}]},{"@type":"ImageObject","inLanguage":"es","@id":"https:\/\/medicina.udd.cl\/centro-genetica-genomica\/noticias\/2019\/05\/22\/profesionales-de-la-salud-adquieren-herramientas-para-el-manejo-y-prevencion-del-cancer\/#primaryimage","url":"https:\/\/medicina.udd.cl\/centro-genetica-genomica\/files\/2019\/05\/IMG_9061-1.jpg","contentUrl":"https:\/\/medicina.udd.cl\/centro-genetica-genomica\/files\/2019\/05\/IMG_9061-1.jpg","width":5184,"height":3456},{"@type":"BreadcrumbList","@id":"https:\/\/medicina.udd.cl\/centro-genetica-genomica\/noticias\/2019\/05\/22\/profesionales-de-la-salud-adquieren-herramientas-para-el-manejo-y-prevencion-del-cancer\/#breadcrumb","itemListElement":[{"@type":"ListItem","position":1,"name":"Inicio","item":"https:\/\/medicina.udd.cl\/centro-genetica-genomica\/"},{"@type":"ListItem","position":2,"name":"Aplican nuevos conocimientos de gen\u00e9tica y gen\u00f3mica para profesionales de la salud"}]},{"@type":"WebSite","@id":"https:\/\/medicina.udd.cl\/centro-genetica-genomica\/#website","url":"https:\/\/medicina.udd.cl\/centro-genetica-genomica\/","name":"Centro de Gen\u00e9tica y Gen\u00f3mica","description":"","inLanguage":"es"}]}},"featured_image_url":"https:\/\/medicina.udd.cl\/centro-genetica-genomica\/files\/2019\/05\/IMG_9061-1.jpg","_links":{"self":[{"href":"https:\/\/medicina.udd.cl\/centro-genetica-genomica\/wp-json\/wp\/v2\/posts\/2391","targetHints":{"allow":["GET"]}}],"collection":[{"href":"https:\/\/medicina.udd.cl\/centro-genetica-genomica\/wp-json\/wp\/v2\/posts"}],"about":[{"href":"https:\/\/medicina.udd.cl\/centro-genetica-genomica\/wp-json\/wp\/v2\/types\/post"}],"replies":[{"embeddable":true,"href":"https:\/\/medicina.udd.cl\/centro-genetica-genomica\/wp-json\/wp\/v2\/comments?post=2391"}],"version-history":[{"count":0,"href":"https:\/\/medicina.udd.cl\/centro-genetica-genomica\/wp-json\/wp\/v2\/posts\/2391\/revisions"}],"wp:featuredmedia":[{"embeddable":true,"href":"https:\/\/medicina.udd.cl\/centro-genetica-genomica\/wp-json\/wp\/v2\/media\/2392"}],"wp:attachment":[{"href":"https:\/\/medicina.udd.cl\/centro-genetica-genomica\/wp-json\/wp\/v2\/media?parent=2391"}],"wp:term":[{"taxonomy":"category","embeddable":true,"href":"https:\/\/medicina.udd.cl\/centro-genetica-genomica\/wp-json\/wp\/v2\/categories?post=2391"},{"taxonomy":"post_tag","embeddable":true,"href":"https:\/\/medicina.udd.cl\/centro-genetica-genomica\/wp-json\/wp\/v2\/tags?post=2391"}],"curies":[{"name":"wp","href":"https:\/\/api.w.org\/{rel}","templated":true}]}}