{"id":2406,"date":"2019-06-21T13:17:56","date_gmt":"2019-06-21T17:17:56","guid":{"rendered":"http:\/\/beta.med.udd.cl\/centro-genetica-genomica\/?p=2406"},"modified":"2019-06-21T13:17:56","modified_gmt":"2019-06-21T17:17:56","slug":"simposio-internacional-de-enfermedades-raras","status":"publish","type":"post","link":"https:\/\/medicina.udd.cl\/centro-genetica-genomica\/noticias\/2019\/06\/21\/simposio-internacional-de-enfermedades-raras\/","title":{"rendered":"Simposio Internacional de Enfermedades Raras"},"content":{"rendered":"<p><a href=\"http:\/\/medicina.udd.cl\/centro-genetica-genomica\/files\/2019\/06\/capEnferRARAS-1.jpg\"><img loading=\"lazy\" decoding=\"async\" class=\"alignnone size-medium wp-image-2408\" src=\"http:\/\/medicina.udd.cl\/centro-genetica-genomica\/files\/2019\/06\/capEnferRARAS-1-300x224.jpg\" alt=\"\" width=\"300\" height=\"224\" srcset=\"https:\/\/medicina.udd.cl\/centro-genetica-genomica\/files\/2019\/06\/capEnferRARAS-1-300x224.jpg 300w, https:\/\/medicina.udd.cl\/centro-genetica-genomica\/files\/2019\/06\/capEnferRARAS-1.jpg 341w\" sizes=\"auto, (max-width: 300px) 100vw, 300px\" \/><\/a><\/p>\n<p>Del 24 al 26 de septiembre del 2019, se realizar\u00e1 el Simposio Internacional de Enfermedades Raras, el cual contar\u00e1 con reconocidos expertos extranjeros.<\/p>\n<p>Para m\u00e1s informaci\u00f3n:<\/p>\n<p><a href=\"http:\/\/medicina.udd.cl\/centro-genetica-genomica\/files\/2019\/06\/Programa-Curso-Enfermedades-Raras-1.pdf\">PROGRAMA<\/a><\/p>\n<p><a href=\"https:\/\/cursos.alemana.cl\/cursos\/detalle\/curso-internacional-de-enfermedades-raras\">INSCRIPCI\u00d3N\u00a0<\/a><\/p>\n","protected":false},"excerpt":{"rendered":"<p>Del 24 al 26 de septiembre del 2019, se realizar\u00e1 el Simposio Internacional de Enfermedades Raras, el cual contar\u00e1 con reconocidos expertos extranjeros.<\/p>\n","protected":false},"author":0,"featured_media":2408,"comment_status":"open","ping_status":"open","sticky":false,"template":"","format":"standard","meta":{"footnotes":""},"categories":[4],"tags":[],"class_list":["post-2406","post","type-post","status-publish","format-standard","has-post-thumbnail","hentry","category-noticias"],"yoast_head":"<!-- This site is optimized with the Yoast SEO plugin v26.9 - https:\/\/yoast.com\/product\/yoast-seo-wordpress\/ -->\n<title>Simposio Internacional de Enfermedades Raras - Centro de Gen\u00e9tica y Gen\u00f3mica<\/title>\n<meta name=\"robots\" content=\"index, follow, max-snippet:-1, max-image-preview:large, max-video-preview:-1\" \/>\n<link rel=\"canonical\" href=\"https:\/\/medicina.udd.cl\/centro-genetica-genomica\/noticias\/2019\/06\/21\/simposio-internacional-de-enfermedades-raras\/\" \/>\n<meta property=\"og:locale\" content=\"es_ES\" \/>\n<meta property=\"og:type\" content=\"article\" \/>\n<meta property=\"og:title\" content=\"Simposio Internacional de Enfermedades Raras - Centro de Gen\u00e9tica y Gen\u00f3mica\" \/>\n<meta property=\"og:description\" content=\"Del 24 al 26 de septiembre del 2019, se realizar\u00e1 el Simposio Internacional de Enfermedades Raras, el cual contar\u00e1 con reconocidos expertos extranjeros.\" \/>\n<meta property=\"og:url\" content=\"https:\/\/medicina.udd.cl\/centro-genetica-genomica\/noticias\/2019\/06\/21\/simposio-internacional-de-enfermedades-raras\/\" \/>\n<meta property=\"og:site_name\" content=\"Centro de Gen\u00e9tica y Gen\u00f3mica\" \/>\n<meta property=\"article:published_time\" content=\"2019-06-21T17:17:56+00:00\" \/>\n<meta property=\"og:image\" content=\"https:\/\/medicina.udd.cl\/centro-genetica-genomica\/files\/2019\/06\/capEnferRARAS-1.jpg\" \/>\n\t<meta property=\"og:image:width\" content=\"341\" \/>\n\t<meta property=\"og:image:height\" content=\"255\" \/>\n\t<meta property=\"og:image:type\" content=\"image\/jpeg\" \/>\n<script type=\"application\/ld+json\" class=\"yoast-schema-graph\">{\"@context\":\"https:\/\/schema.org\",\"@graph\":[{\"@type\":\"Article\",\"@id\":\"https:\/\/medicina.udd.cl\/centro-genetica-genomica\/noticias\/2019\/06\/21\/simposio-internacional-de-enfermedades-raras\/#article\",\"isPartOf\":{\"@id\":\"https:\/\/medicina.udd.cl\/centro-genetica-genomica\/noticias\/2019\/06\/21\/simposio-internacional-de-enfermedades-raras\/\"},\"author\":{\"name\":\"\",\"@id\":\"\"},\"headline\":\"Simposio Internacional de Enfermedades Raras\",\"datePublished\":\"2019-06-21T17:17:56+00:00\",\"mainEntityOfPage\":{\"@id\":\"https:\/\/medicina.udd.cl\/centro-genetica-genomica\/noticias\/2019\/06\/21\/simposio-internacional-de-enfermedades-raras\/\"},\"wordCount\":33,\"commentCount\":0,\"image\":{\"@id\":\"https:\/\/medicina.udd.cl\/centro-genetica-genomica\/noticias\/2019\/06\/21\/simposio-internacional-de-enfermedades-raras\/#primaryimage\"},\"thumbnailUrl\":\"https:\/\/medicina.udd.cl\/centro-genetica-genomica\/files\/2019\/06\/capEnferRARAS-1.jpg\",\"articleSection\":[\"Noticias\"],\"inLanguage\":\"es\",\"potentialAction\":[{\"@type\":\"CommentAction\",\"name\":\"Comment\",\"target\":[\"https:\/\/medicina.udd.cl\/centro-genetica-genomica\/noticias\/2019\/06\/21\/simposio-internacional-de-enfermedades-raras\/#respond\"]}]},{\"@type\":\"WebPage\",\"@id\":\"https:\/\/medicina.udd.cl\/centro-genetica-genomica\/noticias\/2019\/06\/21\/simposio-internacional-de-enfermedades-raras\/\",\"url\":\"https:\/\/medicina.udd.cl\/centro-genetica-genomica\/noticias\/2019\/06\/21\/simposio-internacional-de-enfermedades-raras\/\",\"name\":\"Simposio Internacional de Enfermedades Raras - Centro de Gen\u00e9tica y Gen\u00f3mica\",\"isPartOf\":{\"@id\":\"https:\/\/medicina.udd.cl\/centro-genetica-genomica\/#website\"},\"primaryImageOfPage\":{\"@id\":\"https:\/\/medicina.udd.cl\/centro-genetica-genomica\/noticias\/2019\/06\/21\/simposio-internacional-de-enfermedades-raras\/#primaryimage\"},\"image\":{\"@id\":\"https:\/\/medicina.udd.cl\/centro-genetica-genomica\/noticias\/2019\/06\/21\/simposio-internacional-de-enfermedades-raras\/#primaryimage\"},\"thumbnailUrl\":\"https:\/\/medicina.udd.cl\/centro-genetica-genomica\/files\/2019\/06\/capEnferRARAS-1.jpg\",\"datePublished\":\"2019-06-21T17:17:56+00:00\",\"author\":{\"@id\":\"\"},\"breadcrumb\":{\"@id\":\"https:\/\/medicina.udd.cl\/centro-genetica-genomica\/noticias\/2019\/06\/21\/simposio-internacional-de-enfermedades-raras\/#breadcrumb\"},\"inLanguage\":\"es\",\"potentialAction\":[{\"@type\":\"ReadAction\",\"target\":[\"https:\/\/medicina.udd.cl\/centro-genetica-genomica\/noticias\/2019\/06\/21\/simposio-internacional-de-enfermedades-raras\/\"]}]},{\"@type\":\"ImageObject\",\"inLanguage\":\"es\",\"@id\":\"https:\/\/medicina.udd.cl\/centro-genetica-genomica\/noticias\/2019\/06\/21\/simposio-internacional-de-enfermedades-raras\/#primaryimage\",\"url\":\"https:\/\/medicina.udd.cl\/centro-genetica-genomica\/files\/2019\/06\/capEnferRARAS-1.jpg\",\"contentUrl\":\"https:\/\/medicina.udd.cl\/centro-genetica-genomica\/files\/2019\/06\/capEnferRARAS-1.jpg\",\"width\":341,\"height\":255},{\"@type\":\"BreadcrumbList\",\"@id\":\"https:\/\/medicina.udd.cl\/centro-genetica-genomica\/noticias\/2019\/06\/21\/simposio-internacional-de-enfermedades-raras\/#breadcrumb\",\"itemListElement\":[{\"@type\":\"ListItem\",\"position\":1,\"name\":\"Inicio\",\"item\":\"https:\/\/medicina.udd.cl\/centro-genetica-genomica\/\"},{\"@type\":\"ListItem\",\"position\":2,\"name\":\"Simposio Internacional de Enfermedades Raras\"}]},{\"@type\":\"WebSite\",\"@id\":\"https:\/\/medicina.udd.cl\/centro-genetica-genomica\/#website\",\"url\":\"https:\/\/medicina.udd.cl\/centro-genetica-genomica\/\",\"name\":\"Centro de Gen\u00e9tica y Gen\u00f3mica\",\"description\":\"\",\"inLanguage\":\"es\"}]}<\/script>\n<!-- \/ Yoast SEO plugin. -->","yoast_head_json":{"title":"Simposio Internacional de Enfermedades Raras - Centro de Gen\u00e9tica y Gen\u00f3mica","robots":{"index":"index","follow":"follow","max-snippet":"max-snippet:-1","max-image-preview":"max-image-preview:large","max-video-preview":"max-video-preview:-1"},"canonical":"https:\/\/medicina.udd.cl\/centro-genetica-genomica\/noticias\/2019\/06\/21\/simposio-internacional-de-enfermedades-raras\/","og_locale":"es_ES","og_type":"article","og_title":"Simposio Internacional de Enfermedades Raras - Centro de Gen\u00e9tica y Gen\u00f3mica","og_description":"Del 24 al 26 de septiembre del 2019, se realizar\u00e1 el Simposio Internacional de Enfermedades Raras, el cual contar\u00e1 con reconocidos expertos extranjeros.","og_url":"https:\/\/medicina.udd.cl\/centro-genetica-genomica\/noticias\/2019\/06\/21\/simposio-internacional-de-enfermedades-raras\/","og_site_name":"Centro de Gen\u00e9tica y Gen\u00f3mica","article_published_time":"2019-06-21T17:17:56+00:00","og_image":[{"width":341,"height":255,"url":"https:\/\/medicina.udd.cl\/centro-genetica-genomica\/files\/2019\/06\/capEnferRARAS-1.jpg","type":"image\/jpeg"}],"schema":{"@context":"https:\/\/schema.org","@graph":[{"@type":"Article","@id":"https:\/\/medicina.udd.cl\/centro-genetica-genomica\/noticias\/2019\/06\/21\/simposio-internacional-de-enfermedades-raras\/#article","isPartOf":{"@id":"https:\/\/medicina.udd.cl\/centro-genetica-genomica\/noticias\/2019\/06\/21\/simposio-internacional-de-enfermedades-raras\/"},"author":{"name":"","@id":""},"headline":"Simposio Internacional de Enfermedades Raras","datePublished":"2019-06-21T17:17:56+00:00","mainEntityOfPage":{"@id":"https:\/\/medicina.udd.cl\/centro-genetica-genomica\/noticias\/2019\/06\/21\/simposio-internacional-de-enfermedades-raras\/"},"wordCount":33,"commentCount":0,"image":{"@id":"https:\/\/medicina.udd.cl\/centro-genetica-genomica\/noticias\/2019\/06\/21\/simposio-internacional-de-enfermedades-raras\/#primaryimage"},"thumbnailUrl":"https:\/\/medicina.udd.cl\/centro-genetica-genomica\/files\/2019\/06\/capEnferRARAS-1.jpg","articleSection":["Noticias"],"inLanguage":"es","potentialAction":[{"@type":"CommentAction","name":"Comment","target":["https:\/\/medicina.udd.cl\/centro-genetica-genomica\/noticias\/2019\/06\/21\/simposio-internacional-de-enfermedades-raras\/#respond"]}]},{"@type":"WebPage","@id":"https:\/\/medicina.udd.cl\/centro-genetica-genomica\/noticias\/2019\/06\/21\/simposio-internacional-de-enfermedades-raras\/","url":"https:\/\/medicina.udd.cl\/centro-genetica-genomica\/noticias\/2019\/06\/21\/simposio-internacional-de-enfermedades-raras\/","name":"Simposio Internacional de Enfermedades Raras - Centro de Gen\u00e9tica y Gen\u00f3mica","isPartOf":{"@id":"https:\/\/medicina.udd.cl\/centro-genetica-genomica\/#website"},"primaryImageOfPage":{"@id":"https:\/\/medicina.udd.cl\/centro-genetica-genomica\/noticias\/2019\/06\/21\/simposio-internacional-de-enfermedades-raras\/#primaryimage"},"image":{"@id":"https:\/\/medicina.udd.cl\/centro-genetica-genomica\/noticias\/2019\/06\/21\/simposio-internacional-de-enfermedades-raras\/#primaryimage"},"thumbnailUrl":"https:\/\/medicina.udd.cl\/centro-genetica-genomica\/files\/2019\/06\/capEnferRARAS-1.jpg","datePublished":"2019-06-21T17:17:56+00:00","author":{"@id":""},"breadcrumb":{"@id":"https:\/\/medicina.udd.cl\/centro-genetica-genomica\/noticias\/2019\/06\/21\/simposio-internacional-de-enfermedades-raras\/#breadcrumb"},"inLanguage":"es","potentialAction":[{"@type":"ReadAction","target":["https:\/\/medicina.udd.cl\/centro-genetica-genomica\/noticias\/2019\/06\/21\/simposio-internacional-de-enfermedades-raras\/"]}]},{"@type":"ImageObject","inLanguage":"es","@id":"https:\/\/medicina.udd.cl\/centro-genetica-genomica\/noticias\/2019\/06\/21\/simposio-internacional-de-enfermedades-raras\/#primaryimage","url":"https:\/\/medicina.udd.cl\/centro-genetica-genomica\/files\/2019\/06\/capEnferRARAS-1.jpg","contentUrl":"https:\/\/medicina.udd.cl\/centro-genetica-genomica\/files\/2019\/06\/capEnferRARAS-1.jpg","width":341,"height":255},{"@type":"BreadcrumbList","@id":"https:\/\/medicina.udd.cl\/centro-genetica-genomica\/noticias\/2019\/06\/21\/simposio-internacional-de-enfermedades-raras\/#breadcrumb","itemListElement":[{"@type":"ListItem","position":1,"name":"Inicio","item":"https:\/\/medicina.udd.cl\/centro-genetica-genomica\/"},{"@type":"ListItem","position":2,"name":"Simposio Internacional de Enfermedades Raras"}]},{"@type":"WebSite","@id":"https:\/\/medicina.udd.cl\/centro-genetica-genomica\/#website","url":"https:\/\/medicina.udd.cl\/centro-genetica-genomica\/","name":"Centro de Gen\u00e9tica y Gen\u00f3mica","description":"","inLanguage":"es"}]}},"featured_image_url":"https:\/\/medicina.udd.cl\/centro-genetica-genomica\/files\/2019\/06\/capEnferRARAS-1.jpg","_links":{"self":[{"href":"https:\/\/medicina.udd.cl\/centro-genetica-genomica\/wp-json\/wp\/v2\/posts\/2406","targetHints":{"allow":["GET"]}}],"collection":[{"href":"https:\/\/medicina.udd.cl\/centro-genetica-genomica\/wp-json\/wp\/v2\/posts"}],"about":[{"href":"https:\/\/medicina.udd.cl\/centro-genetica-genomica\/wp-json\/wp\/v2\/types\/post"}],"replies":[{"embeddable":true,"href":"https:\/\/medicina.udd.cl\/centro-genetica-genomica\/wp-json\/wp\/v2\/comments?post=2406"}],"version-history":[{"count":0,"href":"https:\/\/medicina.udd.cl\/centro-genetica-genomica\/wp-json\/wp\/v2\/posts\/2406\/revisions"}],"wp:featuredmedia":[{"embeddable":true,"href":"https:\/\/medicina.udd.cl\/centro-genetica-genomica\/wp-json\/wp\/v2\/media\/2408"}],"wp:attachment":[{"href":"https:\/\/medicina.udd.cl\/centro-genetica-genomica\/wp-json\/wp\/v2\/media?parent=2406"}],"wp:term":[{"taxonomy":"category","embeddable":true,"href":"https:\/\/medicina.udd.cl\/centro-genetica-genomica\/wp-json\/wp\/v2\/categories?post=2406"},{"taxonomy":"post_tag","embeddable":true,"href":"https:\/\/medicina.udd.cl\/centro-genetica-genomica\/wp-json\/wp\/v2\/tags?post=2406"}],"curies":[{"name":"wp","href":"https:\/\/api.w.org\/{rel}","templated":true}]}}