{"id":2413,"date":"2019-10-03T14:22:40","date_gmt":"2019-10-03T17:22:40","guid":{"rendered":"http:\/\/beta.med.udd.cl\/centro-genetica-genomica\/?p=2413"},"modified":"2019-10-03T14:22:40","modified_gmt":"2019-10-03T17:22:40","slug":"nombran-a-investigador-udd-miembro-del-consejo-chile-israel-para-la-ciencia-tecnologia-innovacion-y-humanidades","status":"publish","type":"post","link":"https:\/\/medicina.udd.cl\/centro-genetica-genomica\/noticias\/2019\/10\/03\/nombran-a-investigador-udd-miembro-del-consejo-chile-israel-para-la-ciencia-tecnologia-innovacion-y-humanidades\/","title":{"rendered":"Nombran a investigador UDD miembro del Consejo Chile-Israel para la Ciencia, Tecnolog\u00eda, Innovaci\u00f3n y Humanidades"},"content":{"rendered":"<figure id=\"attachment_2414\" aria-describedby=\"caption-attachment-2414\" style=\"width: 300px\" class=\"wp-caption alignnone\"><a href=\"http:\/\/medicina.udd.cl\/centro-genetica-genomica\/files\/2019\/10\/IMG_3227-1.jpg\"><img loading=\"lazy\" decoding=\"async\" class=\"wp-image-2414 size-medium\" src=\"http:\/\/medicina.udd.cl\/centro-genetica-genomica\/files\/2019\/10\/IMG_3227-1-300x200.jpg\" alt=\"\" width=\"300\" height=\"200\" srcset=\"https:\/\/medicina.udd.cl\/centro-genetica-genomica\/files\/2019\/10\/IMG_3227-1-300x200.jpg 300w, https:\/\/medicina.udd.cl\/centro-genetica-genomica\/files\/2019\/10\/IMG_3227-1-768x512.jpg 768w, https:\/\/medicina.udd.cl\/centro-genetica-genomica\/files\/2019\/10\/IMG_3227-1-1024x683.jpg 1024w, https:\/\/medicina.udd.cl\/centro-genetica-genomica\/files\/2019\/10\/IMG_3227-1-960x640.jpg 960w\" sizes=\"auto, (max-width: 300px) 100vw, 300px\" \/><\/a><figcaption id=\"caption-attachment-2414\" class=\"wp-caption-text\">Andr\u00e9s Klein en su intervenci\u00f3n en el Curso Internacional de Enfermedades Raras 2019<\/figcaption><\/figure>\n<p>Andr\u00e9s Klein, director del Centro de Gen\u00e9tica y Gen\u00f3mica del Instituto de Ciencias e Innovaci\u00f3n en Medicina (ICIM) de la Facultad de Medicina Cl\u00ednica Alemana Universidad del Desarrollo, fue nombrado miembro del Comit\u00e9 Asesor del Consejo Chile &#8211; Israel para la Ciencia, Tecnolog\u00eda, Innovaci\u00f3n y Humanidades.<\/p>\n<p>La misi\u00f3n de este comit\u00e9 recientemente creado, consiste en la promoci\u00f3n y el intercambio de conocimientos y experiencias entre ambos pa\u00edses antes mencionados en materias de conocimiento humano tendientes al desarrollo de proyectos de inversi\u00f3n y soluciones innovadoras y sustentables con impacto ciudadano.<\/p>\n<p>El ministro de Ciencia, Tecnolog\u00eda, Innovaci\u00f3n y Conocimiento, Andr\u00e9s Couve, afirm\u00f3 en la ceremonia de presentaci\u00f3n del consejo que \u00e9ste se conforma como una contribuci\u00f3n al cierre de las brechas entre los desaf\u00edos globales y las soluciones locales bajo la tr\u00edada compuesta por la academia y los sectores p\u00fablico y privado, consolidando y reforzando las relaciones de amistad entre Chile e Israel en beneficio de sus pueblos. \u201cAl cerrar estas brechas, los desaf\u00edos dejan de ser desaf\u00edos, por ejemplo, el tema h\u00eddrico en Israel. Y luego esa experiencia puede usarse para abordar nuevos desaf\u00edos\u201d, concluy\u00f3.<\/p>\n","protected":false},"excerpt":{"rendered":"<p>Andr\u00e9s Klein, director del Centro de Gen\u00e9tica y Gen\u00f3mica del Instituto de Ciencias e Innovaci\u00f3n en Medicina (ICIM) de la Facultad de Medicina Cl\u00ednica Alemana Universidad del Desarrollo, fue nombrado miembro del Comit\u00e9 Asesor del Consejo Chile &#8211; Israel para la Ciencia, Tecnolog\u00eda, Innovaci\u00f3n y Humanidades. La misi\u00f3n de este comit\u00e9 recientemente creado, consiste en [&hellip;]<\/p>\n","protected":false},"author":0,"featured_media":2414,"comment_status":"open","ping_status":"open","sticky":false,"template":"","format":"standard","meta":{"footnotes":""},"categories":[4],"tags":[],"class_list":["post-2413","post","type-post","status-publish","format-standard","has-post-thumbnail","hentry","category-noticias"],"yoast_head":"<!-- This site is optimized with the Yoast SEO plugin v26.9 - https:\/\/yoast.com\/product\/yoast-seo-wordpress\/ -->\n<title>Nombran a investigador UDD miembro del Consejo Chile-Israel para la Ciencia, Tecnolog\u00eda, Innovaci\u00f3n y Humanidades - Centro de Gen\u00e9tica y Gen\u00f3mica<\/title>\n<meta name=\"robots\" content=\"index, follow, max-snippet:-1, max-image-preview:large, max-video-preview:-1\" \/>\n<link rel=\"canonical\" href=\"https:\/\/medicina.udd.cl\/centro-genetica-genomica\/noticias\/2019\/10\/03\/nombran-a-investigador-udd-miembro-del-consejo-chile-israel-para-la-ciencia-tecnologia-innovacion-y-humanidades\/\" \/>\n<meta property=\"og:locale\" content=\"es_ES\" \/>\n<meta property=\"og:type\" content=\"article\" \/>\n<meta property=\"og:title\" content=\"Nombran a investigador UDD miembro del Consejo Chile-Israel para la Ciencia, Tecnolog\u00eda, Innovaci\u00f3n y Humanidades - Centro de Gen\u00e9tica y Gen\u00f3mica\" \/>\n<meta property=\"og:description\" content=\"Andr\u00e9s Klein, director del Centro de Gen\u00e9tica y Gen\u00f3mica del Instituto de Ciencias e Innovaci\u00f3n en Medicina (ICIM) de la Facultad de Medicina Cl\u00ednica Alemana Universidad del Desarrollo, fue nombrado miembro del Comit\u00e9 Asesor del Consejo Chile &#8211; Israel para la Ciencia, Tecnolog\u00eda, Innovaci\u00f3n y Humanidades. La misi\u00f3n de este comit\u00e9 recientemente creado, consiste en [&hellip;]\" \/>\n<meta property=\"og:url\" content=\"https:\/\/medicina.udd.cl\/centro-genetica-genomica\/noticias\/2019\/10\/03\/nombran-a-investigador-udd-miembro-del-consejo-chile-israel-para-la-ciencia-tecnologia-innovacion-y-humanidades\/\" \/>\n<meta property=\"og:site_name\" content=\"Centro de Gen\u00e9tica y Gen\u00f3mica\" \/>\n<meta property=\"article:published_time\" content=\"2019-10-03T17:22:40+00:00\" \/>\n<meta property=\"og:image\" content=\"https:\/\/medicina.udd.cl\/centro-genetica-genomica\/files\/2019\/10\/IMG_3227-1-1024x683.jpg\" \/>\n\t<meta property=\"og:image:width\" content=\"1024\" \/>\n\t<meta property=\"og:image:height\" content=\"683\" \/>\n\t<meta property=\"og:image:type\" content=\"image\/jpeg\" \/>\n<meta name=\"twitter:label1\" content=\"Tiempo de lectura\" \/>\n\t<meta name=\"twitter:data1\" content=\"1 minuto\" \/>\n<script type=\"application\/ld+json\" class=\"yoast-schema-graph\">{\"@context\":\"https:\/\/schema.org\",\"@graph\":[{\"@type\":\"Article\",\"@id\":\"https:\/\/medicina.udd.cl\/centro-genetica-genomica\/noticias\/2019\/10\/03\/nombran-a-investigador-udd-miembro-del-consejo-chile-israel-para-la-ciencia-tecnologia-innovacion-y-humanidades\/#article\",\"isPartOf\":{\"@id\":\"https:\/\/medicina.udd.cl\/centro-genetica-genomica\/noticias\/2019\/10\/03\/nombran-a-investigador-udd-miembro-del-consejo-chile-israel-para-la-ciencia-tecnologia-innovacion-y-humanidades\/\"},\"author\":{\"name\":\"\",\"@id\":\"\"},\"headline\":\"Nombran a investigador UDD miembro del Consejo Chile-Israel para la Ciencia, Tecnolog\u00eda, Innovaci\u00f3n y Humanidades\",\"datePublished\":\"2019-10-03T17:22:40+00:00\",\"mainEntityOfPage\":{\"@id\":\"https:\/\/medicina.udd.cl\/centro-genetica-genomica\/noticias\/2019\/10\/03\/nombran-a-investigador-udd-miembro-del-consejo-chile-israel-para-la-ciencia-tecnologia-innovacion-y-humanidades\/\"},\"wordCount\":245,\"commentCount\":0,\"image\":{\"@id\":\"https:\/\/medicina.udd.cl\/centro-genetica-genomica\/noticias\/2019\/10\/03\/nombran-a-investigador-udd-miembro-del-consejo-chile-israel-para-la-ciencia-tecnologia-innovacion-y-humanidades\/#primaryimage\"},\"thumbnailUrl\":\"https:\/\/medicina.udd.cl\/centro-genetica-genomica\/files\/2019\/10\/IMG_3227-1.jpg\",\"articleSection\":[\"Noticias\"],\"inLanguage\":\"es\",\"potentialAction\":[{\"@type\":\"CommentAction\",\"name\":\"Comment\",\"target\":[\"https:\/\/medicina.udd.cl\/centro-genetica-genomica\/noticias\/2019\/10\/03\/nombran-a-investigador-udd-miembro-del-consejo-chile-israel-para-la-ciencia-tecnologia-innovacion-y-humanidades\/#respond\"]}]},{\"@type\":\"WebPage\",\"@id\":\"https:\/\/medicina.udd.cl\/centro-genetica-genomica\/noticias\/2019\/10\/03\/nombran-a-investigador-udd-miembro-del-consejo-chile-israel-para-la-ciencia-tecnologia-innovacion-y-humanidades\/\",\"url\":\"https:\/\/medicina.udd.cl\/centro-genetica-genomica\/noticias\/2019\/10\/03\/nombran-a-investigador-udd-miembro-del-consejo-chile-israel-para-la-ciencia-tecnologia-innovacion-y-humanidades\/\",\"name\":\"Nombran a investigador UDD miembro del Consejo Chile-Israel para la Ciencia, Tecnolog\u00eda, Innovaci\u00f3n y Humanidades - Centro de Gen\u00e9tica y Gen\u00f3mica\",\"isPartOf\":{\"@id\":\"https:\/\/medicina.udd.cl\/centro-genetica-genomica\/#website\"},\"primaryImageOfPage\":{\"@id\":\"https:\/\/medicina.udd.cl\/centro-genetica-genomica\/noticias\/2019\/10\/03\/nombran-a-investigador-udd-miembro-del-consejo-chile-israel-para-la-ciencia-tecnologia-innovacion-y-humanidades\/#primaryimage\"},\"image\":{\"@id\":\"https:\/\/medicina.udd.cl\/centro-genetica-genomica\/noticias\/2019\/10\/03\/nombran-a-investigador-udd-miembro-del-consejo-chile-israel-para-la-ciencia-tecnologia-innovacion-y-humanidades\/#primaryimage\"},\"thumbnailUrl\":\"https:\/\/medicina.udd.cl\/centro-genetica-genomica\/files\/2019\/10\/IMG_3227-1.jpg\",\"datePublished\":\"2019-10-03T17:22:40+00:00\",\"author\":{\"@id\":\"\"},\"breadcrumb\":{\"@id\":\"https:\/\/medicina.udd.cl\/centro-genetica-genomica\/noticias\/2019\/10\/03\/nombran-a-investigador-udd-miembro-del-consejo-chile-israel-para-la-ciencia-tecnologia-innovacion-y-humanidades\/#breadcrumb\"},\"inLanguage\":\"es\",\"potentialAction\":[{\"@type\":\"ReadAction\",\"target\":[\"https:\/\/medicina.udd.cl\/centro-genetica-genomica\/noticias\/2019\/10\/03\/nombran-a-investigador-udd-miembro-del-consejo-chile-israel-para-la-ciencia-tecnologia-innovacion-y-humanidades\/\"]}]},{\"@type\":\"ImageObject\",\"inLanguage\":\"es\",\"@id\":\"https:\/\/medicina.udd.cl\/centro-genetica-genomica\/noticias\/2019\/10\/03\/nombran-a-investigador-udd-miembro-del-consejo-chile-israel-para-la-ciencia-tecnologia-innovacion-y-humanidades\/#primaryimage\",\"url\":\"https:\/\/medicina.udd.cl\/centro-genetica-genomica\/files\/2019\/10\/IMG_3227-1.jpg\",\"contentUrl\":\"https:\/\/medicina.udd.cl\/centro-genetica-genomica\/files\/2019\/10\/IMG_3227-1.jpg\",\"width\":5184,\"height\":3456},{\"@type\":\"BreadcrumbList\",\"@id\":\"https:\/\/medicina.udd.cl\/centro-genetica-genomica\/noticias\/2019\/10\/03\/nombran-a-investigador-udd-miembro-del-consejo-chile-israel-para-la-ciencia-tecnologia-innovacion-y-humanidades\/#breadcrumb\",\"itemListElement\":[{\"@type\":\"ListItem\",\"position\":1,\"name\":\"Inicio\",\"item\":\"https:\/\/medicina.udd.cl\/centro-genetica-genomica\/\"},{\"@type\":\"ListItem\",\"position\":2,\"name\":\"Nombran a investigador UDD miembro del Consejo Chile-Israel para la Ciencia, Tecnolog\u00eda, Innovaci\u00f3n y Humanidades\"}]},{\"@type\":\"WebSite\",\"@id\":\"https:\/\/medicina.udd.cl\/centro-genetica-genomica\/#website\",\"url\":\"https:\/\/medicina.udd.cl\/centro-genetica-genomica\/\",\"name\":\"Centro de Gen\u00e9tica y Gen\u00f3mica\",\"description\":\"\",\"inLanguage\":\"es\"}]}<\/script>\n<!-- \/ Yoast SEO plugin. -->","yoast_head_json":{"title":"Nombran a investigador UDD miembro del Consejo Chile-Israel para la Ciencia, Tecnolog\u00eda, Innovaci\u00f3n y Humanidades - Centro de Gen\u00e9tica y Gen\u00f3mica","robots":{"index":"index","follow":"follow","max-snippet":"max-snippet:-1","max-image-preview":"max-image-preview:large","max-video-preview":"max-video-preview:-1"},"canonical":"https:\/\/medicina.udd.cl\/centro-genetica-genomica\/noticias\/2019\/10\/03\/nombran-a-investigador-udd-miembro-del-consejo-chile-israel-para-la-ciencia-tecnologia-innovacion-y-humanidades\/","og_locale":"es_ES","og_type":"article","og_title":"Nombran a investigador UDD miembro del Consejo Chile-Israel para la Ciencia, Tecnolog\u00eda, Innovaci\u00f3n y Humanidades - Centro de Gen\u00e9tica y Gen\u00f3mica","og_description":"Andr\u00e9s Klein, director del Centro de Gen\u00e9tica y Gen\u00f3mica del Instituto de Ciencias e Innovaci\u00f3n en Medicina (ICIM) de la Facultad de Medicina Cl\u00ednica Alemana Universidad del Desarrollo, fue nombrado miembro del Comit\u00e9 Asesor del Consejo Chile &#8211; Israel para la Ciencia, Tecnolog\u00eda, Innovaci\u00f3n y Humanidades. La misi\u00f3n de este comit\u00e9 recientemente creado, consiste en [&hellip;]","og_url":"https:\/\/medicina.udd.cl\/centro-genetica-genomica\/noticias\/2019\/10\/03\/nombran-a-investigador-udd-miembro-del-consejo-chile-israel-para-la-ciencia-tecnologia-innovacion-y-humanidades\/","og_site_name":"Centro de Gen\u00e9tica y Gen\u00f3mica","article_published_time":"2019-10-03T17:22:40+00:00","og_image":[{"width":1024,"height":683,"url":"https:\/\/medicina.udd.cl\/centro-genetica-genomica\/files\/2019\/10\/IMG_3227-1-1024x683.jpg","type":"image\/jpeg"}],"twitter_misc":{"Tiempo de lectura":"1 minuto"},"schema":{"@context":"https:\/\/schema.org","@graph":[{"@type":"Article","@id":"https:\/\/medicina.udd.cl\/centro-genetica-genomica\/noticias\/2019\/10\/03\/nombran-a-investigador-udd-miembro-del-consejo-chile-israel-para-la-ciencia-tecnologia-innovacion-y-humanidades\/#article","isPartOf":{"@id":"https:\/\/medicina.udd.cl\/centro-genetica-genomica\/noticias\/2019\/10\/03\/nombran-a-investigador-udd-miembro-del-consejo-chile-israel-para-la-ciencia-tecnologia-innovacion-y-humanidades\/"},"author":{"name":"","@id":""},"headline":"Nombran a investigador UDD miembro del Consejo Chile-Israel para la Ciencia, Tecnolog\u00eda, Innovaci\u00f3n y Humanidades","datePublished":"2019-10-03T17:22:40+00:00","mainEntityOfPage":{"@id":"https:\/\/medicina.udd.cl\/centro-genetica-genomica\/noticias\/2019\/10\/03\/nombran-a-investigador-udd-miembro-del-consejo-chile-israel-para-la-ciencia-tecnologia-innovacion-y-humanidades\/"},"wordCount":245,"commentCount":0,"image":{"@id":"https:\/\/medicina.udd.cl\/centro-genetica-genomica\/noticias\/2019\/10\/03\/nombran-a-investigador-udd-miembro-del-consejo-chile-israel-para-la-ciencia-tecnologia-innovacion-y-humanidades\/#primaryimage"},"thumbnailUrl":"https:\/\/medicina.udd.cl\/centro-genetica-genomica\/files\/2019\/10\/IMG_3227-1.jpg","articleSection":["Noticias"],"inLanguage":"es","potentialAction":[{"@type":"CommentAction","name":"Comment","target":["https:\/\/medicina.udd.cl\/centro-genetica-genomica\/noticias\/2019\/10\/03\/nombran-a-investigador-udd-miembro-del-consejo-chile-israel-para-la-ciencia-tecnologia-innovacion-y-humanidades\/#respond"]}]},{"@type":"WebPage","@id":"https:\/\/medicina.udd.cl\/centro-genetica-genomica\/noticias\/2019\/10\/03\/nombran-a-investigador-udd-miembro-del-consejo-chile-israel-para-la-ciencia-tecnologia-innovacion-y-humanidades\/","url":"https:\/\/medicina.udd.cl\/centro-genetica-genomica\/noticias\/2019\/10\/03\/nombran-a-investigador-udd-miembro-del-consejo-chile-israel-para-la-ciencia-tecnologia-innovacion-y-humanidades\/","name":"Nombran a investigador UDD miembro del Consejo Chile-Israel para la Ciencia, Tecnolog\u00eda, Innovaci\u00f3n y Humanidades - Centro de Gen\u00e9tica y Gen\u00f3mica","isPartOf":{"@id":"https:\/\/medicina.udd.cl\/centro-genetica-genomica\/#website"},"primaryImageOfPage":{"@id":"https:\/\/medicina.udd.cl\/centro-genetica-genomica\/noticias\/2019\/10\/03\/nombran-a-investigador-udd-miembro-del-consejo-chile-israel-para-la-ciencia-tecnologia-innovacion-y-humanidades\/#primaryimage"},"image":{"@id":"https:\/\/medicina.udd.cl\/centro-genetica-genomica\/noticias\/2019\/10\/03\/nombran-a-investigador-udd-miembro-del-consejo-chile-israel-para-la-ciencia-tecnologia-innovacion-y-humanidades\/#primaryimage"},"thumbnailUrl":"https:\/\/medicina.udd.cl\/centro-genetica-genomica\/files\/2019\/10\/IMG_3227-1.jpg","datePublished":"2019-10-03T17:22:40+00:00","author":{"@id":""},"breadcrumb":{"@id":"https:\/\/medicina.udd.cl\/centro-genetica-genomica\/noticias\/2019\/10\/03\/nombran-a-investigador-udd-miembro-del-consejo-chile-israel-para-la-ciencia-tecnologia-innovacion-y-humanidades\/#breadcrumb"},"inLanguage":"es","potentialAction":[{"@type":"ReadAction","target":["https:\/\/medicina.udd.cl\/centro-genetica-genomica\/noticias\/2019\/10\/03\/nombran-a-investigador-udd-miembro-del-consejo-chile-israel-para-la-ciencia-tecnologia-innovacion-y-humanidades\/"]}]},{"@type":"ImageObject","inLanguage":"es","@id":"https:\/\/medicina.udd.cl\/centro-genetica-genomica\/noticias\/2019\/10\/03\/nombran-a-investigador-udd-miembro-del-consejo-chile-israel-para-la-ciencia-tecnologia-innovacion-y-humanidades\/#primaryimage","url":"https:\/\/medicina.udd.cl\/centro-genetica-genomica\/files\/2019\/10\/IMG_3227-1.jpg","contentUrl":"https:\/\/medicina.udd.cl\/centro-genetica-genomica\/files\/2019\/10\/IMG_3227-1.jpg","width":5184,"height":3456},{"@type":"BreadcrumbList","@id":"https:\/\/medicina.udd.cl\/centro-genetica-genomica\/noticias\/2019\/10\/03\/nombran-a-investigador-udd-miembro-del-consejo-chile-israel-para-la-ciencia-tecnologia-innovacion-y-humanidades\/#breadcrumb","itemListElement":[{"@type":"ListItem","position":1,"name":"Inicio","item":"https:\/\/medicina.udd.cl\/centro-genetica-genomica\/"},{"@type":"ListItem","position":2,"name":"Nombran a investigador UDD miembro del Consejo Chile-Israel para la Ciencia, Tecnolog\u00eda, Innovaci\u00f3n y Humanidades"}]},{"@type":"WebSite","@id":"https:\/\/medicina.udd.cl\/centro-genetica-genomica\/#website","url":"https:\/\/medicina.udd.cl\/centro-genetica-genomica\/","name":"Centro de Gen\u00e9tica y Gen\u00f3mica","description":"","inLanguage":"es"}]}},"featured_image_url":"https:\/\/medicina.udd.cl\/centro-genetica-genomica\/files\/2019\/10\/IMG_3227-1.jpg","_links":{"self":[{"href":"https:\/\/medicina.udd.cl\/centro-genetica-genomica\/wp-json\/wp\/v2\/posts\/2413","targetHints":{"allow":["GET"]}}],"collection":[{"href":"https:\/\/medicina.udd.cl\/centro-genetica-genomica\/wp-json\/wp\/v2\/posts"}],"about":[{"href":"https:\/\/medicina.udd.cl\/centro-genetica-genomica\/wp-json\/wp\/v2\/types\/post"}],"replies":[{"embeddable":true,"href":"https:\/\/medicina.udd.cl\/centro-genetica-genomica\/wp-json\/wp\/v2\/comments?post=2413"}],"version-history":[{"count":0,"href":"https:\/\/medicina.udd.cl\/centro-genetica-genomica\/wp-json\/wp\/v2\/posts\/2413\/revisions"}],"wp:featuredmedia":[{"embeddable":true,"href":"https:\/\/medicina.udd.cl\/centro-genetica-genomica\/wp-json\/wp\/v2\/media\/2414"}],"wp:attachment":[{"href":"https:\/\/medicina.udd.cl\/centro-genetica-genomica\/wp-json\/wp\/v2\/media?parent=2413"}],"wp:term":[{"taxonomy":"category","embeddable":true,"href":"https:\/\/medicina.udd.cl\/centro-genetica-genomica\/wp-json\/wp\/v2\/categories?post=2413"},{"taxonomy":"post_tag","embeddable":true,"href":"https:\/\/medicina.udd.cl\/centro-genetica-genomica\/wp-json\/wp\/v2\/tags?post=2413"}],"curies":[{"name":"wp","href":"https:\/\/api.w.org\/{rel}","templated":true}]}}