{"id":261,"date":"2010-09-01T13:30:55","date_gmt":"2010-09-01T17:30:55","guid":{"rendered":"http:\/\/medicina.udd.cl\/centro-genetica-humana\/2010\/09\/01\/simposio-latinoamericano-en-manejo-interdisciplinario-de-sindrome-velocardiofacial\/"},"modified":"2010-09-02T09:23:17","modified_gmt":"2010-09-02T13:23:17","slug":"simposio-latinoamericano-en-manejo-interdisciplinario-de-sindrome-velocardiofacial","status":"publish","type":"post","link":"https:\/\/medicina.udd.cl\/centro-genetica-genomica\/noticias\/2010\/09\/01\/simposio-latinoamericano-en-manejo-interdisciplinario-de-sindrome-velocardiofacial\/","title":{"rendered":"Simposio Latinoamericano en Manejo Interdisciplinario de S\u00edndrome Velocardiofacial"},"content":{"rendered":"<p style=\"text-align: justify\">El simposio, que se efectu\u00f3 entre el 26 y 28 de agosto, reuni\u00f3 a destacados especialistas nacionales e internaciones que actualizaron los contenidos, tratamientos y estad\u00edsticas mundiales de la enfermedad gen\u00e9tica.<\/p>\n<p style=\"text-align: justify\">El encuentro se dividi\u00f3 en tres jornadas que incluy\u00f3 a profesionales, becados,\u00a0estudiantes universitarios y familias afectadas. Adem\u00e1s, se conocieron casos en el Policl\u00ednico Interdisciplinario de Atenci\u00f3n de Pacientes con SVCF del Hospital Dr. Luis Calvo Mackenna.<\/p>\n<p style=\"text-align: justify\">La bienvenida, realizada en el Aula Magna de la Facultad de Medicina, estuvo a cargo del <strong>Dr. Robert Shprintzen<\/strong>, quien a trav\u00e9s de una videoconferencia explic\u00f3 los antecedentes y las caracter\u00edsticas de la enfermedad. Por su parte, la <strong>Dra. Gabriela Repetto<\/strong>, directora del Centro de Gen\u00e9tica Humana, habl\u00f3 sobre la experiencia en Chile.<\/p>\n<p style=\"text-align: justify\">Seg\u00fan las estad\u00edsticas, en nuestro pa\u00eds existen 340 pacientes diagnosticados con este mal que han consultado por cardiopat\u00edas cong\u00e9nitas, alteraciones en el paladar, \u00a0retraso en el desarrollo psicomotor\u00a0y\/o mental y problemas en el crecimiento. \u201cEn Chile existe la hibridaci\u00f3n in situ con fluorescencia (FISH), un test que permite ver con seguridad qui\u00e9n tiene el s\u00edndrome y quien no\u201d, explic\u00f3 la Dra. Repetto.<\/p>\n<p style=\"text-align: justify\">Seg\u00fan la directora del centro, no hay un tratamiento definitivo, pero s\u00ed se pueden ver las manifestaciones como cirug\u00eda card\u00edaca, cirug\u00eda pl\u00e1stica para el paladar, fonoaudiolog\u00eda, apoyo educacional y tratamiento de las manifestaciones y del aprendizaje. \u201cEsta necesidad de ver a m\u00faltiples profesionales de la salud y educaci\u00f3n es un desaf\u00edo para las familias, que se acent\u00faa por el hecho de que, pese a ser frecuente, no es muy conocida y es com\u00fan que los padres tengan que \u201ceducar\u201d sobre el s\u00edndrome\u00a0a los profesionales que ven a sus hijos\u201d, agreg\u00f3.<\/p>\n<p style=\"text-align: justify\">El encuentro continu\u00f3 con las presentaciones de especialistas internacionales como el <strong>Dr. Antonio Ysunza<\/strong>, director para Am\u00e9rica Latina de la VCFS Educational Foundation; <strong>Dr. Sherar Tatum<\/strong>, m\u00e9dico otorrinolaring\u00f3logo creador de la t\u00e9cnica actual de tratamiento quir\u00fargico de la incompetencia velo palatina y <strong>Donna Cluter-Landsman<\/strong>, consultora internacional y educadora diferencial del Distrito Educacional Middleton-Cross Plans, WI, EE.UU.\u00a0<\/p>\n<div id=\"gallery-1\" class=\"carousel slide carousel-gallery\" data-ride=\"false\" data-interval=\"false\"><div class=\"carousel-inner\" role=\"listbox\"><figure class=\"carousel-item active\"><img loading=\"lazy\" decoding=\"async\" width=\"774\" height=\"534\" src=\"https:\/\/medicina.udd.cl\/centro-genetica-genomica\/files\/2010\/09\/gen\u00e9tica1-003.jpg\" class=\"attachment-landscape_952 size-landscape_952\" alt=\"\" srcset=\"https:\/\/medicina.udd.cl\/centro-genetica-genomica\/files\/2010\/09\/gen\u00e9tica1-003.jpg 3083w, https:\/\/medicina.udd.cl\/centro-genetica-genomica\/files\/2010\/09\/gen\u00e9tica1-003-300x207.jpg 300w, https:\/\/medicina.udd.cl\/centro-genetica-genomica\/files\/2010\/09\/gen\u00e9tica1-003-768x530.jpg 768w, https:\/\/medicina.udd.cl\/centro-genetica-genomica\/files\/2010\/09\/gen\u00e9tica1-003-1024x707.jpg 1024w, https:\/\/medicina.udd.cl\/centro-genetica-genomica\/files\/2010\/09\/gen\u00e9tica1-003-960x663.jpg 960w\" sizes=\"auto, (max-width: 774px) 100vw, 774px\" \/><\/figure><figure class=\"carousel-item\"><img loading=\"lazy\" decoding=\"async\" width=\"712\" height=\"534\" src=\"https:\/\/medicina.udd.cl\/centro-genetica-genomica\/files\/2010\/09\/DSC00287.jpg\" class=\"attachment-landscape_952 size-landscape_952\" alt=\"\" srcset=\"https:\/\/medicina.udd.cl\/centro-genetica-genomica\/files\/2010\/09\/DSC00287.jpg 1280w, https:\/\/medicina.udd.cl\/centro-genetica-genomica\/files\/2010\/09\/DSC00287-300x225.jpg 300w, https:\/\/medicina.udd.cl\/centro-genetica-genomica\/files\/2010\/09\/DSC00287-768x576.jpg 768w, https:\/\/medicina.udd.cl\/centro-genetica-genomica\/files\/2010\/09\/DSC00287-1024x768.jpg 1024w, https:\/\/medicina.udd.cl\/centro-genetica-genomica\/files\/2010\/09\/DSC00287-960x720.jpg 960w\" sizes=\"auto, (max-width: 712px) 100vw, 712px\" \/><\/figure><figure class=\"carousel-item\"><img loading=\"lazy\" decoding=\"async\" width=\"712\" height=\"534\" src=\"https:\/\/medicina.udd.cl\/centro-genetica-genomica\/files\/2010\/09\/DSC00248.jpg\" class=\"attachment-landscape_952 size-landscape_952\" alt=\"\" srcset=\"https:\/\/medicina.udd.cl\/centro-genetica-genomica\/files\/2010\/09\/DSC00248.jpg 1024w, https:\/\/medicina.udd.cl\/centro-genetica-genomica\/files\/2010\/09\/DSC00248-300x225.jpg 300w, https:\/\/medicina.udd.cl\/centro-genetica-genomica\/files\/2010\/09\/DSC00248-768x576.jpg 768w, https:\/\/medicina.udd.cl\/centro-genetica-genomica\/files\/2010\/09\/DSC00248-960x720.jpg 960w\" sizes=\"auto, (max-width: 712px) 100vw, 712px\" \/><\/figure><figure class=\"carousel-item\"><img loading=\"lazy\" decoding=\"async\" width=\"712\" height=\"534\" src=\"https:\/\/medicina.udd.cl\/centro-genetica-genomica\/files\/2010\/09\/DSC00170.jpg\" class=\"attachment-landscape_952 size-landscape_952\" alt=\"\" srcset=\"https:\/\/medicina.udd.cl\/centro-genetica-genomica\/files\/2010\/09\/DSC00170.jpg 1024w, https:\/\/medicina.udd.cl\/centro-genetica-genomica\/files\/2010\/09\/DSC00170-300x225.jpg 300w, https:\/\/medicina.udd.cl\/centro-genetica-genomica\/files\/2010\/09\/DSC00170-768x576.jpg 768w, https:\/\/medicina.udd.cl\/centro-genetica-genomica\/files\/2010\/09\/DSC00170-960x720.jpg 960w\" sizes=\"auto, (max-width: 712px) 100vw, 712px\" \/><\/figure><figure class=\"carousel-item\"><img loading=\"lazy\" decoding=\"async\" width=\"712\" height=\"534\" src=\"https:\/\/medicina.udd.cl\/centro-genetica-genomica\/files\/2010\/09\/DSC00124.jpg\" class=\"attachment-landscape_952 size-landscape_952\" alt=\"\" srcset=\"https:\/\/medicina.udd.cl\/centro-genetica-genomica\/files\/2010\/09\/DSC00124.jpg 800w, https:\/\/medicina.udd.cl\/centro-genetica-genomica\/files\/2010\/09\/DSC00124-300x225.jpg 300w, https:\/\/medicina.udd.cl\/centro-genetica-genomica\/files\/2010\/09\/DSC00124-768x576.jpg 768w\" sizes=\"auto, (max-width: 712px) 100vw, 712px\" \/><\/figure><figure class=\"carousel-item\"><img loading=\"lazy\" decoding=\"async\" width=\"712\" height=\"534\" src=\"https:\/\/medicina.udd.cl\/centro-genetica-genomica\/files\/2010\/09\/gen\u00e9tica1-002.jpg\" class=\"attachment-landscape_952 size-landscape_952\" alt=\"\" srcset=\"https:\/\/medicina.udd.cl\/centro-genetica-genomica\/files\/2010\/09\/gen\u00e9tica1-002.jpg 3648w, https:\/\/medicina.udd.cl\/centro-genetica-genomica\/files\/2010\/09\/gen\u00e9tica1-002-300x225.jpg 300w, https:\/\/medicina.udd.cl\/centro-genetica-genomica\/files\/2010\/09\/gen\u00e9tica1-002-768x576.jpg 768w, https:\/\/medicina.udd.cl\/centro-genetica-genomica\/files\/2010\/09\/gen\u00e9tica1-002-1024x768.jpg 1024w, https:\/\/medicina.udd.cl\/centro-genetica-genomica\/files\/2010\/09\/gen\u00e9tica1-002-960x720.jpg 960w\" sizes=\"auto, (max-width: 712px) 100vw, 712px\" \/><\/figure><\/div><footer class=\"carousel-footer\"><div class=\"carousel-counter\"><span class=\"carousel-counter-current\"><\/span> \/ <span class=\"carousel-counter-total\"><\/span><\/div><a class=\"carousel-control-prev\" href=\"#gallery-1\" role=\"button\" data-slide=\"prev\"><svg aria-hidden=\"true\" class=\"svg-chevron-left-dims\"><use xlink:href='https:\/\/medicina.udd.cl\/centro-genetica-genomica\/wp-content\/themes\/facultades-2018\/assets\/img\/svg\/dist\/main.svg?version=1695853099#chevron-left'><\/use><\/svg><span class=\"sr-only\">Anterior<\/span><\/a><a class=\"carousel-control-next\" href=\"#gallery-1\" role=\"button\" data-slide=\"next\"><svg aria-hidden=\"true\" class=\"svg-chevron-right-dims\"><use xlink:href='https:\/\/medicina.udd.cl\/centro-genetica-genomica\/wp-content\/themes\/facultades-2018\/assets\/img\/svg\/dist\/main.svg?version=1695853099#chevron-right'><\/use><\/svg><span class=\"sr-only\">Siguiente<\/span><\/a><\/footer><\/div>\n","protected":false},"excerpt":{"rendered":"<p>Con gran \u00e9xito se llev\u00f3 a cabo el encuentro que reuni\u00f3 a especialistas y padres con ni\u00f1os que padecen esta desconocida enfermedad gen\u00e9tica. <\/p>\n","protected":false},"author":1,"featured_media":0,"comment_status":"open","ping_status":"open","sticky":false,"template":"","format":"standard","meta":{"footnotes":""},"categories":[4],"tags":[],"class_list":["post-261","post","type-post","status-publish","format-standard","hentry","category-noticias"],"yoast_head":"<!-- This site is optimized with the Yoast SEO plugin v26.9 - https:\/\/yoast.com\/product\/yoast-seo-wordpress\/ -->\n<title>Simposio Latinoamericano en Manejo Interdisciplinario de S\u00edndrome Velocardiofacial - Centro de Gen\u00e9tica y Gen\u00f3mica<\/title>\n<meta name=\"robots\" content=\"index, follow, max-snippet:-1, max-image-preview:large, max-video-preview:-1\" \/>\n<link rel=\"canonical\" href=\"https:\/\/medicina.udd.cl\/centro-genetica-genomica\/noticias\/2010\/09\/01\/simposio-latinoamericano-en-manejo-interdisciplinario-de-sindrome-velocardiofacial\/\" \/>\n<meta property=\"og:locale\" content=\"es_ES\" \/>\n<meta property=\"og:type\" content=\"article\" \/>\n<meta property=\"og:title\" content=\"Simposio Latinoamericano en Manejo Interdisciplinario de S\u00edndrome Velocardiofacial - Centro de Gen\u00e9tica y Gen\u00f3mica\" \/>\n<meta property=\"og:description\" content=\"Con gran \u00e9xito se llev\u00f3 a cabo el encuentro que reuni\u00f3 a especialistas y padres con ni\u00f1os que padecen esta desconocida enfermedad gen\u00e9tica.\" \/>\n<meta property=\"og:url\" content=\"https:\/\/medicina.udd.cl\/centro-genetica-genomica\/noticias\/2010\/09\/01\/simposio-latinoamericano-en-manejo-interdisciplinario-de-sindrome-velocardiofacial\/\" \/>\n<meta property=\"og:site_name\" content=\"Centro de Gen\u00e9tica y Gen\u00f3mica\" \/>\n<meta property=\"article:published_time\" content=\"2010-09-01T17:30:55+00:00\" \/>\n<meta property=\"article:modified_time\" content=\"2010-09-02T13:23:17+00:00\" \/>\n<meta property=\"og:image\" content=\"https:\/\/medicina.udd.cl\/centro-genetica-genomica\/files\/2010\/09\/gen\u00e9tica1-003.jpg\" \/>\n<meta name=\"author\" content=\"admin\" \/>\n<meta name=\"twitter:label1\" content=\"Escrito por\" \/>\n\t<meta name=\"twitter:data1\" content=\"admin\" \/>\n\t<meta name=\"twitter:label2\" content=\"Tiempo de lectura\" \/>\n\t<meta name=\"twitter:data2\" content=\"2 minutos\" \/>\n<script type=\"application\/ld+json\" class=\"yoast-schema-graph\">{\"@context\":\"https:\/\/schema.org\",\"@graph\":[{\"@type\":\"Article\",\"@id\":\"https:\/\/medicina.udd.cl\/centro-genetica-genomica\/noticias\/2010\/09\/01\/simposio-latinoamericano-en-manejo-interdisciplinario-de-sindrome-velocardiofacial\/#article\",\"isPartOf\":{\"@id\":\"https:\/\/medicina.udd.cl\/centro-genetica-genomica\/noticias\/2010\/09\/01\/simposio-latinoamericano-en-manejo-interdisciplinario-de-sindrome-velocardiofacial\/\"},\"author\":{\"name\":\"admin\",\"@id\":\"https:\/\/medicina.udd.cl\/centro-genetica-genomica\/#\/schema\/person\/f7abfa784c86da427e89287831f96ab7\"},\"headline\":\"Simposio Latinoamericano en Manejo Interdisciplinario de S\u00edndrome Velocardiofacial\",\"datePublished\":\"2010-09-01T17:30:55+00:00\",\"dateModified\":\"2010-09-02T13:23:17+00:00\",\"mainEntityOfPage\":{\"@id\":\"https:\/\/medicina.udd.cl\/centro-genetica-genomica\/noticias\/2010\/09\/01\/simposio-latinoamericano-en-manejo-interdisciplinario-de-sindrome-velocardiofacial\/\"},\"wordCount\":375,\"commentCount\":0,\"articleSection\":[\"Noticias\"],\"inLanguage\":\"es\",\"potentialAction\":[{\"@type\":\"CommentAction\",\"name\":\"Comment\",\"target\":[\"https:\/\/medicina.udd.cl\/centro-genetica-genomica\/noticias\/2010\/09\/01\/simposio-latinoamericano-en-manejo-interdisciplinario-de-sindrome-velocardiofacial\/#respond\"]}]},{\"@type\":\"WebPage\",\"@id\":\"https:\/\/medicina.udd.cl\/centro-genetica-genomica\/noticias\/2010\/09\/01\/simposio-latinoamericano-en-manejo-interdisciplinario-de-sindrome-velocardiofacial\/\",\"url\":\"https:\/\/medicina.udd.cl\/centro-genetica-genomica\/noticias\/2010\/09\/01\/simposio-latinoamericano-en-manejo-interdisciplinario-de-sindrome-velocardiofacial\/\",\"name\":\"Simposio Latinoamericano en Manejo Interdisciplinario de S\u00edndrome Velocardiofacial - Centro de Gen\u00e9tica y Gen\u00f3mica\",\"isPartOf\":{\"@id\":\"https:\/\/medicina.udd.cl\/centro-genetica-genomica\/#website\"},\"datePublished\":\"2010-09-01T17:30:55+00:00\",\"dateModified\":\"2010-09-02T13:23:17+00:00\",\"author\":{\"@id\":\"https:\/\/medicina.udd.cl\/centro-genetica-genomica\/#\/schema\/person\/f7abfa784c86da427e89287831f96ab7\"},\"breadcrumb\":{\"@id\":\"https:\/\/medicina.udd.cl\/centro-genetica-genomica\/noticias\/2010\/09\/01\/simposio-latinoamericano-en-manejo-interdisciplinario-de-sindrome-velocardiofacial\/#breadcrumb\"},\"inLanguage\":\"es\",\"potentialAction\":[{\"@type\":\"ReadAction\",\"target\":[\"https:\/\/medicina.udd.cl\/centro-genetica-genomica\/noticias\/2010\/09\/01\/simposio-latinoamericano-en-manejo-interdisciplinario-de-sindrome-velocardiofacial\/\"]}]},{\"@type\":\"BreadcrumbList\",\"@id\":\"https:\/\/medicina.udd.cl\/centro-genetica-genomica\/noticias\/2010\/09\/01\/simposio-latinoamericano-en-manejo-interdisciplinario-de-sindrome-velocardiofacial\/#breadcrumb\",\"itemListElement\":[{\"@type\":\"ListItem\",\"position\":1,\"name\":\"Inicio\",\"item\":\"https:\/\/medicina.udd.cl\/centro-genetica-genomica\/\"},{\"@type\":\"ListItem\",\"position\":2,\"name\":\"Simposio Latinoamericano en Manejo Interdisciplinario de S\u00edndrome Velocardiofacial\"}]},{\"@type\":\"WebSite\",\"@id\":\"https:\/\/medicina.udd.cl\/centro-genetica-genomica\/#website\",\"url\":\"https:\/\/medicina.udd.cl\/centro-genetica-genomica\/\",\"name\":\"Centro de Gen\u00e9tica y Gen\u00f3mica\",\"description\":\"\",\"inLanguage\":\"es\"},{\"@type\":\"Person\",\"@id\":\"https:\/\/medicina.udd.cl\/centro-genetica-genomica\/#\/schema\/person\/f7abfa784c86da427e89287831f96ab7\",\"name\":\"admin\",\"image\":{\"@type\":\"ImageObject\",\"inLanguage\":\"es\",\"@id\":\"https:\/\/medicina.udd.cl\/centro-genetica-genomica\/#\/schema\/person\/image\/\",\"url\":\"https:\/\/secure.gravatar.com\/avatar\/3cb6da298954dfb54457c0910b8c9ca010abd8d87a60f7d701b6ce4254e1c642?s=96&d=mm&r=g\",\"contentUrl\":\"https:\/\/secure.gravatar.com\/avatar\/3cb6da298954dfb54457c0910b8c9ca010abd8d87a60f7d701b6ce4254e1c642?s=96&d=mm&r=g\",\"caption\":\"admin\"},\"url\":\"https:\/\/medicina.udd.cl\/centro-genetica-genomica\/noticias\/author\/admin\/\"}]}<\/script>\n<!-- \/ Yoast SEO plugin. -->","yoast_head_json":{"title":"Simposio Latinoamericano en Manejo Interdisciplinario de S\u00edndrome Velocardiofacial - Centro de Gen\u00e9tica y Gen\u00f3mica","robots":{"index":"index","follow":"follow","max-snippet":"max-snippet:-1","max-image-preview":"max-image-preview:large","max-video-preview":"max-video-preview:-1"},"canonical":"https:\/\/medicina.udd.cl\/centro-genetica-genomica\/noticias\/2010\/09\/01\/simposio-latinoamericano-en-manejo-interdisciplinario-de-sindrome-velocardiofacial\/","og_locale":"es_ES","og_type":"article","og_title":"Simposio Latinoamericano en Manejo Interdisciplinario de S\u00edndrome Velocardiofacial - Centro de Gen\u00e9tica y Gen\u00f3mica","og_description":"Con gran \u00e9xito se llev\u00f3 a cabo el encuentro que reuni\u00f3 a especialistas y padres con ni\u00f1os que padecen esta desconocida enfermedad gen\u00e9tica.","og_url":"https:\/\/medicina.udd.cl\/centro-genetica-genomica\/noticias\/2010\/09\/01\/simposio-latinoamericano-en-manejo-interdisciplinario-de-sindrome-velocardiofacial\/","og_site_name":"Centro de Gen\u00e9tica y Gen\u00f3mica","article_published_time":"2010-09-01T17:30:55+00:00","article_modified_time":"2010-09-02T13:23:17+00:00","og_image":[{"url":"https:\/\/medicina.udd.cl\/centro-genetica-genomica\/files\/2010\/09\/gen\u00e9tica1-003.jpg","type":"","width":"","height":""}],"author":"admin","twitter_misc":{"Escrito por":"admin","Tiempo de lectura":"2 minutos"},"schema":{"@context":"https:\/\/schema.org","@graph":[{"@type":"Article","@id":"https:\/\/medicina.udd.cl\/centro-genetica-genomica\/noticias\/2010\/09\/01\/simposio-latinoamericano-en-manejo-interdisciplinario-de-sindrome-velocardiofacial\/#article","isPartOf":{"@id":"https:\/\/medicina.udd.cl\/centro-genetica-genomica\/noticias\/2010\/09\/01\/simposio-latinoamericano-en-manejo-interdisciplinario-de-sindrome-velocardiofacial\/"},"author":{"name":"admin","@id":"https:\/\/medicina.udd.cl\/centro-genetica-genomica\/#\/schema\/person\/f7abfa784c86da427e89287831f96ab7"},"headline":"Simposio Latinoamericano en Manejo Interdisciplinario de S\u00edndrome Velocardiofacial","datePublished":"2010-09-01T17:30:55+00:00","dateModified":"2010-09-02T13:23:17+00:00","mainEntityOfPage":{"@id":"https:\/\/medicina.udd.cl\/centro-genetica-genomica\/noticias\/2010\/09\/01\/simposio-latinoamericano-en-manejo-interdisciplinario-de-sindrome-velocardiofacial\/"},"wordCount":375,"commentCount":0,"articleSection":["Noticias"],"inLanguage":"es","potentialAction":[{"@type":"CommentAction","name":"Comment","target":["https:\/\/medicina.udd.cl\/centro-genetica-genomica\/noticias\/2010\/09\/01\/simposio-latinoamericano-en-manejo-interdisciplinario-de-sindrome-velocardiofacial\/#respond"]}]},{"@type":"WebPage","@id":"https:\/\/medicina.udd.cl\/centro-genetica-genomica\/noticias\/2010\/09\/01\/simposio-latinoamericano-en-manejo-interdisciplinario-de-sindrome-velocardiofacial\/","url":"https:\/\/medicina.udd.cl\/centro-genetica-genomica\/noticias\/2010\/09\/01\/simposio-latinoamericano-en-manejo-interdisciplinario-de-sindrome-velocardiofacial\/","name":"Simposio Latinoamericano en Manejo Interdisciplinario de S\u00edndrome Velocardiofacial - Centro de Gen\u00e9tica y Gen\u00f3mica","isPartOf":{"@id":"https:\/\/medicina.udd.cl\/centro-genetica-genomica\/#website"},"datePublished":"2010-09-01T17:30:55+00:00","dateModified":"2010-09-02T13:23:17+00:00","author":{"@id":"https:\/\/medicina.udd.cl\/centro-genetica-genomica\/#\/schema\/person\/f7abfa784c86da427e89287831f96ab7"},"breadcrumb":{"@id":"https:\/\/medicina.udd.cl\/centro-genetica-genomica\/noticias\/2010\/09\/01\/simposio-latinoamericano-en-manejo-interdisciplinario-de-sindrome-velocardiofacial\/#breadcrumb"},"inLanguage":"es","potentialAction":[{"@type":"ReadAction","target":["https:\/\/medicina.udd.cl\/centro-genetica-genomica\/noticias\/2010\/09\/01\/simposio-latinoamericano-en-manejo-interdisciplinario-de-sindrome-velocardiofacial\/"]}]},{"@type":"BreadcrumbList","@id":"https:\/\/medicina.udd.cl\/centro-genetica-genomica\/noticias\/2010\/09\/01\/simposio-latinoamericano-en-manejo-interdisciplinario-de-sindrome-velocardiofacial\/#breadcrumb","itemListElement":[{"@type":"ListItem","position":1,"name":"Inicio","item":"https:\/\/medicina.udd.cl\/centro-genetica-genomica\/"},{"@type":"ListItem","position":2,"name":"Simposio Latinoamericano en Manejo Interdisciplinario de S\u00edndrome Velocardiofacial"}]},{"@type":"WebSite","@id":"https:\/\/medicina.udd.cl\/centro-genetica-genomica\/#website","url":"https:\/\/medicina.udd.cl\/centro-genetica-genomica\/","name":"Centro de Gen\u00e9tica y Gen\u00f3mica","description":"","inLanguage":"es"},{"@type":"Person","@id":"https:\/\/medicina.udd.cl\/centro-genetica-genomica\/#\/schema\/person\/f7abfa784c86da427e89287831f96ab7","name":"admin","image":{"@type":"ImageObject","inLanguage":"es","@id":"https:\/\/medicina.udd.cl\/centro-genetica-genomica\/#\/schema\/person\/image\/","url":"https:\/\/secure.gravatar.com\/avatar\/3cb6da298954dfb54457c0910b8c9ca010abd8d87a60f7d701b6ce4254e1c642?s=96&d=mm&r=g","contentUrl":"https:\/\/secure.gravatar.com\/avatar\/3cb6da298954dfb54457c0910b8c9ca010abd8d87a60f7d701b6ce4254e1c642?s=96&d=mm&r=g","caption":"admin"},"url":"https:\/\/medicina.udd.cl\/centro-genetica-genomica\/noticias\/author\/admin\/"}]}},"featured_image_url":null,"_links":{"self":[{"href":"https:\/\/medicina.udd.cl\/centro-genetica-genomica\/wp-json\/wp\/v2\/posts\/261","targetHints":{"allow":["GET"]}}],"collection":[{"href":"https:\/\/medicina.udd.cl\/centro-genetica-genomica\/wp-json\/wp\/v2\/posts"}],"about":[{"href":"https:\/\/medicina.udd.cl\/centro-genetica-genomica\/wp-json\/wp\/v2\/types\/post"}],"author":[{"embeddable":true,"href":"https:\/\/medicina.udd.cl\/centro-genetica-genomica\/wp-json\/wp\/v2\/users\/1"}],"replies":[{"embeddable":true,"href":"https:\/\/medicina.udd.cl\/centro-genetica-genomica\/wp-json\/wp\/v2\/comments?post=261"}],"version-history":[{"count":2,"href":"https:\/\/medicina.udd.cl\/centro-genetica-genomica\/wp-json\/wp\/v2\/posts\/261\/revisions"}],"predecessor-version":[{"id":268,"href":"https:\/\/medicina.udd.cl\/centro-genetica-genomica\/wp-json\/wp\/v2\/posts\/261\/revisions\/268"}],"wp:attachment":[{"href":"https:\/\/medicina.udd.cl\/centro-genetica-genomica\/wp-json\/wp\/v2\/media?parent=261"}],"wp:term":[{"taxonomy":"category","embeddable":true,"href":"https:\/\/medicina.udd.cl\/centro-genetica-genomica\/wp-json\/wp\/v2\/categories?post=261"},{"taxonomy":"post_tag","embeddable":true,"href":"https:\/\/medicina.udd.cl\/centro-genetica-genomica\/wp-json\/wp\/v2\/tags?post=261"}],"curies":[{"name":"wp","href":"https:\/\/api.w.org\/{rel}","templated":true}]}}