{"id":2818,"date":"2021-07-30T11:05:11","date_gmt":"2021-07-30T15:05:11","guid":{"rendered":"https:\/\/medicina.udd.cl\/centro-genetica-genomica\/?p=2818"},"modified":"2021-11-26T11:27:47","modified_gmt":"2021-11-26T14:27:47","slug":"dr-ricardo-armisen-participo-en-dialogo-sobre-el-abordaje-de-casos-clinicos-moleculares-en-oncologia","status":"publish","type":"post","link":"https:\/\/medicina.udd.cl\/centro-genetica-genomica\/noticias\/2021\/07\/30\/dr-ricardo-armisen-participo-en-dialogo-sobre-el-abordaje-de-casos-clinicos-moleculares-en-oncologia\/","title":{"rendered":"Dr. Ricardo Armis\u00e9n particip\u00f3 en di\u00e1logo sobre el abordaje de casos cl\u00ednicos moleculares en oncolog\u00eda"},"content":{"rendered":"\n<p>El Dr. Ricardo Armis\u00e9n, docente e investigador del Centro de Gen\u00e9tica y Gen\u00f3mica, particip\u00f3 el pasado 29 de julio en una sesi\u00f3n virtual sobre el abordaje de casos cl\u00ednicos moleculares en oncolog\u00eda organizados por Di\u00e1logo Roche. <\/p>\n\n\n\n<p>Esta iniciativa se trata de una plataforma gratuita de educaci\u00f3n m\u00e9dica dirigida tanto a profesionales de la salud como a p\u00fablico general, promoviendo  el conocimiento sobre avances en la prevenci\u00f3n, manejo y detecci\u00f3n del c\u00e1ncer de manera integral como tambi\u00e9n en sub-\u00e1reas terap\u00e9uticas espec\u00edficas, como c\u00e1ncer de pulm\u00f3n, cirrosis, hepatocarcinoma y c\u00e1ncer de la mujer. <\/p>\n\n\n\n<p>En este sentido, el Dr. Armis\u00e9n particip\u00f3 de la sesi\u00f3n que tuvo como foco el c\u00e1ncer de pulm\u00f3n, compartiendo un panel de discusi\u00f3n con el Dr. Gonzalo Recondo, de la Unidad de Oncolog\u00eda Tor\u00e1cica y coordinador del Instituto de Medicina de Precisi\u00f3n de CEMIC de Buenos Aires, Argentina; el Dr. Jad Abbas, especialista en Patolog\u00eda Molecular, Servicio de Anatom\u00eda Patol\u00f3gica, Hospital Rafael \u00c1ngel Calder\u00f3n Guardia, San Jos\u00e9, Costa Rica; y la Dra. Pamela Mora &#8211; M\u00e9dico Jefe del Equipo Funcional de Gen\u00e9tica y Biolog\u00eda Molecular, Instituto Nacional de Enfermedades Neopl\u00e1sicas, Lima, Per\u00fa. <\/p>\n\n\n\n<p>La presentaci\u00f3n de casos cl\u00ednicos, en tanto, estuvo a cargo del Dr. Luis Ubillos, onc\u00f3logo Cl\u00ednico del Hospital Brit\u00e1nico, Montevideo, Uruguay; y el Dr. Juan Mart\u00ednez, especialista en Medicina Interna, Residente de Oncolog\u00eda  del Centro Universitario Contra el C\u00e1ncer &#8211; Monterrey, M\u00e9xico.<\/p>\n\n\n\n<p><\/p>\n","protected":false},"excerpt":{"rendered":"<p>El Dr. Ricardo Armis\u00e9n, docente e investigador del Centro de Gen\u00e9tica y Gen\u00f3mica, particip\u00f3 el pasado 29 de julio en una sesi\u00f3n virtual sobre el abordaje de casos cl\u00ednicos moleculares en oncolog\u00eda organizados por Di\u00e1logo Roche. Esta iniciativa se trata de una plataforma gratuita de educaci\u00f3n m\u00e9dica dirigida tanto a profesionales de la salud como [&hellip;]<\/p>\n","protected":false},"author":42,"featured_media":2446,"comment_status":"open","ping_status":"open","sticky":false,"template":"","format":"standard","meta":{"footnotes":""},"categories":[4],"tags":[],"class_list":["post-2818","post","type-post","status-publish","format-standard","has-post-thumbnail","hentry","category-noticias"],"yoast_head":"<!-- This site is optimized with the Yoast SEO plugin v26.9 - https:\/\/yoast.com\/product\/yoast-seo-wordpress\/ -->\n<title>Dr. Ricardo Armis\u00e9n particip\u00f3 en di\u00e1logo sobre el abordaje de casos cl\u00ednicos moleculares en oncolog\u00eda - Centro de Gen\u00e9tica y Gen\u00f3mica<\/title>\n<meta name=\"robots\" content=\"index, follow, max-snippet:-1, max-image-preview:large, max-video-preview:-1\" \/>\n<link rel=\"canonical\" href=\"https:\/\/medicina.udd.cl\/centro-genetica-genomica\/noticias\/2021\/07\/30\/dr-ricardo-armisen-participo-en-dialogo-sobre-el-abordaje-de-casos-clinicos-moleculares-en-oncologia\/\" \/>\n<meta property=\"og:locale\" content=\"es_ES\" \/>\n<meta property=\"og:type\" content=\"article\" \/>\n<meta property=\"og:title\" content=\"Dr. Ricardo Armis\u00e9n particip\u00f3 en di\u00e1logo sobre el abordaje de casos cl\u00ednicos moleculares en oncolog\u00eda - Centro de Gen\u00e9tica y Gen\u00f3mica\" \/>\n<meta property=\"og:description\" content=\"El Dr. Ricardo Armis\u00e9n, docente e investigador del Centro de Gen\u00e9tica y Gen\u00f3mica, particip\u00f3 el pasado 29 de julio en una sesi\u00f3n virtual sobre el abordaje de casos cl\u00ednicos moleculares en oncolog\u00eda organizados por Di\u00e1logo Roche. Esta iniciativa se trata de una plataforma gratuita de educaci\u00f3n m\u00e9dica dirigida tanto a profesionales de la salud como [&hellip;]\" \/>\n<meta property=\"og:url\" content=\"https:\/\/medicina.udd.cl\/centro-genetica-genomica\/noticias\/2021\/07\/30\/dr-ricardo-armisen-participo-en-dialogo-sobre-el-abordaje-de-casos-clinicos-moleculares-en-oncologia\/\" \/>\n<meta property=\"og:site_name\" content=\"Centro de Gen\u00e9tica y Gen\u00f3mica\" \/>\n<meta property=\"article:published_time\" content=\"2021-07-30T15:05:11+00:00\" \/>\n<meta property=\"article:modified_time\" content=\"2021-11-26T14:27:47+00:00\" \/>\n<meta property=\"og:image\" content=\"https:\/\/medicina.udd.cl\/centro-genetica-genomica\/files\/2020\/01\/Ricardo-Armisen-edit.jpg\" \/>\n\t<meta property=\"og:image:width\" content=\"5184\" \/>\n\t<meta property=\"og:image:height\" content=\"3456\" \/>\n\t<meta property=\"og:image:type\" content=\"image\/jpeg\" \/>\n<meta name=\"twitter:label1\" content=\"Escrito por\" \/>\n\t<meta name=\"twitter:data1\" content=\"\" \/>\n\t<meta name=\"twitter:label2\" content=\"Tiempo de lectura\" \/>\n\t<meta name=\"twitter:data2\" content=\"1 minuto\" \/>\n<script type=\"application\/ld+json\" class=\"yoast-schema-graph\">{\"@context\":\"https:\/\/schema.org\",\"@graph\":[{\"@type\":\"Article\",\"@id\":\"https:\/\/medicina.udd.cl\/centro-genetica-genomica\/noticias\/2021\/07\/30\/dr-ricardo-armisen-participo-en-dialogo-sobre-el-abordaje-de-casos-clinicos-moleculares-en-oncologia\/#article\",\"isPartOf\":{\"@id\":\"https:\/\/medicina.udd.cl\/centro-genetica-genomica\/noticias\/2021\/07\/30\/dr-ricardo-armisen-participo-en-dialogo-sobre-el-abordaje-de-casos-clinicos-moleculares-en-oncologia\/\"},\"author\":{\"name\":\"\",\"@id\":\"\"},\"headline\":\"Dr. Ricardo Armis\u00e9n particip\u00f3 en di\u00e1logo sobre el abordaje de casos cl\u00ednicos moleculares en oncolog\u00eda\",\"datePublished\":\"2021-07-30T15:05:11+00:00\",\"dateModified\":\"2021-11-26T14:27:47+00:00\",\"mainEntityOfPage\":{\"@id\":\"https:\/\/medicina.udd.cl\/centro-genetica-genomica\/noticias\/2021\/07\/30\/dr-ricardo-armisen-participo-en-dialogo-sobre-el-abordaje-de-casos-clinicos-moleculares-en-oncologia\/\"},\"wordCount\":288,\"commentCount\":0,\"image\":{\"@id\":\"https:\/\/medicina.udd.cl\/centro-genetica-genomica\/noticias\/2021\/07\/30\/dr-ricardo-armisen-participo-en-dialogo-sobre-el-abordaje-de-casos-clinicos-moleculares-en-oncologia\/#primaryimage\"},\"thumbnailUrl\":\"https:\/\/medicina.udd.cl\/centro-genetica-genomica\/files\/2020\/01\/Ricardo-Armisen-edit.jpg\",\"articleSection\":[\"Noticias\"],\"inLanguage\":\"es\",\"potentialAction\":[{\"@type\":\"CommentAction\",\"name\":\"Comment\",\"target\":[\"https:\/\/medicina.udd.cl\/centro-genetica-genomica\/noticias\/2021\/07\/30\/dr-ricardo-armisen-participo-en-dialogo-sobre-el-abordaje-de-casos-clinicos-moleculares-en-oncologia\/#respond\"]}]},{\"@type\":\"WebPage\",\"@id\":\"https:\/\/medicina.udd.cl\/centro-genetica-genomica\/noticias\/2021\/07\/30\/dr-ricardo-armisen-participo-en-dialogo-sobre-el-abordaje-de-casos-clinicos-moleculares-en-oncologia\/\",\"url\":\"https:\/\/medicina.udd.cl\/centro-genetica-genomica\/noticias\/2021\/07\/30\/dr-ricardo-armisen-participo-en-dialogo-sobre-el-abordaje-de-casos-clinicos-moleculares-en-oncologia\/\",\"name\":\"Dr. Ricardo Armis\u00e9n particip\u00f3 en di\u00e1logo sobre el abordaje de casos cl\u00ednicos moleculares en oncolog\u00eda - Centro de Gen\u00e9tica y Gen\u00f3mica\",\"isPartOf\":{\"@id\":\"https:\/\/medicina.udd.cl\/centro-genetica-genomica\/#website\"},\"primaryImageOfPage\":{\"@id\":\"https:\/\/medicina.udd.cl\/centro-genetica-genomica\/noticias\/2021\/07\/30\/dr-ricardo-armisen-participo-en-dialogo-sobre-el-abordaje-de-casos-clinicos-moleculares-en-oncologia\/#primaryimage\"},\"image\":{\"@id\":\"https:\/\/medicina.udd.cl\/centro-genetica-genomica\/noticias\/2021\/07\/30\/dr-ricardo-armisen-participo-en-dialogo-sobre-el-abordaje-de-casos-clinicos-moleculares-en-oncologia\/#primaryimage\"},\"thumbnailUrl\":\"https:\/\/medicina.udd.cl\/centro-genetica-genomica\/files\/2020\/01\/Ricardo-Armisen-edit.jpg\",\"datePublished\":\"2021-07-30T15:05:11+00:00\",\"dateModified\":\"2021-11-26T14:27:47+00:00\",\"author\":{\"@id\":\"\"},\"breadcrumb\":{\"@id\":\"https:\/\/medicina.udd.cl\/centro-genetica-genomica\/noticias\/2021\/07\/30\/dr-ricardo-armisen-participo-en-dialogo-sobre-el-abordaje-de-casos-clinicos-moleculares-en-oncologia\/#breadcrumb\"},\"inLanguage\":\"es\",\"potentialAction\":[{\"@type\":\"ReadAction\",\"target\":[\"https:\/\/medicina.udd.cl\/centro-genetica-genomica\/noticias\/2021\/07\/30\/dr-ricardo-armisen-participo-en-dialogo-sobre-el-abordaje-de-casos-clinicos-moleculares-en-oncologia\/\"]}]},{\"@type\":\"ImageObject\",\"inLanguage\":\"es\",\"@id\":\"https:\/\/medicina.udd.cl\/centro-genetica-genomica\/noticias\/2021\/07\/30\/dr-ricardo-armisen-participo-en-dialogo-sobre-el-abordaje-de-casos-clinicos-moleculares-en-oncologia\/#primaryimage\",\"url\":\"https:\/\/medicina.udd.cl\/centro-genetica-genomica\/files\/2020\/01\/Ricardo-Armisen-edit.jpg\",\"contentUrl\":\"https:\/\/medicina.udd.cl\/centro-genetica-genomica\/files\/2020\/01\/Ricardo-Armisen-edit.jpg\",\"width\":5184,\"height\":3456},{\"@type\":\"BreadcrumbList\",\"@id\":\"https:\/\/medicina.udd.cl\/centro-genetica-genomica\/noticias\/2021\/07\/30\/dr-ricardo-armisen-participo-en-dialogo-sobre-el-abordaje-de-casos-clinicos-moleculares-en-oncologia\/#breadcrumb\",\"itemListElement\":[{\"@type\":\"ListItem\",\"position\":1,\"name\":\"Inicio\",\"item\":\"https:\/\/medicina.udd.cl\/centro-genetica-genomica\/\"},{\"@type\":\"ListItem\",\"position\":2,\"name\":\"Dr. Ricardo Armis\u00e9n particip\u00f3 en di\u00e1logo sobre el abordaje de casos cl\u00ednicos moleculares en oncolog\u00eda\"}]},{\"@type\":\"WebSite\",\"@id\":\"https:\/\/medicina.udd.cl\/centro-genetica-genomica\/#website\",\"url\":\"https:\/\/medicina.udd.cl\/centro-genetica-genomica\/\",\"name\":\"Centro de Gen\u00e9tica y Gen\u00f3mica\",\"description\":\"\",\"inLanguage\":\"es\"},{\"@type\":\"Person\",\"@id\":\"\",\"url\":\"https:\/\/medicina.udd.cl\/centro-genetica-genomica\/noticias\/author\/\"}]}<\/script>\n<!-- \/ Yoast SEO plugin. -->","yoast_head_json":{"title":"Dr. Ricardo Armis\u00e9n particip\u00f3 en di\u00e1logo sobre el abordaje de casos cl\u00ednicos moleculares en oncolog\u00eda - Centro de Gen\u00e9tica y Gen\u00f3mica","robots":{"index":"index","follow":"follow","max-snippet":"max-snippet:-1","max-image-preview":"max-image-preview:large","max-video-preview":"max-video-preview:-1"},"canonical":"https:\/\/medicina.udd.cl\/centro-genetica-genomica\/noticias\/2021\/07\/30\/dr-ricardo-armisen-participo-en-dialogo-sobre-el-abordaje-de-casos-clinicos-moleculares-en-oncologia\/","og_locale":"es_ES","og_type":"article","og_title":"Dr. Ricardo Armis\u00e9n particip\u00f3 en di\u00e1logo sobre el abordaje de casos cl\u00ednicos moleculares en oncolog\u00eda - Centro de Gen\u00e9tica y Gen\u00f3mica","og_description":"El Dr. Ricardo Armis\u00e9n, docente e investigador del Centro de Gen\u00e9tica y Gen\u00f3mica, particip\u00f3 el pasado 29 de julio en una sesi\u00f3n virtual sobre el abordaje de casos cl\u00ednicos moleculares en oncolog\u00eda organizados por Di\u00e1logo Roche. Esta iniciativa se trata de una plataforma gratuita de educaci\u00f3n m\u00e9dica dirigida tanto a profesionales de la salud como [&hellip;]","og_url":"https:\/\/medicina.udd.cl\/centro-genetica-genomica\/noticias\/2021\/07\/30\/dr-ricardo-armisen-participo-en-dialogo-sobre-el-abordaje-de-casos-clinicos-moleculares-en-oncologia\/","og_site_name":"Centro de Gen\u00e9tica y Gen\u00f3mica","article_published_time":"2021-07-30T15:05:11+00:00","article_modified_time":"2021-11-26T14:27:47+00:00","og_image":[{"width":5184,"height":3456,"url":"https:\/\/medicina.udd.cl\/centro-genetica-genomica\/files\/2020\/01\/Ricardo-Armisen-edit.jpg","type":"image\/jpeg"}],"twitter_misc":{"Escrito por":"","Tiempo de lectura":"1 minuto"},"schema":{"@context":"https:\/\/schema.org","@graph":[{"@type":"Article","@id":"https:\/\/medicina.udd.cl\/centro-genetica-genomica\/noticias\/2021\/07\/30\/dr-ricardo-armisen-participo-en-dialogo-sobre-el-abordaje-de-casos-clinicos-moleculares-en-oncologia\/#article","isPartOf":{"@id":"https:\/\/medicina.udd.cl\/centro-genetica-genomica\/noticias\/2021\/07\/30\/dr-ricardo-armisen-participo-en-dialogo-sobre-el-abordaje-de-casos-clinicos-moleculares-en-oncologia\/"},"author":{"name":"","@id":""},"headline":"Dr. Ricardo Armis\u00e9n particip\u00f3 en di\u00e1logo sobre el abordaje de casos cl\u00ednicos moleculares en oncolog\u00eda","datePublished":"2021-07-30T15:05:11+00:00","dateModified":"2021-11-26T14:27:47+00:00","mainEntityOfPage":{"@id":"https:\/\/medicina.udd.cl\/centro-genetica-genomica\/noticias\/2021\/07\/30\/dr-ricardo-armisen-participo-en-dialogo-sobre-el-abordaje-de-casos-clinicos-moleculares-en-oncologia\/"},"wordCount":288,"commentCount":0,"image":{"@id":"https:\/\/medicina.udd.cl\/centro-genetica-genomica\/noticias\/2021\/07\/30\/dr-ricardo-armisen-participo-en-dialogo-sobre-el-abordaje-de-casos-clinicos-moleculares-en-oncologia\/#primaryimage"},"thumbnailUrl":"https:\/\/medicina.udd.cl\/centro-genetica-genomica\/files\/2020\/01\/Ricardo-Armisen-edit.jpg","articleSection":["Noticias"],"inLanguage":"es","potentialAction":[{"@type":"CommentAction","name":"Comment","target":["https:\/\/medicina.udd.cl\/centro-genetica-genomica\/noticias\/2021\/07\/30\/dr-ricardo-armisen-participo-en-dialogo-sobre-el-abordaje-de-casos-clinicos-moleculares-en-oncologia\/#respond"]}]},{"@type":"WebPage","@id":"https:\/\/medicina.udd.cl\/centro-genetica-genomica\/noticias\/2021\/07\/30\/dr-ricardo-armisen-participo-en-dialogo-sobre-el-abordaje-de-casos-clinicos-moleculares-en-oncologia\/","url":"https:\/\/medicina.udd.cl\/centro-genetica-genomica\/noticias\/2021\/07\/30\/dr-ricardo-armisen-participo-en-dialogo-sobre-el-abordaje-de-casos-clinicos-moleculares-en-oncologia\/","name":"Dr. Ricardo Armis\u00e9n particip\u00f3 en di\u00e1logo sobre el abordaje de casos cl\u00ednicos moleculares en oncolog\u00eda - Centro de Gen\u00e9tica y Gen\u00f3mica","isPartOf":{"@id":"https:\/\/medicina.udd.cl\/centro-genetica-genomica\/#website"},"primaryImageOfPage":{"@id":"https:\/\/medicina.udd.cl\/centro-genetica-genomica\/noticias\/2021\/07\/30\/dr-ricardo-armisen-participo-en-dialogo-sobre-el-abordaje-de-casos-clinicos-moleculares-en-oncologia\/#primaryimage"},"image":{"@id":"https:\/\/medicina.udd.cl\/centro-genetica-genomica\/noticias\/2021\/07\/30\/dr-ricardo-armisen-participo-en-dialogo-sobre-el-abordaje-de-casos-clinicos-moleculares-en-oncologia\/#primaryimage"},"thumbnailUrl":"https:\/\/medicina.udd.cl\/centro-genetica-genomica\/files\/2020\/01\/Ricardo-Armisen-edit.jpg","datePublished":"2021-07-30T15:05:11+00:00","dateModified":"2021-11-26T14:27:47+00:00","author":{"@id":""},"breadcrumb":{"@id":"https:\/\/medicina.udd.cl\/centro-genetica-genomica\/noticias\/2021\/07\/30\/dr-ricardo-armisen-participo-en-dialogo-sobre-el-abordaje-de-casos-clinicos-moleculares-en-oncologia\/#breadcrumb"},"inLanguage":"es","potentialAction":[{"@type":"ReadAction","target":["https:\/\/medicina.udd.cl\/centro-genetica-genomica\/noticias\/2021\/07\/30\/dr-ricardo-armisen-participo-en-dialogo-sobre-el-abordaje-de-casos-clinicos-moleculares-en-oncologia\/"]}]},{"@type":"ImageObject","inLanguage":"es","@id":"https:\/\/medicina.udd.cl\/centro-genetica-genomica\/noticias\/2021\/07\/30\/dr-ricardo-armisen-participo-en-dialogo-sobre-el-abordaje-de-casos-clinicos-moleculares-en-oncologia\/#primaryimage","url":"https:\/\/medicina.udd.cl\/centro-genetica-genomica\/files\/2020\/01\/Ricardo-Armisen-edit.jpg","contentUrl":"https:\/\/medicina.udd.cl\/centro-genetica-genomica\/files\/2020\/01\/Ricardo-Armisen-edit.jpg","width":5184,"height":3456},{"@type":"BreadcrumbList","@id":"https:\/\/medicina.udd.cl\/centro-genetica-genomica\/noticias\/2021\/07\/30\/dr-ricardo-armisen-participo-en-dialogo-sobre-el-abordaje-de-casos-clinicos-moleculares-en-oncologia\/#breadcrumb","itemListElement":[{"@type":"ListItem","position":1,"name":"Inicio","item":"https:\/\/medicina.udd.cl\/centro-genetica-genomica\/"},{"@type":"ListItem","position":2,"name":"Dr. Ricardo Armis\u00e9n particip\u00f3 en di\u00e1logo sobre el abordaje de casos cl\u00ednicos moleculares en oncolog\u00eda"}]},{"@type":"WebSite","@id":"https:\/\/medicina.udd.cl\/centro-genetica-genomica\/#website","url":"https:\/\/medicina.udd.cl\/centro-genetica-genomica\/","name":"Centro de Gen\u00e9tica y Gen\u00f3mica","description":"","inLanguage":"es"},{"@type":"Person","@id":"","url":"https:\/\/medicina.udd.cl\/centro-genetica-genomica\/noticias\/author\/"}]}},"featured_image_url":"https:\/\/medicina.udd.cl\/centro-genetica-genomica\/files\/2020\/01\/Ricardo-Armisen-edit.jpg","_links":{"self":[{"href":"https:\/\/medicina.udd.cl\/centro-genetica-genomica\/wp-json\/wp\/v2\/posts\/2818","targetHints":{"allow":["GET"]}}],"collection":[{"href":"https:\/\/medicina.udd.cl\/centro-genetica-genomica\/wp-json\/wp\/v2\/posts"}],"about":[{"href":"https:\/\/medicina.udd.cl\/centro-genetica-genomica\/wp-json\/wp\/v2\/types\/post"}],"author":[{"embeddable":true,"href":"https:\/\/medicina.udd.cl\/centro-genetica-genomica\/wp-json\/wp\/v2\/users\/42"}],"replies":[{"embeddable":true,"href":"https:\/\/medicina.udd.cl\/centro-genetica-genomica\/wp-json\/wp\/v2\/comments?post=2818"}],"version-history":[{"count":2,"href":"https:\/\/medicina.udd.cl\/centro-genetica-genomica\/wp-json\/wp\/v2\/posts\/2818\/revisions"}],"predecessor-version":[{"id":2842,"href":"https:\/\/medicina.udd.cl\/centro-genetica-genomica\/wp-json\/wp\/v2\/posts\/2818\/revisions\/2842"}],"wp:featuredmedia":[{"embeddable":true,"href":"https:\/\/medicina.udd.cl\/centro-genetica-genomica\/wp-json\/wp\/v2\/media\/2446"}],"wp:attachment":[{"href":"https:\/\/medicina.udd.cl\/centro-genetica-genomica\/wp-json\/wp\/v2\/media?parent=2818"}],"wp:term":[{"taxonomy":"category","embeddable":true,"href":"https:\/\/medicina.udd.cl\/centro-genetica-genomica\/wp-json\/wp\/v2\/categories?post=2818"},{"taxonomy":"post_tag","embeddable":true,"href":"https:\/\/medicina.udd.cl\/centro-genetica-genomica\/wp-json\/wp\/v2\/tags?post=2818"}],"curies":[{"name":"wp","href":"https:\/\/api.w.org\/{rel}","templated":true}]}}