{"id":2843,"date":"2022-01-11T11:18:23","date_gmt":"2022-01-11T14:18:23","guid":{"rendered":"https:\/\/medicina.udd.cl\/centro-genetica-genomica\/?p=2843"},"modified":"2022-01-11T11:29:28","modified_gmt":"2022-01-11T14:29:28","slug":"andres-klein-fue-nombrado-vicepresidente-del-consejo-asesor-cientifico-de-cures-within-reach","status":"publish","type":"post","link":"https:\/\/medicina.udd.cl\/centro-genetica-genomica\/noticias\/2022\/01\/11\/andres-klein-fue-nombrado-vicepresidente-del-consejo-asesor-cientifico-de-cures-within-reach\/","title":{"rendered":"Andr\u00e9s Klein fue nombrado vicepresidente del Consejo Asesor Cient\u00edfico de Cures Within Reach"},"content":{"rendered":"\n<div class=\"wp-block-image\"><figure class=\"alignright size-large is-resized\"><img loading=\"lazy\" decoding=\"async\" src=\"https:\/\/medicina.udd.cl\/centro-genetica-genomica\/files\/2022\/01\/Foto-Andre\u0301s-Klein-768x1024.jpeg\" alt=\"\" class=\"wp-image-2844\" width=\"324\" height=\"432\" srcset=\"https:\/\/medicina.udd.cl\/centro-genetica-genomica\/files\/2022\/01\/Foto-Andr\u00e9s-Klein-768x1024.jpeg 768w, https:\/\/medicina.udd.cl\/centro-genetica-genomica\/files\/2022\/01\/Foto-Andr\u00e9s-Klein-225x300.jpeg 225w, https:\/\/medicina.udd.cl\/centro-genetica-genomica\/files\/2022\/01\/Foto-Andr\u00e9s-Klein-1152x1536.jpeg 1152w, https:\/\/medicina.udd.cl\/centro-genetica-genomica\/files\/2022\/01\/Foto-Andr\u00e9s-Klein.jpeg 1200w\" sizes=\"auto, (max-width: 324px) 100vw, 324px\" \/><figcaption>Andr\u00e9s Klein<\/figcaption><\/figure><\/div>\n\n\n\n<p>Andr\u00e9s Klein, director del Centro de Gen\u00e9tica y Gen\u00f3mica de la Universidad del Desarrollo, fue nombrado vicepresidente del Consejo Cient\u00edfico de Cures Within Reach (CWR), fundaci\u00f3n\u00a0estadounidense\u00a0sin fines de lucro que se dedica a\u00a0financiar proyectos donde se buscan nuevos usos para drogas ya aprobadas tanto para\u00a0enfermedades raras\u00a0como\u00a0comunes, acortando\u00a0as\u00ed\u00a0el tiempo y costo de para\u00a0llevarlos a la cl\u00ednica.<\/p>\n\n\n\n<p>El cargo de Klein toma relevancia, ya que es el primer sudamericano en formar parte del Consejo Cient\u00edfico en la historia de la organizaci\u00f3n. \u201cLa mayor\u00eda de los\u00a0asesores cient\u00edficos\u00a0pertenecen a entidades mundialmente reconocidas como Bill and Melinda Gates Foundation o de la Universidad\u00a0John Hopkins, entre otras. Me siento honrado de estar ah\u00ed y\u00a0darle\u00a0prestigio\u00a0a la UDD\u201d, destac\u00f3 Klein. <\/p>\n\n\n\n<p>Klein colabora con la fundaci\u00f3n desde el a\u00f1o 2017, revisando proyectos y dando recomendaciones de financiamientos. Con su nuevo cargo, tendr\u00e1 otras tareas que realizar, como por ejemplo, promover los proyectos de Am\u00e9rica del Sur.<\/p>\n","protected":false},"excerpt":{"rendered":"<p>Andr\u00e9s Klein, director del Centro de Gen\u00e9tica y Gen\u00f3mica de la Universidad del Desarrollo, fue nombrado vicepresidente del Consejo Cient\u00edfico de Cures Within Reach (CWR), fundaci\u00f3n\u00a0estadounidense\u00a0sin fines de lucro que se dedica a\u00a0financiar proyectos donde se buscan nuevos usos para drogas ya aprobadas tanto para\u00a0enfermedades raras\u00a0como\u00a0comunes, acortando\u00a0as\u00ed\u00a0el tiempo y costo de para\u00a0llevarlos a la cl\u00ednica. [&hellip;]<\/p>\n","protected":false},"author":42,"featured_media":2844,"comment_status":"open","ping_status":"open","sticky":false,"template":"","format":"standard","meta":{"footnotes":""},"categories":[4],"tags":[],"class_list":["post-2843","post","type-post","status-publish","format-standard","has-post-thumbnail","hentry","category-noticias"],"yoast_head":"<!-- This site is optimized with the Yoast SEO plugin v26.9 - https:\/\/yoast.com\/product\/yoast-seo-wordpress\/ -->\n<title>Andr\u00e9s Klein fue nombrado vicepresidente del Consejo Asesor Cient\u00edfico de Cures Within Reach - Centro de Gen\u00e9tica y Gen\u00f3mica<\/title>\n<meta name=\"robots\" content=\"index, follow, max-snippet:-1, max-image-preview:large, max-video-preview:-1\" \/>\n<link rel=\"canonical\" href=\"https:\/\/medicina.udd.cl\/centro-genetica-genomica\/noticias\/2022\/01\/11\/andres-klein-fue-nombrado-vicepresidente-del-consejo-asesor-cientifico-de-cures-within-reach\/\" \/>\n<meta property=\"og:locale\" content=\"es_ES\" \/>\n<meta property=\"og:type\" content=\"article\" \/>\n<meta property=\"og:title\" content=\"Andr\u00e9s Klein fue nombrado vicepresidente del Consejo Asesor Cient\u00edfico de Cures Within Reach - Centro de Gen\u00e9tica y Gen\u00f3mica\" \/>\n<meta property=\"og:description\" content=\"Andr\u00e9s Klein, director del Centro de Gen\u00e9tica y Gen\u00f3mica de la Universidad del Desarrollo, fue nombrado vicepresidente del Consejo Cient\u00edfico de Cures Within Reach (CWR), fundaci\u00f3n\u00a0estadounidense\u00a0sin fines de lucro que se dedica a\u00a0financiar proyectos donde se buscan nuevos usos para drogas ya aprobadas tanto para\u00a0enfermedades raras\u00a0como\u00a0comunes, acortando\u00a0as\u00ed\u00a0el tiempo y costo de para\u00a0llevarlos a la cl\u00ednica. [&hellip;]\" \/>\n<meta property=\"og:url\" content=\"https:\/\/medicina.udd.cl\/centro-genetica-genomica\/noticias\/2022\/01\/11\/andres-klein-fue-nombrado-vicepresidente-del-consejo-asesor-cientifico-de-cures-within-reach\/\" \/>\n<meta property=\"og:site_name\" content=\"Centro de Gen\u00e9tica y Gen\u00f3mica\" \/>\n<meta property=\"article:published_time\" content=\"2022-01-11T14:18:23+00:00\" \/>\n<meta property=\"article:modified_time\" content=\"2022-01-11T14:29:28+00:00\" \/>\n<meta property=\"og:image\" content=\"https:\/\/medicina.udd.cl\/centro-genetica-genomica\/files\/2022\/01\/Foto-Andr\u00e9s-Klein.jpeg\" \/>\n\t<meta property=\"og:image:width\" content=\"1200\" \/>\n\t<meta property=\"og:image:height\" content=\"1600\" \/>\n\t<meta property=\"og:image:type\" content=\"image\/jpeg\" \/>\n<meta name=\"twitter:label1\" content=\"Escrito por\" \/>\n\t<meta name=\"twitter:data1\" content=\"\" \/>\n\t<meta name=\"twitter:label2\" content=\"Tiempo de lectura\" \/>\n\t<meta name=\"twitter:data2\" content=\"1 minuto\" \/>\n<script type=\"application\/ld+json\" class=\"yoast-schema-graph\">{\"@context\":\"https:\/\/schema.org\",\"@graph\":[{\"@type\":\"Article\",\"@id\":\"https:\/\/medicina.udd.cl\/centro-genetica-genomica\/noticias\/2022\/01\/11\/andres-klein-fue-nombrado-vicepresidente-del-consejo-asesor-cientifico-de-cures-within-reach\/#article\",\"isPartOf\":{\"@id\":\"https:\/\/medicina.udd.cl\/centro-genetica-genomica\/noticias\/2022\/01\/11\/andres-klein-fue-nombrado-vicepresidente-del-consejo-asesor-cientifico-de-cures-within-reach\/\"},\"author\":{\"name\":\"\",\"@id\":\"\"},\"headline\":\"Andr\u00e9s Klein fue nombrado vicepresidente del Consejo Asesor Cient\u00edfico de Cures Within Reach\",\"datePublished\":\"2022-01-11T14:18:23+00:00\",\"dateModified\":\"2022-01-11T14:29:28+00:00\",\"mainEntityOfPage\":{\"@id\":\"https:\/\/medicina.udd.cl\/centro-genetica-genomica\/noticias\/2022\/01\/11\/andres-klein-fue-nombrado-vicepresidente-del-consejo-asesor-cientifico-de-cures-within-reach\/\"},\"wordCount\":192,\"commentCount\":0,\"image\":{\"@id\":\"https:\/\/medicina.udd.cl\/centro-genetica-genomica\/noticias\/2022\/01\/11\/andres-klein-fue-nombrado-vicepresidente-del-consejo-asesor-cientifico-de-cures-within-reach\/#primaryimage\"},\"thumbnailUrl\":\"https:\/\/medicina.udd.cl\/centro-genetica-genomica\/files\/2022\/01\/Foto-Andr\u00e9s-Klein.jpeg\",\"articleSection\":[\"Noticias\"],\"inLanguage\":\"es\",\"potentialAction\":[{\"@type\":\"CommentAction\",\"name\":\"Comment\",\"target\":[\"https:\/\/medicina.udd.cl\/centro-genetica-genomica\/noticias\/2022\/01\/11\/andres-klein-fue-nombrado-vicepresidente-del-consejo-asesor-cientifico-de-cures-within-reach\/#respond\"]}]},{\"@type\":\"WebPage\",\"@id\":\"https:\/\/medicina.udd.cl\/centro-genetica-genomica\/noticias\/2022\/01\/11\/andres-klein-fue-nombrado-vicepresidente-del-consejo-asesor-cientifico-de-cures-within-reach\/\",\"url\":\"https:\/\/medicina.udd.cl\/centro-genetica-genomica\/noticias\/2022\/01\/11\/andres-klein-fue-nombrado-vicepresidente-del-consejo-asesor-cientifico-de-cures-within-reach\/\",\"name\":\"Andr\u00e9s Klein fue nombrado vicepresidente del Consejo Asesor Cient\u00edfico de Cures Within Reach - Centro de Gen\u00e9tica y Gen\u00f3mica\",\"isPartOf\":{\"@id\":\"https:\/\/medicina.udd.cl\/centro-genetica-genomica\/#website\"},\"primaryImageOfPage\":{\"@id\":\"https:\/\/medicina.udd.cl\/centro-genetica-genomica\/noticias\/2022\/01\/11\/andres-klein-fue-nombrado-vicepresidente-del-consejo-asesor-cientifico-de-cures-within-reach\/#primaryimage\"},\"image\":{\"@id\":\"https:\/\/medicina.udd.cl\/centro-genetica-genomica\/noticias\/2022\/01\/11\/andres-klein-fue-nombrado-vicepresidente-del-consejo-asesor-cientifico-de-cures-within-reach\/#primaryimage\"},\"thumbnailUrl\":\"https:\/\/medicina.udd.cl\/centro-genetica-genomica\/files\/2022\/01\/Foto-Andr\u00e9s-Klein.jpeg\",\"datePublished\":\"2022-01-11T14:18:23+00:00\",\"dateModified\":\"2022-01-11T14:29:28+00:00\",\"author\":{\"@id\":\"\"},\"breadcrumb\":{\"@id\":\"https:\/\/medicina.udd.cl\/centro-genetica-genomica\/noticias\/2022\/01\/11\/andres-klein-fue-nombrado-vicepresidente-del-consejo-asesor-cientifico-de-cures-within-reach\/#breadcrumb\"},\"inLanguage\":\"es\",\"potentialAction\":[{\"@type\":\"ReadAction\",\"target\":[\"https:\/\/medicina.udd.cl\/centro-genetica-genomica\/noticias\/2022\/01\/11\/andres-klein-fue-nombrado-vicepresidente-del-consejo-asesor-cientifico-de-cures-within-reach\/\"]}]},{\"@type\":\"ImageObject\",\"inLanguage\":\"es\",\"@id\":\"https:\/\/medicina.udd.cl\/centro-genetica-genomica\/noticias\/2022\/01\/11\/andres-klein-fue-nombrado-vicepresidente-del-consejo-asesor-cientifico-de-cures-within-reach\/#primaryimage\",\"url\":\"https:\/\/medicina.udd.cl\/centro-genetica-genomica\/files\/2022\/01\/Foto-Andr\u00e9s-Klein.jpeg\",\"contentUrl\":\"https:\/\/medicina.udd.cl\/centro-genetica-genomica\/files\/2022\/01\/Foto-Andr\u00e9s-Klein.jpeg\",\"width\":1200,\"height\":1600},{\"@type\":\"BreadcrumbList\",\"@id\":\"https:\/\/medicina.udd.cl\/centro-genetica-genomica\/noticias\/2022\/01\/11\/andres-klein-fue-nombrado-vicepresidente-del-consejo-asesor-cientifico-de-cures-within-reach\/#breadcrumb\",\"itemListElement\":[{\"@type\":\"ListItem\",\"position\":1,\"name\":\"Inicio\",\"item\":\"https:\/\/medicina.udd.cl\/centro-genetica-genomica\/\"},{\"@type\":\"ListItem\",\"position\":2,\"name\":\"Andr\u00e9s Klein fue nombrado vicepresidente del Consejo Asesor Cient\u00edfico de Cures Within Reach\"}]},{\"@type\":\"WebSite\",\"@id\":\"https:\/\/medicina.udd.cl\/centro-genetica-genomica\/#website\",\"url\":\"https:\/\/medicina.udd.cl\/centro-genetica-genomica\/\",\"name\":\"Centro de Gen\u00e9tica y Gen\u00f3mica\",\"description\":\"\",\"inLanguage\":\"es\"},{\"@type\":\"Person\",\"@id\":\"\",\"url\":\"https:\/\/medicina.udd.cl\/centro-genetica-genomica\/noticias\/author\/\"}]}<\/script>\n<!-- \/ Yoast SEO plugin. -->","yoast_head_json":{"title":"Andr\u00e9s Klein fue nombrado vicepresidente del Consejo Asesor Cient\u00edfico de Cures Within Reach - Centro de Gen\u00e9tica y Gen\u00f3mica","robots":{"index":"index","follow":"follow","max-snippet":"max-snippet:-1","max-image-preview":"max-image-preview:large","max-video-preview":"max-video-preview:-1"},"canonical":"https:\/\/medicina.udd.cl\/centro-genetica-genomica\/noticias\/2022\/01\/11\/andres-klein-fue-nombrado-vicepresidente-del-consejo-asesor-cientifico-de-cures-within-reach\/","og_locale":"es_ES","og_type":"article","og_title":"Andr\u00e9s Klein fue nombrado vicepresidente del Consejo Asesor Cient\u00edfico de Cures Within Reach - Centro de Gen\u00e9tica y Gen\u00f3mica","og_description":"Andr\u00e9s Klein, director del Centro de Gen\u00e9tica y Gen\u00f3mica de la Universidad del Desarrollo, fue nombrado vicepresidente del Consejo Cient\u00edfico de Cures Within Reach (CWR), fundaci\u00f3n\u00a0estadounidense\u00a0sin fines de lucro que se dedica a\u00a0financiar proyectos donde se buscan nuevos usos para drogas ya aprobadas tanto para\u00a0enfermedades raras\u00a0como\u00a0comunes, acortando\u00a0as\u00ed\u00a0el tiempo y costo de para\u00a0llevarlos a la cl\u00ednica. [&hellip;]","og_url":"https:\/\/medicina.udd.cl\/centro-genetica-genomica\/noticias\/2022\/01\/11\/andres-klein-fue-nombrado-vicepresidente-del-consejo-asesor-cientifico-de-cures-within-reach\/","og_site_name":"Centro de Gen\u00e9tica y Gen\u00f3mica","article_published_time":"2022-01-11T14:18:23+00:00","article_modified_time":"2022-01-11T14:29:28+00:00","og_image":[{"width":1200,"height":1600,"url":"https:\/\/medicina.udd.cl\/centro-genetica-genomica\/files\/2022\/01\/Foto-Andr\u00e9s-Klein.jpeg","type":"image\/jpeg"}],"twitter_misc":{"Escrito por":"","Tiempo de lectura":"1 minuto"},"schema":{"@context":"https:\/\/schema.org","@graph":[{"@type":"Article","@id":"https:\/\/medicina.udd.cl\/centro-genetica-genomica\/noticias\/2022\/01\/11\/andres-klein-fue-nombrado-vicepresidente-del-consejo-asesor-cientifico-de-cures-within-reach\/#article","isPartOf":{"@id":"https:\/\/medicina.udd.cl\/centro-genetica-genomica\/noticias\/2022\/01\/11\/andres-klein-fue-nombrado-vicepresidente-del-consejo-asesor-cientifico-de-cures-within-reach\/"},"author":{"name":"","@id":""},"headline":"Andr\u00e9s Klein fue nombrado vicepresidente del Consejo Asesor Cient\u00edfico de Cures Within Reach","datePublished":"2022-01-11T14:18:23+00:00","dateModified":"2022-01-11T14:29:28+00:00","mainEntityOfPage":{"@id":"https:\/\/medicina.udd.cl\/centro-genetica-genomica\/noticias\/2022\/01\/11\/andres-klein-fue-nombrado-vicepresidente-del-consejo-asesor-cientifico-de-cures-within-reach\/"},"wordCount":192,"commentCount":0,"image":{"@id":"https:\/\/medicina.udd.cl\/centro-genetica-genomica\/noticias\/2022\/01\/11\/andres-klein-fue-nombrado-vicepresidente-del-consejo-asesor-cientifico-de-cures-within-reach\/#primaryimage"},"thumbnailUrl":"https:\/\/medicina.udd.cl\/centro-genetica-genomica\/files\/2022\/01\/Foto-Andr\u00e9s-Klein.jpeg","articleSection":["Noticias"],"inLanguage":"es","potentialAction":[{"@type":"CommentAction","name":"Comment","target":["https:\/\/medicina.udd.cl\/centro-genetica-genomica\/noticias\/2022\/01\/11\/andres-klein-fue-nombrado-vicepresidente-del-consejo-asesor-cientifico-de-cures-within-reach\/#respond"]}]},{"@type":"WebPage","@id":"https:\/\/medicina.udd.cl\/centro-genetica-genomica\/noticias\/2022\/01\/11\/andres-klein-fue-nombrado-vicepresidente-del-consejo-asesor-cientifico-de-cures-within-reach\/","url":"https:\/\/medicina.udd.cl\/centro-genetica-genomica\/noticias\/2022\/01\/11\/andres-klein-fue-nombrado-vicepresidente-del-consejo-asesor-cientifico-de-cures-within-reach\/","name":"Andr\u00e9s Klein fue nombrado vicepresidente del Consejo Asesor Cient\u00edfico de Cures Within Reach - Centro de Gen\u00e9tica y Gen\u00f3mica","isPartOf":{"@id":"https:\/\/medicina.udd.cl\/centro-genetica-genomica\/#website"},"primaryImageOfPage":{"@id":"https:\/\/medicina.udd.cl\/centro-genetica-genomica\/noticias\/2022\/01\/11\/andres-klein-fue-nombrado-vicepresidente-del-consejo-asesor-cientifico-de-cures-within-reach\/#primaryimage"},"image":{"@id":"https:\/\/medicina.udd.cl\/centro-genetica-genomica\/noticias\/2022\/01\/11\/andres-klein-fue-nombrado-vicepresidente-del-consejo-asesor-cientifico-de-cures-within-reach\/#primaryimage"},"thumbnailUrl":"https:\/\/medicina.udd.cl\/centro-genetica-genomica\/files\/2022\/01\/Foto-Andr\u00e9s-Klein.jpeg","datePublished":"2022-01-11T14:18:23+00:00","dateModified":"2022-01-11T14:29:28+00:00","author":{"@id":""},"breadcrumb":{"@id":"https:\/\/medicina.udd.cl\/centro-genetica-genomica\/noticias\/2022\/01\/11\/andres-klein-fue-nombrado-vicepresidente-del-consejo-asesor-cientifico-de-cures-within-reach\/#breadcrumb"},"inLanguage":"es","potentialAction":[{"@type":"ReadAction","target":["https:\/\/medicina.udd.cl\/centro-genetica-genomica\/noticias\/2022\/01\/11\/andres-klein-fue-nombrado-vicepresidente-del-consejo-asesor-cientifico-de-cures-within-reach\/"]}]},{"@type":"ImageObject","inLanguage":"es","@id":"https:\/\/medicina.udd.cl\/centro-genetica-genomica\/noticias\/2022\/01\/11\/andres-klein-fue-nombrado-vicepresidente-del-consejo-asesor-cientifico-de-cures-within-reach\/#primaryimage","url":"https:\/\/medicina.udd.cl\/centro-genetica-genomica\/files\/2022\/01\/Foto-Andr\u00e9s-Klein.jpeg","contentUrl":"https:\/\/medicina.udd.cl\/centro-genetica-genomica\/files\/2022\/01\/Foto-Andr\u00e9s-Klein.jpeg","width":1200,"height":1600},{"@type":"BreadcrumbList","@id":"https:\/\/medicina.udd.cl\/centro-genetica-genomica\/noticias\/2022\/01\/11\/andres-klein-fue-nombrado-vicepresidente-del-consejo-asesor-cientifico-de-cures-within-reach\/#breadcrumb","itemListElement":[{"@type":"ListItem","position":1,"name":"Inicio","item":"https:\/\/medicina.udd.cl\/centro-genetica-genomica\/"},{"@type":"ListItem","position":2,"name":"Andr\u00e9s Klein fue nombrado vicepresidente del Consejo Asesor Cient\u00edfico de Cures Within Reach"}]},{"@type":"WebSite","@id":"https:\/\/medicina.udd.cl\/centro-genetica-genomica\/#website","url":"https:\/\/medicina.udd.cl\/centro-genetica-genomica\/","name":"Centro de Gen\u00e9tica y Gen\u00f3mica","description":"","inLanguage":"es"},{"@type":"Person","@id":"","url":"https:\/\/medicina.udd.cl\/centro-genetica-genomica\/noticias\/author\/"}]}},"featured_image_url":"https:\/\/medicina.udd.cl\/centro-genetica-genomica\/files\/2022\/01\/Foto-Andr\u00e9s-Klein.jpeg","_links":{"self":[{"href":"https:\/\/medicina.udd.cl\/centro-genetica-genomica\/wp-json\/wp\/v2\/posts\/2843","targetHints":{"allow":["GET"]}}],"collection":[{"href":"https:\/\/medicina.udd.cl\/centro-genetica-genomica\/wp-json\/wp\/v2\/posts"}],"about":[{"href":"https:\/\/medicina.udd.cl\/centro-genetica-genomica\/wp-json\/wp\/v2\/types\/post"}],"author":[{"embeddable":true,"href":"https:\/\/medicina.udd.cl\/centro-genetica-genomica\/wp-json\/wp\/v2\/users\/42"}],"replies":[{"embeddable":true,"href":"https:\/\/medicina.udd.cl\/centro-genetica-genomica\/wp-json\/wp\/v2\/comments?post=2843"}],"version-history":[{"count":4,"href":"https:\/\/medicina.udd.cl\/centro-genetica-genomica\/wp-json\/wp\/v2\/posts\/2843\/revisions"}],"predecessor-version":[{"id":2848,"href":"https:\/\/medicina.udd.cl\/centro-genetica-genomica\/wp-json\/wp\/v2\/posts\/2843\/revisions\/2848"}],"wp:featuredmedia":[{"embeddable":true,"href":"https:\/\/medicina.udd.cl\/centro-genetica-genomica\/wp-json\/wp\/v2\/media\/2844"}],"wp:attachment":[{"href":"https:\/\/medicina.udd.cl\/centro-genetica-genomica\/wp-json\/wp\/v2\/media?parent=2843"}],"wp:term":[{"taxonomy":"category","embeddable":true,"href":"https:\/\/medicina.udd.cl\/centro-genetica-genomica\/wp-json\/wp\/v2\/categories?post=2843"},{"taxonomy":"post_tag","embeddable":true,"href":"https:\/\/medicina.udd.cl\/centro-genetica-genomica\/wp-json\/wp\/v2\/tags?post=2843"}],"curies":[{"name":"wp","href":"https:\/\/api.w.org\/{rel}","templated":true}]}}