{"id":2895,"date":"2022-03-31T10:16:01","date_gmt":"2022-03-31T13:16:01","guid":{"rendered":"https:\/\/medicina.udd.cl\/centro-genetica-genomica\/?p=2895"},"modified":"2022-03-31T10:16:34","modified_gmt":"2022-03-31T13:16:34","slug":"consejera-genetica-udd-participo-en-la-creacion-de-la-sociedad-profesional-latinoamericana-de-asesoramiento-genetico","status":"publish","type":"post","link":"https:\/\/medicina.udd.cl\/centro-genetica-genomica\/noticias\/2022\/03\/31\/consejera-genetica-udd-participo-en-la-creacion-de-la-sociedad-profesional-latinoamericana-de-asesoramiento-genetico\/","title":{"rendered":"Consejera gen\u00e9tica UDD particip\u00f3 en la creaci\u00f3n de la Sociedad Profesional Latinoamericana de Asesoramiento Gen\u00e9tico"},"content":{"rendered":"\n<p>El asesoramiento gen\u00e9tico es el proceso de ayudar a las personas a comprender y adaptarse a las implicancias m\u00e9dicas, psicol\u00f3gicas y familiares de las contribuciones gen\u00e9ticas a la enfermedad.<\/p>\n\n\n\n<p>Es decir, busca entregar informaci\u00f3n sobre c\u00f3mo las condiciones hereditarias pueden afectar a los pacientes y sus familias; c\u00f3mo los antecedentes cl\u00ednicos personales y familiares influyen en la probabilidad de que ocurra o se repita una condici\u00f3n hereditaria; qu\u00e9 estudios gen\u00e9ticos pueden ser adecuados y en qu\u00e9 consisten; y c\u00f3mo tomar las decisiones m\u00e1s informadas sobre las condiciones de salud, entre otras acciones.<\/p>\n\n\n\n<p>Sonia Margarit, docente del Centro de Gen\u00e9tica y Gen\u00f3mica del Instituto de Ciencias e Innovaci\u00f3n en Medicina (ICIM) de la Universidad del Desarrollo y \u00fanica asesora gen\u00e9tica con formaci\u00f3n formal en Chile, explica que -hoy en d\u00eda- esta labor no es reconocida como una profesi\u00f3n o un trabajo independiente.<\/p>\n\n\n\n<p>\u201cLas asesor\u00edas son entregadas principalmente por m\u00e9dicos cl\u00ednicos (genetistas u onc\u00f3logos), pero que no cuentan con la formaci\u00f3n necesaria para ofrecer un servicio como el que se necesita en estos casos. Hay algunos profesionales que se han formado -por ejemplo- en el \u00e1mbito del c\u00e1ncer, pero les falta manejar las \u00e1reas preconcepcional y prenatal, que son igualmente importantes para el asesoramiento y para tomar decisiones a nivel familiar\u201d, relata.<\/p>\n\n\n\n<p>En este contexto, Sonia Margarit particip\u00f3 en la creaci\u00f3n de la Sociedad Profesional Latinoamericana de Asesoramiento Gen\u00e9tico, cuyo objetivo es promover el conocimiento de este servicio y su acceso en la Regi\u00f3n, mediante el fomento de la educaci\u00f3n, el apoyo profesional, la investigaci\u00f3n y la pol\u00edtica p\u00fablica, junto con formalizar el trabajo de los asesores.<\/p>\n\n\n\n<p>Este proyecto, impulsado por miembros del grupo latino de la Red de Profesionales de Gen\u00e9tica Minoritaria (MGPN, por su sigla en ingl\u00e9s), busca a su vez conectar a profesionales del \u00e1rea de la gen\u00e9tica, con el fin de facilitar las asociaciones y el apoyo de proveedores y estudiantes gen\u00e9ticos de diferentes pa\u00edses de Am\u00e9rica Latina.<\/p>\n\n\n\n<p>Cabe destacar que, desde su \u00e1mbito, la consejera gen\u00e9tica de la UDD ha liderado la implementaci\u00f3n de una serie de programas de capacitaci\u00f3n para los profesionales que se dedican a la asesor\u00eda gen\u00e9tica. Algunos de ellos son el diplomado realizado por la carrera de Enfermer\u00eda UDD y el desarrollado en el marco de una colaboraci\u00f3n con la U. de Chile, ambos orientados a entregar las capacidades necesarias a los profesionales que se dedican a este trabajo.<\/p>\n","protected":false},"excerpt":{"rendered":"<p>El asesoramiento gen\u00e9tico es el proceso de ayudar a las personas a comprender y adaptarse a las implicancias m\u00e9dicas, psicol\u00f3gicas y familiares de las contribuciones gen\u00e9ticas a la enfermedad. Es decir, busca entregar informaci\u00f3n sobre c\u00f3mo las condiciones hereditarias pueden afectar a los pacientes y sus familias; c\u00f3mo los antecedentes cl\u00ednicos personales y familiares influyen [&hellip;]<\/p>\n","protected":false},"author":42,"featured_media":2554,"comment_status":"open","ping_status":"open","sticky":false,"template":"","format":"standard","meta":{"footnotes":""},"categories":[4],"tags":[],"class_list":["post-2895","post","type-post","status-publish","format-standard","has-post-thumbnail","hentry","category-noticias"],"yoast_head":"<!-- This site is optimized with the Yoast SEO plugin v26.9 - https:\/\/yoast.com\/product\/yoast-seo-wordpress\/ -->\n<title>Consejera gen\u00e9tica UDD particip\u00f3 en la creaci\u00f3n de la Sociedad Profesional Latinoamericana de Asesoramiento Gen\u00e9tico - Centro de Gen\u00e9tica y Gen\u00f3mica<\/title>\n<meta name=\"robots\" content=\"index, follow, max-snippet:-1, max-image-preview:large, max-video-preview:-1\" \/>\n<link rel=\"canonical\" href=\"https:\/\/medicina.udd.cl\/centro-genetica-genomica\/noticias\/2022\/03\/31\/consejera-genetica-udd-participo-en-la-creacion-de-la-sociedad-profesional-latinoamericana-de-asesoramiento-genetico\/\" \/>\n<meta property=\"og:locale\" content=\"es_ES\" \/>\n<meta property=\"og:type\" content=\"article\" \/>\n<meta property=\"og:title\" content=\"Consejera gen\u00e9tica UDD particip\u00f3 en la creaci\u00f3n de la Sociedad Profesional Latinoamericana de Asesoramiento Gen\u00e9tico - Centro de Gen\u00e9tica y Gen\u00f3mica\" \/>\n<meta property=\"og:description\" content=\"El asesoramiento gen\u00e9tico es el proceso de ayudar a las personas a comprender y adaptarse a las implicancias m\u00e9dicas, psicol\u00f3gicas y familiares de las contribuciones gen\u00e9ticas a la enfermedad. Es decir, busca entregar informaci\u00f3n sobre c\u00f3mo las condiciones hereditarias pueden afectar a los pacientes y sus familias; c\u00f3mo los antecedentes cl\u00ednicos personales y familiares influyen [&hellip;]\" \/>\n<meta property=\"og:url\" content=\"https:\/\/medicina.udd.cl\/centro-genetica-genomica\/noticias\/2022\/03\/31\/consejera-genetica-udd-participo-en-la-creacion-de-la-sociedad-profesional-latinoamericana-de-asesoramiento-genetico\/\" \/>\n<meta property=\"og:site_name\" content=\"Centro de Gen\u00e9tica y Gen\u00f3mica\" \/>\n<meta property=\"article:published_time\" content=\"2022-03-31T13:16:01+00:00\" \/>\n<meta property=\"article:modified_time\" content=\"2022-03-31T13:16:34+00:00\" \/>\n<meta property=\"og:image\" content=\"https:\/\/medicina.udd.cl\/centro-genetica-genomica\/files\/2020\/08\/Sonia-Margarit-1-scaled.jpg\" \/>\n\t<meta property=\"og:image:width\" content=\"2560\" \/>\n\t<meta property=\"og:image:height\" content=\"2113\" \/>\n\t<meta property=\"og:image:type\" content=\"image\/jpeg\" \/>\n<meta name=\"twitter:label1\" content=\"Escrito por\" \/>\n\t<meta name=\"twitter:data1\" content=\"\" \/>\n\t<meta name=\"twitter:label2\" content=\"Tiempo de lectura\" \/>\n\t<meta name=\"twitter:data2\" content=\"2 minutos\" \/>\n<script type=\"application\/ld+json\" class=\"yoast-schema-graph\">{\"@context\":\"https:\/\/schema.org\",\"@graph\":[{\"@type\":\"Article\",\"@id\":\"https:\/\/medicina.udd.cl\/centro-genetica-genomica\/noticias\/2022\/03\/31\/consejera-genetica-udd-participo-en-la-creacion-de-la-sociedad-profesional-latinoamericana-de-asesoramiento-genetico\/#article\",\"isPartOf\":{\"@id\":\"https:\/\/medicina.udd.cl\/centro-genetica-genomica\/noticias\/2022\/03\/31\/consejera-genetica-udd-participo-en-la-creacion-de-la-sociedad-profesional-latinoamericana-de-asesoramiento-genetico\/\"},\"author\":{\"name\":\"\",\"@id\":\"\"},\"headline\":\"Consejera gen\u00e9tica UDD particip\u00f3 en la creaci\u00f3n de la Sociedad Profesional Latinoamericana de Asesoramiento Gen\u00e9tico\",\"datePublished\":\"2022-03-31T13:16:01+00:00\",\"dateModified\":\"2022-03-31T13:16:34+00:00\",\"mainEntityOfPage\":{\"@id\":\"https:\/\/medicina.udd.cl\/centro-genetica-genomica\/noticias\/2022\/03\/31\/consejera-genetica-udd-participo-en-la-creacion-de-la-sociedad-profesional-latinoamericana-de-asesoramiento-genetico\/\"},\"wordCount\":459,\"commentCount\":0,\"image\":{\"@id\":\"https:\/\/medicina.udd.cl\/centro-genetica-genomica\/noticias\/2022\/03\/31\/consejera-genetica-udd-participo-en-la-creacion-de-la-sociedad-profesional-latinoamericana-de-asesoramiento-genetico\/#primaryimage\"},\"thumbnailUrl\":\"https:\/\/medicina.udd.cl\/centro-genetica-genomica\/files\/2020\/08\/Sonia-Margarit-1-scaled.jpg\",\"articleSection\":[\"Noticias\"],\"inLanguage\":\"es\",\"potentialAction\":[{\"@type\":\"CommentAction\",\"name\":\"Comment\",\"target\":[\"https:\/\/medicina.udd.cl\/centro-genetica-genomica\/noticias\/2022\/03\/31\/consejera-genetica-udd-participo-en-la-creacion-de-la-sociedad-profesional-latinoamericana-de-asesoramiento-genetico\/#respond\"]}]},{\"@type\":\"WebPage\",\"@id\":\"https:\/\/medicina.udd.cl\/centro-genetica-genomica\/noticias\/2022\/03\/31\/consejera-genetica-udd-participo-en-la-creacion-de-la-sociedad-profesional-latinoamericana-de-asesoramiento-genetico\/\",\"url\":\"https:\/\/medicina.udd.cl\/centro-genetica-genomica\/noticias\/2022\/03\/31\/consejera-genetica-udd-participo-en-la-creacion-de-la-sociedad-profesional-latinoamericana-de-asesoramiento-genetico\/\",\"name\":\"Consejera gen\u00e9tica UDD particip\u00f3 en la creaci\u00f3n de la Sociedad Profesional Latinoamericana de Asesoramiento Gen\u00e9tico - Centro de Gen\u00e9tica y Gen\u00f3mica\",\"isPartOf\":{\"@id\":\"https:\/\/medicina.udd.cl\/centro-genetica-genomica\/#website\"},\"primaryImageOfPage\":{\"@id\":\"https:\/\/medicina.udd.cl\/centro-genetica-genomica\/noticias\/2022\/03\/31\/consejera-genetica-udd-participo-en-la-creacion-de-la-sociedad-profesional-latinoamericana-de-asesoramiento-genetico\/#primaryimage\"},\"image\":{\"@id\":\"https:\/\/medicina.udd.cl\/centro-genetica-genomica\/noticias\/2022\/03\/31\/consejera-genetica-udd-participo-en-la-creacion-de-la-sociedad-profesional-latinoamericana-de-asesoramiento-genetico\/#primaryimage\"},\"thumbnailUrl\":\"https:\/\/medicina.udd.cl\/centro-genetica-genomica\/files\/2020\/08\/Sonia-Margarit-1-scaled.jpg\",\"datePublished\":\"2022-03-31T13:16:01+00:00\",\"dateModified\":\"2022-03-31T13:16:34+00:00\",\"author\":{\"@id\":\"\"},\"breadcrumb\":{\"@id\":\"https:\/\/medicina.udd.cl\/centro-genetica-genomica\/noticias\/2022\/03\/31\/consejera-genetica-udd-participo-en-la-creacion-de-la-sociedad-profesional-latinoamericana-de-asesoramiento-genetico\/#breadcrumb\"},\"inLanguage\":\"es\",\"potentialAction\":[{\"@type\":\"ReadAction\",\"target\":[\"https:\/\/medicina.udd.cl\/centro-genetica-genomica\/noticias\/2022\/03\/31\/consejera-genetica-udd-participo-en-la-creacion-de-la-sociedad-profesional-latinoamericana-de-asesoramiento-genetico\/\"]}]},{\"@type\":\"ImageObject\",\"inLanguage\":\"es\",\"@id\":\"https:\/\/medicina.udd.cl\/centro-genetica-genomica\/noticias\/2022\/03\/31\/consejera-genetica-udd-participo-en-la-creacion-de-la-sociedad-profesional-latinoamericana-de-asesoramiento-genetico\/#primaryimage\",\"url\":\"https:\/\/medicina.udd.cl\/centro-genetica-genomica\/files\/2020\/08\/Sonia-Margarit-1-scaled.jpg\",\"contentUrl\":\"https:\/\/medicina.udd.cl\/centro-genetica-genomica\/files\/2020\/08\/Sonia-Margarit-1-scaled.jpg\",\"width\":2560,\"height\":2113},{\"@type\":\"BreadcrumbList\",\"@id\":\"https:\/\/medicina.udd.cl\/centro-genetica-genomica\/noticias\/2022\/03\/31\/consejera-genetica-udd-participo-en-la-creacion-de-la-sociedad-profesional-latinoamericana-de-asesoramiento-genetico\/#breadcrumb\",\"itemListElement\":[{\"@type\":\"ListItem\",\"position\":1,\"name\":\"Inicio\",\"item\":\"https:\/\/medicina.udd.cl\/centro-genetica-genomica\/\"},{\"@type\":\"ListItem\",\"position\":2,\"name\":\"Consejera gen\u00e9tica UDD particip\u00f3 en la creaci\u00f3n de la Sociedad Profesional Latinoamericana de Asesoramiento Gen\u00e9tico\"}]},{\"@type\":\"WebSite\",\"@id\":\"https:\/\/medicina.udd.cl\/centro-genetica-genomica\/#website\",\"url\":\"https:\/\/medicina.udd.cl\/centro-genetica-genomica\/\",\"name\":\"Centro de Gen\u00e9tica y Gen\u00f3mica\",\"description\":\"\",\"inLanguage\":\"es\"},{\"@type\":\"Person\",\"@id\":\"\",\"url\":\"https:\/\/medicina.udd.cl\/centro-genetica-genomica\/noticias\/author\/\"}]}<\/script>\n<!-- \/ Yoast SEO plugin. -->","yoast_head_json":{"title":"Consejera gen\u00e9tica UDD particip\u00f3 en la creaci\u00f3n de la Sociedad Profesional Latinoamericana de Asesoramiento Gen\u00e9tico - Centro de Gen\u00e9tica y Gen\u00f3mica","robots":{"index":"index","follow":"follow","max-snippet":"max-snippet:-1","max-image-preview":"max-image-preview:large","max-video-preview":"max-video-preview:-1"},"canonical":"https:\/\/medicina.udd.cl\/centro-genetica-genomica\/noticias\/2022\/03\/31\/consejera-genetica-udd-participo-en-la-creacion-de-la-sociedad-profesional-latinoamericana-de-asesoramiento-genetico\/","og_locale":"es_ES","og_type":"article","og_title":"Consejera gen\u00e9tica UDD particip\u00f3 en la creaci\u00f3n de la Sociedad Profesional Latinoamericana de Asesoramiento Gen\u00e9tico - Centro de Gen\u00e9tica y Gen\u00f3mica","og_description":"El asesoramiento gen\u00e9tico es el proceso de ayudar a las personas a comprender y adaptarse a las implicancias m\u00e9dicas, psicol\u00f3gicas y familiares de las contribuciones gen\u00e9ticas a la enfermedad. Es decir, busca entregar informaci\u00f3n sobre c\u00f3mo las condiciones hereditarias pueden afectar a los pacientes y sus familias; c\u00f3mo los antecedentes cl\u00ednicos personales y familiares influyen [&hellip;]","og_url":"https:\/\/medicina.udd.cl\/centro-genetica-genomica\/noticias\/2022\/03\/31\/consejera-genetica-udd-participo-en-la-creacion-de-la-sociedad-profesional-latinoamericana-de-asesoramiento-genetico\/","og_site_name":"Centro de Gen\u00e9tica y Gen\u00f3mica","article_published_time":"2022-03-31T13:16:01+00:00","article_modified_time":"2022-03-31T13:16:34+00:00","og_image":[{"width":2560,"height":2113,"url":"https:\/\/medicina.udd.cl\/centro-genetica-genomica\/files\/2020\/08\/Sonia-Margarit-1-scaled.jpg","type":"image\/jpeg"}],"twitter_misc":{"Escrito por":"","Tiempo de lectura":"2 minutos"},"schema":{"@context":"https:\/\/schema.org","@graph":[{"@type":"Article","@id":"https:\/\/medicina.udd.cl\/centro-genetica-genomica\/noticias\/2022\/03\/31\/consejera-genetica-udd-participo-en-la-creacion-de-la-sociedad-profesional-latinoamericana-de-asesoramiento-genetico\/#article","isPartOf":{"@id":"https:\/\/medicina.udd.cl\/centro-genetica-genomica\/noticias\/2022\/03\/31\/consejera-genetica-udd-participo-en-la-creacion-de-la-sociedad-profesional-latinoamericana-de-asesoramiento-genetico\/"},"author":{"name":"","@id":""},"headline":"Consejera gen\u00e9tica UDD particip\u00f3 en la creaci\u00f3n de la Sociedad Profesional Latinoamericana de Asesoramiento Gen\u00e9tico","datePublished":"2022-03-31T13:16:01+00:00","dateModified":"2022-03-31T13:16:34+00:00","mainEntityOfPage":{"@id":"https:\/\/medicina.udd.cl\/centro-genetica-genomica\/noticias\/2022\/03\/31\/consejera-genetica-udd-participo-en-la-creacion-de-la-sociedad-profesional-latinoamericana-de-asesoramiento-genetico\/"},"wordCount":459,"commentCount":0,"image":{"@id":"https:\/\/medicina.udd.cl\/centro-genetica-genomica\/noticias\/2022\/03\/31\/consejera-genetica-udd-participo-en-la-creacion-de-la-sociedad-profesional-latinoamericana-de-asesoramiento-genetico\/#primaryimage"},"thumbnailUrl":"https:\/\/medicina.udd.cl\/centro-genetica-genomica\/files\/2020\/08\/Sonia-Margarit-1-scaled.jpg","articleSection":["Noticias"],"inLanguage":"es","potentialAction":[{"@type":"CommentAction","name":"Comment","target":["https:\/\/medicina.udd.cl\/centro-genetica-genomica\/noticias\/2022\/03\/31\/consejera-genetica-udd-participo-en-la-creacion-de-la-sociedad-profesional-latinoamericana-de-asesoramiento-genetico\/#respond"]}]},{"@type":"WebPage","@id":"https:\/\/medicina.udd.cl\/centro-genetica-genomica\/noticias\/2022\/03\/31\/consejera-genetica-udd-participo-en-la-creacion-de-la-sociedad-profesional-latinoamericana-de-asesoramiento-genetico\/","url":"https:\/\/medicina.udd.cl\/centro-genetica-genomica\/noticias\/2022\/03\/31\/consejera-genetica-udd-participo-en-la-creacion-de-la-sociedad-profesional-latinoamericana-de-asesoramiento-genetico\/","name":"Consejera gen\u00e9tica UDD particip\u00f3 en la creaci\u00f3n de la Sociedad Profesional Latinoamericana de Asesoramiento Gen\u00e9tico - Centro de Gen\u00e9tica y Gen\u00f3mica","isPartOf":{"@id":"https:\/\/medicina.udd.cl\/centro-genetica-genomica\/#website"},"primaryImageOfPage":{"@id":"https:\/\/medicina.udd.cl\/centro-genetica-genomica\/noticias\/2022\/03\/31\/consejera-genetica-udd-participo-en-la-creacion-de-la-sociedad-profesional-latinoamericana-de-asesoramiento-genetico\/#primaryimage"},"image":{"@id":"https:\/\/medicina.udd.cl\/centro-genetica-genomica\/noticias\/2022\/03\/31\/consejera-genetica-udd-participo-en-la-creacion-de-la-sociedad-profesional-latinoamericana-de-asesoramiento-genetico\/#primaryimage"},"thumbnailUrl":"https:\/\/medicina.udd.cl\/centro-genetica-genomica\/files\/2020\/08\/Sonia-Margarit-1-scaled.jpg","datePublished":"2022-03-31T13:16:01+00:00","dateModified":"2022-03-31T13:16:34+00:00","author":{"@id":""},"breadcrumb":{"@id":"https:\/\/medicina.udd.cl\/centro-genetica-genomica\/noticias\/2022\/03\/31\/consejera-genetica-udd-participo-en-la-creacion-de-la-sociedad-profesional-latinoamericana-de-asesoramiento-genetico\/#breadcrumb"},"inLanguage":"es","potentialAction":[{"@type":"ReadAction","target":["https:\/\/medicina.udd.cl\/centro-genetica-genomica\/noticias\/2022\/03\/31\/consejera-genetica-udd-participo-en-la-creacion-de-la-sociedad-profesional-latinoamericana-de-asesoramiento-genetico\/"]}]},{"@type":"ImageObject","inLanguage":"es","@id":"https:\/\/medicina.udd.cl\/centro-genetica-genomica\/noticias\/2022\/03\/31\/consejera-genetica-udd-participo-en-la-creacion-de-la-sociedad-profesional-latinoamericana-de-asesoramiento-genetico\/#primaryimage","url":"https:\/\/medicina.udd.cl\/centro-genetica-genomica\/files\/2020\/08\/Sonia-Margarit-1-scaled.jpg","contentUrl":"https:\/\/medicina.udd.cl\/centro-genetica-genomica\/files\/2020\/08\/Sonia-Margarit-1-scaled.jpg","width":2560,"height":2113},{"@type":"BreadcrumbList","@id":"https:\/\/medicina.udd.cl\/centro-genetica-genomica\/noticias\/2022\/03\/31\/consejera-genetica-udd-participo-en-la-creacion-de-la-sociedad-profesional-latinoamericana-de-asesoramiento-genetico\/#breadcrumb","itemListElement":[{"@type":"ListItem","position":1,"name":"Inicio","item":"https:\/\/medicina.udd.cl\/centro-genetica-genomica\/"},{"@type":"ListItem","position":2,"name":"Consejera gen\u00e9tica UDD particip\u00f3 en la creaci\u00f3n de la Sociedad Profesional Latinoamericana de Asesoramiento Gen\u00e9tico"}]},{"@type":"WebSite","@id":"https:\/\/medicina.udd.cl\/centro-genetica-genomica\/#website","url":"https:\/\/medicina.udd.cl\/centro-genetica-genomica\/","name":"Centro de Gen\u00e9tica y Gen\u00f3mica","description":"","inLanguage":"es"},{"@type":"Person","@id":"","url":"https:\/\/medicina.udd.cl\/centro-genetica-genomica\/noticias\/author\/"}]}},"featured_image_url":"https:\/\/medicina.udd.cl\/centro-genetica-genomica\/files\/2020\/08\/Sonia-Margarit-1-scaled.jpg","_links":{"self":[{"href":"https:\/\/medicina.udd.cl\/centro-genetica-genomica\/wp-json\/wp\/v2\/posts\/2895","targetHints":{"allow":["GET"]}}],"collection":[{"href":"https:\/\/medicina.udd.cl\/centro-genetica-genomica\/wp-json\/wp\/v2\/posts"}],"about":[{"href":"https:\/\/medicina.udd.cl\/centro-genetica-genomica\/wp-json\/wp\/v2\/types\/post"}],"author":[{"embeddable":true,"href":"https:\/\/medicina.udd.cl\/centro-genetica-genomica\/wp-json\/wp\/v2\/users\/42"}],"replies":[{"embeddable":true,"href":"https:\/\/medicina.udd.cl\/centro-genetica-genomica\/wp-json\/wp\/v2\/comments?post=2895"}],"version-history":[{"count":1,"href":"https:\/\/medicina.udd.cl\/centro-genetica-genomica\/wp-json\/wp\/v2\/posts\/2895\/revisions"}],"predecessor-version":[{"id":2896,"href":"https:\/\/medicina.udd.cl\/centro-genetica-genomica\/wp-json\/wp\/v2\/posts\/2895\/revisions\/2896"}],"wp:featuredmedia":[{"embeddable":true,"href":"https:\/\/medicina.udd.cl\/centro-genetica-genomica\/wp-json\/wp\/v2\/media\/2554"}],"wp:attachment":[{"href":"https:\/\/medicina.udd.cl\/centro-genetica-genomica\/wp-json\/wp\/v2\/media?parent=2895"}],"wp:term":[{"taxonomy":"category","embeddable":true,"href":"https:\/\/medicina.udd.cl\/centro-genetica-genomica\/wp-json\/wp\/v2\/categories?post=2895"},{"taxonomy":"post_tag","embeddable":true,"href":"https:\/\/medicina.udd.cl\/centro-genetica-genomica\/wp-json\/wp\/v2\/tags?post=2895"}],"curies":[{"name":"wp","href":"https:\/\/api.w.org\/{rel}","templated":true}]}}