{"id":313,"date":"2010-12-29T17:32:09","date_gmt":"2010-12-29T20:32:09","guid":{"rendered":"http:\/\/medicina.udd.cl\/centro-genetica-humana\/?p=313"},"modified":"2011-01-03T15:22:12","modified_gmt":"2011-01-03T18:22:12","slug":"el-centro-de-genetica-humana-marca-presencia-en-congresos-nacionales-e-internacionales","status":"publish","type":"post","link":"https:\/\/medicina.udd.cl\/centro-genetica-genomica\/noticias\/2010\/12\/29\/el-centro-de-genetica-humana-marca-presencia-en-congresos-nacionales-e-internacionales\/","title":{"rendered":"El Centro de Gen\u00e9tica Humana marca presencia en congresos nacionales e internacionales"},"content":{"rendered":"<p>Durante el a\u00f1o 2010, los integrantes del Centro de Gen\u00e9tica Humana (CGH) tuvieron una amplia participaci\u00f3n en congresos nacionales e internacionales.<\/p>\n<p>A continuaci\u00f3n se detallan los trabajos y los congresos en que hubo presencia de integrantes del CGH:<\/p>\n<p>&#8211; Repetto GM, Vasquez M, Puga A, Ziegler A, Guzman ML. Genetic modifiers of the cardiovascular phenotype of 22q11 microdeletion syndrome: evaluation of variants in FGF8, TBX1 and VEGF-A. <strong>American College of Medical Genetics Annual Clinical Genetics Meeting.<\/strong> Albuquerque, NM, EEUU, 23-27 de Marzo de 2010.<\/p>\n<p>&#8211; Repetto G, Guzman ML, Puga A, Growth in Chilean Patients with velocardiofacial syndrome. <strong>Congreso de la Asociaci\u00f3n Latinoamericana de Gen\u00e9tica.<\/strong> Vi\u00f1a del Mar, Chile, 1 al 5 de Octubre de 2010.<\/p>\n<p>&#8211; Justiniano A, Guzman ML, Puga A, Repetto G. High incidence of hernias in Chilean patients with velocardiofacial syndrome. <strong>Congreso de la Asociaci\u00f3n Latinoamericana de Gen\u00e9tica.<\/strong> Vi\u00f1a del Mar, Chile, 1 al 5 de Octubre de 2010.<\/p>\n<p>&#8211; Guzman ML, Krefft M, Gutierrez MJ, Espejo L, Repetto G. Adherencia a un modelo de intervenci\u00f3n interdisciplinaria para ni\u00f1os con S\u00edndrome de Down y sus padres. <strong>50 Congreso Chileno de Pediatr\u00eda.<\/strong> Puc\u00f3n, Chile, 28 al 31 de octubre de 2010.<\/p>\n<p>&#8211; Mercado C, Britzmann J, Guzman ML, Mc Nab ME, Repetto G. An\u00e1lisis de hospitalizaciones durante los primeros 6 a\u00f1os de vida en pacientes con S\u00edndrome de Down. <strong>50 Congreso Chileno de Pediatr\u00eda.<\/strong> Puc\u00f3n, Chile, 28 al 31 de octubre de 2010.<\/p>\n<p>&#8211; Di Capua G, Oyarz\u00fan JE, Repetto G, Ziegler A. Analysis of teneurin transcript structure in human cancer cell lines. \u00a0<strong>XXIV Annual Meeting, Chilean Society for Cell Biology.<\/strong> Puc\u00f3n, Chile, 1-5 de Noviembre 2010.<\/p>\n<p>&#8211; V\u00e1squez M, Montalba C, Erazo R, Repetto G. Validaci\u00f3n de un m\u00e9todo r\u00e1pido y sensible para el diagn\u00f3stico molecular de la Distrofia Miot\u00f3nica tipo 1 en pacientes Chilenos. <strong>XLX Congreso Chileno de Neurolog\u00eda, Psiquiatr\u00eda y Neurocirug\u00eda.<\/strong> La Serena, 11-13 de Noviembre 2010.<\/p>\n<p>&#8211; Markiewitz Y, V\u00e1squez M, Maturana E, Repetto G, Behrens MI. Evaluaci\u00f3n de variantes gen\u00e9ticas en la relaci\u00f3n inversa entre c\u00e1ncer y enfermedad de Alzheimer. <strong>XLX Congreso Chileno de Neurolog\u00eda, Psiquiatr\u00eda y Neurocirug\u00eda.<\/strong> La Serena, 11-13 de Noviembre 2010.<\/p>\n<p>&#8211; Repetto GM, Guzman ML. Growth in Chilean infants with 22q11 microdeletion syndrome. <strong>American Society of Human Genetics Meeting.<\/strong> Washington, DC, 2 al 6 de Noviembre de 2010.<\/p>\n","protected":false},"excerpt":{"rendered":"<p>Durante el a\u00f1o 2010, los integrantes del Centro de Gen\u00e9tica Humana (CGH) tuvieron una amplia participaci\u00f3n en congresos nacionales e internacionales. A continuaci\u00f3n se detallan los trabajos y los congresos en que hubo presencia de integrantes del CGH: &#8211; Repetto GM, Vasquez M, Puga A, Ziegler A, Guzman ML. Genetic modifiers of the cardiovascular phenotype [&hellip;]<\/p>\n","protected":false},"author":1,"featured_media":0,"comment_status":"open","ping_status":"open","sticky":false,"template":"","format":"standard","meta":{"footnotes":""},"categories":[4],"tags":[],"class_list":["post-313","post","type-post","status-publish","format-standard","hentry","category-noticias"],"yoast_head":"<!-- This site is optimized with the Yoast SEO plugin v26.9 - https:\/\/yoast.com\/product\/yoast-seo-wordpress\/ -->\n<title>El Centro de Gen\u00e9tica Humana marca presencia en congresos nacionales e internacionales - Centro de Gen\u00e9tica y Gen\u00f3mica<\/title>\n<meta name=\"robots\" content=\"index, follow, max-snippet:-1, max-image-preview:large, max-video-preview:-1\" \/>\n<link rel=\"canonical\" href=\"https:\/\/medicina.udd.cl\/centro-genetica-genomica\/noticias\/2010\/12\/29\/el-centro-de-genetica-humana-marca-presencia-en-congresos-nacionales-e-internacionales\/\" \/>\n<meta property=\"og:locale\" content=\"es_ES\" \/>\n<meta property=\"og:type\" content=\"article\" \/>\n<meta property=\"og:title\" content=\"El Centro de Gen\u00e9tica Humana marca presencia en congresos nacionales e internacionales - Centro de Gen\u00e9tica y Gen\u00f3mica\" \/>\n<meta property=\"og:description\" content=\"Durante el a\u00f1o 2010, los integrantes del Centro de Gen\u00e9tica Humana (CGH) tuvieron una amplia participaci\u00f3n en congresos nacionales e internacionales. A continuaci\u00f3n se detallan los trabajos y los congresos en que hubo presencia de integrantes del CGH: &#8211; Repetto GM, Vasquez M, Puga A, Ziegler A, Guzman ML. Genetic modifiers of the cardiovascular phenotype [&hellip;]\" \/>\n<meta property=\"og:url\" content=\"https:\/\/medicina.udd.cl\/centro-genetica-genomica\/noticias\/2010\/12\/29\/el-centro-de-genetica-humana-marca-presencia-en-congresos-nacionales-e-internacionales\/\" \/>\n<meta property=\"og:site_name\" content=\"Centro de Gen\u00e9tica y Gen\u00f3mica\" \/>\n<meta property=\"article:published_time\" content=\"2010-12-29T20:32:09+00:00\" \/>\n<meta property=\"article:modified_time\" content=\"2011-01-03T18:22:12+00:00\" \/>\n<meta name=\"author\" content=\"admin\" \/>\n<meta name=\"twitter:label1\" content=\"Escrito por\" \/>\n\t<meta name=\"twitter:data1\" content=\"admin\" \/>\n\t<meta name=\"twitter:label2\" content=\"Tiempo de lectura\" \/>\n\t<meta name=\"twitter:data2\" content=\"2 minutos\" \/>\n<script type=\"application\/ld+json\" class=\"yoast-schema-graph\">{\"@context\":\"https:\/\/schema.org\",\"@graph\":[{\"@type\":\"Article\",\"@id\":\"https:\/\/medicina.udd.cl\/centro-genetica-genomica\/noticias\/2010\/12\/29\/el-centro-de-genetica-humana-marca-presencia-en-congresos-nacionales-e-internacionales\/#article\",\"isPartOf\":{\"@id\":\"https:\/\/medicina.udd.cl\/centro-genetica-genomica\/noticias\/2010\/12\/29\/el-centro-de-genetica-humana-marca-presencia-en-congresos-nacionales-e-internacionales\/\"},\"author\":{\"name\":\"admin\",\"@id\":\"https:\/\/medicina.udd.cl\/centro-genetica-genomica\/#\/schema\/person\/f7abfa784c86da427e89287831f96ab7\"},\"headline\":\"El Centro de Gen\u00e9tica Humana marca presencia en congresos nacionales e internacionales\",\"datePublished\":\"2010-12-29T20:32:09+00:00\",\"dateModified\":\"2011-01-03T18:22:12+00:00\",\"mainEntityOfPage\":{\"@id\":\"https:\/\/medicina.udd.cl\/centro-genetica-genomica\/noticias\/2010\/12\/29\/el-centro-de-genetica-humana-marca-presencia-en-congresos-nacionales-e-internacionales\/\"},\"wordCount\":408,\"commentCount\":0,\"articleSection\":[\"Noticias\"],\"inLanguage\":\"es\",\"potentialAction\":[{\"@type\":\"CommentAction\",\"name\":\"Comment\",\"target\":[\"https:\/\/medicina.udd.cl\/centro-genetica-genomica\/noticias\/2010\/12\/29\/el-centro-de-genetica-humana-marca-presencia-en-congresos-nacionales-e-internacionales\/#respond\"]}]},{\"@type\":\"WebPage\",\"@id\":\"https:\/\/medicina.udd.cl\/centro-genetica-genomica\/noticias\/2010\/12\/29\/el-centro-de-genetica-humana-marca-presencia-en-congresos-nacionales-e-internacionales\/\",\"url\":\"https:\/\/medicina.udd.cl\/centro-genetica-genomica\/noticias\/2010\/12\/29\/el-centro-de-genetica-humana-marca-presencia-en-congresos-nacionales-e-internacionales\/\",\"name\":\"El Centro de Gen\u00e9tica Humana marca presencia en congresos nacionales e internacionales - Centro de Gen\u00e9tica y Gen\u00f3mica\",\"isPartOf\":{\"@id\":\"https:\/\/medicina.udd.cl\/centro-genetica-genomica\/#website\"},\"datePublished\":\"2010-12-29T20:32:09+00:00\",\"dateModified\":\"2011-01-03T18:22:12+00:00\",\"author\":{\"@id\":\"https:\/\/medicina.udd.cl\/centro-genetica-genomica\/#\/schema\/person\/f7abfa784c86da427e89287831f96ab7\"},\"breadcrumb\":{\"@id\":\"https:\/\/medicina.udd.cl\/centro-genetica-genomica\/noticias\/2010\/12\/29\/el-centro-de-genetica-humana-marca-presencia-en-congresos-nacionales-e-internacionales\/#breadcrumb\"},\"inLanguage\":\"es\",\"potentialAction\":[{\"@type\":\"ReadAction\",\"target\":[\"https:\/\/medicina.udd.cl\/centro-genetica-genomica\/noticias\/2010\/12\/29\/el-centro-de-genetica-humana-marca-presencia-en-congresos-nacionales-e-internacionales\/\"]}]},{\"@type\":\"BreadcrumbList\",\"@id\":\"https:\/\/medicina.udd.cl\/centro-genetica-genomica\/noticias\/2010\/12\/29\/el-centro-de-genetica-humana-marca-presencia-en-congresos-nacionales-e-internacionales\/#breadcrumb\",\"itemListElement\":[{\"@type\":\"ListItem\",\"position\":1,\"name\":\"Inicio\",\"item\":\"https:\/\/medicina.udd.cl\/centro-genetica-genomica\/\"},{\"@type\":\"ListItem\",\"position\":2,\"name\":\"El Centro de Gen\u00e9tica Humana marca presencia en congresos nacionales e internacionales\"}]},{\"@type\":\"WebSite\",\"@id\":\"https:\/\/medicina.udd.cl\/centro-genetica-genomica\/#website\",\"url\":\"https:\/\/medicina.udd.cl\/centro-genetica-genomica\/\",\"name\":\"Centro de Gen\u00e9tica y Gen\u00f3mica\",\"description\":\"\",\"inLanguage\":\"es\"},{\"@type\":\"Person\",\"@id\":\"https:\/\/medicina.udd.cl\/centro-genetica-genomica\/#\/schema\/person\/f7abfa784c86da427e89287831f96ab7\",\"name\":\"admin\",\"image\":{\"@type\":\"ImageObject\",\"inLanguage\":\"es\",\"@id\":\"https:\/\/medicina.udd.cl\/centro-genetica-genomica\/#\/schema\/person\/image\/\",\"url\":\"https:\/\/secure.gravatar.com\/avatar\/3cb6da298954dfb54457c0910b8c9ca010abd8d87a60f7d701b6ce4254e1c642?s=96&d=mm&r=g\",\"contentUrl\":\"https:\/\/secure.gravatar.com\/avatar\/3cb6da298954dfb54457c0910b8c9ca010abd8d87a60f7d701b6ce4254e1c642?s=96&d=mm&r=g\",\"caption\":\"admin\"},\"url\":\"https:\/\/medicina.udd.cl\/centro-genetica-genomica\/noticias\/author\/admin\/\"}]}<\/script>\n<!-- \/ Yoast SEO plugin. -->","yoast_head_json":{"title":"El Centro de Gen\u00e9tica Humana marca presencia en congresos nacionales e internacionales - Centro de Gen\u00e9tica y Gen\u00f3mica","robots":{"index":"index","follow":"follow","max-snippet":"max-snippet:-1","max-image-preview":"max-image-preview:large","max-video-preview":"max-video-preview:-1"},"canonical":"https:\/\/medicina.udd.cl\/centro-genetica-genomica\/noticias\/2010\/12\/29\/el-centro-de-genetica-humana-marca-presencia-en-congresos-nacionales-e-internacionales\/","og_locale":"es_ES","og_type":"article","og_title":"El Centro de Gen\u00e9tica Humana marca presencia en congresos nacionales e internacionales - Centro de Gen\u00e9tica y Gen\u00f3mica","og_description":"Durante el a\u00f1o 2010, los integrantes del Centro de Gen\u00e9tica Humana (CGH) tuvieron una amplia participaci\u00f3n en congresos nacionales e internacionales. A continuaci\u00f3n se detallan los trabajos y los congresos en que hubo presencia de integrantes del CGH: &#8211; Repetto GM, Vasquez M, Puga A, Ziegler A, Guzman ML. Genetic modifiers of the cardiovascular phenotype [&hellip;]","og_url":"https:\/\/medicina.udd.cl\/centro-genetica-genomica\/noticias\/2010\/12\/29\/el-centro-de-genetica-humana-marca-presencia-en-congresos-nacionales-e-internacionales\/","og_site_name":"Centro de Gen\u00e9tica y Gen\u00f3mica","article_published_time":"2010-12-29T20:32:09+00:00","article_modified_time":"2011-01-03T18:22:12+00:00","author":"admin","twitter_misc":{"Escrito por":"admin","Tiempo de lectura":"2 minutos"},"schema":{"@context":"https:\/\/schema.org","@graph":[{"@type":"Article","@id":"https:\/\/medicina.udd.cl\/centro-genetica-genomica\/noticias\/2010\/12\/29\/el-centro-de-genetica-humana-marca-presencia-en-congresos-nacionales-e-internacionales\/#article","isPartOf":{"@id":"https:\/\/medicina.udd.cl\/centro-genetica-genomica\/noticias\/2010\/12\/29\/el-centro-de-genetica-humana-marca-presencia-en-congresos-nacionales-e-internacionales\/"},"author":{"name":"admin","@id":"https:\/\/medicina.udd.cl\/centro-genetica-genomica\/#\/schema\/person\/f7abfa784c86da427e89287831f96ab7"},"headline":"El Centro de Gen\u00e9tica Humana marca presencia en congresos nacionales e internacionales","datePublished":"2010-12-29T20:32:09+00:00","dateModified":"2011-01-03T18:22:12+00:00","mainEntityOfPage":{"@id":"https:\/\/medicina.udd.cl\/centro-genetica-genomica\/noticias\/2010\/12\/29\/el-centro-de-genetica-humana-marca-presencia-en-congresos-nacionales-e-internacionales\/"},"wordCount":408,"commentCount":0,"articleSection":["Noticias"],"inLanguage":"es","potentialAction":[{"@type":"CommentAction","name":"Comment","target":["https:\/\/medicina.udd.cl\/centro-genetica-genomica\/noticias\/2010\/12\/29\/el-centro-de-genetica-humana-marca-presencia-en-congresos-nacionales-e-internacionales\/#respond"]}]},{"@type":"WebPage","@id":"https:\/\/medicina.udd.cl\/centro-genetica-genomica\/noticias\/2010\/12\/29\/el-centro-de-genetica-humana-marca-presencia-en-congresos-nacionales-e-internacionales\/","url":"https:\/\/medicina.udd.cl\/centro-genetica-genomica\/noticias\/2010\/12\/29\/el-centro-de-genetica-humana-marca-presencia-en-congresos-nacionales-e-internacionales\/","name":"El Centro de Gen\u00e9tica Humana marca presencia en congresos nacionales e internacionales - Centro de Gen\u00e9tica y Gen\u00f3mica","isPartOf":{"@id":"https:\/\/medicina.udd.cl\/centro-genetica-genomica\/#website"},"datePublished":"2010-12-29T20:32:09+00:00","dateModified":"2011-01-03T18:22:12+00:00","author":{"@id":"https:\/\/medicina.udd.cl\/centro-genetica-genomica\/#\/schema\/person\/f7abfa784c86da427e89287831f96ab7"},"breadcrumb":{"@id":"https:\/\/medicina.udd.cl\/centro-genetica-genomica\/noticias\/2010\/12\/29\/el-centro-de-genetica-humana-marca-presencia-en-congresos-nacionales-e-internacionales\/#breadcrumb"},"inLanguage":"es","potentialAction":[{"@type":"ReadAction","target":["https:\/\/medicina.udd.cl\/centro-genetica-genomica\/noticias\/2010\/12\/29\/el-centro-de-genetica-humana-marca-presencia-en-congresos-nacionales-e-internacionales\/"]}]},{"@type":"BreadcrumbList","@id":"https:\/\/medicina.udd.cl\/centro-genetica-genomica\/noticias\/2010\/12\/29\/el-centro-de-genetica-humana-marca-presencia-en-congresos-nacionales-e-internacionales\/#breadcrumb","itemListElement":[{"@type":"ListItem","position":1,"name":"Inicio","item":"https:\/\/medicina.udd.cl\/centro-genetica-genomica\/"},{"@type":"ListItem","position":2,"name":"El Centro de Gen\u00e9tica Humana marca presencia en congresos nacionales e internacionales"}]},{"@type":"WebSite","@id":"https:\/\/medicina.udd.cl\/centro-genetica-genomica\/#website","url":"https:\/\/medicina.udd.cl\/centro-genetica-genomica\/","name":"Centro de Gen\u00e9tica y Gen\u00f3mica","description":"","inLanguage":"es"},{"@type":"Person","@id":"https:\/\/medicina.udd.cl\/centro-genetica-genomica\/#\/schema\/person\/f7abfa784c86da427e89287831f96ab7","name":"admin","image":{"@type":"ImageObject","inLanguage":"es","@id":"https:\/\/medicina.udd.cl\/centro-genetica-genomica\/#\/schema\/person\/image\/","url":"https:\/\/secure.gravatar.com\/avatar\/3cb6da298954dfb54457c0910b8c9ca010abd8d87a60f7d701b6ce4254e1c642?s=96&d=mm&r=g","contentUrl":"https:\/\/secure.gravatar.com\/avatar\/3cb6da298954dfb54457c0910b8c9ca010abd8d87a60f7d701b6ce4254e1c642?s=96&d=mm&r=g","caption":"admin"},"url":"https:\/\/medicina.udd.cl\/centro-genetica-genomica\/noticias\/author\/admin\/"}]}},"featured_image_url":null,"_links":{"self":[{"href":"https:\/\/medicina.udd.cl\/centro-genetica-genomica\/wp-json\/wp\/v2\/posts\/313","targetHints":{"allow":["GET"]}}],"collection":[{"href":"https:\/\/medicina.udd.cl\/centro-genetica-genomica\/wp-json\/wp\/v2\/posts"}],"about":[{"href":"https:\/\/medicina.udd.cl\/centro-genetica-genomica\/wp-json\/wp\/v2\/types\/post"}],"author":[{"embeddable":true,"href":"https:\/\/medicina.udd.cl\/centro-genetica-genomica\/wp-json\/wp\/v2\/users\/1"}],"replies":[{"embeddable":true,"href":"https:\/\/medicina.udd.cl\/centro-genetica-genomica\/wp-json\/wp\/v2\/comments?post=313"}],"version-history":[{"count":7,"href":"https:\/\/medicina.udd.cl\/centro-genetica-genomica\/wp-json\/wp\/v2\/posts\/313\/revisions"}],"predecessor-version":[{"id":320,"href":"https:\/\/medicina.udd.cl\/centro-genetica-genomica\/wp-json\/wp\/v2\/posts\/313\/revisions\/320"}],"wp:attachment":[{"href":"https:\/\/medicina.udd.cl\/centro-genetica-genomica\/wp-json\/wp\/v2\/media?parent=313"}],"wp:term":[{"taxonomy":"category","embeddable":true,"href":"https:\/\/medicina.udd.cl\/centro-genetica-genomica\/wp-json\/wp\/v2\/categories?post=313"},{"taxonomy":"post_tag","embeddable":true,"href":"https:\/\/medicina.udd.cl\/centro-genetica-genomica\/wp-json\/wp\/v2\/tags?post=313"}],"curies":[{"name":"wp","href":"https:\/\/api.w.org\/{rel}","templated":true}]}}