{"id":427,"date":"2011-07-14T09:23:18","date_gmt":"2011-07-14T13:23:18","guid":{"rendered":"http:\/\/medicina.udd.cl\/centro-genetica-humana\/?p=427"},"modified":"2011-07-14T09:23:18","modified_gmt":"2011-07-14T13:23:18","slug":"exitosa-jornada-sobre-terapia-genica-y-celular-en-enfermedades-hepaticas","status":"publish","type":"post","link":"https:\/\/medicina.udd.cl\/centro-genetica-genomica\/noticias\/2011\/07\/14\/exitosa-jornada-sobre-terapia-genica-y-celular-en-enfermedades-hepaticas\/","title":{"rendered":"Exitosa jornada sobre terapia g\u00e9nica y celular en enfermedades hep\u00e1ticas"},"content":{"rendered":"<p style=\"text-align: justify;\">El pasado 11 de julio se realiz\u00f3 el seminario <strong>Nuevas Fronteras Terap\u00e9uticas: Terapia G\u00e9nica y Celular en Enfermedades Hep\u00e1ticas<\/strong> organizado por el Centro de Gen\u00e9tica Humana de la Facultad de Medicina y el Departamento Cient\u00edfico Docente de Cl\u00ednica Alemana.<\/p>\n<p style=\"text-align: justify;\">El inicio del encuentro estuvo a cargo del Dr. Rodrigo Zapata, quien explic\u00f3 que la cirrosis hep\u00e1tica es la 4\u00ba causa de muerte en Chile y, junto a M\u00e9xico, son los pa\u00edses de Latinoam\u00e9rica con las tasas m\u00e1s altas de muerte. \u201cSe estima que en nuestro pa\u00eds unas 30.000 personas tienen hepatitis cr\u00f3nica por virus de hepatitis B, y alrededor de 60.000 a 120.000, hepatitis C, la mayor\u00eda de ellos sin saberlo\u201d, explic\u00f3.<\/p>\n<p style=\"text-align: justify;\">Entre los invitados extranjeros, asisti\u00f3 el <strong>Dr. Jorge Rakela<\/strong>, de los departamentos de Gastroenterolog\u00eda, Hepatolog\u00eda y Trasplante de la Cl\u00ednica Mayo-Scottsdale, Estados Unidos y el <strong>Dr. Jes\u00fas Prieto<\/strong>, del Centro de Investigaci\u00f3n M\u00e9dica Avanzada de la Universidad de Navarra, Espa\u00f1a, quienes generaron gran atenci\u00f3n, debates y preguntas acerca del trasplante hep\u00e1tico, los principios b\u00e1sicos de la terapia g\u00e9nica, los virus oncol\u00edticos, la terapia g\u00e9nica del c\u00e1ncer, entre otros.\u00a0\u00a0<\/p>\n<p style=\"text-align: justify;\">En el caso de los especialistas nacionales, fueron invitados el <strong>Dr. Yedy Israel<\/strong> de la Facultad de Ciencias Qu\u00edmicas y Farmac\u00e9uticas de la Universidad de Chile, quien expuso sobre la Terapia G\u00e9nica para Alcoholismo y el <strong>Dr. Marcelo Ezquer <\/strong>del Instituto de Ciencias de la Facultad de Medicina CAS-UDD, que habl\u00f3 sobre los principios b\u00e1sicos de la terapia celular y un modelo para esteatosis hep\u00e1tica no alcoh\u00f3lica.<\/p>\n<p style=\"text-align: justify;\">Para finalizar, durante la ma\u00f1ana del martes 12, la <strong>Dra. Gabriela Repetto<\/strong>, directora del Centro de Gen\u00e9tica Humana, acompa\u00f1\u00f3 a los invitados extranjeros a un recorrido por los centros de investigaci\u00f3n de la Facultad y por las dependencias de Cl\u00ednica Alemana.<\/p>\n<div id=\"gallery-1\" class=\"carousel slide carousel-gallery\" data-ride=\"false\" data-interval=\"false\"><div class=\"carousel-inner\" role=\"listbox\"><figure class=\"carousel-item active\"><img loading=\"lazy\" decoding=\"async\" width=\"712\" height=\"534\" src=\"https:\/\/medicina.udd.cl\/centro-genetica-genomica\/files\/2011\/07\/Recorrido-por-el-Instituto-de-Ciencias.jpg\" class=\"attachment-landscape_952 size-landscape_952\" alt=\"\" srcset=\"https:\/\/medicina.udd.cl\/centro-genetica-genomica\/files\/2011\/07\/Recorrido-por-el-Instituto-de-Ciencias.jpg 2592w, https:\/\/medicina.udd.cl\/centro-genetica-genomica\/files\/2011\/07\/Recorrido-por-el-Instituto-de-Ciencias-300x225.jpg 300w, https:\/\/medicina.udd.cl\/centro-genetica-genomica\/files\/2011\/07\/Recorrido-por-el-Instituto-de-Ciencias-768x576.jpg 768w, https:\/\/medicina.udd.cl\/centro-genetica-genomica\/files\/2011\/07\/Recorrido-por-el-Instituto-de-Ciencias-1024x768.jpg 1024w, https:\/\/medicina.udd.cl\/centro-genetica-genomica\/files\/2011\/07\/Recorrido-por-el-Instituto-de-Ciencias-960x720.jpg 960w\" sizes=\"auto, (max-width: 712px) 100vw, 712px\" \/><\/figure><figure class=\"carousel-item\"><img loading=\"lazy\" decoding=\"async\" width=\"711\" height=\"534\" src=\"https:\/\/medicina.udd.cl\/centro-genetica-genomica\/files\/2011\/07\/Dr.-Rodrigo-Zapata.jpg\" class=\"attachment-landscape_952 size-landscape_952\" alt=\"\" srcset=\"https:\/\/medicina.udd.cl\/centro-genetica-genomica\/files\/2011\/07\/Dr.-Rodrigo-Zapata.jpg 2392w, https:\/\/medicina.udd.cl\/centro-genetica-genomica\/files\/2011\/07\/Dr.-Rodrigo-Zapata-300x225.jpg 300w, https:\/\/medicina.udd.cl\/centro-genetica-genomica\/files\/2011\/07\/Dr.-Rodrigo-Zapata-768x577.jpg 768w, https:\/\/medicina.udd.cl\/centro-genetica-genomica\/files\/2011\/07\/Dr.-Rodrigo-Zapata-1024x769.jpg 1024w, https:\/\/medicina.udd.cl\/centro-genetica-genomica\/files\/2011\/07\/Dr.-Rodrigo-Zapata-960x721.jpg 960w\" sizes=\"auto, (max-width: 711px) 100vw, 711px\" \/><\/figure><figure class=\"carousel-item\"><img loading=\"lazy\" decoding=\"async\" width=\"708\" height=\"534\" src=\"https:\/\/medicina.udd.cl\/centro-genetica-genomica\/files\/2011\/07\/Dr.-Jorge-Rakela.jpg\" class=\"attachment-landscape_952 size-landscape_952\" alt=\"\" srcset=\"https:\/\/medicina.udd.cl\/centro-genetica-genomica\/files\/2011\/07\/Dr.-Jorge-Rakela.jpg 2501w, https:\/\/medicina.udd.cl\/centro-genetica-genomica\/files\/2011\/07\/Dr.-Jorge-Rakela-300x226.jpg 300w, https:\/\/medicina.udd.cl\/centro-genetica-genomica\/files\/2011\/07\/Dr.-Jorge-Rakela-768x579.jpg 768w, https:\/\/medicina.udd.cl\/centro-genetica-genomica\/files\/2011\/07\/Dr.-Jorge-Rakela-1024x772.jpg 1024w, https:\/\/medicina.udd.cl\/centro-genetica-genomica\/files\/2011\/07\/Dr.-Jorge-Rakela-960x724.jpg 960w\" sizes=\"auto, (max-width: 708px) 100vw, 708px\" \/><\/figure><figure class=\"carousel-item\"><img loading=\"lazy\" decoding=\"async\" width=\"733\" height=\"534\" src=\"https:\/\/medicina.udd.cl\/centro-genetica-genomica\/files\/2011\/07\/Dr.-Jes\u00fas-Prieto.jpg\" class=\"attachment-landscape_952 size-landscape_952\" alt=\"\" srcset=\"https:\/\/medicina.udd.cl\/centro-genetica-genomica\/files\/2011\/07\/Dr.-Jes\u00fas-Prieto.jpg 2497w, https:\/\/medicina.udd.cl\/centro-genetica-genomica\/files\/2011\/07\/Dr.-Jes\u00fas-Prieto-300x218.jpg 300w, https:\/\/medicina.udd.cl\/centro-genetica-genomica\/files\/2011\/07\/Dr.-Jes\u00fas-Prieto-768x559.jpg 768w, https:\/\/medicina.udd.cl\/centro-genetica-genomica\/files\/2011\/07\/Dr.-Jes\u00fas-Prieto-1024x746.jpg 1024w, https:\/\/medicina.udd.cl\/centro-genetica-genomica\/files\/2011\/07\/Dr.-Jes\u00fas-Prieto-87x62.jpg 87w, https:\/\/medicina.udd.cl\/centro-genetica-genomica\/files\/2011\/07\/Dr.-Jes\u00fas-Prieto-960x699.jpg 960w\" sizes=\"auto, (max-width: 733px) 100vw, 733px\" \/><\/figure><\/div><footer class=\"carousel-footer\"><div class=\"carousel-counter\"><span class=\"carousel-counter-current\"><\/span> \/ <span class=\"carousel-counter-total\"><\/span><\/div><a class=\"carousel-control-prev\" href=\"#gallery-1\" role=\"button\" data-slide=\"prev\"><svg aria-hidden=\"true\" class=\"svg-chevron-left-dims\"><use xlink:href='https:\/\/medicina.udd.cl\/centro-genetica-genomica\/wp-content\/themes\/facultades-2018\/assets\/img\/svg\/dist\/main.svg?version=1695853099#chevron-left'><\/use><\/svg><span class=\"sr-only\">Anterior<\/span><\/a><a class=\"carousel-control-next\" href=\"#gallery-1\" role=\"button\" data-slide=\"next\"><svg aria-hidden=\"true\" class=\"svg-chevron-right-dims\"><use xlink:href='https:\/\/medicina.udd.cl\/centro-genetica-genomica\/wp-content\/themes\/facultades-2018\/assets\/img\/svg\/dist\/main.svg?version=1695853099#chevron-right'><\/use><\/svg><span class=\"sr-only\">Siguiente<\/span><\/a><\/footer><\/div>\n","protected":false},"excerpt":{"rendered":"<p>Los invitados internacionales tambi\u00e9n recorrieron las dependencias de la Facultad de Medicina Cl\u00ednica Alemana Universidad del Desarrollo. <\/p>\n","protected":false},"author":1,"featured_media":0,"comment_status":"open","ping_status":"open","sticky":false,"template":"","format":"standard","meta":{"footnotes":""},"categories":[4],"tags":[],"class_list":["post-427","post","type-post","status-publish","format-standard","hentry","category-noticias"],"yoast_head":"<!-- This site is optimized with the Yoast SEO plugin v26.9 - https:\/\/yoast.com\/product\/yoast-seo-wordpress\/ -->\n<title>Exitosa jornada sobre terapia g\u00e9nica y celular en enfermedades hep\u00e1ticas - Centro de Gen\u00e9tica y Gen\u00f3mica<\/title>\n<meta name=\"robots\" content=\"index, follow, max-snippet:-1, max-image-preview:large, max-video-preview:-1\" \/>\n<link rel=\"canonical\" href=\"https:\/\/medicina.udd.cl\/centro-genetica-genomica\/noticias\/2011\/07\/14\/exitosa-jornada-sobre-terapia-genica-y-celular-en-enfermedades-hepaticas\/\" \/>\n<meta property=\"og:locale\" content=\"es_ES\" \/>\n<meta property=\"og:type\" content=\"article\" \/>\n<meta property=\"og:title\" content=\"Exitosa jornada sobre terapia g\u00e9nica y celular en enfermedades hep\u00e1ticas - Centro de Gen\u00e9tica y Gen\u00f3mica\" \/>\n<meta property=\"og:description\" content=\"Los invitados internacionales tambi\u00e9n recorrieron las dependencias de la Facultad de Medicina Cl\u00ednica Alemana Universidad del Desarrollo.\" \/>\n<meta property=\"og:url\" content=\"https:\/\/medicina.udd.cl\/centro-genetica-genomica\/noticias\/2011\/07\/14\/exitosa-jornada-sobre-terapia-genica-y-celular-en-enfermedades-hepaticas\/\" \/>\n<meta property=\"og:site_name\" content=\"Centro de Gen\u00e9tica y Gen\u00f3mica\" \/>\n<meta property=\"article:published_time\" content=\"2011-07-14T13:23:18+00:00\" \/>\n<meta property=\"og:image\" content=\"https:\/\/medicina.udd.cl\/centro-genetica-genomica\/files\/2011\/07\/Recorrido-por-el-Instituto-de-Ciencias.jpg\" \/>\n<meta name=\"author\" content=\"admin\" \/>\n<meta name=\"twitter:label1\" content=\"Escrito por\" \/>\n\t<meta name=\"twitter:data1\" content=\"admin\" \/>\n\t<meta name=\"twitter:label2\" content=\"Tiempo de lectura\" \/>\n\t<meta name=\"twitter:data2\" content=\"2 minutos\" \/>\n<script type=\"application\/ld+json\" class=\"yoast-schema-graph\">{\"@context\":\"https:\/\/schema.org\",\"@graph\":[{\"@type\":\"Article\",\"@id\":\"https:\/\/medicina.udd.cl\/centro-genetica-genomica\/noticias\/2011\/07\/14\/exitosa-jornada-sobre-terapia-genica-y-celular-en-enfermedades-hepaticas\/#article\",\"isPartOf\":{\"@id\":\"https:\/\/medicina.udd.cl\/centro-genetica-genomica\/noticias\/2011\/07\/14\/exitosa-jornada-sobre-terapia-genica-y-celular-en-enfermedades-hepaticas\/\"},\"author\":{\"name\":\"admin\",\"@id\":\"https:\/\/medicina.udd.cl\/centro-genetica-genomica\/#\/schema\/person\/f7abfa784c86da427e89287831f96ab7\"},\"headline\":\"Exitosa jornada sobre terapia g\u00e9nica y celular en enfermedades hep\u00e1ticas\",\"datePublished\":\"2011-07-14T13:23:18+00:00\",\"mainEntityOfPage\":{\"@id\":\"https:\/\/medicina.udd.cl\/centro-genetica-genomica\/noticias\/2011\/07\/14\/exitosa-jornada-sobre-terapia-genica-y-celular-en-enfermedades-hepaticas\/\"},\"wordCount\":335,\"commentCount\":0,\"articleSection\":[\"Noticias\"],\"inLanguage\":\"es\",\"potentialAction\":[{\"@type\":\"CommentAction\",\"name\":\"Comment\",\"target\":[\"https:\/\/medicina.udd.cl\/centro-genetica-genomica\/noticias\/2011\/07\/14\/exitosa-jornada-sobre-terapia-genica-y-celular-en-enfermedades-hepaticas\/#respond\"]}]},{\"@type\":\"WebPage\",\"@id\":\"https:\/\/medicina.udd.cl\/centro-genetica-genomica\/noticias\/2011\/07\/14\/exitosa-jornada-sobre-terapia-genica-y-celular-en-enfermedades-hepaticas\/\",\"url\":\"https:\/\/medicina.udd.cl\/centro-genetica-genomica\/noticias\/2011\/07\/14\/exitosa-jornada-sobre-terapia-genica-y-celular-en-enfermedades-hepaticas\/\",\"name\":\"Exitosa jornada sobre terapia g\u00e9nica y celular en enfermedades hep\u00e1ticas - Centro de Gen\u00e9tica y Gen\u00f3mica\",\"isPartOf\":{\"@id\":\"https:\/\/medicina.udd.cl\/centro-genetica-genomica\/#website\"},\"datePublished\":\"2011-07-14T13:23:18+00:00\",\"author\":{\"@id\":\"https:\/\/medicina.udd.cl\/centro-genetica-genomica\/#\/schema\/person\/f7abfa784c86da427e89287831f96ab7\"},\"breadcrumb\":{\"@id\":\"https:\/\/medicina.udd.cl\/centro-genetica-genomica\/noticias\/2011\/07\/14\/exitosa-jornada-sobre-terapia-genica-y-celular-en-enfermedades-hepaticas\/#breadcrumb\"},\"inLanguage\":\"es\",\"potentialAction\":[{\"@type\":\"ReadAction\",\"target\":[\"https:\/\/medicina.udd.cl\/centro-genetica-genomica\/noticias\/2011\/07\/14\/exitosa-jornada-sobre-terapia-genica-y-celular-en-enfermedades-hepaticas\/\"]}]},{\"@type\":\"BreadcrumbList\",\"@id\":\"https:\/\/medicina.udd.cl\/centro-genetica-genomica\/noticias\/2011\/07\/14\/exitosa-jornada-sobre-terapia-genica-y-celular-en-enfermedades-hepaticas\/#breadcrumb\",\"itemListElement\":[{\"@type\":\"ListItem\",\"position\":1,\"name\":\"Inicio\",\"item\":\"https:\/\/medicina.udd.cl\/centro-genetica-genomica\/\"},{\"@type\":\"ListItem\",\"position\":2,\"name\":\"Exitosa jornada sobre terapia g\u00e9nica y celular en enfermedades hep\u00e1ticas\"}]},{\"@type\":\"WebSite\",\"@id\":\"https:\/\/medicina.udd.cl\/centro-genetica-genomica\/#website\",\"url\":\"https:\/\/medicina.udd.cl\/centro-genetica-genomica\/\",\"name\":\"Centro de Gen\u00e9tica y Gen\u00f3mica\",\"description\":\"\",\"inLanguage\":\"es\"},{\"@type\":\"Person\",\"@id\":\"https:\/\/medicina.udd.cl\/centro-genetica-genomica\/#\/schema\/person\/f7abfa784c86da427e89287831f96ab7\",\"name\":\"admin\",\"image\":{\"@type\":\"ImageObject\",\"inLanguage\":\"es\",\"@id\":\"https:\/\/medicina.udd.cl\/centro-genetica-genomica\/#\/schema\/person\/image\/\",\"url\":\"https:\/\/secure.gravatar.com\/avatar\/3cb6da298954dfb54457c0910b8c9ca010abd8d87a60f7d701b6ce4254e1c642?s=96&d=mm&r=g\",\"contentUrl\":\"https:\/\/secure.gravatar.com\/avatar\/3cb6da298954dfb54457c0910b8c9ca010abd8d87a60f7d701b6ce4254e1c642?s=96&d=mm&r=g\",\"caption\":\"admin\"},\"url\":\"https:\/\/medicina.udd.cl\/centro-genetica-genomica\/noticias\/author\/admin\/\"}]}<\/script>\n<!-- \/ Yoast SEO plugin. -->","yoast_head_json":{"title":"Exitosa jornada sobre terapia g\u00e9nica y celular en enfermedades hep\u00e1ticas - Centro de Gen\u00e9tica y Gen\u00f3mica","robots":{"index":"index","follow":"follow","max-snippet":"max-snippet:-1","max-image-preview":"max-image-preview:large","max-video-preview":"max-video-preview:-1"},"canonical":"https:\/\/medicina.udd.cl\/centro-genetica-genomica\/noticias\/2011\/07\/14\/exitosa-jornada-sobre-terapia-genica-y-celular-en-enfermedades-hepaticas\/","og_locale":"es_ES","og_type":"article","og_title":"Exitosa jornada sobre terapia g\u00e9nica y celular en enfermedades hep\u00e1ticas - Centro de Gen\u00e9tica y Gen\u00f3mica","og_description":"Los invitados internacionales tambi\u00e9n recorrieron las dependencias de la Facultad de Medicina Cl\u00ednica Alemana Universidad del Desarrollo.","og_url":"https:\/\/medicina.udd.cl\/centro-genetica-genomica\/noticias\/2011\/07\/14\/exitosa-jornada-sobre-terapia-genica-y-celular-en-enfermedades-hepaticas\/","og_site_name":"Centro de Gen\u00e9tica y Gen\u00f3mica","article_published_time":"2011-07-14T13:23:18+00:00","og_image":[{"url":"https:\/\/medicina.udd.cl\/centro-genetica-genomica\/files\/2011\/07\/Recorrido-por-el-Instituto-de-Ciencias.jpg","type":"","width":"","height":""}],"author":"admin","twitter_misc":{"Escrito por":"admin","Tiempo de lectura":"2 minutos"},"schema":{"@context":"https:\/\/schema.org","@graph":[{"@type":"Article","@id":"https:\/\/medicina.udd.cl\/centro-genetica-genomica\/noticias\/2011\/07\/14\/exitosa-jornada-sobre-terapia-genica-y-celular-en-enfermedades-hepaticas\/#article","isPartOf":{"@id":"https:\/\/medicina.udd.cl\/centro-genetica-genomica\/noticias\/2011\/07\/14\/exitosa-jornada-sobre-terapia-genica-y-celular-en-enfermedades-hepaticas\/"},"author":{"name":"admin","@id":"https:\/\/medicina.udd.cl\/centro-genetica-genomica\/#\/schema\/person\/f7abfa784c86da427e89287831f96ab7"},"headline":"Exitosa jornada sobre terapia g\u00e9nica y celular en enfermedades hep\u00e1ticas","datePublished":"2011-07-14T13:23:18+00:00","mainEntityOfPage":{"@id":"https:\/\/medicina.udd.cl\/centro-genetica-genomica\/noticias\/2011\/07\/14\/exitosa-jornada-sobre-terapia-genica-y-celular-en-enfermedades-hepaticas\/"},"wordCount":335,"commentCount":0,"articleSection":["Noticias"],"inLanguage":"es","potentialAction":[{"@type":"CommentAction","name":"Comment","target":["https:\/\/medicina.udd.cl\/centro-genetica-genomica\/noticias\/2011\/07\/14\/exitosa-jornada-sobre-terapia-genica-y-celular-en-enfermedades-hepaticas\/#respond"]}]},{"@type":"WebPage","@id":"https:\/\/medicina.udd.cl\/centro-genetica-genomica\/noticias\/2011\/07\/14\/exitosa-jornada-sobre-terapia-genica-y-celular-en-enfermedades-hepaticas\/","url":"https:\/\/medicina.udd.cl\/centro-genetica-genomica\/noticias\/2011\/07\/14\/exitosa-jornada-sobre-terapia-genica-y-celular-en-enfermedades-hepaticas\/","name":"Exitosa jornada sobre terapia g\u00e9nica y celular en enfermedades hep\u00e1ticas - Centro de Gen\u00e9tica y Gen\u00f3mica","isPartOf":{"@id":"https:\/\/medicina.udd.cl\/centro-genetica-genomica\/#website"},"datePublished":"2011-07-14T13:23:18+00:00","author":{"@id":"https:\/\/medicina.udd.cl\/centro-genetica-genomica\/#\/schema\/person\/f7abfa784c86da427e89287831f96ab7"},"breadcrumb":{"@id":"https:\/\/medicina.udd.cl\/centro-genetica-genomica\/noticias\/2011\/07\/14\/exitosa-jornada-sobre-terapia-genica-y-celular-en-enfermedades-hepaticas\/#breadcrumb"},"inLanguage":"es","potentialAction":[{"@type":"ReadAction","target":["https:\/\/medicina.udd.cl\/centro-genetica-genomica\/noticias\/2011\/07\/14\/exitosa-jornada-sobre-terapia-genica-y-celular-en-enfermedades-hepaticas\/"]}]},{"@type":"BreadcrumbList","@id":"https:\/\/medicina.udd.cl\/centro-genetica-genomica\/noticias\/2011\/07\/14\/exitosa-jornada-sobre-terapia-genica-y-celular-en-enfermedades-hepaticas\/#breadcrumb","itemListElement":[{"@type":"ListItem","position":1,"name":"Inicio","item":"https:\/\/medicina.udd.cl\/centro-genetica-genomica\/"},{"@type":"ListItem","position":2,"name":"Exitosa jornada sobre terapia g\u00e9nica y celular en enfermedades hep\u00e1ticas"}]},{"@type":"WebSite","@id":"https:\/\/medicina.udd.cl\/centro-genetica-genomica\/#website","url":"https:\/\/medicina.udd.cl\/centro-genetica-genomica\/","name":"Centro de Gen\u00e9tica y Gen\u00f3mica","description":"","inLanguage":"es"},{"@type":"Person","@id":"https:\/\/medicina.udd.cl\/centro-genetica-genomica\/#\/schema\/person\/f7abfa784c86da427e89287831f96ab7","name":"admin","image":{"@type":"ImageObject","inLanguage":"es","@id":"https:\/\/medicina.udd.cl\/centro-genetica-genomica\/#\/schema\/person\/image\/","url":"https:\/\/secure.gravatar.com\/avatar\/3cb6da298954dfb54457c0910b8c9ca010abd8d87a60f7d701b6ce4254e1c642?s=96&d=mm&r=g","contentUrl":"https:\/\/secure.gravatar.com\/avatar\/3cb6da298954dfb54457c0910b8c9ca010abd8d87a60f7d701b6ce4254e1c642?s=96&d=mm&r=g","caption":"admin"},"url":"https:\/\/medicina.udd.cl\/centro-genetica-genomica\/noticias\/author\/admin\/"}]}},"featured_image_url":null,"_links":{"self":[{"href":"https:\/\/medicina.udd.cl\/centro-genetica-genomica\/wp-json\/wp\/v2\/posts\/427","targetHints":{"allow":["GET"]}}],"collection":[{"href":"https:\/\/medicina.udd.cl\/centro-genetica-genomica\/wp-json\/wp\/v2\/posts"}],"about":[{"href":"https:\/\/medicina.udd.cl\/centro-genetica-genomica\/wp-json\/wp\/v2\/types\/post"}],"author":[{"embeddable":true,"href":"https:\/\/medicina.udd.cl\/centro-genetica-genomica\/wp-json\/wp\/v2\/users\/1"}],"replies":[{"embeddable":true,"href":"https:\/\/medicina.udd.cl\/centro-genetica-genomica\/wp-json\/wp\/v2\/comments?post=427"}],"version-history":[{"count":1,"href":"https:\/\/medicina.udd.cl\/centro-genetica-genomica\/wp-json\/wp\/v2\/posts\/427\/revisions"}],"predecessor-version":[{"id":432,"href":"https:\/\/medicina.udd.cl\/centro-genetica-genomica\/wp-json\/wp\/v2\/posts\/427\/revisions\/432"}],"wp:attachment":[{"href":"https:\/\/medicina.udd.cl\/centro-genetica-genomica\/wp-json\/wp\/v2\/media?parent=427"}],"wp:term":[{"taxonomy":"category","embeddable":true,"href":"https:\/\/medicina.udd.cl\/centro-genetica-genomica\/wp-json\/wp\/v2\/categories?post=427"},{"taxonomy":"post_tag","embeddable":true,"href":"https:\/\/medicina.udd.cl\/centro-genetica-genomica\/wp-json\/wp\/v2\/tags?post=427"}],"curies":[{"name":"wp","href":"https:\/\/api.w.org\/{rel}","templated":true}]}}