{"id":435,"date":"2011-10-19T16:38:03","date_gmt":"2011-10-19T19:38:03","guid":{"rendered":"http:\/\/medicina.udd.cl\/centro-genetica-humana\/?p=435"},"modified":"2011-10-19T16:38:03","modified_gmt":"2011-10-19T19:38:03","slug":"presentes-en-el-congreso-internacional-de-genetica-humana","status":"publish","type":"post","link":"https:\/\/medicina.udd.cl\/centro-genetica-genomica\/noticias\/2011\/10\/19\/presentes-en-el-congreso-internacional-de-genetica-humana\/","title":{"rendered":"Presentes en el Congreso Internacional de Gen\u00e9tica Humana"},"content":{"rendered":"<p style=\"text-align: center;\"><img loading=\"lazy\" decoding=\"async\" class=\"alignleft size-full wp-image-438\" title=\"ichglogo\" src=\"http:\/\/medicina.udd.cl\/centro-genetica-humana\/files\/2011\/10\/ichglogo_245x288.png\" alt=\"ICHG 2011\" width=\"136\" height=\"159\" \/>Entre el 11 y el 15 de octubre se realiz\u00f3 la versi\u00f3n n\u00famero 12 del International Congress of Human Genetics. Esta actividad, que se realiza cada 5 a\u00f1os, es organizada por la International Federation of Human Genetics Societies que re\u00fane a las Sociedades de Gen\u00e9tica Humana de todos los continentes. En esta ocasi\u00f3n se realiz\u00f3 en el Palais des Congr\u00e9s en Montreal, Quebec, Canad\u00e1, donde estuvieron exponiendo sus trabajos, Gabriela Repetto, Annemarie Ziegler, Marcos V\u00e1squez y Guillermo Lay-Son, del Centro de Gen\u00e9tica Humana de nuestra Facultad.<\/p>\n<p>Los trabajos presentados fueron:<a href=\"http:\/\/medicina.udd.cl\/centro-genetica-humana\/files\/2011\/10\/Palais_des_congr\u00e8s.jpg\"><img loading=\"lazy\" decoding=\"async\" class=\"size-medium wp-image-442 alignright\" title=\"Palais des congr\u00e8s\" src=\"http:\/\/medicina.udd.cl\/centro-genetica-humana\/files\/2011\/10\/Palais_des_congr\u00e8s-300x174.jpg\" alt=\"\" width=\"210\" height=\"122\" \/><\/a><\/p>\n<p><strong>Neural teneurins are expressed in human tumors and tumor-derived cell lines.<\/strong> A. Ziegler, G. Di Capua, J. E. Oyarz\u00fan, I. E. Roa, J. A. Bra\u00f1es, P. Casanello, G. Repetto.<\/p>\n<p><strong>Genetic modifiers of the 22q11 microdeletion syndrome: Preliminary results of a GWA study.<\/strong> G. M. Repetto, S. McGhee, M. L. Guzman, N. McLennan, M. Palomares, M. Vasquez, G. Lay-Son, A. Ziegler.<\/p>\n<p><strong>Palate abnormalities in Chilean patients with chromosome 22q11 microdeletion syndrome.<\/strong> M. Vasquez, M. Palomares, M. L. Guzman, G. Lay-Son, G. M. Repetto.<\/p>\n<p><strong>Novel recurrent CFTR mutation in Chilean cystic fibrosis patients.<\/strong> G. Lay-Son, M. Vasquez, F. Vial, M. L. Boza, I. Contreras, J. Lozano, D. Zenteno, F. Bello, G. M. Repetto.<a href=\"http:\/\/medicina.udd.cl\/centro-genetica-humana\/files\/2011\/10\/Montreal1.jpg\"><img loading=\"lazy\" decoding=\"async\" class=\"aligncenter size-large wp-image-494\" title=\"Montreal\" src=\"http:\/\/medicina.udd.cl\/centro-genetica-humana\/files\/2011\/10\/Montreal1-1024x768.jpg\" alt=\"\" width=\"197\" height=\"147\" srcset=\"https:\/\/medicina.udd.cl\/centro-genetica-genomica\/files\/2011\/10\/Montreal1-1024x768.jpg 1024w, https:\/\/medicina.udd.cl\/centro-genetica-genomica\/files\/2011\/10\/Montreal1-300x225.jpg 300w, https:\/\/medicina.udd.cl\/centro-genetica-genomica\/files\/2011\/10\/Montreal1-768x576.jpg 768w, https:\/\/medicina.udd.cl\/centro-genetica-genomica\/files\/2011\/10\/Montreal1-960x720.jpg 960w, https:\/\/medicina.udd.cl\/centro-genetica-genomica\/files\/2011\/10\/Montreal1.jpg 1280w\" sizes=\"auto, (max-width: 197px) 100vw, 197px\" \/><\/a><\/p>\n","protected":false},"excerpt":{"rendered":"<p>Entre el 11 y el 15 de octubre se realiz\u00f3 la versi\u00f3n n\u00famero 12 del International Congress of Human Genetics. Esta actividad, que se realiza cada 5 a\u00f1os, es organizada por la International Federation of Human Genetics Societies que re\u00fane a las Sociedades de Gen\u00e9tica Humana de todos los continentes. En esta ocasi\u00f3n se realiz\u00f3 [&hellip;]<\/p>\n","protected":false},"author":1,"featured_media":0,"comment_status":"open","ping_status":"open","sticky":false,"template":"","format":"standard","meta":{"footnotes":""},"categories":[4],"tags":[],"class_list":["post-435","post","type-post","status-publish","format-standard","hentry","category-noticias"],"yoast_head":"<!-- This site is optimized with the Yoast SEO plugin v26.9 - https:\/\/yoast.com\/product\/yoast-seo-wordpress\/ -->\n<title>Presentes en el Congreso Internacional de Gen\u00e9tica Humana - Centro de Gen\u00e9tica y Gen\u00f3mica<\/title>\n<meta name=\"robots\" content=\"index, follow, max-snippet:-1, max-image-preview:large, max-video-preview:-1\" \/>\n<link rel=\"canonical\" href=\"https:\/\/medicina.udd.cl\/centro-genetica-genomica\/noticias\/2011\/10\/19\/presentes-en-el-congreso-internacional-de-genetica-humana\/\" \/>\n<meta property=\"og:locale\" content=\"es_ES\" \/>\n<meta property=\"og:type\" content=\"article\" \/>\n<meta property=\"og:title\" content=\"Presentes en el Congreso Internacional de Gen\u00e9tica Humana - Centro de Gen\u00e9tica y Gen\u00f3mica\" \/>\n<meta property=\"og:description\" content=\"Entre el 11 y el 15 de octubre se realiz\u00f3 la versi\u00f3n n\u00famero 12 del International Congress of Human Genetics. Esta actividad, que se realiza cada 5 a\u00f1os, es organizada por la International Federation of Human Genetics Societies que re\u00fane a las Sociedades de Gen\u00e9tica Humana de todos los continentes. En esta ocasi\u00f3n se realiz\u00f3 [&hellip;]\" \/>\n<meta property=\"og:url\" content=\"https:\/\/medicina.udd.cl\/centro-genetica-genomica\/noticias\/2011\/10\/19\/presentes-en-el-congreso-internacional-de-genetica-humana\/\" \/>\n<meta property=\"og:site_name\" content=\"Centro de Gen\u00e9tica y Gen\u00f3mica\" \/>\n<meta property=\"article:published_time\" content=\"2011-10-19T19:38:03+00:00\" \/>\n<meta property=\"og:image\" content=\"http:\/\/medicina.udd.cl\/centro-genetica-humana\/files\/2011\/10\/ichglogo_245x288.png\" \/>\n<meta name=\"author\" content=\"admin\" \/>\n<meta name=\"twitter:label1\" content=\"Escrito por\" \/>\n\t<meta name=\"twitter:data1\" content=\"admin\" \/>\n\t<meta name=\"twitter:label2\" content=\"Tiempo de lectura\" \/>\n\t<meta name=\"twitter:data2\" content=\"1 minuto\" \/>\n<script type=\"application\/ld+json\" class=\"yoast-schema-graph\">{\"@context\":\"https:\/\/schema.org\",\"@graph\":[{\"@type\":\"Article\",\"@id\":\"https:\/\/medicina.udd.cl\/centro-genetica-genomica\/noticias\/2011\/10\/19\/presentes-en-el-congreso-internacional-de-genetica-humana\/#article\",\"isPartOf\":{\"@id\":\"https:\/\/medicina.udd.cl\/centro-genetica-genomica\/noticias\/2011\/10\/19\/presentes-en-el-congreso-internacional-de-genetica-humana\/\"},\"author\":{\"name\":\"admin\",\"@id\":\"https:\/\/medicina.udd.cl\/centro-genetica-genomica\/#\/schema\/person\/f7abfa784c86da427e89287831f96ab7\"},\"headline\":\"Presentes en el Congreso Internacional de Gen\u00e9tica Humana\",\"datePublished\":\"2011-10-19T19:38:03+00:00\",\"mainEntityOfPage\":{\"@id\":\"https:\/\/medicina.udd.cl\/centro-genetica-genomica\/noticias\/2011\/10\/19\/presentes-en-el-congreso-internacional-de-genetica-humana\/\"},\"wordCount\":217,\"commentCount\":0,\"image\":{\"@id\":\"https:\/\/medicina.udd.cl\/centro-genetica-genomica\/noticias\/2011\/10\/19\/presentes-en-el-congreso-internacional-de-genetica-humana\/#primaryimage\"},\"thumbnailUrl\":\"http:\/\/medicina.udd.cl\/centro-genetica-humana\/files\/2011\/10\/ichglogo_245x288.png\",\"articleSection\":[\"Noticias\"],\"inLanguage\":\"es\",\"potentialAction\":[{\"@type\":\"CommentAction\",\"name\":\"Comment\",\"target\":[\"https:\/\/medicina.udd.cl\/centro-genetica-genomica\/noticias\/2011\/10\/19\/presentes-en-el-congreso-internacional-de-genetica-humana\/#respond\"]}]},{\"@type\":\"WebPage\",\"@id\":\"https:\/\/medicina.udd.cl\/centro-genetica-genomica\/noticias\/2011\/10\/19\/presentes-en-el-congreso-internacional-de-genetica-humana\/\",\"url\":\"https:\/\/medicina.udd.cl\/centro-genetica-genomica\/noticias\/2011\/10\/19\/presentes-en-el-congreso-internacional-de-genetica-humana\/\",\"name\":\"Presentes en el Congreso Internacional de Gen\u00e9tica Humana - Centro de Gen\u00e9tica y Gen\u00f3mica\",\"isPartOf\":{\"@id\":\"https:\/\/medicina.udd.cl\/centro-genetica-genomica\/#website\"},\"primaryImageOfPage\":{\"@id\":\"https:\/\/medicina.udd.cl\/centro-genetica-genomica\/noticias\/2011\/10\/19\/presentes-en-el-congreso-internacional-de-genetica-humana\/#primaryimage\"},\"image\":{\"@id\":\"https:\/\/medicina.udd.cl\/centro-genetica-genomica\/noticias\/2011\/10\/19\/presentes-en-el-congreso-internacional-de-genetica-humana\/#primaryimage\"},\"thumbnailUrl\":\"http:\/\/medicina.udd.cl\/centro-genetica-humana\/files\/2011\/10\/ichglogo_245x288.png\",\"datePublished\":\"2011-10-19T19:38:03+00:00\",\"author\":{\"@id\":\"https:\/\/medicina.udd.cl\/centro-genetica-genomica\/#\/schema\/person\/f7abfa784c86da427e89287831f96ab7\"},\"breadcrumb\":{\"@id\":\"https:\/\/medicina.udd.cl\/centro-genetica-genomica\/noticias\/2011\/10\/19\/presentes-en-el-congreso-internacional-de-genetica-humana\/#breadcrumb\"},\"inLanguage\":\"es\",\"potentialAction\":[{\"@type\":\"ReadAction\",\"target\":[\"https:\/\/medicina.udd.cl\/centro-genetica-genomica\/noticias\/2011\/10\/19\/presentes-en-el-congreso-internacional-de-genetica-humana\/\"]}]},{\"@type\":\"ImageObject\",\"inLanguage\":\"es\",\"@id\":\"https:\/\/medicina.udd.cl\/centro-genetica-genomica\/noticias\/2011\/10\/19\/presentes-en-el-congreso-internacional-de-genetica-humana\/#primaryimage\",\"url\":\"http:\/\/medicina.udd.cl\/centro-genetica-humana\/files\/2011\/10\/ichglogo_245x288.png\",\"contentUrl\":\"http:\/\/medicina.udd.cl\/centro-genetica-humana\/files\/2011\/10\/ichglogo_245x288.png\"},{\"@type\":\"BreadcrumbList\",\"@id\":\"https:\/\/medicina.udd.cl\/centro-genetica-genomica\/noticias\/2011\/10\/19\/presentes-en-el-congreso-internacional-de-genetica-humana\/#breadcrumb\",\"itemListElement\":[{\"@type\":\"ListItem\",\"position\":1,\"name\":\"Inicio\",\"item\":\"https:\/\/medicina.udd.cl\/centro-genetica-genomica\/\"},{\"@type\":\"ListItem\",\"position\":2,\"name\":\"Presentes en el Congreso Internacional de Gen\u00e9tica Humana\"}]},{\"@type\":\"WebSite\",\"@id\":\"https:\/\/medicina.udd.cl\/centro-genetica-genomica\/#website\",\"url\":\"https:\/\/medicina.udd.cl\/centro-genetica-genomica\/\",\"name\":\"Centro de Gen\u00e9tica y Gen\u00f3mica\",\"description\":\"\",\"inLanguage\":\"es\"},{\"@type\":\"Person\",\"@id\":\"https:\/\/medicina.udd.cl\/centro-genetica-genomica\/#\/schema\/person\/f7abfa784c86da427e89287831f96ab7\",\"name\":\"admin\",\"image\":{\"@type\":\"ImageObject\",\"inLanguage\":\"es\",\"@id\":\"https:\/\/medicina.udd.cl\/centro-genetica-genomica\/#\/schema\/person\/image\/\",\"url\":\"https:\/\/secure.gravatar.com\/avatar\/3cb6da298954dfb54457c0910b8c9ca010abd8d87a60f7d701b6ce4254e1c642?s=96&d=mm&r=g\",\"contentUrl\":\"https:\/\/secure.gravatar.com\/avatar\/3cb6da298954dfb54457c0910b8c9ca010abd8d87a60f7d701b6ce4254e1c642?s=96&d=mm&r=g\",\"caption\":\"admin\"},\"url\":\"https:\/\/medicina.udd.cl\/centro-genetica-genomica\/noticias\/author\/admin\/\"}]}<\/script>\n<!-- \/ Yoast SEO plugin. -->","yoast_head_json":{"title":"Presentes en el Congreso Internacional de Gen\u00e9tica Humana - Centro de Gen\u00e9tica y Gen\u00f3mica","robots":{"index":"index","follow":"follow","max-snippet":"max-snippet:-1","max-image-preview":"max-image-preview:large","max-video-preview":"max-video-preview:-1"},"canonical":"https:\/\/medicina.udd.cl\/centro-genetica-genomica\/noticias\/2011\/10\/19\/presentes-en-el-congreso-internacional-de-genetica-humana\/","og_locale":"es_ES","og_type":"article","og_title":"Presentes en el Congreso Internacional de Gen\u00e9tica Humana - Centro de Gen\u00e9tica y Gen\u00f3mica","og_description":"Entre el 11 y el 15 de octubre se realiz\u00f3 la versi\u00f3n n\u00famero 12 del International Congress of Human Genetics. Esta actividad, que se realiza cada 5 a\u00f1os, es organizada por la International Federation of Human Genetics Societies que re\u00fane a las Sociedades de Gen\u00e9tica Humana de todos los continentes. En esta ocasi\u00f3n se realiz\u00f3 [&hellip;]","og_url":"https:\/\/medicina.udd.cl\/centro-genetica-genomica\/noticias\/2011\/10\/19\/presentes-en-el-congreso-internacional-de-genetica-humana\/","og_site_name":"Centro de Gen\u00e9tica y Gen\u00f3mica","article_published_time":"2011-10-19T19:38:03+00:00","og_image":[{"url":"http:\/\/medicina.udd.cl\/centro-genetica-humana\/files\/2011\/10\/ichglogo_245x288.png","type":"","width":"","height":""}],"author":"admin","twitter_misc":{"Escrito por":"admin","Tiempo de lectura":"1 minuto"},"schema":{"@context":"https:\/\/schema.org","@graph":[{"@type":"Article","@id":"https:\/\/medicina.udd.cl\/centro-genetica-genomica\/noticias\/2011\/10\/19\/presentes-en-el-congreso-internacional-de-genetica-humana\/#article","isPartOf":{"@id":"https:\/\/medicina.udd.cl\/centro-genetica-genomica\/noticias\/2011\/10\/19\/presentes-en-el-congreso-internacional-de-genetica-humana\/"},"author":{"name":"admin","@id":"https:\/\/medicina.udd.cl\/centro-genetica-genomica\/#\/schema\/person\/f7abfa784c86da427e89287831f96ab7"},"headline":"Presentes en el Congreso Internacional de Gen\u00e9tica Humana","datePublished":"2011-10-19T19:38:03+00:00","mainEntityOfPage":{"@id":"https:\/\/medicina.udd.cl\/centro-genetica-genomica\/noticias\/2011\/10\/19\/presentes-en-el-congreso-internacional-de-genetica-humana\/"},"wordCount":217,"commentCount":0,"image":{"@id":"https:\/\/medicina.udd.cl\/centro-genetica-genomica\/noticias\/2011\/10\/19\/presentes-en-el-congreso-internacional-de-genetica-humana\/#primaryimage"},"thumbnailUrl":"http:\/\/medicina.udd.cl\/centro-genetica-humana\/files\/2011\/10\/ichglogo_245x288.png","articleSection":["Noticias"],"inLanguage":"es","potentialAction":[{"@type":"CommentAction","name":"Comment","target":["https:\/\/medicina.udd.cl\/centro-genetica-genomica\/noticias\/2011\/10\/19\/presentes-en-el-congreso-internacional-de-genetica-humana\/#respond"]}]},{"@type":"WebPage","@id":"https:\/\/medicina.udd.cl\/centro-genetica-genomica\/noticias\/2011\/10\/19\/presentes-en-el-congreso-internacional-de-genetica-humana\/","url":"https:\/\/medicina.udd.cl\/centro-genetica-genomica\/noticias\/2011\/10\/19\/presentes-en-el-congreso-internacional-de-genetica-humana\/","name":"Presentes en el Congreso Internacional de Gen\u00e9tica Humana - Centro de Gen\u00e9tica y Gen\u00f3mica","isPartOf":{"@id":"https:\/\/medicina.udd.cl\/centro-genetica-genomica\/#website"},"primaryImageOfPage":{"@id":"https:\/\/medicina.udd.cl\/centro-genetica-genomica\/noticias\/2011\/10\/19\/presentes-en-el-congreso-internacional-de-genetica-humana\/#primaryimage"},"image":{"@id":"https:\/\/medicina.udd.cl\/centro-genetica-genomica\/noticias\/2011\/10\/19\/presentes-en-el-congreso-internacional-de-genetica-humana\/#primaryimage"},"thumbnailUrl":"http:\/\/medicina.udd.cl\/centro-genetica-humana\/files\/2011\/10\/ichglogo_245x288.png","datePublished":"2011-10-19T19:38:03+00:00","author":{"@id":"https:\/\/medicina.udd.cl\/centro-genetica-genomica\/#\/schema\/person\/f7abfa784c86da427e89287831f96ab7"},"breadcrumb":{"@id":"https:\/\/medicina.udd.cl\/centro-genetica-genomica\/noticias\/2011\/10\/19\/presentes-en-el-congreso-internacional-de-genetica-humana\/#breadcrumb"},"inLanguage":"es","potentialAction":[{"@type":"ReadAction","target":["https:\/\/medicina.udd.cl\/centro-genetica-genomica\/noticias\/2011\/10\/19\/presentes-en-el-congreso-internacional-de-genetica-humana\/"]}]},{"@type":"ImageObject","inLanguage":"es","@id":"https:\/\/medicina.udd.cl\/centro-genetica-genomica\/noticias\/2011\/10\/19\/presentes-en-el-congreso-internacional-de-genetica-humana\/#primaryimage","url":"http:\/\/medicina.udd.cl\/centro-genetica-humana\/files\/2011\/10\/ichglogo_245x288.png","contentUrl":"http:\/\/medicina.udd.cl\/centro-genetica-humana\/files\/2011\/10\/ichglogo_245x288.png"},{"@type":"BreadcrumbList","@id":"https:\/\/medicina.udd.cl\/centro-genetica-genomica\/noticias\/2011\/10\/19\/presentes-en-el-congreso-internacional-de-genetica-humana\/#breadcrumb","itemListElement":[{"@type":"ListItem","position":1,"name":"Inicio","item":"https:\/\/medicina.udd.cl\/centro-genetica-genomica\/"},{"@type":"ListItem","position":2,"name":"Presentes en el Congreso Internacional de Gen\u00e9tica Humana"}]},{"@type":"WebSite","@id":"https:\/\/medicina.udd.cl\/centro-genetica-genomica\/#website","url":"https:\/\/medicina.udd.cl\/centro-genetica-genomica\/","name":"Centro de Gen\u00e9tica y Gen\u00f3mica","description":"","inLanguage":"es"},{"@type":"Person","@id":"https:\/\/medicina.udd.cl\/centro-genetica-genomica\/#\/schema\/person\/f7abfa784c86da427e89287831f96ab7","name":"admin","image":{"@type":"ImageObject","inLanguage":"es","@id":"https:\/\/medicina.udd.cl\/centro-genetica-genomica\/#\/schema\/person\/image\/","url":"https:\/\/secure.gravatar.com\/avatar\/3cb6da298954dfb54457c0910b8c9ca010abd8d87a60f7d701b6ce4254e1c642?s=96&d=mm&r=g","contentUrl":"https:\/\/secure.gravatar.com\/avatar\/3cb6da298954dfb54457c0910b8c9ca010abd8d87a60f7d701b6ce4254e1c642?s=96&d=mm&r=g","caption":"admin"},"url":"https:\/\/medicina.udd.cl\/centro-genetica-genomica\/noticias\/author\/admin\/"}]}},"featured_image_url":null,"_links":{"self":[{"href":"https:\/\/medicina.udd.cl\/centro-genetica-genomica\/wp-json\/wp\/v2\/posts\/435","targetHints":{"allow":["GET"]}}],"collection":[{"href":"https:\/\/medicina.udd.cl\/centro-genetica-genomica\/wp-json\/wp\/v2\/posts"}],"about":[{"href":"https:\/\/medicina.udd.cl\/centro-genetica-genomica\/wp-json\/wp\/v2\/types\/post"}],"author":[{"embeddable":true,"href":"https:\/\/medicina.udd.cl\/centro-genetica-genomica\/wp-json\/wp\/v2\/users\/1"}],"replies":[{"embeddable":true,"href":"https:\/\/medicina.udd.cl\/centro-genetica-genomica\/wp-json\/wp\/v2\/comments?post=435"}],"version-history":[{"count":11,"href":"https:\/\/medicina.udd.cl\/centro-genetica-genomica\/wp-json\/wp\/v2\/posts\/435\/revisions"}],"predecessor-version":[{"id":496,"href":"https:\/\/medicina.udd.cl\/centro-genetica-genomica\/wp-json\/wp\/v2\/posts\/435\/revisions\/496"}],"wp:attachment":[{"href":"https:\/\/medicina.udd.cl\/centro-genetica-genomica\/wp-json\/wp\/v2\/media?parent=435"}],"wp:term":[{"taxonomy":"category","embeddable":true,"href":"https:\/\/medicina.udd.cl\/centro-genetica-genomica\/wp-json\/wp\/v2\/categories?post=435"},{"taxonomy":"post_tag","embeddable":true,"href":"https:\/\/medicina.udd.cl\/centro-genetica-genomica\/wp-json\/wp\/v2\/tags?post=435"}],"curies":[{"name":"wp","href":"https:\/\/api.w.org\/{rel}","templated":true}]}}