{"id":498,"date":"2011-11-08T09:25:45","date_gmt":"2011-11-08T12:25:45","guid":{"rendered":"http:\/\/medicina.udd.cl\/centro-genetica-humana\/?p=498"},"modified":"2011-11-22T09:30:21","modified_gmt":"2011-11-22T12:30:21","slug":"centro-de-genetica-humana-realizo-jornada-de-sindrome-velocardiofacial","status":"publish","type":"post","link":"https:\/\/medicina.udd.cl\/centro-genetica-genomica\/noticias\/2011\/11\/08\/centro-de-genetica-humana-realizo-jornada-de-sindrome-velocardiofacial\/","title":{"rendered":"Centro de Gen\u00e9tica Humana realiz\u00f3 jornada de s\u00edndrome velocardiofacial"},"content":{"rendered":"<p style=\"text-align: justify;\">El pasado\u00a07 de noviembre se realiz\u00f3 la <strong>Jornada para Padres y Profesionales: S\u00edndrome Velocardiofacial<\/strong> organizado por el Centro de Gen\u00e9tica Humana de la Facultad de Medicina Cl\u00ednica Alemana Universidad del Desarrollo y el\u00a0Hospital Dr. Luis Calvo Mackenna.<\/p>\n<p style=\"text-align: justify;\">El encuentro anual convoc\u00f3 a\u00a0profesionales, internos y\u00a0padres interesados en los aspectos psiqui\u00e1tricos del s\u00edndrome, dejando un espacio de discusi\u00f3n y preguntas.<\/p>\n<p style=\"text-align: justify;\">Cabe destacar la participaci\u00f3n de la <strong>Dra. Anne Bassett<\/strong>, psiquiatra y genetista de la Universidad de Toronto, Canad\u00e1, cuya experiencia en el desarrollo psiqui\u00e1trico permiti\u00f3 esclarecer algunos mitos de la enfermedad, especialmente los relacionados a la esquizofrenia.<\/p>\n<div id=\"gallery-1\" class=\"carousel slide carousel-gallery\" data-ride=\"false\" data-interval=\"false\"><div class=\"carousel-inner\" role=\"listbox\"><figure class=\"carousel-item active\"><img loading=\"lazy\" decoding=\"async\" width=\"776\" height=\"534\" src=\"https:\/\/medicina.udd.cl\/centro-genetica-genomica\/files\/2011\/11\/5.jpg\" class=\"attachment-landscape_952 size-landscape_952\" alt=\"\" srcset=\"https:\/\/medicina.udd.cl\/centro-genetica-genomica\/files\/2011\/11\/5.jpg 3298w, https:\/\/medicina.udd.cl\/centro-genetica-genomica\/files\/2011\/11\/5-300x206.jpg 300w, https:\/\/medicina.udd.cl\/centro-genetica-genomica\/files\/2011\/11\/5-768x529.jpg 768w, https:\/\/medicina.udd.cl\/centro-genetica-genomica\/files\/2011\/11\/5-1024x705.jpg 1024w, https:\/\/medicina.udd.cl\/centro-genetica-genomica\/files\/2011\/11\/5-960x661.jpg 960w\" sizes=\"auto, (max-width: 776px) 100vw, 776px\" \/><\/figure><figure class=\"carousel-item\"><img loading=\"lazy\" decoding=\"async\" width=\"748\" height=\"534\" src=\"https:\/\/medicina.udd.cl\/centro-genetica-genomica\/files\/2011\/11\/4.jpg\" class=\"attachment-landscape_952 size-landscape_952\" alt=\"\" srcset=\"https:\/\/medicina.udd.cl\/centro-genetica-genomica\/files\/2011\/11\/4.jpg 1847w, https:\/\/medicina.udd.cl\/centro-genetica-genomica\/files\/2011\/11\/4-300x214.jpg 300w, https:\/\/medicina.udd.cl\/centro-genetica-genomica\/files\/2011\/11\/4-768x548.jpg 768w, https:\/\/medicina.udd.cl\/centro-genetica-genomica\/files\/2011\/11\/4-1024x731.jpg 1024w, https:\/\/medicina.udd.cl\/centro-genetica-genomica\/files\/2011\/11\/4-286x205.jpg 286w, https:\/\/medicina.udd.cl\/centro-genetica-genomica\/files\/2011\/11\/4-87x62.jpg 87w, https:\/\/medicina.udd.cl\/centro-genetica-genomica\/files\/2011\/11\/4-960x686.jpg 960w\" sizes=\"auto, (max-width: 748px) 100vw, 748px\" \/><\/figure><figure class=\"carousel-item\"><img loading=\"lazy\" decoding=\"async\" width=\"547\" height=\"534\" src=\"https:\/\/medicina.udd.cl\/centro-genetica-genomica\/files\/2011\/11\/3.jpg\" class=\"attachment-landscape_952 size-landscape_952\" alt=\"\" srcset=\"https:\/\/medicina.udd.cl\/centro-genetica-genomica\/files\/2011\/11\/3.jpg 1944w, https:\/\/medicina.udd.cl\/centro-genetica-genomica\/files\/2011\/11\/3-300x293.jpg 300w, https:\/\/medicina.udd.cl\/centro-genetica-genomica\/files\/2011\/11\/3-768x750.jpg 768w, https:\/\/medicina.udd.cl\/centro-genetica-genomica\/files\/2011\/11\/3-1024x1000.jpg 1024w, https:\/\/medicina.udd.cl\/centro-genetica-genomica\/files\/2011\/11\/3-62x62.jpg 62w, https:\/\/medicina.udd.cl\/centro-genetica-genomica\/files\/2011\/11\/3-960x937.jpg 960w\" sizes=\"auto, (max-width: 547px) 100vw, 547px\" \/><\/figure><figure class=\"carousel-item\"><img loading=\"lazy\" decoding=\"async\" width=\"771\" height=\"534\" src=\"https:\/\/medicina.udd.cl\/centro-genetica-genomica\/files\/2011\/11\/2.jpg\" class=\"attachment-landscape_952 size-landscape_952\" alt=\"\" srcset=\"https:\/\/medicina.udd.cl\/centro-genetica-genomica\/files\/2011\/11\/2.jpg 3634w, https:\/\/medicina.udd.cl\/centro-genetica-genomica\/files\/2011\/11\/2-300x208.jpg 300w, https:\/\/medicina.udd.cl\/centro-genetica-genomica\/files\/2011\/11\/2-768x532.jpg 768w, https:\/\/medicina.udd.cl\/centro-genetica-genomica\/files\/2011\/11\/2-1024x710.jpg 1024w, https:\/\/medicina.udd.cl\/centro-genetica-genomica\/files\/2011\/11\/2-960x665.jpg 960w\" sizes=\"auto, (max-width: 771px) 100vw, 771px\" \/><\/figure><figure class=\"carousel-item\"><img loading=\"lazy\" decoding=\"async\" width=\"704\" height=\"534\" src=\"https:\/\/medicina.udd.cl\/centro-genetica-genomica\/files\/2011\/11\/1.jpg\" class=\"attachment-landscape_952 size-landscape_952\" alt=\"\" srcset=\"https:\/\/medicina.udd.cl\/centro-genetica-genomica\/files\/2011\/11\/1.jpg 2336w, https:\/\/medicina.udd.cl\/centro-genetica-genomica\/files\/2011\/11\/1-300x228.jpg 300w, https:\/\/medicina.udd.cl\/centro-genetica-genomica\/files\/2011\/11\/1-768x583.jpg 768w, https:\/\/medicina.udd.cl\/centro-genetica-genomica\/files\/2011\/11\/1-1024x777.jpg 1024w, https:\/\/medicina.udd.cl\/centro-genetica-genomica\/files\/2011\/11\/1-960x729.jpg 960w\" sizes=\"auto, (max-width: 704px) 100vw, 704px\" \/><\/figure><\/div><footer class=\"carousel-footer\"><div class=\"carousel-counter\"><span class=\"carousel-counter-current\"><\/span> \/ <span class=\"carousel-counter-total\"><\/span><\/div><a class=\"carousel-control-prev\" href=\"#gallery-1\" role=\"button\" data-slide=\"prev\"><svg aria-hidden=\"true\" class=\"svg-chevron-left-dims\"><use xlink:href='https:\/\/medicina.udd.cl\/centro-genetica-genomica\/wp-content\/themes\/facultades-2018\/assets\/img\/svg\/dist\/main.svg?version=1695853099#chevron-left'><\/use><\/svg><span class=\"sr-only\">Anterior<\/span><\/a><a class=\"carousel-control-next\" href=\"#gallery-1\" role=\"button\" data-slide=\"next\"><svg aria-hidden=\"true\" class=\"svg-chevron-right-dims\"><use xlink:href='https:\/\/medicina.udd.cl\/centro-genetica-genomica\/wp-content\/themes\/facultades-2018\/assets\/img\/svg\/dist\/main.svg?version=1695853099#chevron-right'><\/use><\/svg><span class=\"sr-only\">Siguiente<\/span><\/a><\/footer><\/div>\n","protected":false},"excerpt":{"rendered":"<p>El encuentro cont\u00f3 con la participaci\u00f3n de la destacada Doctora Anne Basset, psiquiatra y genetista.<\/p>\n","protected":false},"author":1,"featured_media":0,"comment_status":"open","ping_status":"open","sticky":false,"template":"","format":"standard","meta":{"footnotes":""},"categories":[4],"tags":[],"class_list":["post-498","post","type-post","status-publish","format-standard","hentry","category-noticias"],"yoast_head":"<!-- This site is optimized with the Yoast SEO plugin v26.9 - https:\/\/yoast.com\/product\/yoast-seo-wordpress\/ -->\n<title>Centro de Gen\u00e9tica Humana realiz\u00f3 jornada de s\u00edndrome velocardiofacial - Centro de Gen\u00e9tica y Gen\u00f3mica<\/title>\n<meta name=\"robots\" content=\"index, follow, max-snippet:-1, max-image-preview:large, max-video-preview:-1\" \/>\n<link rel=\"canonical\" href=\"https:\/\/medicina.udd.cl\/centro-genetica-genomica\/noticias\/2011\/11\/08\/centro-de-genetica-humana-realizo-jornada-de-sindrome-velocardiofacial\/\" \/>\n<meta property=\"og:locale\" content=\"es_ES\" \/>\n<meta property=\"og:type\" content=\"article\" \/>\n<meta property=\"og:title\" content=\"Centro de Gen\u00e9tica Humana realiz\u00f3 jornada de s\u00edndrome velocardiofacial - Centro de Gen\u00e9tica y Gen\u00f3mica\" \/>\n<meta property=\"og:description\" content=\"El encuentro cont\u00f3 con la participaci\u00f3n de la destacada Doctora Anne Basset, psiquiatra y genetista.\" \/>\n<meta property=\"og:url\" content=\"https:\/\/medicina.udd.cl\/centro-genetica-genomica\/noticias\/2011\/11\/08\/centro-de-genetica-humana-realizo-jornada-de-sindrome-velocardiofacial\/\" \/>\n<meta property=\"og:site_name\" content=\"Centro de Gen\u00e9tica y Gen\u00f3mica\" \/>\n<meta property=\"article:published_time\" content=\"2011-11-08T12:25:45+00:00\" \/>\n<meta property=\"article:modified_time\" content=\"2011-11-22T12:30:21+00:00\" \/>\n<meta property=\"og:image\" content=\"https:\/\/medicina.udd.cl\/centro-genetica-genomica\/files\/2011\/11\/5.jpg\" \/>\n<meta name=\"author\" content=\"admin\" \/>\n<meta name=\"twitter:label1\" content=\"Escrito por\" \/>\n\t<meta name=\"twitter:data1\" content=\"admin\" \/>\n\t<meta name=\"twitter:label2\" content=\"Tiempo de lectura\" \/>\n\t<meta name=\"twitter:data2\" content=\"1 minuto\" \/>\n<script type=\"application\/ld+json\" class=\"yoast-schema-graph\">{\"@context\":\"https:\/\/schema.org\",\"@graph\":[{\"@type\":\"Article\",\"@id\":\"https:\/\/medicina.udd.cl\/centro-genetica-genomica\/noticias\/2011\/11\/08\/centro-de-genetica-humana-realizo-jornada-de-sindrome-velocardiofacial\/#article\",\"isPartOf\":{\"@id\":\"https:\/\/medicina.udd.cl\/centro-genetica-genomica\/noticias\/2011\/11\/08\/centro-de-genetica-humana-realizo-jornada-de-sindrome-velocardiofacial\/\"},\"author\":{\"name\":\"admin\",\"@id\":\"https:\/\/medicina.udd.cl\/centro-genetica-genomica\/#\/schema\/person\/f7abfa784c86da427e89287831f96ab7\"},\"headline\":\"Centro de Gen\u00e9tica Humana realiz\u00f3 jornada de s\u00edndrome velocardiofacial\",\"datePublished\":\"2011-11-08T12:25:45+00:00\",\"dateModified\":\"2011-11-22T12:30:21+00:00\",\"mainEntityOfPage\":{\"@id\":\"https:\/\/medicina.udd.cl\/centro-genetica-genomica\/noticias\/2011\/11\/08\/centro-de-genetica-humana-realizo-jornada-de-sindrome-velocardiofacial\/\"},\"wordCount\":120,\"commentCount\":0,\"articleSection\":[\"Noticias\"],\"inLanguage\":\"es\",\"potentialAction\":[{\"@type\":\"CommentAction\",\"name\":\"Comment\",\"target\":[\"https:\/\/medicina.udd.cl\/centro-genetica-genomica\/noticias\/2011\/11\/08\/centro-de-genetica-humana-realizo-jornada-de-sindrome-velocardiofacial\/#respond\"]}]},{\"@type\":\"WebPage\",\"@id\":\"https:\/\/medicina.udd.cl\/centro-genetica-genomica\/noticias\/2011\/11\/08\/centro-de-genetica-humana-realizo-jornada-de-sindrome-velocardiofacial\/\",\"url\":\"https:\/\/medicina.udd.cl\/centro-genetica-genomica\/noticias\/2011\/11\/08\/centro-de-genetica-humana-realizo-jornada-de-sindrome-velocardiofacial\/\",\"name\":\"Centro de Gen\u00e9tica Humana realiz\u00f3 jornada de s\u00edndrome velocardiofacial - Centro de Gen\u00e9tica y Gen\u00f3mica\",\"isPartOf\":{\"@id\":\"https:\/\/medicina.udd.cl\/centro-genetica-genomica\/#website\"},\"datePublished\":\"2011-11-08T12:25:45+00:00\",\"dateModified\":\"2011-11-22T12:30:21+00:00\",\"author\":{\"@id\":\"https:\/\/medicina.udd.cl\/centro-genetica-genomica\/#\/schema\/person\/f7abfa784c86da427e89287831f96ab7\"},\"breadcrumb\":{\"@id\":\"https:\/\/medicina.udd.cl\/centro-genetica-genomica\/noticias\/2011\/11\/08\/centro-de-genetica-humana-realizo-jornada-de-sindrome-velocardiofacial\/#breadcrumb\"},\"inLanguage\":\"es\",\"potentialAction\":[{\"@type\":\"ReadAction\",\"target\":[\"https:\/\/medicina.udd.cl\/centro-genetica-genomica\/noticias\/2011\/11\/08\/centro-de-genetica-humana-realizo-jornada-de-sindrome-velocardiofacial\/\"]}]},{\"@type\":\"BreadcrumbList\",\"@id\":\"https:\/\/medicina.udd.cl\/centro-genetica-genomica\/noticias\/2011\/11\/08\/centro-de-genetica-humana-realizo-jornada-de-sindrome-velocardiofacial\/#breadcrumb\",\"itemListElement\":[{\"@type\":\"ListItem\",\"position\":1,\"name\":\"Inicio\",\"item\":\"https:\/\/medicina.udd.cl\/centro-genetica-genomica\/\"},{\"@type\":\"ListItem\",\"position\":2,\"name\":\"Centro de Gen\u00e9tica Humana realiz\u00f3 jornada de s\u00edndrome velocardiofacial\"}]},{\"@type\":\"WebSite\",\"@id\":\"https:\/\/medicina.udd.cl\/centro-genetica-genomica\/#website\",\"url\":\"https:\/\/medicina.udd.cl\/centro-genetica-genomica\/\",\"name\":\"Centro de Gen\u00e9tica y Gen\u00f3mica\",\"description\":\"\",\"inLanguage\":\"es\"},{\"@type\":\"Person\",\"@id\":\"https:\/\/medicina.udd.cl\/centro-genetica-genomica\/#\/schema\/person\/f7abfa784c86da427e89287831f96ab7\",\"name\":\"admin\",\"image\":{\"@type\":\"ImageObject\",\"inLanguage\":\"es\",\"@id\":\"https:\/\/medicina.udd.cl\/centro-genetica-genomica\/#\/schema\/person\/image\/\",\"url\":\"https:\/\/secure.gravatar.com\/avatar\/3cb6da298954dfb54457c0910b8c9ca010abd8d87a60f7d701b6ce4254e1c642?s=96&d=mm&r=g\",\"contentUrl\":\"https:\/\/secure.gravatar.com\/avatar\/3cb6da298954dfb54457c0910b8c9ca010abd8d87a60f7d701b6ce4254e1c642?s=96&d=mm&r=g\",\"caption\":\"admin\"},\"url\":\"https:\/\/medicina.udd.cl\/centro-genetica-genomica\/noticias\/author\/admin\/\"}]}<\/script>\n<!-- \/ Yoast SEO plugin. -->","yoast_head_json":{"title":"Centro de Gen\u00e9tica Humana realiz\u00f3 jornada de s\u00edndrome velocardiofacial - Centro de Gen\u00e9tica y Gen\u00f3mica","robots":{"index":"index","follow":"follow","max-snippet":"max-snippet:-1","max-image-preview":"max-image-preview:large","max-video-preview":"max-video-preview:-1"},"canonical":"https:\/\/medicina.udd.cl\/centro-genetica-genomica\/noticias\/2011\/11\/08\/centro-de-genetica-humana-realizo-jornada-de-sindrome-velocardiofacial\/","og_locale":"es_ES","og_type":"article","og_title":"Centro de Gen\u00e9tica Humana realiz\u00f3 jornada de s\u00edndrome velocardiofacial - Centro de Gen\u00e9tica y Gen\u00f3mica","og_description":"El encuentro cont\u00f3 con la participaci\u00f3n de la destacada Doctora Anne Basset, psiquiatra y genetista.","og_url":"https:\/\/medicina.udd.cl\/centro-genetica-genomica\/noticias\/2011\/11\/08\/centro-de-genetica-humana-realizo-jornada-de-sindrome-velocardiofacial\/","og_site_name":"Centro de Gen\u00e9tica y Gen\u00f3mica","article_published_time":"2011-11-08T12:25:45+00:00","article_modified_time":"2011-11-22T12:30:21+00:00","og_image":[{"url":"https:\/\/medicina.udd.cl\/centro-genetica-genomica\/files\/2011\/11\/5.jpg","type":"","width":"","height":""}],"author":"admin","twitter_misc":{"Escrito por":"admin","Tiempo de lectura":"1 minuto"},"schema":{"@context":"https:\/\/schema.org","@graph":[{"@type":"Article","@id":"https:\/\/medicina.udd.cl\/centro-genetica-genomica\/noticias\/2011\/11\/08\/centro-de-genetica-humana-realizo-jornada-de-sindrome-velocardiofacial\/#article","isPartOf":{"@id":"https:\/\/medicina.udd.cl\/centro-genetica-genomica\/noticias\/2011\/11\/08\/centro-de-genetica-humana-realizo-jornada-de-sindrome-velocardiofacial\/"},"author":{"name":"admin","@id":"https:\/\/medicina.udd.cl\/centro-genetica-genomica\/#\/schema\/person\/f7abfa784c86da427e89287831f96ab7"},"headline":"Centro de Gen\u00e9tica Humana realiz\u00f3 jornada de s\u00edndrome velocardiofacial","datePublished":"2011-11-08T12:25:45+00:00","dateModified":"2011-11-22T12:30:21+00:00","mainEntityOfPage":{"@id":"https:\/\/medicina.udd.cl\/centro-genetica-genomica\/noticias\/2011\/11\/08\/centro-de-genetica-humana-realizo-jornada-de-sindrome-velocardiofacial\/"},"wordCount":120,"commentCount":0,"articleSection":["Noticias"],"inLanguage":"es","potentialAction":[{"@type":"CommentAction","name":"Comment","target":["https:\/\/medicina.udd.cl\/centro-genetica-genomica\/noticias\/2011\/11\/08\/centro-de-genetica-humana-realizo-jornada-de-sindrome-velocardiofacial\/#respond"]}]},{"@type":"WebPage","@id":"https:\/\/medicina.udd.cl\/centro-genetica-genomica\/noticias\/2011\/11\/08\/centro-de-genetica-humana-realizo-jornada-de-sindrome-velocardiofacial\/","url":"https:\/\/medicina.udd.cl\/centro-genetica-genomica\/noticias\/2011\/11\/08\/centro-de-genetica-humana-realizo-jornada-de-sindrome-velocardiofacial\/","name":"Centro de Gen\u00e9tica Humana realiz\u00f3 jornada de s\u00edndrome velocardiofacial - Centro de Gen\u00e9tica y Gen\u00f3mica","isPartOf":{"@id":"https:\/\/medicina.udd.cl\/centro-genetica-genomica\/#website"},"datePublished":"2011-11-08T12:25:45+00:00","dateModified":"2011-11-22T12:30:21+00:00","author":{"@id":"https:\/\/medicina.udd.cl\/centro-genetica-genomica\/#\/schema\/person\/f7abfa784c86da427e89287831f96ab7"},"breadcrumb":{"@id":"https:\/\/medicina.udd.cl\/centro-genetica-genomica\/noticias\/2011\/11\/08\/centro-de-genetica-humana-realizo-jornada-de-sindrome-velocardiofacial\/#breadcrumb"},"inLanguage":"es","potentialAction":[{"@type":"ReadAction","target":["https:\/\/medicina.udd.cl\/centro-genetica-genomica\/noticias\/2011\/11\/08\/centro-de-genetica-humana-realizo-jornada-de-sindrome-velocardiofacial\/"]}]},{"@type":"BreadcrumbList","@id":"https:\/\/medicina.udd.cl\/centro-genetica-genomica\/noticias\/2011\/11\/08\/centro-de-genetica-humana-realizo-jornada-de-sindrome-velocardiofacial\/#breadcrumb","itemListElement":[{"@type":"ListItem","position":1,"name":"Inicio","item":"https:\/\/medicina.udd.cl\/centro-genetica-genomica\/"},{"@type":"ListItem","position":2,"name":"Centro de Gen\u00e9tica Humana realiz\u00f3 jornada de s\u00edndrome velocardiofacial"}]},{"@type":"WebSite","@id":"https:\/\/medicina.udd.cl\/centro-genetica-genomica\/#website","url":"https:\/\/medicina.udd.cl\/centro-genetica-genomica\/","name":"Centro de Gen\u00e9tica y Gen\u00f3mica","description":"","inLanguage":"es"},{"@type":"Person","@id":"https:\/\/medicina.udd.cl\/centro-genetica-genomica\/#\/schema\/person\/f7abfa784c86da427e89287831f96ab7","name":"admin","image":{"@type":"ImageObject","inLanguage":"es","@id":"https:\/\/medicina.udd.cl\/centro-genetica-genomica\/#\/schema\/person\/image\/","url":"https:\/\/secure.gravatar.com\/avatar\/3cb6da298954dfb54457c0910b8c9ca010abd8d87a60f7d701b6ce4254e1c642?s=96&d=mm&r=g","contentUrl":"https:\/\/secure.gravatar.com\/avatar\/3cb6da298954dfb54457c0910b8c9ca010abd8d87a60f7d701b6ce4254e1c642?s=96&d=mm&r=g","caption":"admin"},"url":"https:\/\/medicina.udd.cl\/centro-genetica-genomica\/noticias\/author\/admin\/"}]}},"featured_image_url":null,"_links":{"self":[{"href":"https:\/\/medicina.udd.cl\/centro-genetica-genomica\/wp-json\/wp\/v2\/posts\/498","targetHints":{"allow":["GET"]}}],"collection":[{"href":"https:\/\/medicina.udd.cl\/centro-genetica-genomica\/wp-json\/wp\/v2\/posts"}],"about":[{"href":"https:\/\/medicina.udd.cl\/centro-genetica-genomica\/wp-json\/wp\/v2\/types\/post"}],"author":[{"embeddable":true,"href":"https:\/\/medicina.udd.cl\/centro-genetica-genomica\/wp-json\/wp\/v2\/users\/1"}],"replies":[{"embeddable":true,"href":"https:\/\/medicina.udd.cl\/centro-genetica-genomica\/wp-json\/wp\/v2\/comments?post=498"}],"version-history":[{"count":1,"href":"https:\/\/medicina.udd.cl\/centro-genetica-genomica\/wp-json\/wp\/v2\/posts\/498\/revisions"}],"predecessor-version":[{"id":504,"href":"https:\/\/medicina.udd.cl\/centro-genetica-genomica\/wp-json\/wp\/v2\/posts\/498\/revisions\/504"}],"wp:attachment":[{"href":"https:\/\/medicina.udd.cl\/centro-genetica-genomica\/wp-json\/wp\/v2\/media?parent=498"}],"wp:term":[{"taxonomy":"category","embeddable":true,"href":"https:\/\/medicina.udd.cl\/centro-genetica-genomica\/wp-json\/wp\/v2\/categories?post=498"},{"taxonomy":"post_tag","embeddable":true,"href":"https:\/\/medicina.udd.cl\/centro-genetica-genomica\/wp-json\/wp\/v2\/tags?post=498"}],"curies":[{"name":"wp","href":"https:\/\/api.w.org\/{rel}","templated":true}]}}