{"id":506,"date":"2011-11-25T12:57:52","date_gmt":"2011-11-25T15:57:52","guid":{"rendered":"http:\/\/medicina.udd.cl\/centro-genetica-humana\/?p=506"},"modified":"2011-11-25T15:47:48","modified_gmt":"2011-11-25T18:47:48","slug":"dra-gabriela-repetto-colabora-en-importante-libro-sobre-pediatria","status":"publish","type":"post","link":"https:\/\/medicina.udd.cl\/centro-genetica-genomica\/noticias\/2011\/11\/25\/dra-gabriela-repetto-colabora-en-importante-libro-sobre-pediatria\/","title":{"rendered":"Dra. Gabriela Repetto colabora en importante libro sobre Pediatr\u00eda"},"content":{"rendered":"<p><img loading=\"lazy\" decoding=\"async\" class=\"alignright\" src=\"http:\/\/medicina.udd.cl\/files\/2011\/11\/Gabriela-Repetto-oficial.jpg\" alt=\"\" width=\"284\" height=\"185\" \/><\/p>\n<p>El\u00a0 jueves 24 de noviembre fue publicada la segunda edici\u00f3n del libro <em>\u00abTextbook of Clinical Pediatrics\u00bb<\/em> del autor\u00a0Abdelaziz Elzouki, entre otros editores.<\/p>\n<p>El texto -basado en problemas pedi\u00e1tricos-\u00a0tiene m\u00e1s de 4.500 p\u00e1ginas, distribuidas en\u00a0seis vol\u00famenes.<\/p>\n<p>En la secci\u00f3n de Gen\u00e9tica, incluye un cap\u00edtulo escrito por la Dra. Gabriela Repetto, titulado <em>\u00ab<strong>Congenital Malformation Syndromes<\/strong>\u00ab.<\/em><\/p>\n<p>Cabe  destacar que dentro de los 400 autores que aparecen en el \u00edndice, s\u00f3lo  tres son latinoamericanos: 2 de M\u00e9xico y la directora del Centro de  Gen\u00e9tica Humana que representa a nuestro pa\u00eds.<\/p>\n<p>Por su  parte, el decano Dr. Pablo Vial,\u00a0coment\u00f3 que \u201ces un gran logro y un  enorme reconocimiento al liderazgo, excelente trabajo y presencia en el  medio acad\u00e9mico internacional. Adem\u00e1s, es un excelente texto para  nuestros estudiantes\u201d.<\/p>\n","protected":false},"excerpt":{"rendered":"<p>El  jueves 24 de noviembre fue publicada la segunda edici\u00f3n del libro \u00abTextbook of Clinical Pediatrics\u00bb del autor Abdelaziz Elzouki, entre otros editores.<\/p>\n","protected":false},"author":1,"featured_media":0,"comment_status":"open","ping_status":"open","sticky":false,"template":"","format":"standard","meta":{"footnotes":""},"categories":[4],"tags":[],"class_list":["post-506","post","type-post","status-publish","format-standard","hentry","category-noticias"],"yoast_head":"<!-- This site is optimized with the Yoast SEO plugin v26.9 - https:\/\/yoast.com\/product\/yoast-seo-wordpress\/ -->\n<title>Dra. Gabriela Repetto colabora en importante libro sobre Pediatr\u00eda - Centro de Gen\u00e9tica y Gen\u00f3mica<\/title>\n<meta name=\"robots\" content=\"index, follow, max-snippet:-1, max-image-preview:large, max-video-preview:-1\" \/>\n<link rel=\"canonical\" href=\"https:\/\/medicina.udd.cl\/centro-genetica-genomica\/noticias\/2011\/11\/25\/dra-gabriela-repetto-colabora-en-importante-libro-sobre-pediatria\/\" \/>\n<meta property=\"og:locale\" content=\"es_ES\" \/>\n<meta property=\"og:type\" content=\"article\" \/>\n<meta property=\"og:title\" content=\"Dra. Gabriela Repetto colabora en importante libro sobre Pediatr\u00eda - Centro de Gen\u00e9tica y Gen\u00f3mica\" \/>\n<meta property=\"og:description\" content=\"El jueves 24 de noviembre fue publicada la segunda edici\u00f3n del libro &quot;Textbook of Clinical Pediatrics&quot; del autor Abdelaziz Elzouki, entre otros editores.\" \/>\n<meta property=\"og:url\" content=\"https:\/\/medicina.udd.cl\/centro-genetica-genomica\/noticias\/2011\/11\/25\/dra-gabriela-repetto-colabora-en-importante-libro-sobre-pediatria\/\" \/>\n<meta property=\"og:site_name\" content=\"Centro de Gen\u00e9tica y Gen\u00f3mica\" \/>\n<meta property=\"article:published_time\" content=\"2011-11-25T15:57:52+00:00\" \/>\n<meta property=\"article:modified_time\" content=\"2011-11-25T18:47:48+00:00\" \/>\n<meta property=\"og:image\" content=\"http:\/\/medicina.udd.cl\/files\/2011\/11\/Gabriela-Repetto-oficial.jpg\" \/>\n<meta name=\"author\" content=\"admin\" \/>\n<meta name=\"twitter:label1\" content=\"Escrito por\" \/>\n\t<meta name=\"twitter:data1\" content=\"admin\" \/>\n\t<meta name=\"twitter:label2\" content=\"Tiempo de lectura\" \/>\n\t<meta name=\"twitter:data2\" content=\"1 minuto\" \/>\n<script type=\"application\/ld+json\" class=\"yoast-schema-graph\">{\"@context\":\"https:\/\/schema.org\",\"@graph\":[{\"@type\":\"Article\",\"@id\":\"https:\/\/medicina.udd.cl\/centro-genetica-genomica\/noticias\/2011\/11\/25\/dra-gabriela-repetto-colabora-en-importante-libro-sobre-pediatria\/#article\",\"isPartOf\":{\"@id\":\"https:\/\/medicina.udd.cl\/centro-genetica-genomica\/noticias\/2011\/11\/25\/dra-gabriela-repetto-colabora-en-importante-libro-sobre-pediatria\/\"},\"author\":{\"name\":\"admin\",\"@id\":\"https:\/\/medicina.udd.cl\/centro-genetica-genomica\/#\/schema\/person\/f7abfa784c86da427e89287831f96ab7\"},\"headline\":\"Dra. Gabriela Repetto colabora en importante libro sobre Pediatr\u00eda\",\"datePublished\":\"2011-11-25T15:57:52+00:00\",\"dateModified\":\"2011-11-25T18:47:48+00:00\",\"mainEntityOfPage\":{\"@id\":\"https:\/\/medicina.udd.cl\/centro-genetica-genomica\/noticias\/2011\/11\/25\/dra-gabriela-repetto-colabora-en-importante-libro-sobre-pediatria\/\"},\"wordCount\":146,\"commentCount\":0,\"image\":{\"@id\":\"https:\/\/medicina.udd.cl\/centro-genetica-genomica\/noticias\/2011\/11\/25\/dra-gabriela-repetto-colabora-en-importante-libro-sobre-pediatria\/#primaryimage\"},\"thumbnailUrl\":\"http:\/\/medicina.udd.cl\/files\/2011\/11\/Gabriela-Repetto-oficial.jpg\",\"articleSection\":[\"Noticias\"],\"inLanguage\":\"es\",\"potentialAction\":[{\"@type\":\"CommentAction\",\"name\":\"Comment\",\"target\":[\"https:\/\/medicina.udd.cl\/centro-genetica-genomica\/noticias\/2011\/11\/25\/dra-gabriela-repetto-colabora-en-importante-libro-sobre-pediatria\/#respond\"]}]},{\"@type\":\"WebPage\",\"@id\":\"https:\/\/medicina.udd.cl\/centro-genetica-genomica\/noticias\/2011\/11\/25\/dra-gabriela-repetto-colabora-en-importante-libro-sobre-pediatria\/\",\"url\":\"https:\/\/medicina.udd.cl\/centro-genetica-genomica\/noticias\/2011\/11\/25\/dra-gabriela-repetto-colabora-en-importante-libro-sobre-pediatria\/\",\"name\":\"Dra. Gabriela Repetto colabora en importante libro sobre Pediatr\u00eda - Centro de Gen\u00e9tica y Gen\u00f3mica\",\"isPartOf\":{\"@id\":\"https:\/\/medicina.udd.cl\/centro-genetica-genomica\/#website\"},\"primaryImageOfPage\":{\"@id\":\"https:\/\/medicina.udd.cl\/centro-genetica-genomica\/noticias\/2011\/11\/25\/dra-gabriela-repetto-colabora-en-importante-libro-sobre-pediatria\/#primaryimage\"},\"image\":{\"@id\":\"https:\/\/medicina.udd.cl\/centro-genetica-genomica\/noticias\/2011\/11\/25\/dra-gabriela-repetto-colabora-en-importante-libro-sobre-pediatria\/#primaryimage\"},\"thumbnailUrl\":\"http:\/\/medicina.udd.cl\/files\/2011\/11\/Gabriela-Repetto-oficial.jpg\",\"datePublished\":\"2011-11-25T15:57:52+00:00\",\"dateModified\":\"2011-11-25T18:47:48+00:00\",\"author\":{\"@id\":\"https:\/\/medicina.udd.cl\/centro-genetica-genomica\/#\/schema\/person\/f7abfa784c86da427e89287831f96ab7\"},\"breadcrumb\":{\"@id\":\"https:\/\/medicina.udd.cl\/centro-genetica-genomica\/noticias\/2011\/11\/25\/dra-gabriela-repetto-colabora-en-importante-libro-sobre-pediatria\/#breadcrumb\"},\"inLanguage\":\"es\",\"potentialAction\":[{\"@type\":\"ReadAction\",\"target\":[\"https:\/\/medicina.udd.cl\/centro-genetica-genomica\/noticias\/2011\/11\/25\/dra-gabriela-repetto-colabora-en-importante-libro-sobre-pediatria\/\"]}]},{\"@type\":\"ImageObject\",\"inLanguage\":\"es\",\"@id\":\"https:\/\/medicina.udd.cl\/centro-genetica-genomica\/noticias\/2011\/11\/25\/dra-gabriela-repetto-colabora-en-importante-libro-sobre-pediatria\/#primaryimage\",\"url\":\"http:\/\/medicina.udd.cl\/files\/2011\/11\/Gabriela-Repetto-oficial.jpg\",\"contentUrl\":\"http:\/\/medicina.udd.cl\/files\/2011\/11\/Gabriela-Repetto-oficial.jpg\"},{\"@type\":\"BreadcrumbList\",\"@id\":\"https:\/\/medicina.udd.cl\/centro-genetica-genomica\/noticias\/2011\/11\/25\/dra-gabriela-repetto-colabora-en-importante-libro-sobre-pediatria\/#breadcrumb\",\"itemListElement\":[{\"@type\":\"ListItem\",\"position\":1,\"name\":\"Inicio\",\"item\":\"https:\/\/medicina.udd.cl\/centro-genetica-genomica\/\"},{\"@type\":\"ListItem\",\"position\":2,\"name\":\"Dra. Gabriela Repetto colabora en importante libro sobre Pediatr\u00eda\"}]},{\"@type\":\"WebSite\",\"@id\":\"https:\/\/medicina.udd.cl\/centro-genetica-genomica\/#website\",\"url\":\"https:\/\/medicina.udd.cl\/centro-genetica-genomica\/\",\"name\":\"Centro de Gen\u00e9tica y Gen\u00f3mica\",\"description\":\"\",\"inLanguage\":\"es\"},{\"@type\":\"Person\",\"@id\":\"https:\/\/medicina.udd.cl\/centro-genetica-genomica\/#\/schema\/person\/f7abfa784c86da427e89287831f96ab7\",\"name\":\"admin\",\"image\":{\"@type\":\"ImageObject\",\"inLanguage\":\"es\",\"@id\":\"https:\/\/medicina.udd.cl\/centro-genetica-genomica\/#\/schema\/person\/image\/\",\"url\":\"https:\/\/secure.gravatar.com\/avatar\/3cb6da298954dfb54457c0910b8c9ca010abd8d87a60f7d701b6ce4254e1c642?s=96&d=mm&r=g\",\"contentUrl\":\"https:\/\/secure.gravatar.com\/avatar\/3cb6da298954dfb54457c0910b8c9ca010abd8d87a60f7d701b6ce4254e1c642?s=96&d=mm&r=g\",\"caption\":\"admin\"},\"url\":\"https:\/\/medicina.udd.cl\/centro-genetica-genomica\/noticias\/author\/admin\/\"}]}<\/script>\n<!-- \/ Yoast SEO plugin. -->","yoast_head_json":{"title":"Dra. Gabriela Repetto colabora en importante libro sobre Pediatr\u00eda - Centro de Gen\u00e9tica y Gen\u00f3mica","robots":{"index":"index","follow":"follow","max-snippet":"max-snippet:-1","max-image-preview":"max-image-preview:large","max-video-preview":"max-video-preview:-1"},"canonical":"https:\/\/medicina.udd.cl\/centro-genetica-genomica\/noticias\/2011\/11\/25\/dra-gabriela-repetto-colabora-en-importante-libro-sobre-pediatria\/","og_locale":"es_ES","og_type":"article","og_title":"Dra. Gabriela Repetto colabora en importante libro sobre Pediatr\u00eda - Centro de Gen\u00e9tica y Gen\u00f3mica","og_description":"El jueves 24 de noviembre fue publicada la segunda edici\u00f3n del libro \"Textbook of Clinical Pediatrics\" del autor Abdelaziz Elzouki, entre otros editores.","og_url":"https:\/\/medicina.udd.cl\/centro-genetica-genomica\/noticias\/2011\/11\/25\/dra-gabriela-repetto-colabora-en-importante-libro-sobre-pediatria\/","og_site_name":"Centro de Gen\u00e9tica y Gen\u00f3mica","article_published_time":"2011-11-25T15:57:52+00:00","article_modified_time":"2011-11-25T18:47:48+00:00","og_image":[{"url":"http:\/\/medicina.udd.cl\/files\/2011\/11\/Gabriela-Repetto-oficial.jpg","type":"","width":"","height":""}],"author":"admin","twitter_misc":{"Escrito por":"admin","Tiempo de lectura":"1 minuto"},"schema":{"@context":"https:\/\/schema.org","@graph":[{"@type":"Article","@id":"https:\/\/medicina.udd.cl\/centro-genetica-genomica\/noticias\/2011\/11\/25\/dra-gabriela-repetto-colabora-en-importante-libro-sobre-pediatria\/#article","isPartOf":{"@id":"https:\/\/medicina.udd.cl\/centro-genetica-genomica\/noticias\/2011\/11\/25\/dra-gabriela-repetto-colabora-en-importante-libro-sobre-pediatria\/"},"author":{"name":"admin","@id":"https:\/\/medicina.udd.cl\/centro-genetica-genomica\/#\/schema\/person\/f7abfa784c86da427e89287831f96ab7"},"headline":"Dra. Gabriela Repetto colabora en importante libro sobre Pediatr\u00eda","datePublished":"2011-11-25T15:57:52+00:00","dateModified":"2011-11-25T18:47:48+00:00","mainEntityOfPage":{"@id":"https:\/\/medicina.udd.cl\/centro-genetica-genomica\/noticias\/2011\/11\/25\/dra-gabriela-repetto-colabora-en-importante-libro-sobre-pediatria\/"},"wordCount":146,"commentCount":0,"image":{"@id":"https:\/\/medicina.udd.cl\/centro-genetica-genomica\/noticias\/2011\/11\/25\/dra-gabriela-repetto-colabora-en-importante-libro-sobre-pediatria\/#primaryimage"},"thumbnailUrl":"http:\/\/medicina.udd.cl\/files\/2011\/11\/Gabriela-Repetto-oficial.jpg","articleSection":["Noticias"],"inLanguage":"es","potentialAction":[{"@type":"CommentAction","name":"Comment","target":["https:\/\/medicina.udd.cl\/centro-genetica-genomica\/noticias\/2011\/11\/25\/dra-gabriela-repetto-colabora-en-importante-libro-sobre-pediatria\/#respond"]}]},{"@type":"WebPage","@id":"https:\/\/medicina.udd.cl\/centro-genetica-genomica\/noticias\/2011\/11\/25\/dra-gabriela-repetto-colabora-en-importante-libro-sobre-pediatria\/","url":"https:\/\/medicina.udd.cl\/centro-genetica-genomica\/noticias\/2011\/11\/25\/dra-gabriela-repetto-colabora-en-importante-libro-sobre-pediatria\/","name":"Dra. Gabriela Repetto colabora en importante libro sobre Pediatr\u00eda - Centro de Gen\u00e9tica y Gen\u00f3mica","isPartOf":{"@id":"https:\/\/medicina.udd.cl\/centro-genetica-genomica\/#website"},"primaryImageOfPage":{"@id":"https:\/\/medicina.udd.cl\/centro-genetica-genomica\/noticias\/2011\/11\/25\/dra-gabriela-repetto-colabora-en-importante-libro-sobre-pediatria\/#primaryimage"},"image":{"@id":"https:\/\/medicina.udd.cl\/centro-genetica-genomica\/noticias\/2011\/11\/25\/dra-gabriela-repetto-colabora-en-importante-libro-sobre-pediatria\/#primaryimage"},"thumbnailUrl":"http:\/\/medicina.udd.cl\/files\/2011\/11\/Gabriela-Repetto-oficial.jpg","datePublished":"2011-11-25T15:57:52+00:00","dateModified":"2011-11-25T18:47:48+00:00","author":{"@id":"https:\/\/medicina.udd.cl\/centro-genetica-genomica\/#\/schema\/person\/f7abfa784c86da427e89287831f96ab7"},"breadcrumb":{"@id":"https:\/\/medicina.udd.cl\/centro-genetica-genomica\/noticias\/2011\/11\/25\/dra-gabriela-repetto-colabora-en-importante-libro-sobre-pediatria\/#breadcrumb"},"inLanguage":"es","potentialAction":[{"@type":"ReadAction","target":["https:\/\/medicina.udd.cl\/centro-genetica-genomica\/noticias\/2011\/11\/25\/dra-gabriela-repetto-colabora-en-importante-libro-sobre-pediatria\/"]}]},{"@type":"ImageObject","inLanguage":"es","@id":"https:\/\/medicina.udd.cl\/centro-genetica-genomica\/noticias\/2011\/11\/25\/dra-gabriela-repetto-colabora-en-importante-libro-sobre-pediatria\/#primaryimage","url":"http:\/\/medicina.udd.cl\/files\/2011\/11\/Gabriela-Repetto-oficial.jpg","contentUrl":"http:\/\/medicina.udd.cl\/files\/2011\/11\/Gabriela-Repetto-oficial.jpg"},{"@type":"BreadcrumbList","@id":"https:\/\/medicina.udd.cl\/centro-genetica-genomica\/noticias\/2011\/11\/25\/dra-gabriela-repetto-colabora-en-importante-libro-sobre-pediatria\/#breadcrumb","itemListElement":[{"@type":"ListItem","position":1,"name":"Inicio","item":"https:\/\/medicina.udd.cl\/centro-genetica-genomica\/"},{"@type":"ListItem","position":2,"name":"Dra. Gabriela Repetto colabora en importante libro sobre Pediatr\u00eda"}]},{"@type":"WebSite","@id":"https:\/\/medicina.udd.cl\/centro-genetica-genomica\/#website","url":"https:\/\/medicina.udd.cl\/centro-genetica-genomica\/","name":"Centro de Gen\u00e9tica y Gen\u00f3mica","description":"","inLanguage":"es"},{"@type":"Person","@id":"https:\/\/medicina.udd.cl\/centro-genetica-genomica\/#\/schema\/person\/f7abfa784c86da427e89287831f96ab7","name":"admin","image":{"@type":"ImageObject","inLanguage":"es","@id":"https:\/\/medicina.udd.cl\/centro-genetica-genomica\/#\/schema\/person\/image\/","url":"https:\/\/secure.gravatar.com\/avatar\/3cb6da298954dfb54457c0910b8c9ca010abd8d87a60f7d701b6ce4254e1c642?s=96&d=mm&r=g","contentUrl":"https:\/\/secure.gravatar.com\/avatar\/3cb6da298954dfb54457c0910b8c9ca010abd8d87a60f7d701b6ce4254e1c642?s=96&d=mm&r=g","caption":"admin"},"url":"https:\/\/medicina.udd.cl\/centro-genetica-genomica\/noticias\/author\/admin\/"}]}},"featured_image_url":null,"_links":{"self":[{"href":"https:\/\/medicina.udd.cl\/centro-genetica-genomica\/wp-json\/wp\/v2\/posts\/506","targetHints":{"allow":["GET"]}}],"collection":[{"href":"https:\/\/medicina.udd.cl\/centro-genetica-genomica\/wp-json\/wp\/v2\/posts"}],"about":[{"href":"https:\/\/medicina.udd.cl\/centro-genetica-genomica\/wp-json\/wp\/v2\/types\/post"}],"author":[{"embeddable":true,"href":"https:\/\/medicina.udd.cl\/centro-genetica-genomica\/wp-json\/wp\/v2\/users\/1"}],"replies":[{"embeddable":true,"href":"https:\/\/medicina.udd.cl\/centro-genetica-genomica\/wp-json\/wp\/v2\/comments?post=506"}],"version-history":[{"count":9,"href":"https:\/\/medicina.udd.cl\/centro-genetica-genomica\/wp-json\/wp\/v2\/posts\/506\/revisions"}],"predecessor-version":[{"id":523,"href":"https:\/\/medicina.udd.cl\/centro-genetica-genomica\/wp-json\/wp\/v2\/posts\/506\/revisions\/523"}],"wp:attachment":[{"href":"https:\/\/medicina.udd.cl\/centro-genetica-genomica\/wp-json\/wp\/v2\/media?parent=506"}],"wp:term":[{"taxonomy":"category","embeddable":true,"href":"https:\/\/medicina.udd.cl\/centro-genetica-genomica\/wp-json\/wp\/v2\/categories?post=506"},{"taxonomy":"post_tag","embeddable":true,"href":"https:\/\/medicina.udd.cl\/centro-genetica-genomica\/wp-json\/wp\/v2\/tags?post=506"}],"curies":[{"name":"wp","href":"https:\/\/api.w.org\/{rel}","templated":true}]}}