{"id":559,"date":"2012-11-05T09:46:28","date_gmt":"2012-11-05T12:46:28","guid":{"rendered":"http:\/\/medicina.udd.cl\/centro-genetica-humana\/?p=559"},"modified":"2012-11-05T09:52:36","modified_gmt":"2012-11-05T12:52:36","slug":"europa-aprueba-la-primera-terapia-genica","status":"publish","type":"post","link":"https:\/\/medicina.udd.cl\/centro-genetica-genomica\/noticias\/2012\/11\/05\/europa-aprueba-la-primera-terapia-genica\/","title":{"rendered":"Europa aprueba la primera terapia g\u00e9nica"},"content":{"rendered":"<p>La Comisi\u00f3n Europea autoriz\u00f3 la comercializaci\u00f3n de Glybera, con lo cual el tratamiento podr\u00e1 ahora venderse en todos los pa\u00edses de la Uni\u00f3n Europea.<\/p>\n<p>Se trata de una terapia g\u00e9nica para una rara enfermedad que provoca que la persona no sea capaz de digerir grasas apropiadamente. Los productores afirman que el medicamento estar\u00e1 disponible el pr\u00f3ximo a\u00f1o.<\/p>\n<p>La terapia g\u00e9nica tiene una premisa simple: si existe un problema en parte del c\u00f3digo gen\u00e9tico de un paciente se cambia el c\u00f3digo. Sin embargo, este campo de investigaci\u00f3n ha tenido muchos problemas. Algunos pacientes han desarrollado leucemia y en un ensayo en Estados Unidos un adolescente muri\u00f3.<\/p>\n<p>En Europa y Estados Unidos, las terapias s\u00f3lo se han usado en laboratorios de investigaci\u00f3n.<\/p>\n<p><a href=\"http:\/\/medicina.udd.cl\/centro-genetica-humana\/files\/2012\/11\/a20100125110554.jpg\"><img loading=\"lazy\" decoding=\"async\" class=\"alignright size-thumbnail wp-image-560\" title=\"terapia genica\" src=\"http:\/\/medicina.udd.cl\/centro-genetica-humana\/files\/2012\/11\/a20100125110554-150x150.jpg\" alt=\"\" width=\"150\" height=\"150\" srcset=\"https:\/\/medicina.udd.cl\/centro-genetica-genomica\/files\/2012\/11\/a20100125110554-150x150.jpg 150w, https:\/\/medicina.udd.cl\/centro-genetica-genomica\/files\/2012\/11\/a20100125110554-62x62.jpg 62w, https:\/\/medicina.udd.cl\/centro-genetica-genomica\/files\/2012\/11\/a20100125110554-126x126.jpg 126w, https:\/\/medicina.udd.cl\/centro-genetica-genomica\/files\/2012\/11\/a20100125110554.jpg 300w\" sizes=\"auto, (max-width: 150px) 100vw, 150px\" \/><\/a><\/p>\n<p><strong>Problemas de grasa<\/strong><\/p>\n<p>Glybera se usa para tratar la deficiencia de lipoproteinlipasa. Una persona de cada mill\u00f3n tiene copias defectuosas de un gen que es esencial para la descomposici\u00f3n de grasas.<\/p>\n<p>Esto significa que la grasa se acumula en la sangre lo que condice a dolor abdominal y la inflamaci\u00f3n potencialmente letal del p\u00e1ncreas (pancreatitis). La \u00fanica forma de controlar el trastorno es con una dieta muy baja en grasas.<\/p>\n<p>La terapia, desarrollada por UniQure, utiliza un virus que infecta las c\u00e9lulas musculares con una copia funcional del gen. La compa\u00f1\u00eda afirm\u00f3 que solicitar\u00e1 una aprobaci\u00f3n de regulaci\u00f3n en Estados Unidos y Canad\u00e1.<\/p>\n<p>(Fuente: bbcmundo.com)<\/p>\n","protected":false},"excerpt":{"rendered":"<p>Glybera es un tratamiento dise\u00f1ado para corregir errores en el c\u00f3digo gen\u00e9tico de una persona.<\/p>\n","protected":false},"author":1,"featured_media":0,"comment_status":"open","ping_status":"open","sticky":false,"template":"","format":"standard","meta":{"footnotes":""},"categories":[4],"tags":[],"class_list":["post-559","post","type-post","status-publish","format-standard","hentry","category-noticias"],"yoast_head":"<!-- This site is optimized with the Yoast SEO plugin v26.9 - https:\/\/yoast.com\/product\/yoast-seo-wordpress\/ -->\n<title>Europa aprueba la primera terapia g\u00e9nica - Centro de Gen\u00e9tica y Gen\u00f3mica<\/title>\n<meta name=\"robots\" content=\"index, follow, max-snippet:-1, max-image-preview:large, max-video-preview:-1\" \/>\n<link rel=\"canonical\" href=\"https:\/\/medicina.udd.cl\/centro-genetica-genomica\/noticias\/2012\/11\/05\/europa-aprueba-la-primera-terapia-genica\/\" \/>\n<meta property=\"og:locale\" content=\"es_ES\" \/>\n<meta property=\"og:type\" content=\"article\" \/>\n<meta property=\"og:title\" content=\"Europa aprueba la primera terapia g\u00e9nica - Centro de Gen\u00e9tica y Gen\u00f3mica\" \/>\n<meta property=\"og:description\" content=\"Glybera es un tratamiento dise\u00f1ado para corregir errores en el c\u00f3digo gen\u00e9tico de una persona.\" \/>\n<meta property=\"og:url\" content=\"https:\/\/medicina.udd.cl\/centro-genetica-genomica\/noticias\/2012\/11\/05\/europa-aprueba-la-primera-terapia-genica\/\" \/>\n<meta property=\"og:site_name\" content=\"Centro de Gen\u00e9tica y Gen\u00f3mica\" \/>\n<meta property=\"article:published_time\" content=\"2012-11-05T12:46:28+00:00\" \/>\n<meta property=\"article:modified_time\" content=\"2012-11-05T12:52:36+00:00\" \/>\n<meta property=\"og:image\" content=\"http:\/\/medicina.udd.cl\/centro-genetica-humana\/files\/2012\/11\/a20100125110554-150x150.jpg\" \/>\n<meta name=\"author\" content=\"admin\" \/>\n<meta name=\"twitter:label1\" content=\"Escrito por\" \/>\n\t<meta name=\"twitter:data1\" content=\"admin\" \/>\n\t<meta name=\"twitter:label2\" content=\"Tiempo de lectura\" \/>\n\t<meta name=\"twitter:data2\" content=\"1 minuto\" \/>\n<script type=\"application\/ld+json\" class=\"yoast-schema-graph\">{\"@context\":\"https:\/\/schema.org\",\"@graph\":[{\"@type\":\"Article\",\"@id\":\"https:\/\/medicina.udd.cl\/centro-genetica-genomica\/noticias\/2012\/11\/05\/europa-aprueba-la-primera-terapia-genica\/#article\",\"isPartOf\":{\"@id\":\"https:\/\/medicina.udd.cl\/centro-genetica-genomica\/noticias\/2012\/11\/05\/europa-aprueba-la-primera-terapia-genica\/\"},\"author\":{\"name\":\"admin\",\"@id\":\"https:\/\/medicina.udd.cl\/centro-genetica-genomica\/#\/schema\/person\/f7abfa784c86da427e89287831f96ab7\"},\"headline\":\"Europa aprueba la primera terapia g\u00e9nica\",\"datePublished\":\"2012-11-05T12:46:28+00:00\",\"dateModified\":\"2012-11-05T12:52:36+00:00\",\"mainEntityOfPage\":{\"@id\":\"https:\/\/medicina.udd.cl\/centro-genetica-genomica\/noticias\/2012\/11\/05\/europa-aprueba-la-primera-terapia-genica\/\"},\"wordCount\":255,\"commentCount\":0,\"image\":{\"@id\":\"https:\/\/medicina.udd.cl\/centro-genetica-genomica\/noticias\/2012\/11\/05\/europa-aprueba-la-primera-terapia-genica\/#primaryimage\"},\"thumbnailUrl\":\"http:\/\/medicina.udd.cl\/centro-genetica-humana\/files\/2012\/11\/a20100125110554-150x150.jpg\",\"articleSection\":[\"Noticias\"],\"inLanguage\":\"es\",\"potentialAction\":[{\"@type\":\"CommentAction\",\"name\":\"Comment\",\"target\":[\"https:\/\/medicina.udd.cl\/centro-genetica-genomica\/noticias\/2012\/11\/05\/europa-aprueba-la-primera-terapia-genica\/#respond\"]}]},{\"@type\":\"WebPage\",\"@id\":\"https:\/\/medicina.udd.cl\/centro-genetica-genomica\/noticias\/2012\/11\/05\/europa-aprueba-la-primera-terapia-genica\/\",\"url\":\"https:\/\/medicina.udd.cl\/centro-genetica-genomica\/noticias\/2012\/11\/05\/europa-aprueba-la-primera-terapia-genica\/\",\"name\":\"Europa aprueba la primera terapia g\u00e9nica - Centro de Gen\u00e9tica y Gen\u00f3mica\",\"isPartOf\":{\"@id\":\"https:\/\/medicina.udd.cl\/centro-genetica-genomica\/#website\"},\"primaryImageOfPage\":{\"@id\":\"https:\/\/medicina.udd.cl\/centro-genetica-genomica\/noticias\/2012\/11\/05\/europa-aprueba-la-primera-terapia-genica\/#primaryimage\"},\"image\":{\"@id\":\"https:\/\/medicina.udd.cl\/centro-genetica-genomica\/noticias\/2012\/11\/05\/europa-aprueba-la-primera-terapia-genica\/#primaryimage\"},\"thumbnailUrl\":\"http:\/\/medicina.udd.cl\/centro-genetica-humana\/files\/2012\/11\/a20100125110554-150x150.jpg\",\"datePublished\":\"2012-11-05T12:46:28+00:00\",\"dateModified\":\"2012-11-05T12:52:36+00:00\",\"author\":{\"@id\":\"https:\/\/medicina.udd.cl\/centro-genetica-genomica\/#\/schema\/person\/f7abfa784c86da427e89287831f96ab7\"},\"breadcrumb\":{\"@id\":\"https:\/\/medicina.udd.cl\/centro-genetica-genomica\/noticias\/2012\/11\/05\/europa-aprueba-la-primera-terapia-genica\/#breadcrumb\"},\"inLanguage\":\"es\",\"potentialAction\":[{\"@type\":\"ReadAction\",\"target\":[\"https:\/\/medicina.udd.cl\/centro-genetica-genomica\/noticias\/2012\/11\/05\/europa-aprueba-la-primera-terapia-genica\/\"]}]},{\"@type\":\"ImageObject\",\"inLanguage\":\"es\",\"@id\":\"https:\/\/medicina.udd.cl\/centro-genetica-genomica\/noticias\/2012\/11\/05\/europa-aprueba-la-primera-terapia-genica\/#primaryimage\",\"url\":\"http:\/\/medicina.udd.cl\/centro-genetica-humana\/files\/2012\/11\/a20100125110554-150x150.jpg\",\"contentUrl\":\"http:\/\/medicina.udd.cl\/centro-genetica-humana\/files\/2012\/11\/a20100125110554-150x150.jpg\"},{\"@type\":\"BreadcrumbList\",\"@id\":\"https:\/\/medicina.udd.cl\/centro-genetica-genomica\/noticias\/2012\/11\/05\/europa-aprueba-la-primera-terapia-genica\/#breadcrumb\",\"itemListElement\":[{\"@type\":\"ListItem\",\"position\":1,\"name\":\"Inicio\",\"item\":\"https:\/\/medicina.udd.cl\/centro-genetica-genomica\/\"},{\"@type\":\"ListItem\",\"position\":2,\"name\":\"Europa aprueba la primera terapia g\u00e9nica\"}]},{\"@type\":\"WebSite\",\"@id\":\"https:\/\/medicina.udd.cl\/centro-genetica-genomica\/#website\",\"url\":\"https:\/\/medicina.udd.cl\/centro-genetica-genomica\/\",\"name\":\"Centro de Gen\u00e9tica y Gen\u00f3mica\",\"description\":\"\",\"inLanguage\":\"es\"},{\"@type\":\"Person\",\"@id\":\"https:\/\/medicina.udd.cl\/centro-genetica-genomica\/#\/schema\/person\/f7abfa784c86da427e89287831f96ab7\",\"name\":\"admin\",\"image\":{\"@type\":\"ImageObject\",\"inLanguage\":\"es\",\"@id\":\"https:\/\/medicina.udd.cl\/centro-genetica-genomica\/#\/schema\/person\/image\/\",\"url\":\"https:\/\/secure.gravatar.com\/avatar\/3cb6da298954dfb54457c0910b8c9ca010abd8d87a60f7d701b6ce4254e1c642?s=96&d=mm&r=g\",\"contentUrl\":\"https:\/\/secure.gravatar.com\/avatar\/3cb6da298954dfb54457c0910b8c9ca010abd8d87a60f7d701b6ce4254e1c642?s=96&d=mm&r=g\",\"caption\":\"admin\"},\"url\":\"https:\/\/medicina.udd.cl\/centro-genetica-genomica\/noticias\/author\/admin\/\"}]}<\/script>\n<!-- \/ Yoast SEO plugin. -->","yoast_head_json":{"title":"Europa aprueba la primera terapia g\u00e9nica - Centro de Gen\u00e9tica y Gen\u00f3mica","robots":{"index":"index","follow":"follow","max-snippet":"max-snippet:-1","max-image-preview":"max-image-preview:large","max-video-preview":"max-video-preview:-1"},"canonical":"https:\/\/medicina.udd.cl\/centro-genetica-genomica\/noticias\/2012\/11\/05\/europa-aprueba-la-primera-terapia-genica\/","og_locale":"es_ES","og_type":"article","og_title":"Europa aprueba la primera terapia g\u00e9nica - Centro de Gen\u00e9tica y Gen\u00f3mica","og_description":"Glybera es un tratamiento dise\u00f1ado para corregir errores en el c\u00f3digo gen\u00e9tico de una persona.","og_url":"https:\/\/medicina.udd.cl\/centro-genetica-genomica\/noticias\/2012\/11\/05\/europa-aprueba-la-primera-terapia-genica\/","og_site_name":"Centro de Gen\u00e9tica y Gen\u00f3mica","article_published_time":"2012-11-05T12:46:28+00:00","article_modified_time":"2012-11-05T12:52:36+00:00","og_image":[{"url":"http:\/\/medicina.udd.cl\/centro-genetica-humana\/files\/2012\/11\/a20100125110554-150x150.jpg","type":"","width":"","height":""}],"author":"admin","twitter_misc":{"Escrito por":"admin","Tiempo de lectura":"1 minuto"},"schema":{"@context":"https:\/\/schema.org","@graph":[{"@type":"Article","@id":"https:\/\/medicina.udd.cl\/centro-genetica-genomica\/noticias\/2012\/11\/05\/europa-aprueba-la-primera-terapia-genica\/#article","isPartOf":{"@id":"https:\/\/medicina.udd.cl\/centro-genetica-genomica\/noticias\/2012\/11\/05\/europa-aprueba-la-primera-terapia-genica\/"},"author":{"name":"admin","@id":"https:\/\/medicina.udd.cl\/centro-genetica-genomica\/#\/schema\/person\/f7abfa784c86da427e89287831f96ab7"},"headline":"Europa aprueba la primera terapia g\u00e9nica","datePublished":"2012-11-05T12:46:28+00:00","dateModified":"2012-11-05T12:52:36+00:00","mainEntityOfPage":{"@id":"https:\/\/medicina.udd.cl\/centro-genetica-genomica\/noticias\/2012\/11\/05\/europa-aprueba-la-primera-terapia-genica\/"},"wordCount":255,"commentCount":0,"image":{"@id":"https:\/\/medicina.udd.cl\/centro-genetica-genomica\/noticias\/2012\/11\/05\/europa-aprueba-la-primera-terapia-genica\/#primaryimage"},"thumbnailUrl":"http:\/\/medicina.udd.cl\/centro-genetica-humana\/files\/2012\/11\/a20100125110554-150x150.jpg","articleSection":["Noticias"],"inLanguage":"es","potentialAction":[{"@type":"CommentAction","name":"Comment","target":["https:\/\/medicina.udd.cl\/centro-genetica-genomica\/noticias\/2012\/11\/05\/europa-aprueba-la-primera-terapia-genica\/#respond"]}]},{"@type":"WebPage","@id":"https:\/\/medicina.udd.cl\/centro-genetica-genomica\/noticias\/2012\/11\/05\/europa-aprueba-la-primera-terapia-genica\/","url":"https:\/\/medicina.udd.cl\/centro-genetica-genomica\/noticias\/2012\/11\/05\/europa-aprueba-la-primera-terapia-genica\/","name":"Europa aprueba la primera terapia g\u00e9nica - Centro de Gen\u00e9tica y Gen\u00f3mica","isPartOf":{"@id":"https:\/\/medicina.udd.cl\/centro-genetica-genomica\/#website"},"primaryImageOfPage":{"@id":"https:\/\/medicina.udd.cl\/centro-genetica-genomica\/noticias\/2012\/11\/05\/europa-aprueba-la-primera-terapia-genica\/#primaryimage"},"image":{"@id":"https:\/\/medicina.udd.cl\/centro-genetica-genomica\/noticias\/2012\/11\/05\/europa-aprueba-la-primera-terapia-genica\/#primaryimage"},"thumbnailUrl":"http:\/\/medicina.udd.cl\/centro-genetica-humana\/files\/2012\/11\/a20100125110554-150x150.jpg","datePublished":"2012-11-05T12:46:28+00:00","dateModified":"2012-11-05T12:52:36+00:00","author":{"@id":"https:\/\/medicina.udd.cl\/centro-genetica-genomica\/#\/schema\/person\/f7abfa784c86da427e89287831f96ab7"},"breadcrumb":{"@id":"https:\/\/medicina.udd.cl\/centro-genetica-genomica\/noticias\/2012\/11\/05\/europa-aprueba-la-primera-terapia-genica\/#breadcrumb"},"inLanguage":"es","potentialAction":[{"@type":"ReadAction","target":["https:\/\/medicina.udd.cl\/centro-genetica-genomica\/noticias\/2012\/11\/05\/europa-aprueba-la-primera-terapia-genica\/"]}]},{"@type":"ImageObject","inLanguage":"es","@id":"https:\/\/medicina.udd.cl\/centro-genetica-genomica\/noticias\/2012\/11\/05\/europa-aprueba-la-primera-terapia-genica\/#primaryimage","url":"http:\/\/medicina.udd.cl\/centro-genetica-humana\/files\/2012\/11\/a20100125110554-150x150.jpg","contentUrl":"http:\/\/medicina.udd.cl\/centro-genetica-humana\/files\/2012\/11\/a20100125110554-150x150.jpg"},{"@type":"BreadcrumbList","@id":"https:\/\/medicina.udd.cl\/centro-genetica-genomica\/noticias\/2012\/11\/05\/europa-aprueba-la-primera-terapia-genica\/#breadcrumb","itemListElement":[{"@type":"ListItem","position":1,"name":"Inicio","item":"https:\/\/medicina.udd.cl\/centro-genetica-genomica\/"},{"@type":"ListItem","position":2,"name":"Europa aprueba la primera terapia g\u00e9nica"}]},{"@type":"WebSite","@id":"https:\/\/medicina.udd.cl\/centro-genetica-genomica\/#website","url":"https:\/\/medicina.udd.cl\/centro-genetica-genomica\/","name":"Centro de Gen\u00e9tica y Gen\u00f3mica","description":"","inLanguage":"es"},{"@type":"Person","@id":"https:\/\/medicina.udd.cl\/centro-genetica-genomica\/#\/schema\/person\/f7abfa784c86da427e89287831f96ab7","name":"admin","image":{"@type":"ImageObject","inLanguage":"es","@id":"https:\/\/medicina.udd.cl\/centro-genetica-genomica\/#\/schema\/person\/image\/","url":"https:\/\/secure.gravatar.com\/avatar\/3cb6da298954dfb54457c0910b8c9ca010abd8d87a60f7d701b6ce4254e1c642?s=96&d=mm&r=g","contentUrl":"https:\/\/secure.gravatar.com\/avatar\/3cb6da298954dfb54457c0910b8c9ca010abd8d87a60f7d701b6ce4254e1c642?s=96&d=mm&r=g","caption":"admin"},"url":"https:\/\/medicina.udd.cl\/centro-genetica-genomica\/noticias\/author\/admin\/"}]}},"featured_image_url":null,"_links":{"self":[{"href":"https:\/\/medicina.udd.cl\/centro-genetica-genomica\/wp-json\/wp\/v2\/posts\/559","targetHints":{"allow":["GET"]}}],"collection":[{"href":"https:\/\/medicina.udd.cl\/centro-genetica-genomica\/wp-json\/wp\/v2\/posts"}],"about":[{"href":"https:\/\/medicina.udd.cl\/centro-genetica-genomica\/wp-json\/wp\/v2\/types\/post"}],"author":[{"embeddable":true,"href":"https:\/\/medicina.udd.cl\/centro-genetica-genomica\/wp-json\/wp\/v2\/users\/1"}],"replies":[{"embeddable":true,"href":"https:\/\/medicina.udd.cl\/centro-genetica-genomica\/wp-json\/wp\/v2\/comments?post=559"}],"version-history":[{"count":5,"href":"https:\/\/medicina.udd.cl\/centro-genetica-genomica\/wp-json\/wp\/v2\/posts\/559\/revisions"}],"predecessor-version":[{"id":565,"href":"https:\/\/medicina.udd.cl\/centro-genetica-genomica\/wp-json\/wp\/v2\/posts\/559\/revisions\/565"}],"wp:attachment":[{"href":"https:\/\/medicina.udd.cl\/centro-genetica-genomica\/wp-json\/wp\/v2\/media?parent=559"}],"wp:term":[{"taxonomy":"category","embeddable":true,"href":"https:\/\/medicina.udd.cl\/centro-genetica-genomica\/wp-json\/wp\/v2\/categories?post=559"},{"taxonomy":"post_tag","embeddable":true,"href":"https:\/\/medicina.udd.cl\/centro-genetica-genomica\/wp-json\/wp\/v2\/tags?post=559"}],"curies":[{"name":"wp","href":"https:\/\/api.w.org\/{rel}","templated":true}]}}