{"id":566,"date":"2012-11-15T10:33:52","date_gmt":"2012-11-15T13:33:52","guid":{"rendered":"http:\/\/medicina.udd.cl\/centro-genetica-humana\/?p=566"},"modified":"2013-10-21T16:19:35","modified_gmt":"2013-10-21T19:19:35","slug":"prolifico-segundo-semestre-del-centro-de-genetica-humana","status":"publish","type":"post","link":"https:\/\/medicina.udd.cl\/centro-genetica-genomica\/noticias\/2012\/11\/15\/prolifico-segundo-semestre-del-centro-de-genetica-humana\/","title":{"rendered":"Prol\u00edfico segundo semestre del Centro de Gen\u00e9tica Humana"},"content":{"rendered":"<p>Diversas presentaciones en p\u00f3ster e intervenciones en congresos y seminarios han sido la t\u00f3nica del trabajo de investigaci\u00f3n realizado durante el segundo semestre del 2012, en el Centro de Gen\u00e9tica Humana de la Facultad de Medicina Cl\u00ednica Alemana Universidad del Desarrollo.<\/p>\n<p>A continuaci\u00f3n, un resumen de lo realizado a la fecha:<\/p>\n<p><span style=\"text-decoration: underline;\">Presentaci\u00f3n en p\u00f3ster:<\/span><\/p>\n<ol>\n<li><strong>Ziegler A, Graumann R, V\u00e1squez M,<\/strong> Corval\u00e1n A, Bra\u00f1es JA, Roa I, Wollscheid B. Teneurin-4 is frequently expressed in human ovarian carcinomas and is associated with\u00a0\u00a0tumor differentiation. 2<sup>nd<\/sup> World Congress on Cancer Science and Therapy (<a href=\"http:\/\/www.omicsonline.org\/\" target=\"_blank\">http:\/\/www.omicsonline.org<\/a>). San AntonioTX, USA, September 10-12, 2012.<\/li>\n<\/ol>\n<p>Este trabajo describe los avances obtenidos en un proyecto de investigaci\u00f3n que est\u00e1 analizando los patrones de expresi\u00f3n y el potencial uso como biomarcador de las teneurinas en el c\u00e1ncer de ovario. El estudio se realiza en colaboraci\u00f3n con investigadores y m\u00e9dicos de la Cl\u00ednica Alemana de Santiago y de la Pontificia Universidad Cat\u00f3lica de Chile. Esta investigaci\u00f3n y su presentaci\u00f3n en un congreso internacional son financiadas por Fondecyt (N\u00ba 1100605).<\/p>\n<ol>\n<li><strong>Repetto G, <\/strong>Araos D, Bertr\u00e1n A<strong>, V\u00e1squez M, C\u00e1ceres F*, Grossman N*, Ibarra I*, Espinoza K.<\/strong> Dosis de mantenci\u00f3n de anticoagulantes orales y su asociaci\u00f3n con polimorfismos en los genes CYP2C9 y VKORC1. XVIII Congreso Chileno de Hematolog\u00eda-VIII Congreso de Medicina Transfusional. Coquimbo, Chile, Octubre 3-6, 2012.<\/li>\n<\/ol>\n<p>Este es un estudio colaborativo entre el Centro de Gen\u00e9tica Humana, y miembros del Laboratorio Cl\u00ednico de Cl\u00ednica Alemana. Cuenta con el trabajo de 3 ayudantes-alumnos de la carrera de Medicina y fue financiado por el Depto. Cient\u00edfico-Docente de la Cl\u00ednica.<\/p>\n<ol>\n<li><strong>Ziegler A, Graumann R, V\u00e1squez M, <\/strong>Corval\u00e1n A, Casanello P, Bra\u00f1es JA, Roa I. Teneurin-4 is expressed in human ovarian carcinoma and is associated with tumor differentiation. XXVI Reuni\u00f3n Anual Sociedad de Biolog\u00eda Celular de Chile. Puerto Varas, Chile, Octubre 23-27, 2012. \u00a0<a href=\"http:\/\/medicina.udd.cl\/centro-genetica-humana\/files\/2012\/11\/Poster-OMICS-2012.pdf\">Poster Annemarie Ziegler 2012<\/a><\/li>\n<\/ol>\n<p>Este\u00a0trabajo describe los avances obtenidos en un proyecto de investigaci\u00f3n que est\u00e1 analizando los patrones de expresi\u00f3n y el potencial uso como biomarcador de las teneurinas en el c\u00e1ncer de ovario. El estudio se realiza en colaboraci\u00f3n con investigadores y m\u00e9dicos de la Cl\u00ednica Alemana de Santiago y de la Pontificia Universidad Cat\u00f3lica de Chile. Esta investigaci\u00f3n y su presentaci\u00f3n en un congreso nacional son financiadas por Fondecyt (N\u00ba 1100605).<\/p>\n<p><span style=\"text-decoration: underline;\">Conferencia por invitaci\u00f3n:<\/span><\/p>\n<p><strong>Repetto G<\/strong>. \u201cIdentificando el genotipo\u201d en Simposio de Fibrosis Qu\u00edstica,\u00a0\u00a0IX Congreso de la Sociedad Latinoamericana de Neumolog\u00eda Pedi\u00e1trica, Vi\u00f1a del Mar, Chile, Octubre 17-20, 2012.<\/p>\n<p>Esta presentaci\u00f3n resumi\u00f3 nuestro trabajo y avances\u00a0de m\u00e1s de 8 a\u00f1os en colaboraci\u00f3n con los m\u00e9dicos del Programa nacional de Fibrosis Qu\u00edstica en la identificaci\u00f3n de mutaciones causantes de esta enfermedad en poblaci\u00f3n chilena.<\/p>\n","protected":false},"excerpt":{"rendered":"<p>Numerosos p\u00f3ster e intervenciones en congresos han sido la t\u00f3nica de este periodo. <\/p>\n","protected":false},"author":1,"featured_media":0,"comment_status":"open","ping_status":"open","sticky":false,"template":"","format":"standard","meta":{"footnotes":""},"categories":[4],"tags":[],"class_list":["post-566","post","type-post","status-publish","format-standard","hentry","category-noticias"],"yoast_head":"<!-- This site is optimized with the Yoast SEO plugin v26.9 - https:\/\/yoast.com\/product\/yoast-seo-wordpress\/ -->\n<title>Prol\u00edfico segundo semestre del Centro de Gen\u00e9tica Humana - Centro de Gen\u00e9tica y Gen\u00f3mica<\/title>\n<meta name=\"robots\" content=\"index, follow, max-snippet:-1, max-image-preview:large, max-video-preview:-1\" \/>\n<link rel=\"canonical\" href=\"https:\/\/medicina.udd.cl\/centro-genetica-genomica\/noticias\/2012\/11\/15\/prolifico-segundo-semestre-del-centro-de-genetica-humana\/\" \/>\n<meta property=\"og:locale\" content=\"es_ES\" \/>\n<meta property=\"og:type\" content=\"article\" \/>\n<meta property=\"og:title\" content=\"Prol\u00edfico segundo semestre del Centro de Gen\u00e9tica Humana - Centro de Gen\u00e9tica y Gen\u00f3mica\" \/>\n<meta property=\"og:description\" content=\"Numerosos p\u00f3ster e intervenciones en congresos han sido la t\u00f3nica de este periodo.\" \/>\n<meta property=\"og:url\" content=\"https:\/\/medicina.udd.cl\/centro-genetica-genomica\/noticias\/2012\/11\/15\/prolifico-segundo-semestre-del-centro-de-genetica-humana\/\" \/>\n<meta property=\"og:site_name\" content=\"Centro de Gen\u00e9tica y Gen\u00f3mica\" \/>\n<meta property=\"article:published_time\" content=\"2012-11-15T13:33:52+00:00\" \/>\n<meta property=\"article:modified_time\" content=\"2013-10-21T19:19:35+00:00\" \/>\n<meta name=\"author\" content=\"admin\" \/>\n<meta name=\"twitter:label1\" content=\"Escrito por\" \/>\n\t<meta name=\"twitter:data1\" content=\"admin\" \/>\n\t<meta name=\"twitter:label2\" content=\"Tiempo de lectura\" \/>\n\t<meta name=\"twitter:data2\" content=\"2 minutos\" \/>\n<script type=\"application\/ld+json\" class=\"yoast-schema-graph\">{\"@context\":\"https:\/\/schema.org\",\"@graph\":[{\"@type\":\"Article\",\"@id\":\"https:\/\/medicina.udd.cl\/centro-genetica-genomica\/noticias\/2012\/11\/15\/prolifico-segundo-semestre-del-centro-de-genetica-humana\/#article\",\"isPartOf\":{\"@id\":\"https:\/\/medicina.udd.cl\/centro-genetica-genomica\/noticias\/2012\/11\/15\/prolifico-segundo-semestre-del-centro-de-genetica-humana\/\"},\"author\":{\"name\":\"admin\",\"@id\":\"https:\/\/medicina.udd.cl\/centro-genetica-genomica\/#\/schema\/person\/f7abfa784c86da427e89287831f96ab7\"},\"headline\":\"Prol\u00edfico segundo semestre del Centro de Gen\u00e9tica Humana\",\"datePublished\":\"2012-11-15T13:33:52+00:00\",\"dateModified\":\"2013-10-21T19:19:35+00:00\",\"mainEntityOfPage\":{\"@id\":\"https:\/\/medicina.udd.cl\/centro-genetica-genomica\/noticias\/2012\/11\/15\/prolifico-segundo-semestre-del-centro-de-genetica-humana\/\"},\"wordCount\":499,\"commentCount\":0,\"articleSection\":[\"Noticias\"],\"inLanguage\":\"es\",\"potentialAction\":[{\"@type\":\"CommentAction\",\"name\":\"Comment\",\"target\":[\"https:\/\/medicina.udd.cl\/centro-genetica-genomica\/noticias\/2012\/11\/15\/prolifico-segundo-semestre-del-centro-de-genetica-humana\/#respond\"]}]},{\"@type\":\"WebPage\",\"@id\":\"https:\/\/medicina.udd.cl\/centro-genetica-genomica\/noticias\/2012\/11\/15\/prolifico-segundo-semestre-del-centro-de-genetica-humana\/\",\"url\":\"https:\/\/medicina.udd.cl\/centro-genetica-genomica\/noticias\/2012\/11\/15\/prolifico-segundo-semestre-del-centro-de-genetica-humana\/\",\"name\":\"Prol\u00edfico segundo semestre del Centro de Gen\u00e9tica Humana - Centro de Gen\u00e9tica y Gen\u00f3mica\",\"isPartOf\":{\"@id\":\"https:\/\/medicina.udd.cl\/centro-genetica-genomica\/#website\"},\"datePublished\":\"2012-11-15T13:33:52+00:00\",\"dateModified\":\"2013-10-21T19:19:35+00:00\",\"author\":{\"@id\":\"https:\/\/medicina.udd.cl\/centro-genetica-genomica\/#\/schema\/person\/f7abfa784c86da427e89287831f96ab7\"},\"breadcrumb\":{\"@id\":\"https:\/\/medicina.udd.cl\/centro-genetica-genomica\/noticias\/2012\/11\/15\/prolifico-segundo-semestre-del-centro-de-genetica-humana\/#breadcrumb\"},\"inLanguage\":\"es\",\"potentialAction\":[{\"@type\":\"ReadAction\",\"target\":[\"https:\/\/medicina.udd.cl\/centro-genetica-genomica\/noticias\/2012\/11\/15\/prolifico-segundo-semestre-del-centro-de-genetica-humana\/\"]}]},{\"@type\":\"BreadcrumbList\",\"@id\":\"https:\/\/medicina.udd.cl\/centro-genetica-genomica\/noticias\/2012\/11\/15\/prolifico-segundo-semestre-del-centro-de-genetica-humana\/#breadcrumb\",\"itemListElement\":[{\"@type\":\"ListItem\",\"position\":1,\"name\":\"Inicio\",\"item\":\"https:\/\/medicina.udd.cl\/centro-genetica-genomica\/\"},{\"@type\":\"ListItem\",\"position\":2,\"name\":\"Prol\u00edfico segundo semestre del Centro de Gen\u00e9tica Humana\"}]},{\"@type\":\"WebSite\",\"@id\":\"https:\/\/medicina.udd.cl\/centro-genetica-genomica\/#website\",\"url\":\"https:\/\/medicina.udd.cl\/centro-genetica-genomica\/\",\"name\":\"Centro de Gen\u00e9tica y Gen\u00f3mica\",\"description\":\"\",\"inLanguage\":\"es\"},{\"@type\":\"Person\",\"@id\":\"https:\/\/medicina.udd.cl\/centro-genetica-genomica\/#\/schema\/person\/f7abfa784c86da427e89287831f96ab7\",\"name\":\"admin\",\"image\":{\"@type\":\"ImageObject\",\"inLanguage\":\"es\",\"@id\":\"https:\/\/medicina.udd.cl\/centro-genetica-genomica\/#\/schema\/person\/image\/\",\"url\":\"https:\/\/secure.gravatar.com\/avatar\/3cb6da298954dfb54457c0910b8c9ca010abd8d87a60f7d701b6ce4254e1c642?s=96&d=mm&r=g\",\"contentUrl\":\"https:\/\/secure.gravatar.com\/avatar\/3cb6da298954dfb54457c0910b8c9ca010abd8d87a60f7d701b6ce4254e1c642?s=96&d=mm&r=g\",\"caption\":\"admin\"},\"url\":\"https:\/\/medicina.udd.cl\/centro-genetica-genomica\/noticias\/author\/admin\/\"}]}<\/script>\n<!-- \/ Yoast SEO plugin. -->","yoast_head_json":{"title":"Prol\u00edfico segundo semestre del Centro de Gen\u00e9tica Humana - Centro de Gen\u00e9tica y Gen\u00f3mica","robots":{"index":"index","follow":"follow","max-snippet":"max-snippet:-1","max-image-preview":"max-image-preview:large","max-video-preview":"max-video-preview:-1"},"canonical":"https:\/\/medicina.udd.cl\/centro-genetica-genomica\/noticias\/2012\/11\/15\/prolifico-segundo-semestre-del-centro-de-genetica-humana\/","og_locale":"es_ES","og_type":"article","og_title":"Prol\u00edfico segundo semestre del Centro de Gen\u00e9tica Humana - Centro de Gen\u00e9tica y Gen\u00f3mica","og_description":"Numerosos p\u00f3ster e intervenciones en congresos han sido la t\u00f3nica de este periodo.","og_url":"https:\/\/medicina.udd.cl\/centro-genetica-genomica\/noticias\/2012\/11\/15\/prolifico-segundo-semestre-del-centro-de-genetica-humana\/","og_site_name":"Centro de Gen\u00e9tica y Gen\u00f3mica","article_published_time":"2012-11-15T13:33:52+00:00","article_modified_time":"2013-10-21T19:19:35+00:00","author":"admin","twitter_misc":{"Escrito por":"admin","Tiempo de lectura":"2 minutos"},"schema":{"@context":"https:\/\/schema.org","@graph":[{"@type":"Article","@id":"https:\/\/medicina.udd.cl\/centro-genetica-genomica\/noticias\/2012\/11\/15\/prolifico-segundo-semestre-del-centro-de-genetica-humana\/#article","isPartOf":{"@id":"https:\/\/medicina.udd.cl\/centro-genetica-genomica\/noticias\/2012\/11\/15\/prolifico-segundo-semestre-del-centro-de-genetica-humana\/"},"author":{"name":"admin","@id":"https:\/\/medicina.udd.cl\/centro-genetica-genomica\/#\/schema\/person\/f7abfa784c86da427e89287831f96ab7"},"headline":"Prol\u00edfico segundo semestre del Centro de Gen\u00e9tica Humana","datePublished":"2012-11-15T13:33:52+00:00","dateModified":"2013-10-21T19:19:35+00:00","mainEntityOfPage":{"@id":"https:\/\/medicina.udd.cl\/centro-genetica-genomica\/noticias\/2012\/11\/15\/prolifico-segundo-semestre-del-centro-de-genetica-humana\/"},"wordCount":499,"commentCount":0,"articleSection":["Noticias"],"inLanguage":"es","potentialAction":[{"@type":"CommentAction","name":"Comment","target":["https:\/\/medicina.udd.cl\/centro-genetica-genomica\/noticias\/2012\/11\/15\/prolifico-segundo-semestre-del-centro-de-genetica-humana\/#respond"]}]},{"@type":"WebPage","@id":"https:\/\/medicina.udd.cl\/centro-genetica-genomica\/noticias\/2012\/11\/15\/prolifico-segundo-semestre-del-centro-de-genetica-humana\/","url":"https:\/\/medicina.udd.cl\/centro-genetica-genomica\/noticias\/2012\/11\/15\/prolifico-segundo-semestre-del-centro-de-genetica-humana\/","name":"Prol\u00edfico segundo semestre del Centro de Gen\u00e9tica Humana - Centro de Gen\u00e9tica y Gen\u00f3mica","isPartOf":{"@id":"https:\/\/medicina.udd.cl\/centro-genetica-genomica\/#website"},"datePublished":"2012-11-15T13:33:52+00:00","dateModified":"2013-10-21T19:19:35+00:00","author":{"@id":"https:\/\/medicina.udd.cl\/centro-genetica-genomica\/#\/schema\/person\/f7abfa784c86da427e89287831f96ab7"},"breadcrumb":{"@id":"https:\/\/medicina.udd.cl\/centro-genetica-genomica\/noticias\/2012\/11\/15\/prolifico-segundo-semestre-del-centro-de-genetica-humana\/#breadcrumb"},"inLanguage":"es","potentialAction":[{"@type":"ReadAction","target":["https:\/\/medicina.udd.cl\/centro-genetica-genomica\/noticias\/2012\/11\/15\/prolifico-segundo-semestre-del-centro-de-genetica-humana\/"]}]},{"@type":"BreadcrumbList","@id":"https:\/\/medicina.udd.cl\/centro-genetica-genomica\/noticias\/2012\/11\/15\/prolifico-segundo-semestre-del-centro-de-genetica-humana\/#breadcrumb","itemListElement":[{"@type":"ListItem","position":1,"name":"Inicio","item":"https:\/\/medicina.udd.cl\/centro-genetica-genomica\/"},{"@type":"ListItem","position":2,"name":"Prol\u00edfico segundo semestre del Centro de Gen\u00e9tica Humana"}]},{"@type":"WebSite","@id":"https:\/\/medicina.udd.cl\/centro-genetica-genomica\/#website","url":"https:\/\/medicina.udd.cl\/centro-genetica-genomica\/","name":"Centro de Gen\u00e9tica y Gen\u00f3mica","description":"","inLanguage":"es"},{"@type":"Person","@id":"https:\/\/medicina.udd.cl\/centro-genetica-genomica\/#\/schema\/person\/f7abfa784c86da427e89287831f96ab7","name":"admin","image":{"@type":"ImageObject","inLanguage":"es","@id":"https:\/\/medicina.udd.cl\/centro-genetica-genomica\/#\/schema\/person\/image\/","url":"https:\/\/secure.gravatar.com\/avatar\/3cb6da298954dfb54457c0910b8c9ca010abd8d87a60f7d701b6ce4254e1c642?s=96&d=mm&r=g","contentUrl":"https:\/\/secure.gravatar.com\/avatar\/3cb6da298954dfb54457c0910b8c9ca010abd8d87a60f7d701b6ce4254e1c642?s=96&d=mm&r=g","caption":"admin"},"url":"https:\/\/medicina.udd.cl\/centro-genetica-genomica\/noticias\/author\/admin\/"}]}},"featured_image_url":null,"_links":{"self":[{"href":"https:\/\/medicina.udd.cl\/centro-genetica-genomica\/wp-json\/wp\/v2\/posts\/566","targetHints":{"allow":["GET"]}}],"collection":[{"href":"https:\/\/medicina.udd.cl\/centro-genetica-genomica\/wp-json\/wp\/v2\/posts"}],"about":[{"href":"https:\/\/medicina.udd.cl\/centro-genetica-genomica\/wp-json\/wp\/v2\/types\/post"}],"author":[{"embeddable":true,"href":"https:\/\/medicina.udd.cl\/centro-genetica-genomica\/wp-json\/wp\/v2\/users\/1"}],"replies":[{"embeddable":true,"href":"https:\/\/medicina.udd.cl\/centro-genetica-genomica\/wp-json\/wp\/v2\/comments?post=566"}],"version-history":[{"count":26,"href":"https:\/\/medicina.udd.cl\/centro-genetica-genomica\/wp-json\/wp\/v2\/posts\/566\/revisions"}],"predecessor-version":[{"id":1056,"href":"https:\/\/medicina.udd.cl\/centro-genetica-genomica\/wp-json\/wp\/v2\/posts\/566\/revisions\/1056"}],"wp:attachment":[{"href":"https:\/\/medicina.udd.cl\/centro-genetica-genomica\/wp-json\/wp\/v2\/media?parent=566"}],"wp:term":[{"taxonomy":"category","embeddable":true,"href":"https:\/\/medicina.udd.cl\/centro-genetica-genomica\/wp-json\/wp\/v2\/categories?post=566"},{"taxonomy":"post_tag","embeddable":true,"href":"https:\/\/medicina.udd.cl\/centro-genetica-genomica\/wp-json\/wp\/v2\/tags?post=566"}],"curies":[{"name":"wp","href":"https:\/\/api.w.org\/{rel}","templated":true}]}}