{"id":63,"date":"2010-05-28T14:21:03","date_gmt":"2010-05-28T18:21:03","guid":{"rendered":"http:\/\/medicina.udd.cl\/centro-genetica-humana\/2010\/05\/28\/docentes-del-centro-de-genetica-humana-se-adjudicaron-proyectos-fondecyt\/"},"modified":"2010-06-14T17:45:15","modified_gmt":"2010-06-14T21:45:15","slug":"docentes-del-centro-de-genetica-humana-se-adjudicaron-proyectos-fondecyt","status":"publish","type":"post","link":"https:\/\/medicina.udd.cl\/centro-genetica-genomica\/noticias\/2010\/05\/28\/docentes-del-centro-de-genetica-humana-se-adjudicaron-proyectos-fondecyt\/","title":{"rendered":"Docentes del Centro de Gen\u00e9tica Humana se adjudicaron proyectos FONDECYT"},"content":{"rendered":"<p style=\"text-align: justify\"><a href=\"http:\/\/medicina.udd.cl\/centro-genetica-humana\/files\/2010\/04\/Investigacion-3.jpg\"><img loading=\"lazy\" decoding=\"async\" class=\"alignleft size-medium wp-image-44\" title=\"Investigacion 3\" src=\"http:\/\/medicina.udd.cl\/centro-genetica-humana\/files\/2010\/04\/Investigacion-3-300x200.jpg\" alt=\"\" width=\"300\" height=\"200\" \/><\/a>El Fondo Nacional de Desarrollo Cient\u00edfico y Tecnol\u00f3gico (FONDECYT) otorg\u00f3 recursos a seis proyectos presentados por la Universidad del Desarrollo, de los cuales, tres de ellos pertenece a la Facultad de Medicina. Con este resultado, la UDD qued\u00f3 posicionada como la segunda instituci\u00f3n privada que recibe mayor cantidad de ingresos para el primer a\u00f1o de ejecuci\u00f3n de los proyectos.<\/p>\n<p style=\"text-align: justify\">En esta oportunidad, Gabriela Repetto y Annemarie Ziegler se adjudicaron importantes proyectos que llevar\u00e1n a cabo durante los pr\u00f3ximos a\u00f1os.<\/p>\n<p style=\"text-align: justify\">\u201cEste financiamiento nos permitir\u00e1 crecer en personas y equipamiento y, en retribuci\u00f3n, esperamos contribuir al conocimiento cient\u00edfico para mejorar la compresi\u00f3n de las enfermedades\u00a0sobre las que tratan los proyectos, as\u00ed como\u00a0a la formaci\u00f3n de nuevas generaciones de investigadores\u201d, coment\u00f3 la Dra. Repetto, directora del Centro de Gen\u00e9tica Humana.<\/p>\n<p style=\"text-align: justify\">Por su parte, Annemarie Ziegler, se mostr\u00f3 muy satisfecha de este logro y dijo que \u201cestamos sumamente contentos por el resultado que nos permitir\u00e1 consolidar una nueva l\u00ednea investigativa en c\u00e1ncer\u201d.<\/p>\n<p style=\"text-align: justify\"><strong>Los estudios son:<\/strong><\/p>\n<ul style=\"text-align: justify\">\n<li>\n<div><em>Genetic modifiers of the 22q11 microdeletion syndrome: A genome-wide association study<\/em>, por Gabriela Repetto.<\/div>\n<\/li>\n<\/ul>\n<p style=\"text-align: justify\">Esta investigaci\u00f3n es la continuaci\u00f3n del proyecto Fondecyt anterior (2006 a 2009), que habla sobre la deleci\u00f3n de la regi\u00f3n\u00a0cromos\u00f3mica 22q11 o s\u00edndrome velocardiofacial, una de las alteraciones gen\u00e9ticas comunes que afecta a 1 de cada 4000 a 5000 personas. Si bien, casi todos los afectados tienen la misma deleci\u00f3n, un 50% tiene cardiopat\u00eda cong\u00e9nita y el resto no, mientras que el 70% tiene alteraciones en el paladar, y el resto no. Esto sugiere que hay factores que modifican el efecto de la deleci\u00f3n y que predisponen a (o protegen de)\u00a0 el desarrollo de cardiopat\u00edas o fisuras.<\/p>\n<p style=\"text-align: justify\">\u201cEn este proyecto evaluaremos polimorfismos o variantes gen\u00e9ticas a lo largo de todo el genoma en al menos 200 pacientes con la deleci\u00f3n. Esta estrategia se denomina \u201cGenome-wide association study (GWAS)\u201d y se realizar\u00e1 en colaboraci\u00f3n con el Dr McGhee en UCLA. Hasta donde sabemos, seremos pioneros en\u00a0el uso de GWAS en investigaci\u00f3n m\u00e9dica en Latinoam\u00e9rica. Adem\u00e1s, esto nos ha permitido colaborar con la Fundaci\u00f3n Chilena para el S\u00edndrome Velocardiofacial\u201d, agreg\u00f3 la investigadora principal.<\/p>\n<ul style=\"text-align: justify\">\n<li>\n<div><em>Functional contribution and expression patterns of teneurin-2 and teneurin-4 in human ovarian cancer: A novel role for a conserved protein family involved in neural development<\/em>, por Annemarie Ziegler.<\/div>\n<\/li>\n<\/ul>\n<p style=\"text-align: justify\">Para este estudio, el proyecto Fondecyt investigar\u00e1 de qu\u00e9 manera est\u00e1n contribuyendo las teneurinas al proceso carcinog\u00e9nico, y qu\u00e9 patrones de expresi\u00f3n presentan los tumores de ovario. Con este trabajo, se espera obtener los primeros datos sobre el posible rol de las teneurinas en el c\u00e1ncer y, as\u00ed, evaluar si estas prote\u00ednas pudieran presentar un potencial como futuros blancos de intervenci\u00f3n terap\u00e9utica o como marcadores de tumores.<\/p>\n<p style=\"text-align: justify\">\u201cEn nuestro laboratorio descubrimos que algunas teneurinas se expresan en l\u00edneas derivadas de tumores humanos, en especial de tumores de ovario y mama. Estos resultados los hemos confirmado en experimentos preliminares en tumores humanos, un trabajo que se est\u00e1 haciendo en conjunto con el Depto. de Patolog\u00eda de la Cl\u00ednica Alemana\u201d, destac\u00f3 la investigadora.<\/p>\n","protected":false},"excerpt":{"rendered":"<p>Dos proyectos recayeron en la instituci\u00f3n.<\/p>\n","protected":false},"author":1,"featured_media":0,"comment_status":"open","ping_status":"open","sticky":false,"template":"","format":"standard","meta":{"footnotes":""},"categories":[4],"tags":[],"class_list":["post-63","post","type-post","status-publish","format-standard","hentry","category-noticias"],"yoast_head":"<!-- This site is optimized with the Yoast SEO plugin v26.9 - https:\/\/yoast.com\/product\/yoast-seo-wordpress\/ -->\n<title>Docentes del Centro de Gen\u00e9tica Humana se adjudicaron proyectos FONDECYT - Centro de Gen\u00e9tica y Gen\u00f3mica<\/title>\n<meta name=\"robots\" content=\"index, follow, max-snippet:-1, max-image-preview:large, max-video-preview:-1\" \/>\n<link rel=\"canonical\" href=\"https:\/\/medicina.udd.cl\/centro-genetica-genomica\/noticias\/2010\/05\/28\/docentes-del-centro-de-genetica-humana-se-adjudicaron-proyectos-fondecyt\/\" \/>\n<meta property=\"og:locale\" content=\"es_ES\" \/>\n<meta property=\"og:type\" content=\"article\" \/>\n<meta property=\"og:title\" content=\"Docentes del Centro de Gen\u00e9tica Humana se adjudicaron proyectos FONDECYT - Centro de Gen\u00e9tica y Gen\u00f3mica\" \/>\n<meta property=\"og:description\" content=\"Dos proyectos recayeron en la instituci\u00f3n.\" \/>\n<meta property=\"og:url\" content=\"https:\/\/medicina.udd.cl\/centro-genetica-genomica\/noticias\/2010\/05\/28\/docentes-del-centro-de-genetica-humana-se-adjudicaron-proyectos-fondecyt\/\" \/>\n<meta property=\"og:site_name\" content=\"Centro de Gen\u00e9tica y Gen\u00f3mica\" \/>\n<meta property=\"article:published_time\" content=\"2010-05-28T18:21:03+00:00\" \/>\n<meta property=\"article:modified_time\" content=\"2010-06-14T21:45:15+00:00\" \/>\n<meta property=\"og:image\" content=\"http:\/\/medicina.udd.cl\/centro-genetica-humana\/files\/2010\/04\/Investigacion-3-300x200.jpg\" \/>\n<meta name=\"author\" content=\"admin\" \/>\n<meta name=\"twitter:label1\" content=\"Escrito por\" \/>\n\t<meta name=\"twitter:data1\" content=\"admin\" \/>\n\t<meta name=\"twitter:label2\" content=\"Tiempo de lectura\" \/>\n\t<meta name=\"twitter:data2\" content=\"3 minutos\" \/>\n<script type=\"application\/ld+json\" class=\"yoast-schema-graph\">{\"@context\":\"https:\/\/schema.org\",\"@graph\":[{\"@type\":\"Article\",\"@id\":\"https:\/\/medicina.udd.cl\/centro-genetica-genomica\/noticias\/2010\/05\/28\/docentes-del-centro-de-genetica-humana-se-adjudicaron-proyectos-fondecyt\/#article\",\"isPartOf\":{\"@id\":\"https:\/\/medicina.udd.cl\/centro-genetica-genomica\/noticias\/2010\/05\/28\/docentes-del-centro-de-genetica-humana-se-adjudicaron-proyectos-fondecyt\/\"},\"author\":{\"name\":\"admin\",\"@id\":\"https:\/\/medicina.udd.cl\/centro-genetica-genomica\/#\/schema\/person\/f7abfa784c86da427e89287831f96ab7\"},\"headline\":\"Docentes del Centro de Gen\u00e9tica Humana se adjudicaron proyectos FONDECYT\",\"datePublished\":\"2010-05-28T18:21:03+00:00\",\"dateModified\":\"2010-06-14T21:45:15+00:00\",\"mainEntityOfPage\":{\"@id\":\"https:\/\/medicina.udd.cl\/centro-genetica-genomica\/noticias\/2010\/05\/28\/docentes-del-centro-de-genetica-humana-se-adjudicaron-proyectos-fondecyt\/\"},\"wordCount\":548,\"commentCount\":0,\"image\":{\"@id\":\"https:\/\/medicina.udd.cl\/centro-genetica-genomica\/noticias\/2010\/05\/28\/docentes-del-centro-de-genetica-humana-se-adjudicaron-proyectos-fondecyt\/#primaryimage\"},\"thumbnailUrl\":\"http:\/\/medicina.udd.cl\/centro-genetica-humana\/files\/2010\/04\/Investigacion-3-300x200.jpg\",\"articleSection\":[\"Noticias\"],\"inLanguage\":\"es\",\"potentialAction\":[{\"@type\":\"CommentAction\",\"name\":\"Comment\",\"target\":[\"https:\/\/medicina.udd.cl\/centro-genetica-genomica\/noticias\/2010\/05\/28\/docentes-del-centro-de-genetica-humana-se-adjudicaron-proyectos-fondecyt\/#respond\"]}]},{\"@type\":\"WebPage\",\"@id\":\"https:\/\/medicina.udd.cl\/centro-genetica-genomica\/noticias\/2010\/05\/28\/docentes-del-centro-de-genetica-humana-se-adjudicaron-proyectos-fondecyt\/\",\"url\":\"https:\/\/medicina.udd.cl\/centro-genetica-genomica\/noticias\/2010\/05\/28\/docentes-del-centro-de-genetica-humana-se-adjudicaron-proyectos-fondecyt\/\",\"name\":\"Docentes del Centro de Gen\u00e9tica Humana se adjudicaron proyectos FONDECYT - Centro de Gen\u00e9tica y Gen\u00f3mica\",\"isPartOf\":{\"@id\":\"https:\/\/medicina.udd.cl\/centro-genetica-genomica\/#website\"},\"primaryImageOfPage\":{\"@id\":\"https:\/\/medicina.udd.cl\/centro-genetica-genomica\/noticias\/2010\/05\/28\/docentes-del-centro-de-genetica-humana-se-adjudicaron-proyectos-fondecyt\/#primaryimage\"},\"image\":{\"@id\":\"https:\/\/medicina.udd.cl\/centro-genetica-genomica\/noticias\/2010\/05\/28\/docentes-del-centro-de-genetica-humana-se-adjudicaron-proyectos-fondecyt\/#primaryimage\"},\"thumbnailUrl\":\"http:\/\/medicina.udd.cl\/centro-genetica-humana\/files\/2010\/04\/Investigacion-3-300x200.jpg\",\"datePublished\":\"2010-05-28T18:21:03+00:00\",\"dateModified\":\"2010-06-14T21:45:15+00:00\",\"author\":{\"@id\":\"https:\/\/medicina.udd.cl\/centro-genetica-genomica\/#\/schema\/person\/f7abfa784c86da427e89287831f96ab7\"},\"breadcrumb\":{\"@id\":\"https:\/\/medicina.udd.cl\/centro-genetica-genomica\/noticias\/2010\/05\/28\/docentes-del-centro-de-genetica-humana-se-adjudicaron-proyectos-fondecyt\/#breadcrumb\"},\"inLanguage\":\"es\",\"potentialAction\":[{\"@type\":\"ReadAction\",\"target\":[\"https:\/\/medicina.udd.cl\/centro-genetica-genomica\/noticias\/2010\/05\/28\/docentes-del-centro-de-genetica-humana-se-adjudicaron-proyectos-fondecyt\/\"]}]},{\"@type\":\"ImageObject\",\"inLanguage\":\"es\",\"@id\":\"https:\/\/medicina.udd.cl\/centro-genetica-genomica\/noticias\/2010\/05\/28\/docentes-del-centro-de-genetica-humana-se-adjudicaron-proyectos-fondecyt\/#primaryimage\",\"url\":\"http:\/\/medicina.udd.cl\/centro-genetica-humana\/files\/2010\/04\/Investigacion-3-300x200.jpg\",\"contentUrl\":\"http:\/\/medicina.udd.cl\/centro-genetica-humana\/files\/2010\/04\/Investigacion-3-300x200.jpg\"},{\"@type\":\"BreadcrumbList\",\"@id\":\"https:\/\/medicina.udd.cl\/centro-genetica-genomica\/noticias\/2010\/05\/28\/docentes-del-centro-de-genetica-humana-se-adjudicaron-proyectos-fondecyt\/#breadcrumb\",\"itemListElement\":[{\"@type\":\"ListItem\",\"position\":1,\"name\":\"Inicio\",\"item\":\"https:\/\/medicina.udd.cl\/centro-genetica-genomica\/\"},{\"@type\":\"ListItem\",\"position\":2,\"name\":\"Docentes del Centro de Gen\u00e9tica Humana se adjudicaron proyectos FONDECYT\"}]},{\"@type\":\"WebSite\",\"@id\":\"https:\/\/medicina.udd.cl\/centro-genetica-genomica\/#website\",\"url\":\"https:\/\/medicina.udd.cl\/centro-genetica-genomica\/\",\"name\":\"Centro de Gen\u00e9tica y Gen\u00f3mica\",\"description\":\"\",\"inLanguage\":\"es\"},{\"@type\":\"Person\",\"@id\":\"https:\/\/medicina.udd.cl\/centro-genetica-genomica\/#\/schema\/person\/f7abfa784c86da427e89287831f96ab7\",\"name\":\"admin\",\"image\":{\"@type\":\"ImageObject\",\"inLanguage\":\"es\",\"@id\":\"https:\/\/medicina.udd.cl\/centro-genetica-genomica\/#\/schema\/person\/image\/\",\"url\":\"https:\/\/secure.gravatar.com\/avatar\/3cb6da298954dfb54457c0910b8c9ca010abd8d87a60f7d701b6ce4254e1c642?s=96&d=mm&r=g\",\"contentUrl\":\"https:\/\/secure.gravatar.com\/avatar\/3cb6da298954dfb54457c0910b8c9ca010abd8d87a60f7d701b6ce4254e1c642?s=96&d=mm&r=g\",\"caption\":\"admin\"},\"url\":\"https:\/\/medicina.udd.cl\/centro-genetica-genomica\/noticias\/author\/admin\/\"}]}<\/script>\n<!-- \/ Yoast SEO plugin. -->","yoast_head_json":{"title":"Docentes del Centro de Gen\u00e9tica Humana se adjudicaron proyectos FONDECYT - Centro de Gen\u00e9tica y Gen\u00f3mica","robots":{"index":"index","follow":"follow","max-snippet":"max-snippet:-1","max-image-preview":"max-image-preview:large","max-video-preview":"max-video-preview:-1"},"canonical":"https:\/\/medicina.udd.cl\/centro-genetica-genomica\/noticias\/2010\/05\/28\/docentes-del-centro-de-genetica-humana-se-adjudicaron-proyectos-fondecyt\/","og_locale":"es_ES","og_type":"article","og_title":"Docentes del Centro de Gen\u00e9tica Humana se adjudicaron proyectos FONDECYT - Centro de Gen\u00e9tica y Gen\u00f3mica","og_description":"Dos proyectos recayeron en la instituci\u00f3n.","og_url":"https:\/\/medicina.udd.cl\/centro-genetica-genomica\/noticias\/2010\/05\/28\/docentes-del-centro-de-genetica-humana-se-adjudicaron-proyectos-fondecyt\/","og_site_name":"Centro de Gen\u00e9tica y Gen\u00f3mica","article_published_time":"2010-05-28T18:21:03+00:00","article_modified_time":"2010-06-14T21:45:15+00:00","og_image":[{"url":"http:\/\/medicina.udd.cl\/centro-genetica-humana\/files\/2010\/04\/Investigacion-3-300x200.jpg","type":"","width":"","height":""}],"author":"admin","twitter_misc":{"Escrito por":"admin","Tiempo de lectura":"3 minutos"},"schema":{"@context":"https:\/\/schema.org","@graph":[{"@type":"Article","@id":"https:\/\/medicina.udd.cl\/centro-genetica-genomica\/noticias\/2010\/05\/28\/docentes-del-centro-de-genetica-humana-se-adjudicaron-proyectos-fondecyt\/#article","isPartOf":{"@id":"https:\/\/medicina.udd.cl\/centro-genetica-genomica\/noticias\/2010\/05\/28\/docentes-del-centro-de-genetica-humana-se-adjudicaron-proyectos-fondecyt\/"},"author":{"name":"admin","@id":"https:\/\/medicina.udd.cl\/centro-genetica-genomica\/#\/schema\/person\/f7abfa784c86da427e89287831f96ab7"},"headline":"Docentes del Centro de Gen\u00e9tica Humana se adjudicaron proyectos FONDECYT","datePublished":"2010-05-28T18:21:03+00:00","dateModified":"2010-06-14T21:45:15+00:00","mainEntityOfPage":{"@id":"https:\/\/medicina.udd.cl\/centro-genetica-genomica\/noticias\/2010\/05\/28\/docentes-del-centro-de-genetica-humana-se-adjudicaron-proyectos-fondecyt\/"},"wordCount":548,"commentCount":0,"image":{"@id":"https:\/\/medicina.udd.cl\/centro-genetica-genomica\/noticias\/2010\/05\/28\/docentes-del-centro-de-genetica-humana-se-adjudicaron-proyectos-fondecyt\/#primaryimage"},"thumbnailUrl":"http:\/\/medicina.udd.cl\/centro-genetica-humana\/files\/2010\/04\/Investigacion-3-300x200.jpg","articleSection":["Noticias"],"inLanguage":"es","potentialAction":[{"@type":"CommentAction","name":"Comment","target":["https:\/\/medicina.udd.cl\/centro-genetica-genomica\/noticias\/2010\/05\/28\/docentes-del-centro-de-genetica-humana-se-adjudicaron-proyectos-fondecyt\/#respond"]}]},{"@type":"WebPage","@id":"https:\/\/medicina.udd.cl\/centro-genetica-genomica\/noticias\/2010\/05\/28\/docentes-del-centro-de-genetica-humana-se-adjudicaron-proyectos-fondecyt\/","url":"https:\/\/medicina.udd.cl\/centro-genetica-genomica\/noticias\/2010\/05\/28\/docentes-del-centro-de-genetica-humana-se-adjudicaron-proyectos-fondecyt\/","name":"Docentes del Centro de Gen\u00e9tica Humana se adjudicaron proyectos FONDECYT - Centro de Gen\u00e9tica y Gen\u00f3mica","isPartOf":{"@id":"https:\/\/medicina.udd.cl\/centro-genetica-genomica\/#website"},"primaryImageOfPage":{"@id":"https:\/\/medicina.udd.cl\/centro-genetica-genomica\/noticias\/2010\/05\/28\/docentes-del-centro-de-genetica-humana-se-adjudicaron-proyectos-fondecyt\/#primaryimage"},"image":{"@id":"https:\/\/medicina.udd.cl\/centro-genetica-genomica\/noticias\/2010\/05\/28\/docentes-del-centro-de-genetica-humana-se-adjudicaron-proyectos-fondecyt\/#primaryimage"},"thumbnailUrl":"http:\/\/medicina.udd.cl\/centro-genetica-humana\/files\/2010\/04\/Investigacion-3-300x200.jpg","datePublished":"2010-05-28T18:21:03+00:00","dateModified":"2010-06-14T21:45:15+00:00","author":{"@id":"https:\/\/medicina.udd.cl\/centro-genetica-genomica\/#\/schema\/person\/f7abfa784c86da427e89287831f96ab7"},"breadcrumb":{"@id":"https:\/\/medicina.udd.cl\/centro-genetica-genomica\/noticias\/2010\/05\/28\/docentes-del-centro-de-genetica-humana-se-adjudicaron-proyectos-fondecyt\/#breadcrumb"},"inLanguage":"es","potentialAction":[{"@type":"ReadAction","target":["https:\/\/medicina.udd.cl\/centro-genetica-genomica\/noticias\/2010\/05\/28\/docentes-del-centro-de-genetica-humana-se-adjudicaron-proyectos-fondecyt\/"]}]},{"@type":"ImageObject","inLanguage":"es","@id":"https:\/\/medicina.udd.cl\/centro-genetica-genomica\/noticias\/2010\/05\/28\/docentes-del-centro-de-genetica-humana-se-adjudicaron-proyectos-fondecyt\/#primaryimage","url":"http:\/\/medicina.udd.cl\/centro-genetica-humana\/files\/2010\/04\/Investigacion-3-300x200.jpg","contentUrl":"http:\/\/medicina.udd.cl\/centro-genetica-humana\/files\/2010\/04\/Investigacion-3-300x200.jpg"},{"@type":"BreadcrumbList","@id":"https:\/\/medicina.udd.cl\/centro-genetica-genomica\/noticias\/2010\/05\/28\/docentes-del-centro-de-genetica-humana-se-adjudicaron-proyectos-fondecyt\/#breadcrumb","itemListElement":[{"@type":"ListItem","position":1,"name":"Inicio","item":"https:\/\/medicina.udd.cl\/centro-genetica-genomica\/"},{"@type":"ListItem","position":2,"name":"Docentes del Centro de Gen\u00e9tica Humana se adjudicaron proyectos FONDECYT"}]},{"@type":"WebSite","@id":"https:\/\/medicina.udd.cl\/centro-genetica-genomica\/#website","url":"https:\/\/medicina.udd.cl\/centro-genetica-genomica\/","name":"Centro de Gen\u00e9tica y Gen\u00f3mica","description":"","inLanguage":"es"},{"@type":"Person","@id":"https:\/\/medicina.udd.cl\/centro-genetica-genomica\/#\/schema\/person\/f7abfa784c86da427e89287831f96ab7","name":"admin","image":{"@type":"ImageObject","inLanguage":"es","@id":"https:\/\/medicina.udd.cl\/centro-genetica-genomica\/#\/schema\/person\/image\/","url":"https:\/\/secure.gravatar.com\/avatar\/3cb6da298954dfb54457c0910b8c9ca010abd8d87a60f7d701b6ce4254e1c642?s=96&d=mm&r=g","contentUrl":"https:\/\/secure.gravatar.com\/avatar\/3cb6da298954dfb54457c0910b8c9ca010abd8d87a60f7d701b6ce4254e1c642?s=96&d=mm&r=g","caption":"admin"},"url":"https:\/\/medicina.udd.cl\/centro-genetica-genomica\/noticias\/author\/admin\/"}]}},"featured_image_url":null,"_links":{"self":[{"href":"https:\/\/medicina.udd.cl\/centro-genetica-genomica\/wp-json\/wp\/v2\/posts\/63","targetHints":{"allow":["GET"]}}],"collection":[{"href":"https:\/\/medicina.udd.cl\/centro-genetica-genomica\/wp-json\/wp\/v2\/posts"}],"about":[{"href":"https:\/\/medicina.udd.cl\/centro-genetica-genomica\/wp-json\/wp\/v2\/types\/post"}],"author":[{"embeddable":true,"href":"https:\/\/medicina.udd.cl\/centro-genetica-genomica\/wp-json\/wp\/v2\/users\/1"}],"replies":[{"embeddable":true,"href":"https:\/\/medicina.udd.cl\/centro-genetica-genomica\/wp-json\/wp\/v2\/comments?post=63"}],"version-history":[{"count":8,"href":"https:\/\/medicina.udd.cl\/centro-genetica-genomica\/wp-json\/wp\/v2\/posts\/63\/revisions"}],"predecessor-version":[{"id":214,"href":"https:\/\/medicina.udd.cl\/centro-genetica-genomica\/wp-json\/wp\/v2\/posts\/63\/revisions\/214"}],"wp:attachment":[{"href":"https:\/\/medicina.udd.cl\/centro-genetica-genomica\/wp-json\/wp\/v2\/media?parent=63"}],"wp:term":[{"taxonomy":"category","embeddable":true,"href":"https:\/\/medicina.udd.cl\/centro-genetica-genomica\/wp-json\/wp\/v2\/categories?post=63"},{"taxonomy":"post_tag","embeddable":true,"href":"https:\/\/medicina.udd.cl\/centro-genetica-genomica\/wp-json\/wp\/v2\/tags?post=63"}],"curies":[{"name":"wp","href":"https:\/\/api.w.org\/{rel}","templated":true}]}}