{"id":644,"date":"2013-01-02T11:20:08","date_gmt":"2013-01-02T14:20:08","guid":{"rendered":"http:\/\/medicina.udd.cl\/centro-genetica-humana\/?p=644"},"modified":"2013-01-02T11:20:14","modified_gmt":"2013-01-02T14:20:14","slug":"doctora-repetto-se-adjudica-proyecto-conicyt-de-redes-internacionales","status":"publish","type":"post","link":"https:\/\/medicina.udd.cl\/centro-genetica-genomica\/noticias\/2013\/01\/02\/doctora-repetto-se-adjudica-proyecto-conicyt-de-redes-internacionales\/","title":{"rendered":"Doctora Repetto se adjudica proyecto Conicyt de Redes Internacionales"},"content":{"rendered":"<div id=\"gallery-1\" class=\"carousel slide carousel-gallery\" data-ride=\"false\" data-interval=\"false\"><div class=\"carousel-inner\" role=\"listbox\"><figure class=\"carousel-item active\"><img loading=\"lazy\" decoding=\"async\" width=\"640\" height=\"442\" src=\"https:\/\/medicina.udd.cl\/centro-genetica-genomica\/files\/2013\/01\/Equipo-de-Gen\u00e9tica-Humana.jpg\" class=\"attachment-landscape_952 size-landscape_952\" alt=\"\" srcset=\"https:\/\/medicina.udd.cl\/centro-genetica-genomica\/files\/2013\/01\/Equipo-de-Gen\u00e9tica-Humana.jpg 640w, https:\/\/medicina.udd.cl\/centro-genetica-genomica\/files\/2013\/01\/Equipo-de-Gen\u00e9tica-Humana-300x207.jpg 300w\" sizes=\"auto, (max-width: 640px) 100vw, 640px\" \/><\/figure><figure class=\"carousel-item\"><img loading=\"lazy\" decoding=\"async\" width=\"640\" height=\"418\" src=\"https:\/\/medicina.udd.cl\/centro-genetica-genomica\/files\/2013\/01\/Dra-Gabriela-Repetto.jpg\" class=\"attachment-landscape_952 size-landscape_952\" alt=\"\" srcset=\"https:\/\/medicina.udd.cl\/centro-genetica-genomica\/files\/2013\/01\/Dra-Gabriela-Repetto.jpg 640w, https:\/\/medicina.udd.cl\/centro-genetica-genomica\/files\/2013\/01\/Dra-Gabriela-Repetto-300x196.jpg 300w\" sizes=\"auto, (max-width: 640px) 100vw, 640px\" \/><\/figure><\/div><footer class=\"carousel-footer\"><div class=\"carousel-counter\"><span class=\"carousel-counter-current\"><\/span> \/ <span class=\"carousel-counter-total\"><\/span><\/div><a class=\"carousel-control-prev\" href=\"#gallery-1\" role=\"button\" data-slide=\"prev\"><svg aria-hidden=\"true\" class=\"svg-chevron-left-dims\"><use xlink:href='https:\/\/medicina.udd.cl\/centro-genetica-genomica\/wp-content\/themes\/facultades-2018\/assets\/img\/svg\/dist\/main.svg?version=1695853099#chevron-left'><\/use><\/svg><span class=\"sr-only\">Anterior<\/span><\/a><a class=\"carousel-control-next\" href=\"#gallery-1\" role=\"button\" data-slide=\"next\"><svg aria-hidden=\"true\" class=\"svg-chevron-right-dims\"><use xlink:href='https:\/\/medicina.udd.cl\/centro-genetica-genomica\/wp-content\/themes\/facultades-2018\/assets\/img\/svg\/dist\/main.svg?version=1695853099#chevron-right'><\/use><\/svg><span class=\"sr-only\">Siguiente<\/span><\/a><\/footer><\/div>\n<p><strong>La directora del Centro de Gen\u00e9tica Humana (CGH) de la Facultad de Medicina Cl\u00ednica Alemana Universidad del Desarrollo, doctora Gabriela Repetto, se adjudic\u00f3 un proyecto de la Comisi\u00f3n Nacional de Investigaci\u00f3n Cient\u00edfica y Tecnol\u00f3gica (Conicyt), de Apoyo a la Formaci\u00f3n de Redes Internacionales entre Centros de Investigaci\u00f3n 2012.<\/strong><\/p>\n<p>La iniciativa permitir\u00e1<strong> financiar intercambios de colaboraci\u00f3n y formaci\u00f3n <\/strong> en Gen\u00f3mica y Bioinform\u00e1tica para miembros del <strong>Centro de Gen\u00e9tica Humana UDD y la Divisi\u00f3n de Gen\u00e9tica Traslacional del Departamento de Gen\u00e9tica del Albert Einstein College of Medicine en Nueva York,<\/strong> Estados Unidos. \u00c9sta\u00a0es dirigida por la doctora Bernice Morrow, l\u00edder en investigaci\u00f3n en S\u00edndrome de Deleci\u00f3n 22q11 (S\u00edndrome Velocardiofacial) y favorecer\u00e1 la inserci\u00f3n del equipo de la Facultad en el Consorcio Internacional de esta enfermedad.<\/p>\n<p>La propuesta con que gan\u00f3 el CGH est\u00e1 centrada \u201cen aspectos gen\u00f3micos del s\u00edndrome de deleci\u00f3n de cromosoma 22, un tema en el cual investigamos hace a\u00f1os y en el cual la Dra. Morrow es una experta mundial\u201d, explic\u00f3 la doctora Repetto.<\/p>\n<p>El Centro de Gen\u00e9tica Humana se ha adjudicado dos proyectos del concurso Fondecyt Regular\u00a0 -uno el 2006 y el otro el 2010- con estudios referidos al mismo s\u00edndrome.<\/p>\n<p>El prop\u00f3sito de la convocatoria \u00a0de Apoyo a la Formaci\u00f3n de Redes del Departamento de Relaciones Internacionales de Conicyt, es fomentar la colaboraci\u00f3n entre investigadores chilenos y sus pares en Alemania, Brasil, China, Estados Unidos, Inglaterra, Jap\u00f3n y M\u00e9xico. \u00a0El objetivo es buscar soluciones a problemas comunes y a la vez, formar capital humano para la creaci\u00f3n y transmisi\u00f3n de conocimiento.<\/p>\n","protected":false},"excerpt":{"rendered":"<p>Se financiar\u00e1n estad\u00edas de colaboraci\u00f3n y formaci\u00f3n en Gen\u00f3mica y Bioinform\u00e1tica.<\/p>\n","protected":false},"author":1,"featured_media":0,"comment_status":"open","ping_status":"open","sticky":false,"template":"","format":"standard","meta":{"footnotes":""},"categories":[4],"tags":[],"class_list":["post-644","post","type-post","status-publish","format-standard","hentry","category-noticias"],"yoast_head":"<!-- This site is optimized with the Yoast SEO plugin v26.9 - https:\/\/yoast.com\/product\/yoast-seo-wordpress\/ -->\n<title>Doctora Repetto se adjudica proyecto Conicyt de Redes Internacionales - Centro de Gen\u00e9tica y Gen\u00f3mica<\/title>\n<meta name=\"robots\" content=\"index, follow, max-snippet:-1, max-image-preview:large, max-video-preview:-1\" \/>\n<link rel=\"canonical\" href=\"https:\/\/medicina.udd.cl\/centro-genetica-genomica\/noticias\/2013\/01\/02\/doctora-repetto-se-adjudica-proyecto-conicyt-de-redes-internacionales\/\" \/>\n<meta property=\"og:locale\" content=\"es_ES\" \/>\n<meta property=\"og:type\" content=\"article\" \/>\n<meta property=\"og:title\" content=\"Doctora Repetto se adjudica proyecto Conicyt de Redes Internacionales - Centro de Gen\u00e9tica y Gen\u00f3mica\" \/>\n<meta property=\"og:description\" content=\"Se financiar\u00e1n estad\u00edas de colaboraci\u00f3n y formaci\u00f3n en Gen\u00f3mica y Bioinform\u00e1tica.\" \/>\n<meta property=\"og:url\" content=\"https:\/\/medicina.udd.cl\/centro-genetica-genomica\/noticias\/2013\/01\/02\/doctora-repetto-se-adjudica-proyecto-conicyt-de-redes-internacionales\/\" \/>\n<meta property=\"og:site_name\" content=\"Centro de Gen\u00e9tica y Gen\u00f3mica\" \/>\n<meta property=\"article:published_time\" content=\"2013-01-02T14:20:08+00:00\" \/>\n<meta property=\"article:modified_time\" content=\"2013-01-02T14:20:14+00:00\" \/>\n<meta property=\"og:image\" content=\"https:\/\/medicina.udd.cl\/centro-genetica-genomica\/files\/2013\/01\/Equipo-de-Gen\u00e9tica-Humana.jpg\" \/>\n<meta name=\"author\" content=\"admin\" \/>\n<meta name=\"twitter:label1\" content=\"Escrito por\" \/>\n\t<meta name=\"twitter:data1\" content=\"admin\" \/>\n\t<meta name=\"twitter:label2\" content=\"Tiempo de lectura\" \/>\n\t<meta name=\"twitter:data2\" content=\"1 minuto\" \/>\n<script type=\"application\/ld+json\" class=\"yoast-schema-graph\">{\"@context\":\"https:\/\/schema.org\",\"@graph\":[{\"@type\":\"Article\",\"@id\":\"https:\/\/medicina.udd.cl\/centro-genetica-genomica\/noticias\/2013\/01\/02\/doctora-repetto-se-adjudica-proyecto-conicyt-de-redes-internacionales\/#article\",\"isPartOf\":{\"@id\":\"https:\/\/medicina.udd.cl\/centro-genetica-genomica\/noticias\/2013\/01\/02\/doctora-repetto-se-adjudica-proyecto-conicyt-de-redes-internacionales\/\"},\"author\":{\"name\":\"admin\",\"@id\":\"https:\/\/medicina.udd.cl\/centro-genetica-genomica\/#\/schema\/person\/f7abfa784c86da427e89287831f96ab7\"},\"headline\":\"Doctora Repetto se adjudica proyecto Conicyt de Redes Internacionales\",\"datePublished\":\"2013-01-02T14:20:08+00:00\",\"dateModified\":\"2013-01-02T14:20:14+00:00\",\"mainEntityOfPage\":{\"@id\":\"https:\/\/medicina.udd.cl\/centro-genetica-genomica\/noticias\/2013\/01\/02\/doctora-repetto-se-adjudica-proyecto-conicyt-de-redes-internacionales\/\"},\"wordCount\":299,\"commentCount\":0,\"articleSection\":[\"Noticias\"],\"inLanguage\":\"es\",\"potentialAction\":[{\"@type\":\"CommentAction\",\"name\":\"Comment\",\"target\":[\"https:\/\/medicina.udd.cl\/centro-genetica-genomica\/noticias\/2013\/01\/02\/doctora-repetto-se-adjudica-proyecto-conicyt-de-redes-internacionales\/#respond\"]}]},{\"@type\":\"WebPage\",\"@id\":\"https:\/\/medicina.udd.cl\/centro-genetica-genomica\/noticias\/2013\/01\/02\/doctora-repetto-se-adjudica-proyecto-conicyt-de-redes-internacionales\/\",\"url\":\"https:\/\/medicina.udd.cl\/centro-genetica-genomica\/noticias\/2013\/01\/02\/doctora-repetto-se-adjudica-proyecto-conicyt-de-redes-internacionales\/\",\"name\":\"Doctora Repetto se adjudica proyecto Conicyt de Redes Internacionales - Centro de Gen\u00e9tica y Gen\u00f3mica\",\"isPartOf\":{\"@id\":\"https:\/\/medicina.udd.cl\/centro-genetica-genomica\/#website\"},\"datePublished\":\"2013-01-02T14:20:08+00:00\",\"dateModified\":\"2013-01-02T14:20:14+00:00\",\"author\":{\"@id\":\"https:\/\/medicina.udd.cl\/centro-genetica-genomica\/#\/schema\/person\/f7abfa784c86da427e89287831f96ab7\"},\"breadcrumb\":{\"@id\":\"https:\/\/medicina.udd.cl\/centro-genetica-genomica\/noticias\/2013\/01\/02\/doctora-repetto-se-adjudica-proyecto-conicyt-de-redes-internacionales\/#breadcrumb\"},\"inLanguage\":\"es\",\"potentialAction\":[{\"@type\":\"ReadAction\",\"target\":[\"https:\/\/medicina.udd.cl\/centro-genetica-genomica\/noticias\/2013\/01\/02\/doctora-repetto-se-adjudica-proyecto-conicyt-de-redes-internacionales\/\"]}]},{\"@type\":\"BreadcrumbList\",\"@id\":\"https:\/\/medicina.udd.cl\/centro-genetica-genomica\/noticias\/2013\/01\/02\/doctora-repetto-se-adjudica-proyecto-conicyt-de-redes-internacionales\/#breadcrumb\",\"itemListElement\":[{\"@type\":\"ListItem\",\"position\":1,\"name\":\"Inicio\",\"item\":\"https:\/\/medicina.udd.cl\/centro-genetica-genomica\/\"},{\"@type\":\"ListItem\",\"position\":2,\"name\":\"Doctora Repetto se adjudica proyecto Conicyt de Redes Internacionales\"}]},{\"@type\":\"WebSite\",\"@id\":\"https:\/\/medicina.udd.cl\/centro-genetica-genomica\/#website\",\"url\":\"https:\/\/medicina.udd.cl\/centro-genetica-genomica\/\",\"name\":\"Centro de Gen\u00e9tica y Gen\u00f3mica\",\"description\":\"\",\"inLanguage\":\"es\"},{\"@type\":\"Person\",\"@id\":\"https:\/\/medicina.udd.cl\/centro-genetica-genomica\/#\/schema\/person\/f7abfa784c86da427e89287831f96ab7\",\"name\":\"admin\",\"image\":{\"@type\":\"ImageObject\",\"inLanguage\":\"es\",\"@id\":\"https:\/\/medicina.udd.cl\/centro-genetica-genomica\/#\/schema\/person\/image\/\",\"url\":\"https:\/\/secure.gravatar.com\/avatar\/3cb6da298954dfb54457c0910b8c9ca010abd8d87a60f7d701b6ce4254e1c642?s=96&d=mm&r=g\",\"contentUrl\":\"https:\/\/secure.gravatar.com\/avatar\/3cb6da298954dfb54457c0910b8c9ca010abd8d87a60f7d701b6ce4254e1c642?s=96&d=mm&r=g\",\"caption\":\"admin\"},\"url\":\"https:\/\/medicina.udd.cl\/centro-genetica-genomica\/noticias\/author\/admin\/\"}]}<\/script>\n<!-- \/ Yoast SEO plugin. -->","yoast_head_json":{"title":"Doctora Repetto se adjudica proyecto Conicyt de Redes Internacionales - Centro de Gen\u00e9tica y Gen\u00f3mica","robots":{"index":"index","follow":"follow","max-snippet":"max-snippet:-1","max-image-preview":"max-image-preview:large","max-video-preview":"max-video-preview:-1"},"canonical":"https:\/\/medicina.udd.cl\/centro-genetica-genomica\/noticias\/2013\/01\/02\/doctora-repetto-se-adjudica-proyecto-conicyt-de-redes-internacionales\/","og_locale":"es_ES","og_type":"article","og_title":"Doctora Repetto se adjudica proyecto Conicyt de Redes Internacionales - Centro de Gen\u00e9tica y Gen\u00f3mica","og_description":"Se financiar\u00e1n estad\u00edas de colaboraci\u00f3n y formaci\u00f3n en Gen\u00f3mica y Bioinform\u00e1tica.","og_url":"https:\/\/medicina.udd.cl\/centro-genetica-genomica\/noticias\/2013\/01\/02\/doctora-repetto-se-adjudica-proyecto-conicyt-de-redes-internacionales\/","og_site_name":"Centro de Gen\u00e9tica y Gen\u00f3mica","article_published_time":"2013-01-02T14:20:08+00:00","article_modified_time":"2013-01-02T14:20:14+00:00","og_image":[{"url":"https:\/\/medicina.udd.cl\/centro-genetica-genomica\/files\/2013\/01\/Equipo-de-Gen\u00e9tica-Humana.jpg","type":"","width":"","height":""}],"author":"admin","twitter_misc":{"Escrito por":"admin","Tiempo de lectura":"1 minuto"},"schema":{"@context":"https:\/\/schema.org","@graph":[{"@type":"Article","@id":"https:\/\/medicina.udd.cl\/centro-genetica-genomica\/noticias\/2013\/01\/02\/doctora-repetto-se-adjudica-proyecto-conicyt-de-redes-internacionales\/#article","isPartOf":{"@id":"https:\/\/medicina.udd.cl\/centro-genetica-genomica\/noticias\/2013\/01\/02\/doctora-repetto-se-adjudica-proyecto-conicyt-de-redes-internacionales\/"},"author":{"name":"admin","@id":"https:\/\/medicina.udd.cl\/centro-genetica-genomica\/#\/schema\/person\/f7abfa784c86da427e89287831f96ab7"},"headline":"Doctora Repetto se adjudica proyecto Conicyt de Redes Internacionales","datePublished":"2013-01-02T14:20:08+00:00","dateModified":"2013-01-02T14:20:14+00:00","mainEntityOfPage":{"@id":"https:\/\/medicina.udd.cl\/centro-genetica-genomica\/noticias\/2013\/01\/02\/doctora-repetto-se-adjudica-proyecto-conicyt-de-redes-internacionales\/"},"wordCount":299,"commentCount":0,"articleSection":["Noticias"],"inLanguage":"es","potentialAction":[{"@type":"CommentAction","name":"Comment","target":["https:\/\/medicina.udd.cl\/centro-genetica-genomica\/noticias\/2013\/01\/02\/doctora-repetto-se-adjudica-proyecto-conicyt-de-redes-internacionales\/#respond"]}]},{"@type":"WebPage","@id":"https:\/\/medicina.udd.cl\/centro-genetica-genomica\/noticias\/2013\/01\/02\/doctora-repetto-se-adjudica-proyecto-conicyt-de-redes-internacionales\/","url":"https:\/\/medicina.udd.cl\/centro-genetica-genomica\/noticias\/2013\/01\/02\/doctora-repetto-se-adjudica-proyecto-conicyt-de-redes-internacionales\/","name":"Doctora Repetto se adjudica proyecto Conicyt de Redes Internacionales - Centro de Gen\u00e9tica y Gen\u00f3mica","isPartOf":{"@id":"https:\/\/medicina.udd.cl\/centro-genetica-genomica\/#website"},"datePublished":"2013-01-02T14:20:08+00:00","dateModified":"2013-01-02T14:20:14+00:00","author":{"@id":"https:\/\/medicina.udd.cl\/centro-genetica-genomica\/#\/schema\/person\/f7abfa784c86da427e89287831f96ab7"},"breadcrumb":{"@id":"https:\/\/medicina.udd.cl\/centro-genetica-genomica\/noticias\/2013\/01\/02\/doctora-repetto-se-adjudica-proyecto-conicyt-de-redes-internacionales\/#breadcrumb"},"inLanguage":"es","potentialAction":[{"@type":"ReadAction","target":["https:\/\/medicina.udd.cl\/centro-genetica-genomica\/noticias\/2013\/01\/02\/doctora-repetto-se-adjudica-proyecto-conicyt-de-redes-internacionales\/"]}]},{"@type":"BreadcrumbList","@id":"https:\/\/medicina.udd.cl\/centro-genetica-genomica\/noticias\/2013\/01\/02\/doctora-repetto-se-adjudica-proyecto-conicyt-de-redes-internacionales\/#breadcrumb","itemListElement":[{"@type":"ListItem","position":1,"name":"Inicio","item":"https:\/\/medicina.udd.cl\/centro-genetica-genomica\/"},{"@type":"ListItem","position":2,"name":"Doctora Repetto se adjudica proyecto Conicyt de Redes Internacionales"}]},{"@type":"WebSite","@id":"https:\/\/medicina.udd.cl\/centro-genetica-genomica\/#website","url":"https:\/\/medicina.udd.cl\/centro-genetica-genomica\/","name":"Centro de Gen\u00e9tica y Gen\u00f3mica","description":"","inLanguage":"es"},{"@type":"Person","@id":"https:\/\/medicina.udd.cl\/centro-genetica-genomica\/#\/schema\/person\/f7abfa784c86da427e89287831f96ab7","name":"admin","image":{"@type":"ImageObject","inLanguage":"es","@id":"https:\/\/medicina.udd.cl\/centro-genetica-genomica\/#\/schema\/person\/image\/","url":"https:\/\/secure.gravatar.com\/avatar\/3cb6da298954dfb54457c0910b8c9ca010abd8d87a60f7d701b6ce4254e1c642?s=96&d=mm&r=g","contentUrl":"https:\/\/secure.gravatar.com\/avatar\/3cb6da298954dfb54457c0910b8c9ca010abd8d87a60f7d701b6ce4254e1c642?s=96&d=mm&r=g","caption":"admin"},"url":"https:\/\/medicina.udd.cl\/centro-genetica-genomica\/noticias\/author\/admin\/"}]}},"featured_image_url":null,"_links":{"self":[{"href":"https:\/\/medicina.udd.cl\/centro-genetica-genomica\/wp-json\/wp\/v2\/posts\/644","targetHints":{"allow":["GET"]}}],"collection":[{"href":"https:\/\/medicina.udd.cl\/centro-genetica-genomica\/wp-json\/wp\/v2\/posts"}],"about":[{"href":"https:\/\/medicina.udd.cl\/centro-genetica-genomica\/wp-json\/wp\/v2\/types\/post"}],"author":[{"embeddable":true,"href":"https:\/\/medicina.udd.cl\/centro-genetica-genomica\/wp-json\/wp\/v2\/users\/1"}],"replies":[{"embeddable":true,"href":"https:\/\/medicina.udd.cl\/centro-genetica-genomica\/wp-json\/wp\/v2\/comments?post=644"}],"version-history":[{"count":2,"href":"https:\/\/medicina.udd.cl\/centro-genetica-genomica\/wp-json\/wp\/v2\/posts\/644\/revisions"}],"predecessor-version":[{"id":648,"href":"https:\/\/medicina.udd.cl\/centro-genetica-genomica\/wp-json\/wp\/v2\/posts\/644\/revisions\/648"}],"wp:attachment":[{"href":"https:\/\/medicina.udd.cl\/centro-genetica-genomica\/wp-json\/wp\/v2\/media?parent=644"}],"wp:term":[{"taxonomy":"category","embeddable":true,"href":"https:\/\/medicina.udd.cl\/centro-genetica-genomica\/wp-json\/wp\/v2\/categories?post=644"},{"taxonomy":"post_tag","embeddable":true,"href":"https:\/\/medicina.udd.cl\/centro-genetica-genomica\/wp-json\/wp\/v2\/tags?post=644"}],"curies":[{"name":"wp","href":"https:\/\/api.w.org\/{rel}","templated":true}]}}