{"id":666,"date":"2013-01-08T13:02:09","date_gmt":"2013-01-08T16:02:09","guid":{"rendered":"http:\/\/medicina.udd.cl\/centro-genetica-humana\/?p=666"},"modified":"2013-01-11T12:01:26","modified_gmt":"2013-01-11T15:01:26","slug":"jornada-final-del-programa-de-estimulacion-para-ninos-con-sindrome-de-down-en-hospital-padre-hurtado","status":"publish","type":"post","link":"https:\/\/medicina.udd.cl\/centro-genetica-genomica\/noticias\/2013\/01\/08\/jornada-final-del-programa-de-estimulacion-para-ninos-con-sindrome-de-down-en-hospital-padre-hurtado\/","title":{"rendered":"Cierre del Programa de Estimulaci\u00f3n para ni\u00f1os con S\u00edndrome de Down"},"content":{"rendered":"<div id=\"gallery-1\" class=\"carousel slide carousel-gallery\" data-ride=\"false\" data-interval=\"false\"><div class=\"carousel-inner\" role=\"listbox\"><figure class=\"carousel-item active\"><img loading=\"lazy\" decoding=\"async\" width=\"500\" height=\"282\" src=\"https:\/\/medicina.udd.cl\/centro-genetica-genomica\/files\/2013\/01\/Jornada-Hospital-Padre-Hurtado.jpg\" class=\"attachment-landscape_952 size-landscape_952\" alt=\"\" srcset=\"https:\/\/medicina.udd.cl\/centro-genetica-genomica\/files\/2013\/01\/Jornada-Hospital-Padre-Hurtado.jpg 500w, https:\/\/medicina.udd.cl\/centro-genetica-genomica\/files\/2013\/01\/Jornada-Hospital-Padre-Hurtado-300x169.jpg 300w\" sizes=\"auto, (max-width: 500px) 100vw, 500px\" \/><\/figure><figure class=\"carousel-item\"><img loading=\"lazy\" decoding=\"async\" width=\"500\" height=\"282\" src=\"https:\/\/medicina.udd.cl\/centro-genetica-genomica\/files\/2013\/01\/Asistentes-al-programa-de-estimulaci\u00f3n.jpg\" class=\"attachment-landscape_952 size-landscape_952\" alt=\"\" srcset=\"https:\/\/medicina.udd.cl\/centro-genetica-genomica\/files\/2013\/01\/Asistentes-al-programa-de-estimulaci\u00f3n.jpg 500w, https:\/\/medicina.udd.cl\/centro-genetica-genomica\/files\/2013\/01\/Asistentes-al-programa-de-estimulaci\u00f3n-300x169.jpg 300w\" sizes=\"auto, (max-width: 500px) 100vw, 500px\" \/><\/figure><figure class=\"carousel-item\"><img loading=\"lazy\" decoding=\"async\" width=\"500\" height=\"304\" src=\"https:\/\/medicina.udd.cl\/centro-genetica-genomica\/files\/2013\/01\/Encuentro-en-el-Hospital-Padre-Hurtado.jpg\" class=\"attachment-landscape_952 size-landscape_952\" alt=\"\" srcset=\"https:\/\/medicina.udd.cl\/centro-genetica-genomica\/files\/2013\/01\/Encuentro-en-el-Hospital-Padre-Hurtado.jpg 500w, https:\/\/medicina.udd.cl\/centro-genetica-genomica\/files\/2013\/01\/Encuentro-en-el-Hospital-Padre-Hurtado-300x182.jpg 300w\" sizes=\"auto, (max-width: 500px) 100vw, 500px\" \/><\/figure><figure class=\"carousel-item\"><img loading=\"lazy\" decoding=\"async\" width=\"500\" height=\"242\" src=\"https:\/\/medicina.udd.cl\/centro-genetica-genomica\/files\/2013\/01\/Actrices-de-la-obra-Cuando-un-hijo.jpg\" class=\"attachment-landscape_952 size-landscape_952\" alt=\"\" srcset=\"https:\/\/medicina.udd.cl\/centro-genetica-genomica\/files\/2013\/01\/Actrices-de-la-obra-Cuando-un-hijo.jpg 500w, https:\/\/medicina.udd.cl\/centro-genetica-genomica\/files\/2013\/01\/Actrices-de-la-obra-Cuando-un-hijo-300x145.jpg 300w\" sizes=\"auto, (max-width: 500px) 100vw, 500px\" \/><\/figure><\/div><footer class=\"carousel-footer\"><div class=\"carousel-counter\"><span class=\"carousel-counter-current\"><\/span> \/ <span class=\"carousel-counter-total\"><\/span><\/div><a class=\"carousel-control-prev\" href=\"#gallery-1\" role=\"button\" data-slide=\"prev\"><svg aria-hidden=\"true\" class=\"svg-chevron-left-dims\"><use xlink:href='https:\/\/medicina.udd.cl\/centro-genetica-genomica\/wp-content\/themes\/facultades-2018\/assets\/img\/svg\/dist\/main.svg?version=1695853099#chevron-left'><\/use><\/svg><span class=\"sr-only\">Anterior<\/span><\/a><a class=\"carousel-control-next\" href=\"#gallery-1\" role=\"button\" data-slide=\"next\"><svg aria-hidden=\"true\" class=\"svg-chevron-right-dims\"><use xlink:href='https:\/\/medicina.udd.cl\/centro-genetica-genomica\/wp-content\/themes\/facultades-2018\/assets\/img\/svg\/dist\/main.svg?version=1695853099#chevron-right'><\/use><\/svg><span class=\"sr-only\">Siguiente<\/span><\/a><\/footer><\/div>\n<p>Con el objetivo de entregar\u00a0una mirada comunitaria a la rehabilitaci\u00f3n\u00a0y considerando fundamentales para avanzar en ella a padres, a la familia y a la comunidad, se realiz\u00f3 a fines del mes de diciembre pasado, este encuentro en el <strong>Hospital Padre Hurtado,<\/strong> el que apunt\u00f3 a que la experiencia de tener un ni\u00f1o con necesidades especiales represente, a futuro, una oportunidad de crecimiento personal,\u00a0de educaci\u00f3n\u00a0y\u00a0de adquisici\u00f3n\u00a0de conocimientos\u201d, se\u00f1al\u00f3 <strong>Mar\u00eda Luisa Guzm\u00e1n, coordinadora del Programa.<\/strong><\/p>\n<p>La Jornada fue organizada por la enfermera Guzm\u00e1n, docente en educaci\u00f3n\u00a0para la salud e\u00a0integrante del equipo de Gen\u00e9tica de la Facultad de Medicina Cl\u00ednica Alemana Universidad del Desarrollo; junto a\u00a0Loreto Espejo, kinesi\u00f3loga; \u00a0Bel\u00e9n Acevedo, fonoaudi\u00f3loga, ; Mar\u00eda Jos\u00e9 Guti\u00e9rrez, psic\u00f3loga, y Mar\u00eda de los \u00c1ngeles Valdivieso, educadora diferencial y musicoterapeuta.<\/p>\n<p>\u201cLa Jornada fue un gran\u00a0desafi\u00f3. Quisimos\u00a0 generar\u00a0reflexi\u00f3n\u00a0y\u00a0conciencia\u00a0respecto de tres actitudes que suelen ser recurrentes y que dificultan el crecimiento y adecuada\u00a0resoluci\u00f3n\u00a0de conflictos en las personas con necesidades especiales, tales como: la victimizaci\u00f3n; la sobreprotecci\u00f3n\u00a0y, respecto de los cuidadores de ni\u00f1os con necesidades especiales, el abandono personal en que muchas veces se cae\u201d, explic\u00f3 Mar\u00eda Luisa Guzm\u00e1n.<\/p>\n<p>En la oportunidad, los asistentes trabajaron en equipo en base a frases que les eran significativas, reflexionaron motivados con un video con\u00a0testimonios de personas cercanas a la discapacidad y, finalmente, compartieron la\u00a0obra de teatro \u201cCuando un Hijo\u201d, de la guionista y actriz Alejandra Rubio.<\/p>\n","protected":false},"excerpt":{"rendered":"<p>Actividad en el Hospital Padre Hurtado cont\u00f3 con la participaci\u00f3n de padres y cuidadores.<\/p>\n","protected":false},"author":1,"featured_media":0,"comment_status":"closed","ping_status":"closed","sticky":false,"template":"","format":"standard","meta":{"footnotes":""},"categories":[4],"tags":[],"class_list":["post-666","post","type-post","status-publish","format-standard","hentry","category-noticias"],"yoast_head":"<!-- This site is optimized with the Yoast SEO plugin v26.9 - https:\/\/yoast.com\/product\/yoast-seo-wordpress\/ -->\n<title>Jornada final del Programa de Estimulaci\u00f3n para ni\u00f1os con S\u00edndrome de Down en Hospital Padre Hurtado<\/title>\n<meta name=\"robots\" content=\"index, follow, max-snippet:-1, max-image-preview:large, max-video-preview:-1\" \/>\n<link rel=\"canonical\" href=\"https:\/\/medicina.udd.cl\/centro-genetica-genomica\/noticias\/2013\/01\/08\/jornada-final-del-programa-de-estimulacion-para-ninos-con-sindrome-de-down-en-hospital-padre-hurtado\/\" \/>\n<meta property=\"og:locale\" content=\"es_ES\" \/>\n<meta property=\"og:type\" content=\"article\" \/>\n<meta property=\"og:title\" content=\"Jornada final del Programa de Estimulaci\u00f3n para ni\u00f1os con S\u00edndrome de Down en Hospital Padre Hurtado\" \/>\n<meta property=\"og:description\" content=\"Actividad en el Hospital Padre Hurtado cont\u00f3 con la participaci\u00f3n de padres y cuidadores.\" \/>\n<meta property=\"og:url\" content=\"https:\/\/medicina.udd.cl\/centro-genetica-genomica\/noticias\/2013\/01\/08\/jornada-final-del-programa-de-estimulacion-para-ninos-con-sindrome-de-down-en-hospital-padre-hurtado\/\" \/>\n<meta property=\"og:site_name\" content=\"Centro de Gen\u00e9tica y Gen\u00f3mica\" \/>\n<meta property=\"article:published_time\" content=\"2013-01-08T16:02:09+00:00\" \/>\n<meta property=\"article:modified_time\" content=\"2013-01-11T15:01:26+00:00\" \/>\n<meta property=\"og:image\" content=\"https:\/\/medicina.udd.cl\/centro-genetica-genomica\/files\/2013\/01\/Jornada-Hospital-Padre-Hurtado.jpg\" \/>\n<meta name=\"author\" content=\"admin\" \/>\n<meta name=\"twitter:label1\" content=\"Escrito por\" \/>\n\t<meta name=\"twitter:data1\" content=\"admin\" \/>\n\t<meta name=\"twitter:label2\" content=\"Tiempo de lectura\" \/>\n\t<meta name=\"twitter:data2\" content=\"1 minuto\" \/>\n<script type=\"application\/ld+json\" class=\"yoast-schema-graph\">{\"@context\":\"https:\/\/schema.org\",\"@graph\":[{\"@type\":\"Article\",\"@id\":\"https:\/\/medicina.udd.cl\/centro-genetica-genomica\/noticias\/2013\/01\/08\/jornada-final-del-programa-de-estimulacion-para-ninos-con-sindrome-de-down-en-hospital-padre-hurtado\/#article\",\"isPartOf\":{\"@id\":\"https:\/\/medicina.udd.cl\/centro-genetica-genomica\/noticias\/2013\/01\/08\/jornada-final-del-programa-de-estimulacion-para-ninos-con-sindrome-de-down-en-hospital-padre-hurtado\/\"},\"author\":{\"name\":\"admin\",\"@id\":\"https:\/\/medicina.udd.cl\/centro-genetica-genomica\/#\/schema\/person\/f7abfa784c86da427e89287831f96ab7\"},\"headline\":\"Cierre del Programa de Estimulaci\u00f3n para ni\u00f1os con S\u00edndrome de Down\",\"datePublished\":\"2013-01-08T16:02:09+00:00\",\"dateModified\":\"2013-01-11T15:01:26+00:00\",\"mainEntityOfPage\":{\"@id\":\"https:\/\/medicina.udd.cl\/centro-genetica-genomica\/noticias\/2013\/01\/08\/jornada-final-del-programa-de-estimulacion-para-ninos-con-sindrome-de-down-en-hospital-padre-hurtado\/\"},\"wordCount\":281,\"articleSection\":[\"Noticias\"],\"inLanguage\":\"es\"},{\"@type\":\"WebPage\",\"@id\":\"https:\/\/medicina.udd.cl\/centro-genetica-genomica\/noticias\/2013\/01\/08\/jornada-final-del-programa-de-estimulacion-para-ninos-con-sindrome-de-down-en-hospital-padre-hurtado\/\",\"url\":\"https:\/\/medicina.udd.cl\/centro-genetica-genomica\/noticias\/2013\/01\/08\/jornada-final-del-programa-de-estimulacion-para-ninos-con-sindrome-de-down-en-hospital-padre-hurtado\/\",\"name\":\"Jornada final del Programa de Estimulaci\u00f3n para ni\u00f1os con S\u00edndrome de Down en Hospital Padre Hurtado\",\"isPartOf\":{\"@id\":\"https:\/\/medicina.udd.cl\/centro-genetica-genomica\/#website\"},\"datePublished\":\"2013-01-08T16:02:09+00:00\",\"dateModified\":\"2013-01-11T15:01:26+00:00\",\"author\":{\"@id\":\"https:\/\/medicina.udd.cl\/centro-genetica-genomica\/#\/schema\/person\/f7abfa784c86da427e89287831f96ab7\"},\"breadcrumb\":{\"@id\":\"https:\/\/medicina.udd.cl\/centro-genetica-genomica\/noticias\/2013\/01\/08\/jornada-final-del-programa-de-estimulacion-para-ninos-con-sindrome-de-down-en-hospital-padre-hurtado\/#breadcrumb\"},\"inLanguage\":\"es\",\"potentialAction\":[{\"@type\":\"ReadAction\",\"target\":[\"https:\/\/medicina.udd.cl\/centro-genetica-genomica\/noticias\/2013\/01\/08\/jornada-final-del-programa-de-estimulacion-para-ninos-con-sindrome-de-down-en-hospital-padre-hurtado\/\"]}]},{\"@type\":\"BreadcrumbList\",\"@id\":\"https:\/\/medicina.udd.cl\/centro-genetica-genomica\/noticias\/2013\/01\/08\/jornada-final-del-programa-de-estimulacion-para-ninos-con-sindrome-de-down-en-hospital-padre-hurtado\/#breadcrumb\",\"itemListElement\":[{\"@type\":\"ListItem\",\"position\":1,\"name\":\"Inicio\",\"item\":\"https:\/\/medicina.udd.cl\/centro-genetica-genomica\/\"},{\"@type\":\"ListItem\",\"position\":2,\"name\":\"Cierre del Programa de Estimulaci\u00f3n para ni\u00f1os con S\u00edndrome de Down\"}]},{\"@type\":\"WebSite\",\"@id\":\"https:\/\/medicina.udd.cl\/centro-genetica-genomica\/#website\",\"url\":\"https:\/\/medicina.udd.cl\/centro-genetica-genomica\/\",\"name\":\"Centro de Gen\u00e9tica y Gen\u00f3mica\",\"description\":\"\",\"inLanguage\":\"es\"},{\"@type\":\"Person\",\"@id\":\"https:\/\/medicina.udd.cl\/centro-genetica-genomica\/#\/schema\/person\/f7abfa784c86da427e89287831f96ab7\",\"name\":\"admin\",\"image\":{\"@type\":\"ImageObject\",\"inLanguage\":\"es\",\"@id\":\"https:\/\/medicina.udd.cl\/centro-genetica-genomica\/#\/schema\/person\/image\/\",\"url\":\"https:\/\/secure.gravatar.com\/avatar\/3cb6da298954dfb54457c0910b8c9ca010abd8d87a60f7d701b6ce4254e1c642?s=96&d=mm&r=g\",\"contentUrl\":\"https:\/\/secure.gravatar.com\/avatar\/3cb6da298954dfb54457c0910b8c9ca010abd8d87a60f7d701b6ce4254e1c642?s=96&d=mm&r=g\",\"caption\":\"admin\"},\"url\":\"https:\/\/medicina.udd.cl\/centro-genetica-genomica\/noticias\/author\/admin\/\"}]}<\/script>\n<!-- \/ Yoast SEO plugin. -->","yoast_head_json":{"title":"Jornada final del Programa de Estimulaci\u00f3n para ni\u00f1os con S\u00edndrome de Down en Hospital Padre Hurtado","robots":{"index":"index","follow":"follow","max-snippet":"max-snippet:-1","max-image-preview":"max-image-preview:large","max-video-preview":"max-video-preview:-1"},"canonical":"https:\/\/medicina.udd.cl\/centro-genetica-genomica\/noticias\/2013\/01\/08\/jornada-final-del-programa-de-estimulacion-para-ninos-con-sindrome-de-down-en-hospital-padre-hurtado\/","og_locale":"es_ES","og_type":"article","og_title":"Jornada final del Programa de Estimulaci\u00f3n para ni\u00f1os con S\u00edndrome de Down en Hospital Padre Hurtado","og_description":"Actividad en el Hospital Padre Hurtado cont\u00f3 con la participaci\u00f3n de padres y cuidadores.","og_url":"https:\/\/medicina.udd.cl\/centro-genetica-genomica\/noticias\/2013\/01\/08\/jornada-final-del-programa-de-estimulacion-para-ninos-con-sindrome-de-down-en-hospital-padre-hurtado\/","og_site_name":"Centro de Gen\u00e9tica y Gen\u00f3mica","article_published_time":"2013-01-08T16:02:09+00:00","article_modified_time":"2013-01-11T15:01:26+00:00","og_image":[{"url":"https:\/\/medicina.udd.cl\/centro-genetica-genomica\/files\/2013\/01\/Jornada-Hospital-Padre-Hurtado.jpg","type":"","width":"","height":""}],"author":"admin","twitter_misc":{"Escrito por":"admin","Tiempo de lectura":"1 minuto"},"schema":{"@context":"https:\/\/schema.org","@graph":[{"@type":"Article","@id":"https:\/\/medicina.udd.cl\/centro-genetica-genomica\/noticias\/2013\/01\/08\/jornada-final-del-programa-de-estimulacion-para-ninos-con-sindrome-de-down-en-hospital-padre-hurtado\/#article","isPartOf":{"@id":"https:\/\/medicina.udd.cl\/centro-genetica-genomica\/noticias\/2013\/01\/08\/jornada-final-del-programa-de-estimulacion-para-ninos-con-sindrome-de-down-en-hospital-padre-hurtado\/"},"author":{"name":"admin","@id":"https:\/\/medicina.udd.cl\/centro-genetica-genomica\/#\/schema\/person\/f7abfa784c86da427e89287831f96ab7"},"headline":"Cierre del Programa de Estimulaci\u00f3n para ni\u00f1os con S\u00edndrome de Down","datePublished":"2013-01-08T16:02:09+00:00","dateModified":"2013-01-11T15:01:26+00:00","mainEntityOfPage":{"@id":"https:\/\/medicina.udd.cl\/centro-genetica-genomica\/noticias\/2013\/01\/08\/jornada-final-del-programa-de-estimulacion-para-ninos-con-sindrome-de-down-en-hospital-padre-hurtado\/"},"wordCount":281,"articleSection":["Noticias"],"inLanguage":"es"},{"@type":"WebPage","@id":"https:\/\/medicina.udd.cl\/centro-genetica-genomica\/noticias\/2013\/01\/08\/jornada-final-del-programa-de-estimulacion-para-ninos-con-sindrome-de-down-en-hospital-padre-hurtado\/","url":"https:\/\/medicina.udd.cl\/centro-genetica-genomica\/noticias\/2013\/01\/08\/jornada-final-del-programa-de-estimulacion-para-ninos-con-sindrome-de-down-en-hospital-padre-hurtado\/","name":"Jornada final del Programa de Estimulaci\u00f3n para ni\u00f1os con S\u00edndrome de Down en Hospital Padre Hurtado","isPartOf":{"@id":"https:\/\/medicina.udd.cl\/centro-genetica-genomica\/#website"},"datePublished":"2013-01-08T16:02:09+00:00","dateModified":"2013-01-11T15:01:26+00:00","author":{"@id":"https:\/\/medicina.udd.cl\/centro-genetica-genomica\/#\/schema\/person\/f7abfa784c86da427e89287831f96ab7"},"breadcrumb":{"@id":"https:\/\/medicina.udd.cl\/centro-genetica-genomica\/noticias\/2013\/01\/08\/jornada-final-del-programa-de-estimulacion-para-ninos-con-sindrome-de-down-en-hospital-padre-hurtado\/#breadcrumb"},"inLanguage":"es","potentialAction":[{"@type":"ReadAction","target":["https:\/\/medicina.udd.cl\/centro-genetica-genomica\/noticias\/2013\/01\/08\/jornada-final-del-programa-de-estimulacion-para-ninos-con-sindrome-de-down-en-hospital-padre-hurtado\/"]}]},{"@type":"BreadcrumbList","@id":"https:\/\/medicina.udd.cl\/centro-genetica-genomica\/noticias\/2013\/01\/08\/jornada-final-del-programa-de-estimulacion-para-ninos-con-sindrome-de-down-en-hospital-padre-hurtado\/#breadcrumb","itemListElement":[{"@type":"ListItem","position":1,"name":"Inicio","item":"https:\/\/medicina.udd.cl\/centro-genetica-genomica\/"},{"@type":"ListItem","position":2,"name":"Cierre del Programa de Estimulaci\u00f3n para ni\u00f1os con S\u00edndrome de Down"}]},{"@type":"WebSite","@id":"https:\/\/medicina.udd.cl\/centro-genetica-genomica\/#website","url":"https:\/\/medicina.udd.cl\/centro-genetica-genomica\/","name":"Centro de Gen\u00e9tica y Gen\u00f3mica","description":"","inLanguage":"es"},{"@type":"Person","@id":"https:\/\/medicina.udd.cl\/centro-genetica-genomica\/#\/schema\/person\/f7abfa784c86da427e89287831f96ab7","name":"admin","image":{"@type":"ImageObject","inLanguage":"es","@id":"https:\/\/medicina.udd.cl\/centro-genetica-genomica\/#\/schema\/person\/image\/","url":"https:\/\/secure.gravatar.com\/avatar\/3cb6da298954dfb54457c0910b8c9ca010abd8d87a60f7d701b6ce4254e1c642?s=96&d=mm&r=g","contentUrl":"https:\/\/secure.gravatar.com\/avatar\/3cb6da298954dfb54457c0910b8c9ca010abd8d87a60f7d701b6ce4254e1c642?s=96&d=mm&r=g","caption":"admin"},"url":"https:\/\/medicina.udd.cl\/centro-genetica-genomica\/noticias\/author\/admin\/"}]}},"featured_image_url":null,"_links":{"self":[{"href":"https:\/\/medicina.udd.cl\/centro-genetica-genomica\/wp-json\/wp\/v2\/posts\/666","targetHints":{"allow":["GET"]}}],"collection":[{"href":"https:\/\/medicina.udd.cl\/centro-genetica-genomica\/wp-json\/wp\/v2\/posts"}],"about":[{"href":"https:\/\/medicina.udd.cl\/centro-genetica-genomica\/wp-json\/wp\/v2\/types\/post"}],"author":[{"embeddable":true,"href":"https:\/\/medicina.udd.cl\/centro-genetica-genomica\/wp-json\/wp\/v2\/users\/1"}],"replies":[{"embeddable":true,"href":"https:\/\/medicina.udd.cl\/centro-genetica-genomica\/wp-json\/wp\/v2\/comments?post=666"}],"version-history":[{"count":4,"href":"https:\/\/medicina.udd.cl\/centro-genetica-genomica\/wp-json\/wp\/v2\/posts\/666\/revisions"}],"predecessor-version":[{"id":674,"href":"https:\/\/medicina.udd.cl\/centro-genetica-genomica\/wp-json\/wp\/v2\/posts\/666\/revisions\/674"}],"wp:attachment":[{"href":"https:\/\/medicina.udd.cl\/centro-genetica-genomica\/wp-json\/wp\/v2\/media?parent=666"}],"wp:term":[{"taxonomy":"category","embeddable":true,"href":"https:\/\/medicina.udd.cl\/centro-genetica-genomica\/wp-json\/wp\/v2\/categories?post=666"},{"taxonomy":"post_tag","embeddable":true,"href":"https:\/\/medicina.udd.cl\/centro-genetica-genomica\/wp-json\/wp\/v2\/tags?post=666"}],"curies":[{"name":"wp","href":"https:\/\/api.w.org\/{rel}","templated":true}]}}