{"id":675,"date":"2013-01-11T12:11:58","date_gmt":"2013-01-11T15:11:58","guid":{"rendered":"http:\/\/medicina.udd.cl\/centro-genetica-humana\/?p=675"},"modified":"2013-01-11T12:13:22","modified_gmt":"2013-01-11T15:13:22","slug":"fondecyt-financiara-tres-proyectos-de-investigacion-de-la-facultad-de-medicina-udd","status":"publish","type":"post","link":"https:\/\/medicina.udd.cl\/centro-genetica-genomica\/noticias\/2013\/01\/11\/fondecyt-financiara-tres-proyectos-de-investigacion-de-la-facultad-de-medicina-udd\/","title":{"rendered":"Fondecyt financiar\u00e1 tres proyectos de investigaci\u00f3n de la Facultad de Medicina UDD"},"content":{"rendered":"<div id=\"gallery-1\" class=\"carousel slide carousel-gallery\" data-ride=\"false\" data-interval=\"false\"><div class=\"carousel-inner\" role=\"listbox\"><figure class=\"carousel-item active\"><img loading=\"lazy\" decoding=\"async\" width=\"640\" height=\"465\" src=\"https:\/\/medicina.udd.cl\/centro-genetica-genomica\/files\/2013\/01\/Fondecyt-Dra-Paulette-Conget.jpg\" class=\"attachment-landscape_952 size-landscape_952\" alt=\"\" srcset=\"https:\/\/medicina.udd.cl\/centro-genetica-genomica\/files\/2013\/01\/Fondecyt-Dra-Paulette-Conget.jpg 640w, https:\/\/medicina.udd.cl\/centro-genetica-genomica\/files\/2013\/01\/Fondecyt-Dra-Paulette-Conget-300x218.jpg 300w, https:\/\/medicina.udd.cl\/centro-genetica-genomica\/files\/2013\/01\/Fondecyt-Dra-Paulette-Conget-87x62.jpg 87w\" sizes=\"auto, (max-width: 640px) 100vw, 640px\" \/><\/figure><figure class=\"carousel-item\"><img loading=\"lazy\" decoding=\"async\" width=\"640\" height=\"455\" src=\"https:\/\/medicina.udd.cl\/centro-genetica-genomica\/files\/2013\/01\/Fondecyt-Dr-Fernando-Ezquer.jpg\" class=\"attachment-landscape_952 size-landscape_952\" alt=\"\" srcset=\"https:\/\/medicina.udd.cl\/centro-genetica-genomica\/files\/2013\/01\/Fondecyt-Dr-Fernando-Ezquer.jpg 640w, https:\/\/medicina.udd.cl\/centro-genetica-genomica\/files\/2013\/01\/Fondecyt-Dr-Fernando-Ezquer-300x213.jpg 300w, https:\/\/medicina.udd.cl\/centro-genetica-genomica\/files\/2013\/01\/Fondecyt-Dr-Fernando-Ezquer-316x224.jpg 316w, https:\/\/medicina.udd.cl\/centro-genetica-genomica\/files\/2013\/01\/Fondecyt-Dr-Fernando-Ezquer-87x62.jpg 87w\" sizes=\"auto, (max-width: 640px) 100vw, 640px\" \/><\/figure><figure class=\"carousel-item\"><img loading=\"lazy\" decoding=\"async\" width=\"640\" height=\"453\" src=\"https:\/\/medicina.udd.cl\/centro-genetica-genomica\/files\/2013\/01\/Fondecyt-Dra-Gabriela-Repetto.jpg\" class=\"attachment-landscape_952 size-landscape_952\" alt=\"\" srcset=\"https:\/\/medicina.udd.cl\/centro-genetica-genomica\/files\/2013\/01\/Fondecyt-Dra-Gabriela-Repetto.jpg 640w, https:\/\/medicina.udd.cl\/centro-genetica-genomica\/files\/2013\/01\/Fondecyt-Dra-Gabriela-Repetto-300x212.jpg 300w, https:\/\/medicina.udd.cl\/centro-genetica-genomica\/files\/2013\/01\/Fondecyt-Dra-Gabriela-Repetto-316x224.jpg 316w, https:\/\/medicina.udd.cl\/centro-genetica-genomica\/files\/2013\/01\/Fondecyt-Dra-Gabriela-Repetto-87x62.jpg 87w\" sizes=\"auto, (max-width: 640px) 100vw, 640px\" \/><\/figure><\/div><footer class=\"carousel-footer\"><div class=\"carousel-counter\"><span class=\"carousel-counter-current\"><\/span> \/ <span class=\"carousel-counter-total\"><\/span><\/div><a class=\"carousel-control-prev\" href=\"#gallery-1\" role=\"button\" data-slide=\"prev\"><svg aria-hidden=\"true\" class=\"svg-chevron-left-dims\"><use xlink:href='https:\/\/medicina.udd.cl\/centro-genetica-genomica\/wp-content\/themes\/facultades-2018\/assets\/img\/svg\/dist\/main.svg?version=1695853099#chevron-left'><\/use><\/svg><span class=\"sr-only\">Anterior<\/span><\/a><a class=\"carousel-control-next\" href=\"#gallery-1\" role=\"button\" data-slide=\"next\"><svg aria-hidden=\"true\" class=\"svg-chevron-right-dims\"><use xlink:href='https:\/\/medicina.udd.cl\/centro-genetica-genomica\/wp-content\/themes\/facultades-2018\/assets\/img\/svg\/dist\/main.svg?version=1695853099#chevron-right'><\/use><\/svg><span class=\"sr-only\">Siguiente<\/span><\/a><\/footer><\/div>\n<p>El <strong>Fondo Nacional de Desarrollo Cient\u00edfico y Tecnol\u00f3gico (Fondecyt)<\/strong> del Ministerio de Educaci\u00f3n financiar\u00e1 tres proyectos de investigaci\u00f3n de la <strong>Facultad de Medicina Cl\u00ednica Alemana Universidad del Desarrollo<\/strong>, pertenecientes a la <strong>doctora Gabriela Repetto, Paulette Conget (PhD) y el doctor Fernando Ezquer.<\/strong><\/p>\n<p>Todos ellos se adjudicaron en forma individual fondos para ejecutar proyectos de investigaci\u00f3n en ciencias b\u00e1sicas, las que se llevar\u00e1n a cabo en el Instituto de Ciencias UDD y en el Centro de Gen\u00e9tica Humana de la universidad.<\/p>\n<p><strong>Dra. Paulette Conget <\/strong><\/p>\n<p>La doctora Paulette Conget es directora del Instituto de Ciencias de la Facultad de Medicina CAS-UDD\u00a0 y es reconocida en el \u00e1mbito cient\u00edfico por su trabajo con c\u00e9lulas madre. En esta ocasi\u00f3n el Fondecyt financiar\u00e1 un estudio de 4 a\u00f1os de duraci\u00f3n, cuyo objetivo es determinar \u2013en un modelo animal- si la administraci\u00f3n de c\u00e9lulas madre mesenquim\u00e1ticas modifica la progresi\u00f3n de lesiones pre-cancerosas.<\/p>\n<p>El t\u00edtulo del proyecto es <em>\u201c<\/em><em>Do allogeneic multipotent mesenchymal stromal cells modify the progression of precancerous lesions?\u201d.<\/em> Junto a la doctora Conget trabajar\u00e1n como co-investigadores Martha Arango y Flavia Bruna, y Paola Ramos como asistente de investigaci\u00f3n.<\/p>\n<p>El aporte de este trabajo ser\u00e1 generar evidencia experimental respecto de la bioseguridad de las c\u00e9lulas madre adultas.<\/p>\n<p><strong>Dra. Gabriela Repetto<\/strong><\/p>\n<p>La doctora Gabriela Repetto es directora del Centro de Gen\u00e9tica Humana de la<br \/>\nFacultad de Medicina CAS-UDD y por tercera vez consecutiva se adjudica financiamiento Fondecyt para trabajar en S\u00edndrome de Microdeleci\u00f3n del Cromosoma 22q11 o S\u00edndrome Velocardiofacial.<\/p>\n<p>En esta ocasi\u00f3n el proyecto es <em>\u201cFactores modificadores del fenotipo cardiovascular del s\u00edndrome de microdeleci\u00f3n del cromosoma 22q11: secuenciaci\u00f3n de nueva generaci\u00f3n de regiones candidatas identificadas por estudio de asociaci\u00f3n en el genoma completo\u201d. <\/em><\/p>\n<p>Colaborar\u00e1n investigadores del Centro de Gen\u00e9tica (Guillermo Lay-Son, Cecilia Vial y Mar\u00eda Luisa Guzm\u00e1n), del Hospital Roberto del R\u00edo (Patricia Alvarez) y de la Fundaci\u00f3n Gantz y Hospital Calvo Mackenna (Mirta Palomares y Macarena Miranda).<\/p>\n<p><strong>Dr. Fernando Ezquer<\/strong><\/p>\n<p>El doctor Fernando Esquer es investigador del Instituto de Ciencias y ha focalizado su labor en c\u00e9lulas madre y diabetes. En el proyecto que financiar\u00e1 Fondecyt por 3 a\u00f1os, evaluar\u00e1 si la administraci\u00f3n intraocular de c\u00e9lulas troncales mesenquim\u00e1ticas (una poblaci\u00f3n de c\u00e9lulas madres aisladas de m\u00e9dula \u00f3sea) \u00a0en un modelo animal de diabetes mellitus tipo 1, es posible prevenir o retardar el desarrollo de la retinopat\u00eda diab\u00e9tica.<\/p>\n<p>El nombre del proyecto es: \u201c<em>Donor multipotent mesenchymal stromal cells modify the natural\u00a0evolution of retinal damage in diabetic mice\u201d.<\/em> La retinopat\u00eda diab\u00e9tica es la complicaci\u00f3n a largo plazo m\u00e1s com\u00fan y temida de la diabetes mellitus, ya que representa la principal causa de ceguera en pa\u00edses desarrollados. En este proyecto participan tambi\u00e9n el doctor Marcelo Ezquer y la doctora Paulette Conget en calidad de co-investigadores.<\/p>\n","protected":false},"excerpt":{"rendered":"<p>Cient\u00edficos UDD ganaron en Concurso Nacional Regular 2013.<\/p>\n","protected":false},"author":1,"featured_media":0,"comment_status":"open","ping_status":"open","sticky":false,"template":"","format":"standard","meta":{"footnotes":""},"categories":[4],"tags":[],"class_list":["post-675","post","type-post","status-publish","format-standard","hentry","category-noticias"],"yoast_head":"<!-- This site is optimized with the Yoast SEO plugin v26.9 - https:\/\/yoast.com\/product\/yoast-seo-wordpress\/ -->\n<title>Fondecyt financiar\u00e1 tres proyectos de investigaci\u00f3n de la Facultad de Medicina UDD - Centro de Gen\u00e9tica y Gen\u00f3mica<\/title>\n<meta name=\"robots\" content=\"index, follow, max-snippet:-1, max-image-preview:large, max-video-preview:-1\" \/>\n<link rel=\"canonical\" href=\"https:\/\/medicina.udd.cl\/centro-genetica-genomica\/noticias\/2013\/01\/11\/fondecyt-financiara-tres-proyectos-de-investigacion-de-la-facultad-de-medicina-udd\/\" \/>\n<meta property=\"og:locale\" content=\"es_ES\" \/>\n<meta property=\"og:type\" content=\"article\" \/>\n<meta property=\"og:title\" content=\"Fondecyt financiar\u00e1 tres proyectos de investigaci\u00f3n de la Facultad de Medicina UDD - Centro de Gen\u00e9tica y Gen\u00f3mica\" \/>\n<meta property=\"og:description\" content=\"Cient\u00edficos UDD ganaron en Concurso Nacional Regular 2013.\" \/>\n<meta property=\"og:url\" content=\"https:\/\/medicina.udd.cl\/centro-genetica-genomica\/noticias\/2013\/01\/11\/fondecyt-financiara-tres-proyectos-de-investigacion-de-la-facultad-de-medicina-udd\/\" \/>\n<meta property=\"og:site_name\" content=\"Centro de Gen\u00e9tica y Gen\u00f3mica\" \/>\n<meta property=\"article:published_time\" content=\"2013-01-11T15:11:58+00:00\" \/>\n<meta property=\"article:modified_time\" content=\"2013-01-11T15:13:22+00:00\" \/>\n<meta property=\"og:image\" content=\"https:\/\/medicina.udd.cl\/centro-genetica-genomica\/files\/2013\/01\/Fondecyt-Dra-Paulette-Conget.jpg\" \/>\n<meta name=\"author\" content=\"admin\" \/>\n<meta name=\"twitter:label1\" content=\"Escrito por\" \/>\n\t<meta name=\"twitter:data1\" content=\"admin\" \/>\n\t<meta name=\"twitter:label2\" content=\"Tiempo de lectura\" \/>\n\t<meta name=\"twitter:data2\" content=\"3 minutos\" \/>\n<script type=\"application\/ld+json\" class=\"yoast-schema-graph\">{\"@context\":\"https:\/\/schema.org\",\"@graph\":[{\"@type\":\"Article\",\"@id\":\"https:\/\/medicina.udd.cl\/centro-genetica-genomica\/noticias\/2013\/01\/11\/fondecyt-financiara-tres-proyectos-de-investigacion-de-la-facultad-de-medicina-udd\/#article\",\"isPartOf\":{\"@id\":\"https:\/\/medicina.udd.cl\/centro-genetica-genomica\/noticias\/2013\/01\/11\/fondecyt-financiara-tres-proyectos-de-investigacion-de-la-facultad-de-medicina-udd\/\"},\"author\":{\"name\":\"admin\",\"@id\":\"https:\/\/medicina.udd.cl\/centro-genetica-genomica\/#\/schema\/person\/f7abfa784c86da427e89287831f96ab7\"},\"headline\":\"Fondecyt financiar\u00e1 tres proyectos de investigaci\u00f3n de la Facultad de Medicina UDD\",\"datePublished\":\"2013-01-11T15:11:58+00:00\",\"dateModified\":\"2013-01-11T15:13:22+00:00\",\"mainEntityOfPage\":{\"@id\":\"https:\/\/medicina.udd.cl\/centro-genetica-genomica\/noticias\/2013\/01\/11\/fondecyt-financiara-tres-proyectos-de-investigacion-de-la-facultad-de-medicina-udd\/\"},\"wordCount\":515,\"commentCount\":0,\"articleSection\":[\"Noticias\"],\"inLanguage\":\"es\",\"potentialAction\":[{\"@type\":\"CommentAction\",\"name\":\"Comment\",\"target\":[\"https:\/\/medicina.udd.cl\/centro-genetica-genomica\/noticias\/2013\/01\/11\/fondecyt-financiara-tres-proyectos-de-investigacion-de-la-facultad-de-medicina-udd\/#respond\"]}]},{\"@type\":\"WebPage\",\"@id\":\"https:\/\/medicina.udd.cl\/centro-genetica-genomica\/noticias\/2013\/01\/11\/fondecyt-financiara-tres-proyectos-de-investigacion-de-la-facultad-de-medicina-udd\/\",\"url\":\"https:\/\/medicina.udd.cl\/centro-genetica-genomica\/noticias\/2013\/01\/11\/fondecyt-financiara-tres-proyectos-de-investigacion-de-la-facultad-de-medicina-udd\/\",\"name\":\"Fondecyt financiar\u00e1 tres proyectos de investigaci\u00f3n de la Facultad de Medicina UDD - Centro de Gen\u00e9tica y Gen\u00f3mica\",\"isPartOf\":{\"@id\":\"https:\/\/medicina.udd.cl\/centro-genetica-genomica\/#website\"},\"datePublished\":\"2013-01-11T15:11:58+00:00\",\"dateModified\":\"2013-01-11T15:13:22+00:00\",\"author\":{\"@id\":\"https:\/\/medicina.udd.cl\/centro-genetica-genomica\/#\/schema\/person\/f7abfa784c86da427e89287831f96ab7\"},\"breadcrumb\":{\"@id\":\"https:\/\/medicina.udd.cl\/centro-genetica-genomica\/noticias\/2013\/01\/11\/fondecyt-financiara-tres-proyectos-de-investigacion-de-la-facultad-de-medicina-udd\/#breadcrumb\"},\"inLanguage\":\"es\",\"potentialAction\":[{\"@type\":\"ReadAction\",\"target\":[\"https:\/\/medicina.udd.cl\/centro-genetica-genomica\/noticias\/2013\/01\/11\/fondecyt-financiara-tres-proyectos-de-investigacion-de-la-facultad-de-medicina-udd\/\"]}]},{\"@type\":\"BreadcrumbList\",\"@id\":\"https:\/\/medicina.udd.cl\/centro-genetica-genomica\/noticias\/2013\/01\/11\/fondecyt-financiara-tres-proyectos-de-investigacion-de-la-facultad-de-medicina-udd\/#breadcrumb\",\"itemListElement\":[{\"@type\":\"ListItem\",\"position\":1,\"name\":\"Inicio\",\"item\":\"https:\/\/medicina.udd.cl\/centro-genetica-genomica\/\"},{\"@type\":\"ListItem\",\"position\":2,\"name\":\"Fondecyt financiar\u00e1 tres proyectos de investigaci\u00f3n de la Facultad de Medicina UDD\"}]},{\"@type\":\"WebSite\",\"@id\":\"https:\/\/medicina.udd.cl\/centro-genetica-genomica\/#website\",\"url\":\"https:\/\/medicina.udd.cl\/centro-genetica-genomica\/\",\"name\":\"Centro de Gen\u00e9tica y Gen\u00f3mica\",\"description\":\"\",\"inLanguage\":\"es\"},{\"@type\":\"Person\",\"@id\":\"https:\/\/medicina.udd.cl\/centro-genetica-genomica\/#\/schema\/person\/f7abfa784c86da427e89287831f96ab7\",\"name\":\"admin\",\"image\":{\"@type\":\"ImageObject\",\"inLanguage\":\"es\",\"@id\":\"https:\/\/medicina.udd.cl\/centro-genetica-genomica\/#\/schema\/person\/image\/\",\"url\":\"https:\/\/secure.gravatar.com\/avatar\/3cb6da298954dfb54457c0910b8c9ca010abd8d87a60f7d701b6ce4254e1c642?s=96&d=mm&r=g\",\"contentUrl\":\"https:\/\/secure.gravatar.com\/avatar\/3cb6da298954dfb54457c0910b8c9ca010abd8d87a60f7d701b6ce4254e1c642?s=96&d=mm&r=g\",\"caption\":\"admin\"},\"url\":\"https:\/\/medicina.udd.cl\/centro-genetica-genomica\/noticias\/author\/admin\/\"}]}<\/script>\n<!-- \/ Yoast SEO plugin. -->","yoast_head_json":{"title":"Fondecyt financiar\u00e1 tres proyectos de investigaci\u00f3n de la Facultad de Medicina UDD - Centro de Gen\u00e9tica y Gen\u00f3mica","robots":{"index":"index","follow":"follow","max-snippet":"max-snippet:-1","max-image-preview":"max-image-preview:large","max-video-preview":"max-video-preview:-1"},"canonical":"https:\/\/medicina.udd.cl\/centro-genetica-genomica\/noticias\/2013\/01\/11\/fondecyt-financiara-tres-proyectos-de-investigacion-de-la-facultad-de-medicina-udd\/","og_locale":"es_ES","og_type":"article","og_title":"Fondecyt financiar\u00e1 tres proyectos de investigaci\u00f3n de la Facultad de Medicina UDD - Centro de Gen\u00e9tica y Gen\u00f3mica","og_description":"Cient\u00edficos UDD ganaron en Concurso Nacional Regular 2013.","og_url":"https:\/\/medicina.udd.cl\/centro-genetica-genomica\/noticias\/2013\/01\/11\/fondecyt-financiara-tres-proyectos-de-investigacion-de-la-facultad-de-medicina-udd\/","og_site_name":"Centro de Gen\u00e9tica y Gen\u00f3mica","article_published_time":"2013-01-11T15:11:58+00:00","article_modified_time":"2013-01-11T15:13:22+00:00","og_image":[{"url":"https:\/\/medicina.udd.cl\/centro-genetica-genomica\/files\/2013\/01\/Fondecyt-Dra-Paulette-Conget.jpg","type":"","width":"","height":""}],"author":"admin","twitter_misc":{"Escrito por":"admin","Tiempo de lectura":"3 minutos"},"schema":{"@context":"https:\/\/schema.org","@graph":[{"@type":"Article","@id":"https:\/\/medicina.udd.cl\/centro-genetica-genomica\/noticias\/2013\/01\/11\/fondecyt-financiara-tres-proyectos-de-investigacion-de-la-facultad-de-medicina-udd\/#article","isPartOf":{"@id":"https:\/\/medicina.udd.cl\/centro-genetica-genomica\/noticias\/2013\/01\/11\/fondecyt-financiara-tres-proyectos-de-investigacion-de-la-facultad-de-medicina-udd\/"},"author":{"name":"admin","@id":"https:\/\/medicina.udd.cl\/centro-genetica-genomica\/#\/schema\/person\/f7abfa784c86da427e89287831f96ab7"},"headline":"Fondecyt financiar\u00e1 tres proyectos de investigaci\u00f3n de la Facultad de Medicina UDD","datePublished":"2013-01-11T15:11:58+00:00","dateModified":"2013-01-11T15:13:22+00:00","mainEntityOfPage":{"@id":"https:\/\/medicina.udd.cl\/centro-genetica-genomica\/noticias\/2013\/01\/11\/fondecyt-financiara-tres-proyectos-de-investigacion-de-la-facultad-de-medicina-udd\/"},"wordCount":515,"commentCount":0,"articleSection":["Noticias"],"inLanguage":"es","potentialAction":[{"@type":"CommentAction","name":"Comment","target":["https:\/\/medicina.udd.cl\/centro-genetica-genomica\/noticias\/2013\/01\/11\/fondecyt-financiara-tres-proyectos-de-investigacion-de-la-facultad-de-medicina-udd\/#respond"]}]},{"@type":"WebPage","@id":"https:\/\/medicina.udd.cl\/centro-genetica-genomica\/noticias\/2013\/01\/11\/fondecyt-financiara-tres-proyectos-de-investigacion-de-la-facultad-de-medicina-udd\/","url":"https:\/\/medicina.udd.cl\/centro-genetica-genomica\/noticias\/2013\/01\/11\/fondecyt-financiara-tres-proyectos-de-investigacion-de-la-facultad-de-medicina-udd\/","name":"Fondecyt financiar\u00e1 tres proyectos de investigaci\u00f3n de la Facultad de Medicina UDD - Centro de Gen\u00e9tica y Gen\u00f3mica","isPartOf":{"@id":"https:\/\/medicina.udd.cl\/centro-genetica-genomica\/#website"},"datePublished":"2013-01-11T15:11:58+00:00","dateModified":"2013-01-11T15:13:22+00:00","author":{"@id":"https:\/\/medicina.udd.cl\/centro-genetica-genomica\/#\/schema\/person\/f7abfa784c86da427e89287831f96ab7"},"breadcrumb":{"@id":"https:\/\/medicina.udd.cl\/centro-genetica-genomica\/noticias\/2013\/01\/11\/fondecyt-financiara-tres-proyectos-de-investigacion-de-la-facultad-de-medicina-udd\/#breadcrumb"},"inLanguage":"es","potentialAction":[{"@type":"ReadAction","target":["https:\/\/medicina.udd.cl\/centro-genetica-genomica\/noticias\/2013\/01\/11\/fondecyt-financiara-tres-proyectos-de-investigacion-de-la-facultad-de-medicina-udd\/"]}]},{"@type":"BreadcrumbList","@id":"https:\/\/medicina.udd.cl\/centro-genetica-genomica\/noticias\/2013\/01\/11\/fondecyt-financiara-tres-proyectos-de-investigacion-de-la-facultad-de-medicina-udd\/#breadcrumb","itemListElement":[{"@type":"ListItem","position":1,"name":"Inicio","item":"https:\/\/medicina.udd.cl\/centro-genetica-genomica\/"},{"@type":"ListItem","position":2,"name":"Fondecyt financiar\u00e1 tres proyectos de investigaci\u00f3n de la Facultad de Medicina UDD"}]},{"@type":"WebSite","@id":"https:\/\/medicina.udd.cl\/centro-genetica-genomica\/#website","url":"https:\/\/medicina.udd.cl\/centro-genetica-genomica\/","name":"Centro de Gen\u00e9tica y Gen\u00f3mica","description":"","inLanguage":"es"},{"@type":"Person","@id":"https:\/\/medicina.udd.cl\/centro-genetica-genomica\/#\/schema\/person\/f7abfa784c86da427e89287831f96ab7","name":"admin","image":{"@type":"ImageObject","inLanguage":"es","@id":"https:\/\/medicina.udd.cl\/centro-genetica-genomica\/#\/schema\/person\/image\/","url":"https:\/\/secure.gravatar.com\/avatar\/3cb6da298954dfb54457c0910b8c9ca010abd8d87a60f7d701b6ce4254e1c642?s=96&d=mm&r=g","contentUrl":"https:\/\/secure.gravatar.com\/avatar\/3cb6da298954dfb54457c0910b8c9ca010abd8d87a60f7d701b6ce4254e1c642?s=96&d=mm&r=g","caption":"admin"},"url":"https:\/\/medicina.udd.cl\/centro-genetica-genomica\/noticias\/author\/admin\/"}]}},"featured_image_url":null,"_links":{"self":[{"href":"https:\/\/medicina.udd.cl\/centro-genetica-genomica\/wp-json\/wp\/v2\/posts\/675","targetHints":{"allow":["GET"]}}],"collection":[{"href":"https:\/\/medicina.udd.cl\/centro-genetica-genomica\/wp-json\/wp\/v2\/posts"}],"about":[{"href":"https:\/\/medicina.udd.cl\/centro-genetica-genomica\/wp-json\/wp\/v2\/types\/post"}],"author":[{"embeddable":true,"href":"https:\/\/medicina.udd.cl\/centro-genetica-genomica\/wp-json\/wp\/v2\/users\/1"}],"replies":[{"embeddable":true,"href":"https:\/\/medicina.udd.cl\/centro-genetica-genomica\/wp-json\/wp\/v2\/comments?post=675"}],"version-history":[{"count":4,"href":"https:\/\/medicina.udd.cl\/centro-genetica-genomica\/wp-json\/wp\/v2\/posts\/675\/revisions"}],"predecessor-version":[{"id":682,"href":"https:\/\/medicina.udd.cl\/centro-genetica-genomica\/wp-json\/wp\/v2\/posts\/675\/revisions\/682"}],"wp:attachment":[{"href":"https:\/\/medicina.udd.cl\/centro-genetica-genomica\/wp-json\/wp\/v2\/media?parent=675"}],"wp:term":[{"taxonomy":"category","embeddable":true,"href":"https:\/\/medicina.udd.cl\/centro-genetica-genomica\/wp-json\/wp\/v2\/categories?post=675"},{"taxonomy":"post_tag","embeddable":true,"href":"https:\/\/medicina.udd.cl\/centro-genetica-genomica\/wp-json\/wp\/v2\/tags?post=675"}],"curies":[{"name":"wp","href":"https:\/\/api.w.org\/{rel}","templated":true}]}}