{"id":797,"date":"2013-04-25T16:47:04","date_gmt":"2013-04-25T20:47:04","guid":{"rendered":"http:\/\/medicina.udd.cl\/centro-genetica-humana\/?p=797"},"modified":"2013-08-13T15:54:04","modified_gmt":"2013-08-13T19:54:04","slug":"doctora-repetto-60-anos-del-descubrimiento-de-estructura-del-adn","status":"publish","type":"post","link":"https:\/\/medicina.udd.cl\/centro-genetica-genomica\/noticias\/2013\/04\/25\/doctora-repetto-60-anos-del-descubrimiento-de-estructura-del-adn\/","title":{"rendered":"Doctora Repetto: 60 a\u00f1os del descubrimiento de estructura del ADN"},"content":{"rendered":"<p><a href=\"http:\/\/medicina.udd.cl\/centro-genetica-humana\/files\/2013\/04\/Dra-Repetto-.jpg\"><img loading=\"lazy\" decoding=\"async\" class=\"aligncenter size-thumbnail wp-image-952\" alt=\"Dra-Repetto-\" src=\"http:\/\/medicina.udd.cl\/centro-genetica-humana\/files\/2013\/04\/Dra-Repetto--150x150.jpg\" width=\"150\" height=\"150\" srcset=\"https:\/\/medicina.udd.cl\/centro-genetica-genomica\/files\/2013\/04\/Dra-Repetto--150x150.jpg 150w, https:\/\/medicina.udd.cl\/centro-genetica-genomica\/files\/2013\/04\/Dra-Repetto--62x62.jpg 62w, https:\/\/medicina.udd.cl\/centro-genetica-genomica\/files\/2013\/04\/Dra-Repetto--126x126.jpg 126w\" sizes=\"auto, (max-width: 150px) 100vw, 150px\" \/><\/a><\/p>\n<p>El 25 de abril de 1953 los bi\u00f3logos James Watson y Francis Crick publicaron en la revista Nature\u00a0 que la estructura molecular del \u00e1cido desoxirribonucleico (ADN) ten\u00eda forma de doble h\u00e9lice.<\/p>\n<p>Este descubrimiento cient\u00edfico es considerado unos de los m\u00e1s importantes de la historia de las ciencias.\u00a0 Los cambios y mitos que se han develado desde esa fecha son los que la doctora Gabriela Repetto, directora del Centro de Gen\u00e9tica Humana de la Facultad de Medicina Cl\u00ednica Alemana Universidad del Desarrollo, explic\u00f3 al diario El Mercurio.<\/p>\n<p><a href=\"http:\/\/medicina.udd.cl\/files\/2013\/04\/pdf-adn-nuevo.pdf\">Revisa aqu\u00ed la publicaci\u00f3n completa.<\/a><\/p>\n","protected":false},"excerpt":{"rendered":"<p>Directora del Centro de Gen\u00e9tica Humana comenta el hito cient\u00edfico.<\/p>\n","protected":false},"author":1,"featured_media":0,"comment_status":"open","ping_status":"open","sticky":false,"template":"","format":"standard","meta":{"footnotes":""},"categories":[4],"tags":[],"class_list":["post-797","post","type-post","status-publish","format-standard","hentry","category-noticias"],"yoast_head":"<!-- This site is optimized with the Yoast SEO plugin v26.9 - https:\/\/yoast.com\/product\/yoast-seo-wordpress\/ -->\n<title>Doctora Repetto: 60 a\u00f1os del descubrimiento de estructura del ADN - Centro de Gen\u00e9tica y Gen\u00f3mica<\/title>\n<meta name=\"robots\" content=\"index, follow, max-snippet:-1, max-image-preview:large, max-video-preview:-1\" \/>\n<link rel=\"canonical\" href=\"https:\/\/medicina.udd.cl\/centro-genetica-genomica\/noticias\/2013\/04\/25\/doctora-repetto-60-anos-del-descubrimiento-de-estructura-del-adn\/\" \/>\n<meta property=\"og:locale\" content=\"es_ES\" \/>\n<meta property=\"og:type\" content=\"article\" \/>\n<meta property=\"og:title\" content=\"Doctora Repetto: 60 a\u00f1os del descubrimiento de estructura del ADN - Centro de Gen\u00e9tica y Gen\u00f3mica\" \/>\n<meta property=\"og:description\" content=\"Directora del Centro de Gen\u00e9tica Humana comenta el hito cient\u00edfico.\" \/>\n<meta property=\"og:url\" content=\"https:\/\/medicina.udd.cl\/centro-genetica-genomica\/noticias\/2013\/04\/25\/doctora-repetto-60-anos-del-descubrimiento-de-estructura-del-adn\/\" \/>\n<meta property=\"og:site_name\" content=\"Centro de Gen\u00e9tica y Gen\u00f3mica\" \/>\n<meta property=\"article:published_time\" content=\"2013-04-25T20:47:04+00:00\" \/>\n<meta property=\"article:modified_time\" content=\"2013-08-13T19:54:04+00:00\" \/>\n<meta property=\"og:image\" content=\"http:\/\/medicina.udd.cl\/centro-genetica-humana\/files\/2013\/04\/Dra-Repetto--150x150.jpg\" \/>\n<meta name=\"author\" content=\"admin\" \/>\n<meta name=\"twitter:label1\" content=\"Escrito por\" \/>\n\t<meta name=\"twitter:data1\" content=\"admin\" \/>\n<script type=\"application\/ld+json\" class=\"yoast-schema-graph\">{\"@context\":\"https:\/\/schema.org\",\"@graph\":[{\"@type\":\"Article\",\"@id\":\"https:\/\/medicina.udd.cl\/centro-genetica-genomica\/noticias\/2013\/04\/25\/doctora-repetto-60-anos-del-descubrimiento-de-estructura-del-adn\/#article\",\"isPartOf\":{\"@id\":\"https:\/\/medicina.udd.cl\/centro-genetica-genomica\/noticias\/2013\/04\/25\/doctora-repetto-60-anos-del-descubrimiento-de-estructura-del-adn\/\"},\"author\":{\"name\":\"admin\",\"@id\":\"https:\/\/medicina.udd.cl\/centro-genetica-genomica\/#\/schema\/person\/f7abfa784c86da427e89287831f96ab7\"},\"headline\":\"Doctora Repetto: 60 a\u00f1os del descubrimiento de estructura del ADN\",\"datePublished\":\"2013-04-25T20:47:04+00:00\",\"dateModified\":\"2013-08-13T19:54:04+00:00\",\"mainEntityOfPage\":{\"@id\":\"https:\/\/medicina.udd.cl\/centro-genetica-genomica\/noticias\/2013\/04\/25\/doctora-repetto-60-anos-del-descubrimiento-de-estructura-del-adn\/\"},\"wordCount\":107,\"commentCount\":0,\"image\":{\"@id\":\"https:\/\/medicina.udd.cl\/centro-genetica-genomica\/noticias\/2013\/04\/25\/doctora-repetto-60-anos-del-descubrimiento-de-estructura-del-adn\/#primaryimage\"},\"thumbnailUrl\":\"http:\/\/medicina.udd.cl\/centro-genetica-humana\/files\/2013\/04\/Dra-Repetto--150x150.jpg\",\"articleSection\":[\"Noticias\"],\"inLanguage\":\"es\",\"potentialAction\":[{\"@type\":\"CommentAction\",\"name\":\"Comment\",\"target\":[\"https:\/\/medicina.udd.cl\/centro-genetica-genomica\/noticias\/2013\/04\/25\/doctora-repetto-60-anos-del-descubrimiento-de-estructura-del-adn\/#respond\"]}]},{\"@type\":\"WebPage\",\"@id\":\"https:\/\/medicina.udd.cl\/centro-genetica-genomica\/noticias\/2013\/04\/25\/doctora-repetto-60-anos-del-descubrimiento-de-estructura-del-adn\/\",\"url\":\"https:\/\/medicina.udd.cl\/centro-genetica-genomica\/noticias\/2013\/04\/25\/doctora-repetto-60-anos-del-descubrimiento-de-estructura-del-adn\/\",\"name\":\"Doctora Repetto: 60 a\u00f1os del descubrimiento de estructura del ADN - Centro de Gen\u00e9tica y Gen\u00f3mica\",\"isPartOf\":{\"@id\":\"https:\/\/medicina.udd.cl\/centro-genetica-genomica\/#website\"},\"primaryImageOfPage\":{\"@id\":\"https:\/\/medicina.udd.cl\/centro-genetica-genomica\/noticias\/2013\/04\/25\/doctora-repetto-60-anos-del-descubrimiento-de-estructura-del-adn\/#primaryimage\"},\"image\":{\"@id\":\"https:\/\/medicina.udd.cl\/centro-genetica-genomica\/noticias\/2013\/04\/25\/doctora-repetto-60-anos-del-descubrimiento-de-estructura-del-adn\/#primaryimage\"},\"thumbnailUrl\":\"http:\/\/medicina.udd.cl\/centro-genetica-humana\/files\/2013\/04\/Dra-Repetto--150x150.jpg\",\"datePublished\":\"2013-04-25T20:47:04+00:00\",\"dateModified\":\"2013-08-13T19:54:04+00:00\",\"author\":{\"@id\":\"https:\/\/medicina.udd.cl\/centro-genetica-genomica\/#\/schema\/person\/f7abfa784c86da427e89287831f96ab7\"},\"breadcrumb\":{\"@id\":\"https:\/\/medicina.udd.cl\/centro-genetica-genomica\/noticias\/2013\/04\/25\/doctora-repetto-60-anos-del-descubrimiento-de-estructura-del-adn\/#breadcrumb\"},\"inLanguage\":\"es\",\"potentialAction\":[{\"@type\":\"ReadAction\",\"target\":[\"https:\/\/medicina.udd.cl\/centro-genetica-genomica\/noticias\/2013\/04\/25\/doctora-repetto-60-anos-del-descubrimiento-de-estructura-del-adn\/\"]}]},{\"@type\":\"ImageObject\",\"inLanguage\":\"es\",\"@id\":\"https:\/\/medicina.udd.cl\/centro-genetica-genomica\/noticias\/2013\/04\/25\/doctora-repetto-60-anos-del-descubrimiento-de-estructura-del-adn\/#primaryimage\",\"url\":\"http:\/\/medicina.udd.cl\/centro-genetica-humana\/files\/2013\/04\/Dra-Repetto--150x150.jpg\",\"contentUrl\":\"http:\/\/medicina.udd.cl\/centro-genetica-humana\/files\/2013\/04\/Dra-Repetto--150x150.jpg\"},{\"@type\":\"BreadcrumbList\",\"@id\":\"https:\/\/medicina.udd.cl\/centro-genetica-genomica\/noticias\/2013\/04\/25\/doctora-repetto-60-anos-del-descubrimiento-de-estructura-del-adn\/#breadcrumb\",\"itemListElement\":[{\"@type\":\"ListItem\",\"position\":1,\"name\":\"Inicio\",\"item\":\"https:\/\/medicina.udd.cl\/centro-genetica-genomica\/\"},{\"@type\":\"ListItem\",\"position\":2,\"name\":\"Doctora Repetto: 60 a\u00f1os del descubrimiento de estructura del ADN\"}]},{\"@type\":\"WebSite\",\"@id\":\"https:\/\/medicina.udd.cl\/centro-genetica-genomica\/#website\",\"url\":\"https:\/\/medicina.udd.cl\/centro-genetica-genomica\/\",\"name\":\"Centro de Gen\u00e9tica y Gen\u00f3mica\",\"description\":\"\",\"inLanguage\":\"es\"},{\"@type\":\"Person\",\"@id\":\"https:\/\/medicina.udd.cl\/centro-genetica-genomica\/#\/schema\/person\/f7abfa784c86da427e89287831f96ab7\",\"name\":\"admin\",\"image\":{\"@type\":\"ImageObject\",\"inLanguage\":\"es\",\"@id\":\"https:\/\/medicina.udd.cl\/centro-genetica-genomica\/#\/schema\/person\/image\/\",\"url\":\"https:\/\/secure.gravatar.com\/avatar\/3cb6da298954dfb54457c0910b8c9ca010abd8d87a60f7d701b6ce4254e1c642?s=96&d=mm&r=g\",\"contentUrl\":\"https:\/\/secure.gravatar.com\/avatar\/3cb6da298954dfb54457c0910b8c9ca010abd8d87a60f7d701b6ce4254e1c642?s=96&d=mm&r=g\",\"caption\":\"admin\"},\"url\":\"https:\/\/medicina.udd.cl\/centro-genetica-genomica\/noticias\/author\/admin\/\"}]}<\/script>\n<!-- \/ Yoast SEO plugin. -->","yoast_head_json":{"title":"Doctora Repetto: 60 a\u00f1os del descubrimiento de estructura del ADN - Centro de Gen\u00e9tica y Gen\u00f3mica","robots":{"index":"index","follow":"follow","max-snippet":"max-snippet:-1","max-image-preview":"max-image-preview:large","max-video-preview":"max-video-preview:-1"},"canonical":"https:\/\/medicina.udd.cl\/centro-genetica-genomica\/noticias\/2013\/04\/25\/doctora-repetto-60-anos-del-descubrimiento-de-estructura-del-adn\/","og_locale":"es_ES","og_type":"article","og_title":"Doctora Repetto: 60 a\u00f1os del descubrimiento de estructura del ADN - Centro de Gen\u00e9tica y Gen\u00f3mica","og_description":"Directora del Centro de Gen\u00e9tica Humana comenta el hito cient\u00edfico.","og_url":"https:\/\/medicina.udd.cl\/centro-genetica-genomica\/noticias\/2013\/04\/25\/doctora-repetto-60-anos-del-descubrimiento-de-estructura-del-adn\/","og_site_name":"Centro de Gen\u00e9tica y Gen\u00f3mica","article_published_time":"2013-04-25T20:47:04+00:00","article_modified_time":"2013-08-13T19:54:04+00:00","og_image":[{"url":"http:\/\/medicina.udd.cl\/centro-genetica-humana\/files\/2013\/04\/Dra-Repetto--150x150.jpg","type":"","width":"","height":""}],"author":"admin","twitter_misc":{"Escrito por":"admin"},"schema":{"@context":"https:\/\/schema.org","@graph":[{"@type":"Article","@id":"https:\/\/medicina.udd.cl\/centro-genetica-genomica\/noticias\/2013\/04\/25\/doctora-repetto-60-anos-del-descubrimiento-de-estructura-del-adn\/#article","isPartOf":{"@id":"https:\/\/medicina.udd.cl\/centro-genetica-genomica\/noticias\/2013\/04\/25\/doctora-repetto-60-anos-del-descubrimiento-de-estructura-del-adn\/"},"author":{"name":"admin","@id":"https:\/\/medicina.udd.cl\/centro-genetica-genomica\/#\/schema\/person\/f7abfa784c86da427e89287831f96ab7"},"headline":"Doctora Repetto: 60 a\u00f1os del descubrimiento de estructura del ADN","datePublished":"2013-04-25T20:47:04+00:00","dateModified":"2013-08-13T19:54:04+00:00","mainEntityOfPage":{"@id":"https:\/\/medicina.udd.cl\/centro-genetica-genomica\/noticias\/2013\/04\/25\/doctora-repetto-60-anos-del-descubrimiento-de-estructura-del-adn\/"},"wordCount":107,"commentCount":0,"image":{"@id":"https:\/\/medicina.udd.cl\/centro-genetica-genomica\/noticias\/2013\/04\/25\/doctora-repetto-60-anos-del-descubrimiento-de-estructura-del-adn\/#primaryimage"},"thumbnailUrl":"http:\/\/medicina.udd.cl\/centro-genetica-humana\/files\/2013\/04\/Dra-Repetto--150x150.jpg","articleSection":["Noticias"],"inLanguage":"es","potentialAction":[{"@type":"CommentAction","name":"Comment","target":["https:\/\/medicina.udd.cl\/centro-genetica-genomica\/noticias\/2013\/04\/25\/doctora-repetto-60-anos-del-descubrimiento-de-estructura-del-adn\/#respond"]}]},{"@type":"WebPage","@id":"https:\/\/medicina.udd.cl\/centro-genetica-genomica\/noticias\/2013\/04\/25\/doctora-repetto-60-anos-del-descubrimiento-de-estructura-del-adn\/","url":"https:\/\/medicina.udd.cl\/centro-genetica-genomica\/noticias\/2013\/04\/25\/doctora-repetto-60-anos-del-descubrimiento-de-estructura-del-adn\/","name":"Doctora Repetto: 60 a\u00f1os del descubrimiento de estructura del ADN - Centro de Gen\u00e9tica y Gen\u00f3mica","isPartOf":{"@id":"https:\/\/medicina.udd.cl\/centro-genetica-genomica\/#website"},"primaryImageOfPage":{"@id":"https:\/\/medicina.udd.cl\/centro-genetica-genomica\/noticias\/2013\/04\/25\/doctora-repetto-60-anos-del-descubrimiento-de-estructura-del-adn\/#primaryimage"},"image":{"@id":"https:\/\/medicina.udd.cl\/centro-genetica-genomica\/noticias\/2013\/04\/25\/doctora-repetto-60-anos-del-descubrimiento-de-estructura-del-adn\/#primaryimage"},"thumbnailUrl":"http:\/\/medicina.udd.cl\/centro-genetica-humana\/files\/2013\/04\/Dra-Repetto--150x150.jpg","datePublished":"2013-04-25T20:47:04+00:00","dateModified":"2013-08-13T19:54:04+00:00","author":{"@id":"https:\/\/medicina.udd.cl\/centro-genetica-genomica\/#\/schema\/person\/f7abfa784c86da427e89287831f96ab7"},"breadcrumb":{"@id":"https:\/\/medicina.udd.cl\/centro-genetica-genomica\/noticias\/2013\/04\/25\/doctora-repetto-60-anos-del-descubrimiento-de-estructura-del-adn\/#breadcrumb"},"inLanguage":"es","potentialAction":[{"@type":"ReadAction","target":["https:\/\/medicina.udd.cl\/centro-genetica-genomica\/noticias\/2013\/04\/25\/doctora-repetto-60-anos-del-descubrimiento-de-estructura-del-adn\/"]}]},{"@type":"ImageObject","inLanguage":"es","@id":"https:\/\/medicina.udd.cl\/centro-genetica-genomica\/noticias\/2013\/04\/25\/doctora-repetto-60-anos-del-descubrimiento-de-estructura-del-adn\/#primaryimage","url":"http:\/\/medicina.udd.cl\/centro-genetica-humana\/files\/2013\/04\/Dra-Repetto--150x150.jpg","contentUrl":"http:\/\/medicina.udd.cl\/centro-genetica-humana\/files\/2013\/04\/Dra-Repetto--150x150.jpg"},{"@type":"BreadcrumbList","@id":"https:\/\/medicina.udd.cl\/centro-genetica-genomica\/noticias\/2013\/04\/25\/doctora-repetto-60-anos-del-descubrimiento-de-estructura-del-adn\/#breadcrumb","itemListElement":[{"@type":"ListItem","position":1,"name":"Inicio","item":"https:\/\/medicina.udd.cl\/centro-genetica-genomica\/"},{"@type":"ListItem","position":2,"name":"Doctora Repetto: 60 a\u00f1os del descubrimiento de estructura del ADN"}]},{"@type":"WebSite","@id":"https:\/\/medicina.udd.cl\/centro-genetica-genomica\/#website","url":"https:\/\/medicina.udd.cl\/centro-genetica-genomica\/","name":"Centro de Gen\u00e9tica y Gen\u00f3mica","description":"","inLanguage":"es"},{"@type":"Person","@id":"https:\/\/medicina.udd.cl\/centro-genetica-genomica\/#\/schema\/person\/f7abfa784c86da427e89287831f96ab7","name":"admin","image":{"@type":"ImageObject","inLanguage":"es","@id":"https:\/\/medicina.udd.cl\/centro-genetica-genomica\/#\/schema\/person\/image\/","url":"https:\/\/secure.gravatar.com\/avatar\/3cb6da298954dfb54457c0910b8c9ca010abd8d87a60f7d701b6ce4254e1c642?s=96&d=mm&r=g","contentUrl":"https:\/\/secure.gravatar.com\/avatar\/3cb6da298954dfb54457c0910b8c9ca010abd8d87a60f7d701b6ce4254e1c642?s=96&d=mm&r=g","caption":"admin"},"url":"https:\/\/medicina.udd.cl\/centro-genetica-genomica\/noticias\/author\/admin\/"}]}},"featured_image_url":null,"_links":{"self":[{"href":"https:\/\/medicina.udd.cl\/centro-genetica-genomica\/wp-json\/wp\/v2\/posts\/797","targetHints":{"allow":["GET"]}}],"collection":[{"href":"https:\/\/medicina.udd.cl\/centro-genetica-genomica\/wp-json\/wp\/v2\/posts"}],"about":[{"href":"https:\/\/medicina.udd.cl\/centro-genetica-genomica\/wp-json\/wp\/v2\/types\/post"}],"author":[{"embeddable":true,"href":"https:\/\/medicina.udd.cl\/centro-genetica-genomica\/wp-json\/wp\/v2\/users\/1"}],"replies":[{"embeddable":true,"href":"https:\/\/medicina.udd.cl\/centro-genetica-genomica\/wp-json\/wp\/v2\/comments?post=797"}],"version-history":[{"count":7,"href":"https:\/\/medicina.udd.cl\/centro-genetica-genomica\/wp-json\/wp\/v2\/posts\/797\/revisions"}],"predecessor-version":[{"id":951,"href":"https:\/\/medicina.udd.cl\/centro-genetica-genomica\/wp-json\/wp\/v2\/posts\/797\/revisions\/951"}],"wp:attachment":[{"href":"https:\/\/medicina.udd.cl\/centro-genetica-genomica\/wp-json\/wp\/v2\/media?parent=797"}],"wp:term":[{"taxonomy":"category","embeddable":true,"href":"https:\/\/medicina.udd.cl\/centro-genetica-genomica\/wp-json\/wp\/v2\/categories?post=797"},{"taxonomy":"post_tag","embeddable":true,"href":"https:\/\/medicina.udd.cl\/centro-genetica-genomica\/wp-json\/wp\/v2\/tags?post=797"}],"curies":[{"name":"wp","href":"https:\/\/api.w.org\/{rel}","templated":true}]}}