{"id":815,"date":"2013-05-23T13:09:01","date_gmt":"2013-05-23T17:09:01","guid":{"rendered":"http:\/\/medicina.udd.cl\/centro-genetica-humana\/?p=815"},"modified":"2013-05-23T13:13:54","modified_gmt":"2013-05-23T17:13:54","slug":"medicina-y-etica-en-los-estudios-geneticos","status":"publish","type":"post","link":"https:\/\/medicina.udd.cl\/centro-genetica-genomica\/noticias\/2013\/05\/23\/medicina-y-etica-en-los-estudios-geneticos\/","title":{"rendered":"Medicina y \u00e9tica en los estudios gen\u00e9ticos"},"content":{"rendered":"<p><a href=\"http:\/\/medicina.udd.cl\/centro-genetica-humana\/files\/2013\/05\/cgh-1.jpg\"><img loading=\"lazy\" decoding=\"async\" class=\"aligncenter size-medium wp-image-816\" title=\"Centro de Gen\u00e9tica Humana\" src=\"http:\/\/medicina.udd.cl\/centro-genetica-humana\/files\/2013\/05\/cgh-1-300x208.jpg\" alt=\"\" width=\"300\" height=\"208\" \/><\/a><\/p>\n<p>Diagn\u00f3sticos, costos y probabilidades de tener una enfermedad gen\u00e9tica son algunos de los temas que los especialistas de la Facultad de Medicina Cl\u00ednica Alemana Universidad del Desarrollo conversaron con el diario La Segunda, a ra\u00edz del revuelo causado por la mastectom\u00eda doble a la que se someti\u00f3 la actriz Angelina Jolie para evitar un c\u00e1ncer.<\/p>\n<p><a href=\"http:\/\/www.lasegunda.com\/Noticias\/Nacional\/2013\/05\/848514\/Los-estudios-geneticos-que-se-hacen-en-Chile-Que-buscan-las-otras-Angelinas\">Vea aqu\u00ed el art\u00edculo completo<\/a> en el que particip\u00f3 la doctora\u00a0Gabriela Repetto, directora del Centro de Gen\u00e9tica Humana,\u00a0Sonia Margarit, consejera gen\u00e9tica del CGH, y el doctor\u00a0Juan Pablo Beca, directos del Centro de Bio\u00e9tica y docente de nuestra Facultad.<\/p>\n","protected":false},"excerpt":{"rendered":"<p>Docentes de la Facultad comentan esta materia en vespertino La Segunda.<\/p>\n","protected":false},"author":1,"featured_media":0,"comment_status":"open","ping_status":"open","sticky":false,"template":"","format":"standard","meta":{"footnotes":""},"categories":[4],"tags":[],"class_list":["post-815","post","type-post","status-publish","format-standard","hentry","category-noticias"],"yoast_head":"<!-- This site is optimized with the Yoast SEO plugin v26.9 - https:\/\/yoast.com\/product\/yoast-seo-wordpress\/ -->\n<title>Medicina y \u00e9tica en los estudios gen\u00e9ticos - Centro de Gen\u00e9tica y Gen\u00f3mica<\/title>\n<meta name=\"robots\" content=\"index, follow, max-snippet:-1, max-image-preview:large, max-video-preview:-1\" \/>\n<link rel=\"canonical\" href=\"https:\/\/medicina.udd.cl\/centro-genetica-genomica\/noticias\/2013\/05\/23\/medicina-y-etica-en-los-estudios-geneticos\/\" \/>\n<meta property=\"og:locale\" content=\"es_ES\" \/>\n<meta property=\"og:type\" content=\"article\" \/>\n<meta property=\"og:title\" content=\"Medicina y \u00e9tica en los estudios gen\u00e9ticos - Centro de Gen\u00e9tica y Gen\u00f3mica\" \/>\n<meta property=\"og:description\" content=\"Docentes de la Facultad comentan esta materia en vespertino La Segunda.\" \/>\n<meta property=\"og:url\" content=\"https:\/\/medicina.udd.cl\/centro-genetica-genomica\/noticias\/2013\/05\/23\/medicina-y-etica-en-los-estudios-geneticos\/\" \/>\n<meta property=\"og:site_name\" content=\"Centro de Gen\u00e9tica y Gen\u00f3mica\" \/>\n<meta property=\"article:published_time\" content=\"2013-05-23T17:09:01+00:00\" \/>\n<meta property=\"article:modified_time\" content=\"2013-05-23T17:13:54+00:00\" \/>\n<meta property=\"og:image\" content=\"http:\/\/medicina.udd.cl\/centro-genetica-humana\/files\/2013\/05\/cgh-1-300x208.jpg\" \/>\n<meta name=\"author\" content=\"admin\" \/>\n<meta name=\"twitter:label1\" content=\"Escrito por\" \/>\n\t<meta name=\"twitter:data1\" content=\"admin\" \/>\n\t<meta name=\"twitter:label2\" content=\"Tiempo de lectura\" \/>\n\t<meta name=\"twitter:data2\" content=\"1 minuto\" \/>\n<script type=\"application\/ld+json\" class=\"yoast-schema-graph\">{\"@context\":\"https:\/\/schema.org\",\"@graph\":[{\"@type\":\"Article\",\"@id\":\"https:\/\/medicina.udd.cl\/centro-genetica-genomica\/noticias\/2013\/05\/23\/medicina-y-etica-en-los-estudios-geneticos\/#article\",\"isPartOf\":{\"@id\":\"https:\/\/medicina.udd.cl\/centro-genetica-genomica\/noticias\/2013\/05\/23\/medicina-y-etica-en-los-estudios-geneticos\/\"},\"author\":{\"name\":\"admin\",\"@id\":\"https:\/\/medicina.udd.cl\/centro-genetica-genomica\/#\/schema\/person\/f7abfa784c86da427e89287831f96ab7\"},\"headline\":\"Medicina y \u00e9tica en los estudios gen\u00e9ticos\",\"datePublished\":\"2013-05-23T17:09:01+00:00\",\"dateModified\":\"2013-05-23T17:13:54+00:00\",\"mainEntityOfPage\":{\"@id\":\"https:\/\/medicina.udd.cl\/centro-genetica-genomica\/noticias\/2013\/05\/23\/medicina-y-etica-en-los-estudios-geneticos\/\"},\"wordCount\":114,\"commentCount\":0,\"image\":{\"@id\":\"https:\/\/medicina.udd.cl\/centro-genetica-genomica\/noticias\/2013\/05\/23\/medicina-y-etica-en-los-estudios-geneticos\/#primaryimage\"},\"thumbnailUrl\":\"http:\/\/medicina.udd.cl\/centro-genetica-humana\/files\/2013\/05\/cgh-1-300x208.jpg\",\"articleSection\":[\"Noticias\"],\"inLanguage\":\"es\",\"potentialAction\":[{\"@type\":\"CommentAction\",\"name\":\"Comment\",\"target\":[\"https:\/\/medicina.udd.cl\/centro-genetica-genomica\/noticias\/2013\/05\/23\/medicina-y-etica-en-los-estudios-geneticos\/#respond\"]}]},{\"@type\":\"WebPage\",\"@id\":\"https:\/\/medicina.udd.cl\/centro-genetica-genomica\/noticias\/2013\/05\/23\/medicina-y-etica-en-los-estudios-geneticos\/\",\"url\":\"https:\/\/medicina.udd.cl\/centro-genetica-genomica\/noticias\/2013\/05\/23\/medicina-y-etica-en-los-estudios-geneticos\/\",\"name\":\"Medicina y \u00e9tica en los estudios gen\u00e9ticos - Centro de Gen\u00e9tica y Gen\u00f3mica\",\"isPartOf\":{\"@id\":\"https:\/\/medicina.udd.cl\/centro-genetica-genomica\/#website\"},\"primaryImageOfPage\":{\"@id\":\"https:\/\/medicina.udd.cl\/centro-genetica-genomica\/noticias\/2013\/05\/23\/medicina-y-etica-en-los-estudios-geneticos\/#primaryimage\"},\"image\":{\"@id\":\"https:\/\/medicina.udd.cl\/centro-genetica-genomica\/noticias\/2013\/05\/23\/medicina-y-etica-en-los-estudios-geneticos\/#primaryimage\"},\"thumbnailUrl\":\"http:\/\/medicina.udd.cl\/centro-genetica-humana\/files\/2013\/05\/cgh-1-300x208.jpg\",\"datePublished\":\"2013-05-23T17:09:01+00:00\",\"dateModified\":\"2013-05-23T17:13:54+00:00\",\"author\":{\"@id\":\"https:\/\/medicina.udd.cl\/centro-genetica-genomica\/#\/schema\/person\/f7abfa784c86da427e89287831f96ab7\"},\"breadcrumb\":{\"@id\":\"https:\/\/medicina.udd.cl\/centro-genetica-genomica\/noticias\/2013\/05\/23\/medicina-y-etica-en-los-estudios-geneticos\/#breadcrumb\"},\"inLanguage\":\"es\",\"potentialAction\":[{\"@type\":\"ReadAction\",\"target\":[\"https:\/\/medicina.udd.cl\/centro-genetica-genomica\/noticias\/2013\/05\/23\/medicina-y-etica-en-los-estudios-geneticos\/\"]}]},{\"@type\":\"ImageObject\",\"inLanguage\":\"es\",\"@id\":\"https:\/\/medicina.udd.cl\/centro-genetica-genomica\/noticias\/2013\/05\/23\/medicina-y-etica-en-los-estudios-geneticos\/#primaryimage\",\"url\":\"http:\/\/medicina.udd.cl\/centro-genetica-humana\/files\/2013\/05\/cgh-1-300x208.jpg\",\"contentUrl\":\"http:\/\/medicina.udd.cl\/centro-genetica-humana\/files\/2013\/05\/cgh-1-300x208.jpg\"},{\"@type\":\"BreadcrumbList\",\"@id\":\"https:\/\/medicina.udd.cl\/centro-genetica-genomica\/noticias\/2013\/05\/23\/medicina-y-etica-en-los-estudios-geneticos\/#breadcrumb\",\"itemListElement\":[{\"@type\":\"ListItem\",\"position\":1,\"name\":\"Inicio\",\"item\":\"https:\/\/medicina.udd.cl\/centro-genetica-genomica\/\"},{\"@type\":\"ListItem\",\"position\":2,\"name\":\"Medicina y \u00e9tica en los estudios gen\u00e9ticos\"}]},{\"@type\":\"WebSite\",\"@id\":\"https:\/\/medicina.udd.cl\/centro-genetica-genomica\/#website\",\"url\":\"https:\/\/medicina.udd.cl\/centro-genetica-genomica\/\",\"name\":\"Centro de Gen\u00e9tica y Gen\u00f3mica\",\"description\":\"\",\"inLanguage\":\"es\"},{\"@type\":\"Person\",\"@id\":\"https:\/\/medicina.udd.cl\/centro-genetica-genomica\/#\/schema\/person\/f7abfa784c86da427e89287831f96ab7\",\"name\":\"admin\",\"image\":{\"@type\":\"ImageObject\",\"inLanguage\":\"es\",\"@id\":\"https:\/\/medicina.udd.cl\/centro-genetica-genomica\/#\/schema\/person\/image\/\",\"url\":\"https:\/\/secure.gravatar.com\/avatar\/3cb6da298954dfb54457c0910b8c9ca010abd8d87a60f7d701b6ce4254e1c642?s=96&d=mm&r=g\",\"contentUrl\":\"https:\/\/secure.gravatar.com\/avatar\/3cb6da298954dfb54457c0910b8c9ca010abd8d87a60f7d701b6ce4254e1c642?s=96&d=mm&r=g\",\"caption\":\"admin\"},\"url\":\"https:\/\/medicina.udd.cl\/centro-genetica-genomica\/noticias\/author\/admin\/\"}]}<\/script>\n<!-- \/ Yoast SEO plugin. -->","yoast_head_json":{"title":"Medicina y \u00e9tica en los estudios gen\u00e9ticos - Centro de Gen\u00e9tica y Gen\u00f3mica","robots":{"index":"index","follow":"follow","max-snippet":"max-snippet:-1","max-image-preview":"max-image-preview:large","max-video-preview":"max-video-preview:-1"},"canonical":"https:\/\/medicina.udd.cl\/centro-genetica-genomica\/noticias\/2013\/05\/23\/medicina-y-etica-en-los-estudios-geneticos\/","og_locale":"es_ES","og_type":"article","og_title":"Medicina y \u00e9tica en los estudios gen\u00e9ticos - Centro de Gen\u00e9tica y Gen\u00f3mica","og_description":"Docentes de la Facultad comentan esta materia en vespertino La Segunda.","og_url":"https:\/\/medicina.udd.cl\/centro-genetica-genomica\/noticias\/2013\/05\/23\/medicina-y-etica-en-los-estudios-geneticos\/","og_site_name":"Centro de Gen\u00e9tica y Gen\u00f3mica","article_published_time":"2013-05-23T17:09:01+00:00","article_modified_time":"2013-05-23T17:13:54+00:00","og_image":[{"url":"http:\/\/medicina.udd.cl\/centro-genetica-humana\/files\/2013\/05\/cgh-1-300x208.jpg","type":"","width":"","height":""}],"author":"admin","twitter_misc":{"Escrito por":"admin","Tiempo de lectura":"1 minuto"},"schema":{"@context":"https:\/\/schema.org","@graph":[{"@type":"Article","@id":"https:\/\/medicina.udd.cl\/centro-genetica-genomica\/noticias\/2013\/05\/23\/medicina-y-etica-en-los-estudios-geneticos\/#article","isPartOf":{"@id":"https:\/\/medicina.udd.cl\/centro-genetica-genomica\/noticias\/2013\/05\/23\/medicina-y-etica-en-los-estudios-geneticos\/"},"author":{"name":"admin","@id":"https:\/\/medicina.udd.cl\/centro-genetica-genomica\/#\/schema\/person\/f7abfa784c86da427e89287831f96ab7"},"headline":"Medicina y \u00e9tica en los estudios gen\u00e9ticos","datePublished":"2013-05-23T17:09:01+00:00","dateModified":"2013-05-23T17:13:54+00:00","mainEntityOfPage":{"@id":"https:\/\/medicina.udd.cl\/centro-genetica-genomica\/noticias\/2013\/05\/23\/medicina-y-etica-en-los-estudios-geneticos\/"},"wordCount":114,"commentCount":0,"image":{"@id":"https:\/\/medicina.udd.cl\/centro-genetica-genomica\/noticias\/2013\/05\/23\/medicina-y-etica-en-los-estudios-geneticos\/#primaryimage"},"thumbnailUrl":"http:\/\/medicina.udd.cl\/centro-genetica-humana\/files\/2013\/05\/cgh-1-300x208.jpg","articleSection":["Noticias"],"inLanguage":"es","potentialAction":[{"@type":"CommentAction","name":"Comment","target":["https:\/\/medicina.udd.cl\/centro-genetica-genomica\/noticias\/2013\/05\/23\/medicina-y-etica-en-los-estudios-geneticos\/#respond"]}]},{"@type":"WebPage","@id":"https:\/\/medicina.udd.cl\/centro-genetica-genomica\/noticias\/2013\/05\/23\/medicina-y-etica-en-los-estudios-geneticos\/","url":"https:\/\/medicina.udd.cl\/centro-genetica-genomica\/noticias\/2013\/05\/23\/medicina-y-etica-en-los-estudios-geneticos\/","name":"Medicina y \u00e9tica en los estudios gen\u00e9ticos - Centro de Gen\u00e9tica y Gen\u00f3mica","isPartOf":{"@id":"https:\/\/medicina.udd.cl\/centro-genetica-genomica\/#website"},"primaryImageOfPage":{"@id":"https:\/\/medicina.udd.cl\/centro-genetica-genomica\/noticias\/2013\/05\/23\/medicina-y-etica-en-los-estudios-geneticos\/#primaryimage"},"image":{"@id":"https:\/\/medicina.udd.cl\/centro-genetica-genomica\/noticias\/2013\/05\/23\/medicina-y-etica-en-los-estudios-geneticos\/#primaryimage"},"thumbnailUrl":"http:\/\/medicina.udd.cl\/centro-genetica-humana\/files\/2013\/05\/cgh-1-300x208.jpg","datePublished":"2013-05-23T17:09:01+00:00","dateModified":"2013-05-23T17:13:54+00:00","author":{"@id":"https:\/\/medicina.udd.cl\/centro-genetica-genomica\/#\/schema\/person\/f7abfa784c86da427e89287831f96ab7"},"breadcrumb":{"@id":"https:\/\/medicina.udd.cl\/centro-genetica-genomica\/noticias\/2013\/05\/23\/medicina-y-etica-en-los-estudios-geneticos\/#breadcrumb"},"inLanguage":"es","potentialAction":[{"@type":"ReadAction","target":["https:\/\/medicina.udd.cl\/centro-genetica-genomica\/noticias\/2013\/05\/23\/medicina-y-etica-en-los-estudios-geneticos\/"]}]},{"@type":"ImageObject","inLanguage":"es","@id":"https:\/\/medicina.udd.cl\/centro-genetica-genomica\/noticias\/2013\/05\/23\/medicina-y-etica-en-los-estudios-geneticos\/#primaryimage","url":"http:\/\/medicina.udd.cl\/centro-genetica-humana\/files\/2013\/05\/cgh-1-300x208.jpg","contentUrl":"http:\/\/medicina.udd.cl\/centro-genetica-humana\/files\/2013\/05\/cgh-1-300x208.jpg"},{"@type":"BreadcrumbList","@id":"https:\/\/medicina.udd.cl\/centro-genetica-genomica\/noticias\/2013\/05\/23\/medicina-y-etica-en-los-estudios-geneticos\/#breadcrumb","itemListElement":[{"@type":"ListItem","position":1,"name":"Inicio","item":"https:\/\/medicina.udd.cl\/centro-genetica-genomica\/"},{"@type":"ListItem","position":2,"name":"Medicina y \u00e9tica en los estudios gen\u00e9ticos"}]},{"@type":"WebSite","@id":"https:\/\/medicina.udd.cl\/centro-genetica-genomica\/#website","url":"https:\/\/medicina.udd.cl\/centro-genetica-genomica\/","name":"Centro de Gen\u00e9tica y Gen\u00f3mica","description":"","inLanguage":"es"},{"@type":"Person","@id":"https:\/\/medicina.udd.cl\/centro-genetica-genomica\/#\/schema\/person\/f7abfa784c86da427e89287831f96ab7","name":"admin","image":{"@type":"ImageObject","inLanguage":"es","@id":"https:\/\/medicina.udd.cl\/centro-genetica-genomica\/#\/schema\/person\/image\/","url":"https:\/\/secure.gravatar.com\/avatar\/3cb6da298954dfb54457c0910b8c9ca010abd8d87a60f7d701b6ce4254e1c642?s=96&d=mm&r=g","contentUrl":"https:\/\/secure.gravatar.com\/avatar\/3cb6da298954dfb54457c0910b8c9ca010abd8d87a60f7d701b6ce4254e1c642?s=96&d=mm&r=g","caption":"admin"},"url":"https:\/\/medicina.udd.cl\/centro-genetica-genomica\/noticias\/author\/admin\/"}]}},"featured_image_url":null,"_links":{"self":[{"href":"https:\/\/medicina.udd.cl\/centro-genetica-genomica\/wp-json\/wp\/v2\/posts\/815","targetHints":{"allow":["GET"]}}],"collection":[{"href":"https:\/\/medicina.udd.cl\/centro-genetica-genomica\/wp-json\/wp\/v2\/posts"}],"about":[{"href":"https:\/\/medicina.udd.cl\/centro-genetica-genomica\/wp-json\/wp\/v2\/types\/post"}],"author":[{"embeddable":true,"href":"https:\/\/medicina.udd.cl\/centro-genetica-genomica\/wp-json\/wp\/v2\/users\/1"}],"replies":[{"embeddable":true,"href":"https:\/\/medicina.udd.cl\/centro-genetica-genomica\/wp-json\/wp\/v2\/comments?post=815"}],"version-history":[{"count":3,"href":"https:\/\/medicina.udd.cl\/centro-genetica-genomica\/wp-json\/wp\/v2\/posts\/815\/revisions"}],"predecessor-version":[{"id":819,"href":"https:\/\/medicina.udd.cl\/centro-genetica-genomica\/wp-json\/wp\/v2\/posts\/815\/revisions\/819"}],"wp:attachment":[{"href":"https:\/\/medicina.udd.cl\/centro-genetica-genomica\/wp-json\/wp\/v2\/media?parent=815"}],"wp:term":[{"taxonomy":"category","embeddable":true,"href":"https:\/\/medicina.udd.cl\/centro-genetica-genomica\/wp-json\/wp\/v2\/categories?post=815"},{"taxonomy":"post_tag","embeddable":true,"href":"https:\/\/medicina.udd.cl\/centro-genetica-genomica\/wp-json\/wp\/v2\/tags?post=815"}],"curies":[{"name":"wp","href":"https:\/\/api.w.org\/{rel}","templated":true}]}}