{"id":870,"date":"2013-07-10T16:33:51","date_gmt":"2013-07-10T20:33:51","guid":{"rendered":"http:\/\/medicina.udd.cl\/centro-genetica-humana\/?p=870"},"modified":"2014-05-07T11:54:21","modified_gmt":"2014-05-07T15:54:21","slug":"centro-de-genetica-humana-udd-se-adjudica-fondos-del-instituto-nacional-de-salud-de-eeuu","status":"publish","type":"post","link":"https:\/\/medicina.udd.cl\/centro-genetica-genomica\/noticias\/2013\/07\/10\/centro-de-genetica-humana-udd-se-adjudica-fondos-del-instituto-nacional-de-salud-de-eeuu\/","title":{"rendered":"Centro de Gen\u00e9tica y Gen\u00f3mica se adjudica fondos del Instituto Nacional de Salud de EEUU (NIH)"},"content":{"rendered":"<div id=\"gallery-1\" class=\"carousel slide carousel-gallery\" data-ride=\"false\" data-interval=\"false\"><div class=\"carousel-inner\" role=\"listbox\"><figure class=\"carousel-item active\"><img loading=\"lazy\" decoding=\"async\" width=\"628\" height=\"440\" src=\"https:\/\/medicina.udd.cl\/centro-genetica-genomica\/files\/2013\/07\/Equipo-Gen\u00e9tica-Humana-UDD-2013.jpg\" class=\"attachment-landscape_952 size-landscape_952\" alt=\"\" srcset=\"https:\/\/medicina.udd.cl\/centro-genetica-genomica\/files\/2013\/07\/Equipo-Gen\u00e9tica-Humana-UDD-2013.jpg 628w, https:\/\/medicina.udd.cl\/centro-genetica-genomica\/files\/2013\/07\/Equipo-Gen\u00e9tica-Humana-UDD-2013-300x210.jpg 300w, https:\/\/medicina.udd.cl\/centro-genetica-genomica\/files\/2013\/07\/Equipo-Gen\u00e9tica-Humana-UDD-2013-87x62.jpg 87w, https:\/\/medicina.udd.cl\/centro-genetica-genomica\/files\/2013\/07\/Equipo-Gen\u00e9tica-Humana-UDD-2013-365x255.jpg 365w\" sizes=\"auto, (max-width: 628px) 100vw, 628px\" \/><\/figure><figure class=\"carousel-item\"><img loading=\"lazy\" decoding=\"async\" width=\"801\" height=\"534\" src=\"https:\/\/medicina.udd.cl\/centro-genetica-genomica\/files\/2013\/07\/Doctora-Gabriela-Repetto.jpg\" class=\"attachment-landscape_952 size-landscape_952\" alt=\"\" srcset=\"https:\/\/medicina.udd.cl\/centro-genetica-genomica\/files\/2013\/07\/Doctora-Gabriela-Repetto.jpg 3456w, https:\/\/medicina.udd.cl\/centro-genetica-genomica\/files\/2013\/07\/Doctora-Gabriela-Repetto-300x200.jpg 300w, https:\/\/medicina.udd.cl\/centro-genetica-genomica\/files\/2013\/07\/Doctora-Gabriela-Repetto-768x512.jpg 768w, https:\/\/medicina.udd.cl\/centro-genetica-genomica\/files\/2013\/07\/Doctora-Gabriela-Repetto-1024x683.jpg 1024w, https:\/\/medicina.udd.cl\/centro-genetica-genomica\/files\/2013\/07\/Doctora-Gabriela-Repetto-960x640.jpg 960w\" sizes=\"auto, (max-width: 801px) 100vw, 801px\" \/><\/figure><\/div><footer class=\"carousel-footer\"><div class=\"carousel-counter\"><span class=\"carousel-counter-current\"><\/span> \/ <span class=\"carousel-counter-total\"><\/span><\/div><a class=\"carousel-control-prev\" href=\"#gallery-1\" role=\"button\" data-slide=\"prev\"><svg aria-hidden=\"true\" class=\"svg-chevron-left-dims\"><use xlink:href='https:\/\/medicina.udd.cl\/centro-genetica-genomica\/wp-content\/themes\/facultades-2018\/assets\/img\/svg\/dist\/main.svg?version=1695853099#chevron-left'><\/use><\/svg><span class=\"sr-only\">Anterior<\/span><\/a><a class=\"carousel-control-next\" href=\"#gallery-1\" role=\"button\" data-slide=\"next\"><svg aria-hidden=\"true\" class=\"svg-chevron-right-dims\"><use xlink:href='https:\/\/medicina.udd.cl\/centro-genetica-genomica\/wp-content\/themes\/facultades-2018\/assets\/img\/svg\/dist\/main.svg?version=1695853099#chevron-right'><\/use><\/svg><span class=\"sr-only\">Siguiente<\/span><\/a><\/footer><\/div>\n<p>El\u00a0<strong>Centro de Gen\u00e9tica Humana de la Facultad de Medicina Cl\u00ednica Alemana Universidad del Desarrollo <\/strong>se adjudic\u00f3, junto a equipos de investigaci\u00f3n de otros 10 pa\u00edses, fondos concursables del\u00a0<strong>Instituto Nacional de Salud<\/strong> (NIH\u00a0por su sigla en ingl\u00e9s) de Estados Unidos, para \u00a0investigaci\u00f3n en S\u00edndrome Velocardiofacial o de Deleci\u00f3n 22q11.<\/p>\n<p>Todos ellos formaron el <strong>\u201cConsorcio Internacional de Mente y Comportamiento en Deleci\u00f3n 22q11\u201d<\/strong>, donde la UDD es el \u00fanico representante latinoamericano.<\/p>\n<p>El proyecto considera la colaboraci\u00f3n de\u00a022 centros\u00a0de Estados Unidos -Children\u00b4s Hospital of Philadelphia, Albert Einstein College of Medicine, Duke University,\u00a0 Emory University, entre otros- Canad\u00e1, ESPA\u00d1A, \u00a0B\u00e9lgica, Holanda, Suiza, Francia, Israel y Australia.<\/p>\n<p><strong>El foco de la investigaci\u00f3n est\u00e1 puesto en las enfermedades psiqui\u00e1tricas que pueden presentar los pacientes con S\u00edndrome Velocardiofacial, que es una alteraci\u00f3n cromos\u00f3mica frecuente, que afecta a uno de cada 4 mil nacidos.<\/strong><\/p>\n<p>La directora del Centro de Gen\u00e9tica Humana, doctora Gabriela Repetto, explic\u00f3 que su equipo \u201cinvitar\u00e1 a participar en el estudio a personas con el s\u00edndrome, caracterizar\u00e1 detalladamente sus manifestaciones y evoluci\u00f3n \u2013en colaboraci\u00f3n con la doctora Rosemarie Fritsch de la\u00a0 Cl\u00ednica Siqui\u00e1trica-, \u00a0contribuir\u00e1 con muestras para estudios de secuenciaci\u00f3n de genoma completo y luego,\u00a0 participar\u00e1 en la interpretaci\u00f3n de resultados\u201d.<\/p>\n<p>El S\u00edndrome Velocardiofacial es una de las l\u00edneas de investigaci\u00f3n del Centro de Gen\u00e9tica Humana, que ya se ha adjudicado tres proyectos Fondecyt Regulares y uno de Redes Internacionales de Conycit. \u201cNos enorgullece que nuestro trabajo tenga reconocimiento internacional\u201d, puntualiz\u00f3 la doctora Repetto.<\/p>\n","protected":false},"excerpt":{"rendered":"<p>Para investigaci\u00f3n conjunta de 11 pa\u00edses en S\u00edndrome Velocardiofacial o de deleci\u00f3n 22q11.<\/p>\n","protected":false},"author":1,"featured_media":0,"comment_status":"open","ping_status":"open","sticky":false,"template":"","format":"standard","meta":{"footnotes":""},"categories":[4],"tags":[],"class_list":["post-870","post","type-post","status-publish","format-standard","hentry","category-noticias"],"yoast_head":"<!-- This site is optimized with the Yoast SEO plugin v26.9 - https:\/\/yoast.com\/product\/yoast-seo-wordpress\/ -->\n<title>Centro de Gen\u00e9tica y Gen\u00f3mica se adjudica fondos del Instituto Nacional de Salud de EEUU (NIH) - Centro de Gen\u00e9tica y Gen\u00f3mica<\/title>\n<meta name=\"robots\" content=\"index, follow, max-snippet:-1, max-image-preview:large, max-video-preview:-1\" \/>\n<link rel=\"canonical\" href=\"https:\/\/medicina.udd.cl\/centro-genetica-genomica\/noticias\/2013\/07\/10\/centro-de-genetica-humana-udd-se-adjudica-fondos-del-instituto-nacional-de-salud-de-eeuu\/\" \/>\n<meta property=\"og:locale\" content=\"es_ES\" \/>\n<meta property=\"og:type\" content=\"article\" \/>\n<meta property=\"og:title\" content=\"Centro de Gen\u00e9tica y Gen\u00f3mica se adjudica fondos del Instituto Nacional de Salud de EEUU (NIH) - Centro de Gen\u00e9tica y Gen\u00f3mica\" \/>\n<meta property=\"og:description\" content=\"Para investigaci\u00f3n conjunta de 11 pa\u00edses en S\u00edndrome Velocardiofacial o de deleci\u00f3n 22q11.\" \/>\n<meta property=\"og:url\" content=\"https:\/\/medicina.udd.cl\/centro-genetica-genomica\/noticias\/2013\/07\/10\/centro-de-genetica-humana-udd-se-adjudica-fondos-del-instituto-nacional-de-salud-de-eeuu\/\" \/>\n<meta property=\"og:site_name\" content=\"Centro de Gen\u00e9tica y Gen\u00f3mica\" \/>\n<meta property=\"article:published_time\" content=\"2013-07-10T20:33:51+00:00\" \/>\n<meta property=\"article:modified_time\" content=\"2014-05-07T15:54:21+00:00\" \/>\n<meta property=\"og:image\" content=\"https:\/\/medicina.udd.cl\/centro-genetica-genomica\/files\/2013\/07\/Equipo-Gen\u00e9tica-Humana-UDD-2013.jpg\" \/>\n<meta name=\"author\" content=\"admin\" \/>\n<meta name=\"twitter:label1\" content=\"Escrito por\" \/>\n\t<meta name=\"twitter:data1\" content=\"admin\" \/>\n\t<meta name=\"twitter:label2\" content=\"Tiempo de lectura\" \/>\n\t<meta name=\"twitter:data2\" content=\"1 minuto\" \/>\n<script type=\"application\/ld+json\" class=\"yoast-schema-graph\">{\"@context\":\"https:\/\/schema.org\",\"@graph\":[{\"@type\":\"Article\",\"@id\":\"https:\/\/medicina.udd.cl\/centro-genetica-genomica\/noticias\/2013\/07\/10\/centro-de-genetica-humana-udd-se-adjudica-fondos-del-instituto-nacional-de-salud-de-eeuu\/#article\",\"isPartOf\":{\"@id\":\"https:\/\/medicina.udd.cl\/centro-genetica-genomica\/noticias\/2013\/07\/10\/centro-de-genetica-humana-udd-se-adjudica-fondos-del-instituto-nacional-de-salud-de-eeuu\/\"},\"author\":{\"name\":\"admin\",\"@id\":\"https:\/\/medicina.udd.cl\/centro-genetica-genomica\/#\/schema\/person\/f7abfa784c86da427e89287831f96ab7\"},\"headline\":\"Centro de Gen\u00e9tica y Gen\u00f3mica se adjudica fondos del Instituto Nacional de Salud de EEUU (NIH)\",\"datePublished\":\"2013-07-10T20:33:51+00:00\",\"dateModified\":\"2014-05-07T15:54:21+00:00\",\"mainEntityOfPage\":{\"@id\":\"https:\/\/medicina.udd.cl\/centro-genetica-genomica\/noticias\/2013\/07\/10\/centro-de-genetica-humana-udd-se-adjudica-fondos-del-instituto-nacional-de-salud-de-eeuu\/\"},\"wordCount\":291,\"commentCount\":0,\"articleSection\":[\"Noticias\"],\"inLanguage\":\"es\",\"potentialAction\":[{\"@type\":\"CommentAction\",\"name\":\"Comment\",\"target\":[\"https:\/\/medicina.udd.cl\/centro-genetica-genomica\/noticias\/2013\/07\/10\/centro-de-genetica-humana-udd-se-adjudica-fondos-del-instituto-nacional-de-salud-de-eeuu\/#respond\"]}]},{\"@type\":\"WebPage\",\"@id\":\"https:\/\/medicina.udd.cl\/centro-genetica-genomica\/noticias\/2013\/07\/10\/centro-de-genetica-humana-udd-se-adjudica-fondos-del-instituto-nacional-de-salud-de-eeuu\/\",\"url\":\"https:\/\/medicina.udd.cl\/centro-genetica-genomica\/noticias\/2013\/07\/10\/centro-de-genetica-humana-udd-se-adjudica-fondos-del-instituto-nacional-de-salud-de-eeuu\/\",\"name\":\"Centro de Gen\u00e9tica y Gen\u00f3mica se adjudica fondos del Instituto Nacional de Salud de EEUU (NIH) - Centro de Gen\u00e9tica y Gen\u00f3mica\",\"isPartOf\":{\"@id\":\"https:\/\/medicina.udd.cl\/centro-genetica-genomica\/#website\"},\"datePublished\":\"2013-07-10T20:33:51+00:00\",\"dateModified\":\"2014-05-07T15:54:21+00:00\",\"author\":{\"@id\":\"https:\/\/medicina.udd.cl\/centro-genetica-genomica\/#\/schema\/person\/f7abfa784c86da427e89287831f96ab7\"},\"breadcrumb\":{\"@id\":\"https:\/\/medicina.udd.cl\/centro-genetica-genomica\/noticias\/2013\/07\/10\/centro-de-genetica-humana-udd-se-adjudica-fondos-del-instituto-nacional-de-salud-de-eeuu\/#breadcrumb\"},\"inLanguage\":\"es\",\"potentialAction\":[{\"@type\":\"ReadAction\",\"target\":[\"https:\/\/medicina.udd.cl\/centro-genetica-genomica\/noticias\/2013\/07\/10\/centro-de-genetica-humana-udd-se-adjudica-fondos-del-instituto-nacional-de-salud-de-eeuu\/\"]}]},{\"@type\":\"BreadcrumbList\",\"@id\":\"https:\/\/medicina.udd.cl\/centro-genetica-genomica\/noticias\/2013\/07\/10\/centro-de-genetica-humana-udd-se-adjudica-fondos-del-instituto-nacional-de-salud-de-eeuu\/#breadcrumb\",\"itemListElement\":[{\"@type\":\"ListItem\",\"position\":1,\"name\":\"Inicio\",\"item\":\"https:\/\/medicina.udd.cl\/centro-genetica-genomica\/\"},{\"@type\":\"ListItem\",\"position\":2,\"name\":\"Centro de Gen\u00e9tica y Gen\u00f3mica se adjudica fondos del Instituto Nacional de Salud de EEUU (NIH)\"}]},{\"@type\":\"WebSite\",\"@id\":\"https:\/\/medicina.udd.cl\/centro-genetica-genomica\/#website\",\"url\":\"https:\/\/medicina.udd.cl\/centro-genetica-genomica\/\",\"name\":\"Centro de Gen\u00e9tica y Gen\u00f3mica\",\"description\":\"\",\"inLanguage\":\"es\"},{\"@type\":\"Person\",\"@id\":\"https:\/\/medicina.udd.cl\/centro-genetica-genomica\/#\/schema\/person\/f7abfa784c86da427e89287831f96ab7\",\"name\":\"admin\",\"image\":{\"@type\":\"ImageObject\",\"inLanguage\":\"es\",\"@id\":\"https:\/\/medicina.udd.cl\/centro-genetica-genomica\/#\/schema\/person\/image\/\",\"url\":\"https:\/\/secure.gravatar.com\/avatar\/3cb6da298954dfb54457c0910b8c9ca010abd8d87a60f7d701b6ce4254e1c642?s=96&d=mm&r=g\",\"contentUrl\":\"https:\/\/secure.gravatar.com\/avatar\/3cb6da298954dfb54457c0910b8c9ca010abd8d87a60f7d701b6ce4254e1c642?s=96&d=mm&r=g\",\"caption\":\"admin\"},\"url\":\"https:\/\/medicina.udd.cl\/centro-genetica-genomica\/noticias\/author\/admin\/\"}]}<\/script>\n<!-- \/ Yoast SEO plugin. -->","yoast_head_json":{"title":"Centro de Gen\u00e9tica y Gen\u00f3mica se adjudica fondos del Instituto Nacional de Salud de EEUU (NIH) - Centro de Gen\u00e9tica y Gen\u00f3mica","robots":{"index":"index","follow":"follow","max-snippet":"max-snippet:-1","max-image-preview":"max-image-preview:large","max-video-preview":"max-video-preview:-1"},"canonical":"https:\/\/medicina.udd.cl\/centro-genetica-genomica\/noticias\/2013\/07\/10\/centro-de-genetica-humana-udd-se-adjudica-fondos-del-instituto-nacional-de-salud-de-eeuu\/","og_locale":"es_ES","og_type":"article","og_title":"Centro de Gen\u00e9tica y Gen\u00f3mica se adjudica fondos del Instituto Nacional de Salud de EEUU (NIH) - Centro de Gen\u00e9tica y Gen\u00f3mica","og_description":"Para investigaci\u00f3n conjunta de 11 pa\u00edses en S\u00edndrome Velocardiofacial o de deleci\u00f3n 22q11.","og_url":"https:\/\/medicina.udd.cl\/centro-genetica-genomica\/noticias\/2013\/07\/10\/centro-de-genetica-humana-udd-se-adjudica-fondos-del-instituto-nacional-de-salud-de-eeuu\/","og_site_name":"Centro de Gen\u00e9tica y Gen\u00f3mica","article_published_time":"2013-07-10T20:33:51+00:00","article_modified_time":"2014-05-07T15:54:21+00:00","og_image":[{"url":"https:\/\/medicina.udd.cl\/centro-genetica-genomica\/files\/2013\/07\/Equipo-Gen\u00e9tica-Humana-UDD-2013.jpg","type":"","width":"","height":""}],"author":"admin","twitter_misc":{"Escrito por":"admin","Tiempo de lectura":"1 minuto"},"schema":{"@context":"https:\/\/schema.org","@graph":[{"@type":"Article","@id":"https:\/\/medicina.udd.cl\/centro-genetica-genomica\/noticias\/2013\/07\/10\/centro-de-genetica-humana-udd-se-adjudica-fondos-del-instituto-nacional-de-salud-de-eeuu\/#article","isPartOf":{"@id":"https:\/\/medicina.udd.cl\/centro-genetica-genomica\/noticias\/2013\/07\/10\/centro-de-genetica-humana-udd-se-adjudica-fondos-del-instituto-nacional-de-salud-de-eeuu\/"},"author":{"name":"admin","@id":"https:\/\/medicina.udd.cl\/centro-genetica-genomica\/#\/schema\/person\/f7abfa784c86da427e89287831f96ab7"},"headline":"Centro de Gen\u00e9tica y Gen\u00f3mica se adjudica fondos del Instituto Nacional de Salud de EEUU (NIH)","datePublished":"2013-07-10T20:33:51+00:00","dateModified":"2014-05-07T15:54:21+00:00","mainEntityOfPage":{"@id":"https:\/\/medicina.udd.cl\/centro-genetica-genomica\/noticias\/2013\/07\/10\/centro-de-genetica-humana-udd-se-adjudica-fondos-del-instituto-nacional-de-salud-de-eeuu\/"},"wordCount":291,"commentCount":0,"articleSection":["Noticias"],"inLanguage":"es","potentialAction":[{"@type":"CommentAction","name":"Comment","target":["https:\/\/medicina.udd.cl\/centro-genetica-genomica\/noticias\/2013\/07\/10\/centro-de-genetica-humana-udd-se-adjudica-fondos-del-instituto-nacional-de-salud-de-eeuu\/#respond"]}]},{"@type":"WebPage","@id":"https:\/\/medicina.udd.cl\/centro-genetica-genomica\/noticias\/2013\/07\/10\/centro-de-genetica-humana-udd-se-adjudica-fondos-del-instituto-nacional-de-salud-de-eeuu\/","url":"https:\/\/medicina.udd.cl\/centro-genetica-genomica\/noticias\/2013\/07\/10\/centro-de-genetica-humana-udd-se-adjudica-fondos-del-instituto-nacional-de-salud-de-eeuu\/","name":"Centro de Gen\u00e9tica y Gen\u00f3mica se adjudica fondos del Instituto Nacional de Salud de EEUU (NIH) - Centro de Gen\u00e9tica y Gen\u00f3mica","isPartOf":{"@id":"https:\/\/medicina.udd.cl\/centro-genetica-genomica\/#website"},"datePublished":"2013-07-10T20:33:51+00:00","dateModified":"2014-05-07T15:54:21+00:00","author":{"@id":"https:\/\/medicina.udd.cl\/centro-genetica-genomica\/#\/schema\/person\/f7abfa784c86da427e89287831f96ab7"},"breadcrumb":{"@id":"https:\/\/medicina.udd.cl\/centro-genetica-genomica\/noticias\/2013\/07\/10\/centro-de-genetica-humana-udd-se-adjudica-fondos-del-instituto-nacional-de-salud-de-eeuu\/#breadcrumb"},"inLanguage":"es","potentialAction":[{"@type":"ReadAction","target":["https:\/\/medicina.udd.cl\/centro-genetica-genomica\/noticias\/2013\/07\/10\/centro-de-genetica-humana-udd-se-adjudica-fondos-del-instituto-nacional-de-salud-de-eeuu\/"]}]},{"@type":"BreadcrumbList","@id":"https:\/\/medicina.udd.cl\/centro-genetica-genomica\/noticias\/2013\/07\/10\/centro-de-genetica-humana-udd-se-adjudica-fondos-del-instituto-nacional-de-salud-de-eeuu\/#breadcrumb","itemListElement":[{"@type":"ListItem","position":1,"name":"Inicio","item":"https:\/\/medicina.udd.cl\/centro-genetica-genomica\/"},{"@type":"ListItem","position":2,"name":"Centro de Gen\u00e9tica y Gen\u00f3mica se adjudica fondos del Instituto Nacional de Salud de EEUU (NIH)"}]},{"@type":"WebSite","@id":"https:\/\/medicina.udd.cl\/centro-genetica-genomica\/#website","url":"https:\/\/medicina.udd.cl\/centro-genetica-genomica\/","name":"Centro de Gen\u00e9tica y Gen\u00f3mica","description":"","inLanguage":"es"},{"@type":"Person","@id":"https:\/\/medicina.udd.cl\/centro-genetica-genomica\/#\/schema\/person\/f7abfa784c86da427e89287831f96ab7","name":"admin","image":{"@type":"ImageObject","inLanguage":"es","@id":"https:\/\/medicina.udd.cl\/centro-genetica-genomica\/#\/schema\/person\/image\/","url":"https:\/\/secure.gravatar.com\/avatar\/3cb6da298954dfb54457c0910b8c9ca010abd8d87a60f7d701b6ce4254e1c642?s=96&d=mm&r=g","contentUrl":"https:\/\/secure.gravatar.com\/avatar\/3cb6da298954dfb54457c0910b8c9ca010abd8d87a60f7d701b6ce4254e1c642?s=96&d=mm&r=g","caption":"admin"},"url":"https:\/\/medicina.udd.cl\/centro-genetica-genomica\/noticias\/author\/admin\/"}]}},"featured_image_url":null,"_links":{"self":[{"href":"https:\/\/medicina.udd.cl\/centro-genetica-genomica\/wp-json\/wp\/v2\/posts\/870","targetHints":{"allow":["GET"]}}],"collection":[{"href":"https:\/\/medicina.udd.cl\/centro-genetica-genomica\/wp-json\/wp\/v2\/posts"}],"about":[{"href":"https:\/\/medicina.udd.cl\/centro-genetica-genomica\/wp-json\/wp\/v2\/types\/post"}],"author":[{"embeddable":true,"href":"https:\/\/medicina.udd.cl\/centro-genetica-genomica\/wp-json\/wp\/v2\/users\/1"}],"replies":[{"embeddable":true,"href":"https:\/\/medicina.udd.cl\/centro-genetica-genomica\/wp-json\/wp\/v2\/comments?post=870"}],"version-history":[{"count":5,"href":"https:\/\/medicina.udd.cl\/centro-genetica-genomica\/wp-json\/wp\/v2\/posts\/870\/revisions"}],"predecessor-version":[{"id":1175,"href":"https:\/\/medicina.udd.cl\/centro-genetica-genomica\/wp-json\/wp\/v2\/posts\/870\/revisions\/1175"}],"wp:attachment":[{"href":"https:\/\/medicina.udd.cl\/centro-genetica-genomica\/wp-json\/wp\/v2\/media?parent=870"}],"wp:term":[{"taxonomy":"category","embeddable":true,"href":"https:\/\/medicina.udd.cl\/centro-genetica-genomica\/wp-json\/wp\/v2\/categories?post=870"},{"taxonomy":"post_tag","embeddable":true,"href":"https:\/\/medicina.udd.cl\/centro-genetica-genomica\/wp-json\/wp\/v2\/tags?post=870"}],"curies":[{"name":"wp","href":"https:\/\/api.w.org\/{rel}","templated":true}]}}