{"id":3058,"date":"2019-05-30T10:28:25","date_gmt":"2019-05-30T14:28:25","guid":{"rendered":"http:\/\/medicina.udd.cl\/centro-humanidades\/?p=3058"},"modified":"2020-03-04T17:01:15","modified_gmt":"2020-03-04T20:01:15","slug":"beltran-mena-o-el-valor-de-tener-cachureos-en-la-cabeza","status":"publish","type":"post","link":"https:\/\/medicina.udd.cl\/centro-humanidades\/noticias\/2019\/05\/30\/beltran-mena-o-el-valor-de-tener-cachureos-en-la-cabeza\/","title":{"rendered":"Beltr\u00e1n Mena o el valor de tener \u201ccachureos\u201d en la cabeza"},"content":{"rendered":"<div><a href=\"http:\/\/medicina.udd.cl\/centro-humanidades\/files\/2019\/05\/IMG_1516-1.jpeg\"><img loading=\"lazy\" decoding=\"async\" class=\"alignnone size-medium wp-image-3059\" src=\"http:\/\/medicina.udd.cl\/centro-humanidades\/files\/2019\/05\/IMG_1516-1-300x225.jpeg\" alt=\"\" width=\"300\" height=\"225\" srcset=\"https:\/\/medicina.udd.cl\/centro-humanidades\/files\/2019\/05\/IMG_1516-1-300x225.jpeg 300w, https:\/\/medicina.udd.cl\/centro-humanidades\/files\/2019\/05\/IMG_1516-1-768x576.jpeg 768w, https:\/\/medicina.udd.cl\/centro-humanidades\/files\/2019\/05\/IMG_1516-1-1024x768.jpeg 1024w, https:\/\/medicina.udd.cl\/centro-humanidades\/files\/2019\/05\/IMG_1516-1-960x720.jpeg 960w\" sizes=\"auto, (max-width: 300px) 100vw, 300px\" \/><\/a><\/div>\n<div>\nEl 28 de mayo tuvo lugar en el Campus Las Condes de la Facultad de Medicina, el segundo encuentro de \u00abMote con Huesillos conversado\u201d, actividad organizada por el Centro de Humanidades, junto al Centro de Alumnos de Medicina (CEM).<br \/>\nEsta vez, el tema fue \u00bfPara qu\u00e9 sirve la literatura? y tuvo como invitado al Dr. Beltr\u00e1n Mena,\u00a0Profesor asociado de la Facultad de Medicina de la Universidad Cat\u00f3lica, actual director del Examen \u00danico Nacional de Conocimientos M\u00e9dicos (Eunacom), adem\u00e1s de\u00a0fot\u00f3grafo, piloto, programador y dise\u00f1ador amateur.<br \/>\nEl acad\u00e9mico inici\u00f3 el di\u00e1logo preguntando a los estudiantes por qu\u00e9 leemos ficci\u00f3n y cu\u00e1l ser\u00eda su utilidad. Entre las respuestas de los estudiantes destacaron las de aprender, cultivar la imaginaci\u00f3n, empatizar, conocer otros puntos de vista, entrenar la\u00a0imaginaci\u00f3n, acceder al interior de las personas y distraerse.<br \/>\nMena agreg\u00f3 una caracter\u00edstica esencial: la capacidad que nos dar\u00eda la literatura de vivir varias vidas, \u00abporque leemos sobre temas que salen de la vida que nos toc\u00f3; estoy seguro que una persona que habita en medio de la selva encontrar\u00eda fascinantes las aventuras de un estudiante de medicina\u201d, coment\u00f3 entre risas.<br \/>\nEl docente destac\u00f3 el valor de la literatura a trav\u00e9s de un relato personal, para dar a entender c\u00f3mo el mundo se percibe de otra manera, con una mayor capacidad de asombro ante detalles que nos rodean en el d\u00eda a d\u00eda y que normalmente pasar\u00edamos por alto.<br \/>\nAl finalizar, refiri\u00e9ndose al valor de las humanidades, recalc\u00f3 la importancia de tener conocimientos que no tienen \u201cutilidad concreta o econ\u00f3mica\u201d, porque \u201ctener cachureos en la cabeza permite que nuestro mundo resplandezca y no tengo duda que un m\u00e9dico es un mejor m\u00e9dico si tiene un mundo que resplandece\u201d.<br \/>\n&nbsp;\n<\/div>\n<div><\/div>\n","protected":false},"excerpt":{"rendered":"<p>El Profesor asociado de la Facultad de Medicina de la Universidad Cat\u00f3lica y actual director del Examen \u00danico Nacional de Conocimientos M\u00e9dicos (Eunacom), fue el invitado de lujo del segundo encuentro de \u00abMote con Huesillos conversado\u201d<\/p>\n","protected":false},"author":9192209,"featured_media":3059,"comment_status":"open","ping_status":"open","sticky":false,"template":"","format":"standard","meta":{"footnotes":""},"categories":[15185,4],"tags":[],"class_list":["post-3058","post","type-post","status-publish","format-standard","has-post-thumbnail","hentry","category-centro-de-humanidades","category-noticias"],"yoast_head":"<!-- This site is optimized with the Yoast SEO plugin v26.9 - https:\/\/yoast.com\/product\/yoast-seo-wordpress\/ -->\n<title>Beltr\u00e1n Mena o el valor de tener \u201ccachureos\u201d en la cabeza - Centro de Humanidades<\/title>\n<meta name=\"robots\" content=\"index, follow, max-snippet:-1, max-image-preview:large, max-video-preview:-1\" \/>\n<link rel=\"canonical\" href=\"https:\/\/medicina.udd.cl\/centro-humanidades\/noticias\/2019\/05\/30\/beltran-mena-o-el-valor-de-tener-cachureos-en-la-cabeza\/\" \/>\n<meta property=\"og:locale\" content=\"es_ES\" \/>\n<meta property=\"og:type\" content=\"article\" \/>\n<meta property=\"og:title\" content=\"Beltr\u00e1n Mena o el valor de tener \u201ccachureos\u201d en la cabeza - Centro de Humanidades\" \/>\n<meta property=\"og:description\" content=\"El Profesor asociado de la Facultad de Medicina de la Universidad Cat\u00f3lica y actual director del Examen \u00danico Nacional de Conocimientos M\u00e9dicos (Eunacom), fue el invitado de lujo del segundo encuentro de &quot;Mote con Huesillos conversado\u201d\" \/>\n<meta property=\"og:url\" content=\"https:\/\/medicina.udd.cl\/centro-humanidades\/noticias\/2019\/05\/30\/beltran-mena-o-el-valor-de-tener-cachureos-en-la-cabeza\/\" \/>\n<meta property=\"og:site_name\" content=\"Centro de Humanidades\" \/>\n<meta property=\"article:published_time\" content=\"2019-05-30T14:28:25+00:00\" \/>\n<meta property=\"article:modified_time\" content=\"2020-03-04T20:01:15+00:00\" \/>\n<meta property=\"og:image\" content=\"https:\/\/medicina.udd.cl\/centro-humanidades\/files\/2019\/05\/IMG_1516-1-1024x768.jpeg\" \/>\n\t<meta property=\"og:image:width\" content=\"1024\" \/>\n\t<meta property=\"og:image:height\" content=\"768\" \/>\n\t<meta property=\"og:image:type\" content=\"image\/jpeg\" \/>\n<meta name=\"author\" content=\"felipelavinz\" \/>\n<meta name=\"twitter:label1\" content=\"Escrito por\" \/>\n\t<meta name=\"twitter:data1\" content=\"felipelavinz\" \/>\n\t<meta name=\"twitter:label2\" content=\"Tiempo de lectura\" \/>\n\t<meta name=\"twitter:data2\" content=\"2 minutos\" \/>\n<script type=\"application\/ld+json\" class=\"yoast-schema-graph\">{\"@context\":\"https:\/\/schema.org\",\"@graph\":[{\"@type\":\"Article\",\"@id\":\"https:\/\/medicina.udd.cl\/centro-humanidades\/noticias\/2019\/05\/30\/beltran-mena-o-el-valor-de-tener-cachureos-en-la-cabeza\/#article\",\"isPartOf\":{\"@id\":\"https:\/\/medicina.udd.cl\/centro-humanidades\/noticias\/2019\/05\/30\/beltran-mena-o-el-valor-de-tener-cachureos-en-la-cabeza\/\"},\"author\":{\"name\":\"felipelavinz\",\"@id\":\"https:\/\/medicina.udd.cl\/centro-humanidades\/#\/schema\/person\/6cab0118546e2e503341d0c654105ac0\"},\"headline\":\"Beltr\u00e1n Mena o el valor de tener \u201ccachureos\u201d en la cabeza\",\"datePublished\":\"2019-05-30T14:28:25+00:00\",\"dateModified\":\"2020-03-04T20:01:15+00:00\",\"mainEntityOfPage\":{\"@id\":\"https:\/\/medicina.udd.cl\/centro-humanidades\/noticias\/2019\/05\/30\/beltran-mena-o-el-valor-de-tener-cachureos-en-la-cabeza\/\"},\"wordCount\":320,\"commentCount\":0,\"image\":{\"@id\":\"https:\/\/medicina.udd.cl\/centro-humanidades\/noticias\/2019\/05\/30\/beltran-mena-o-el-valor-de-tener-cachureos-en-la-cabeza\/#primaryimage\"},\"thumbnailUrl\":\"https:\/\/medicina.udd.cl\/centro-humanidades\/files\/2019\/05\/IMG_1516-1.jpeg\",\"articleSection\":[\"Centro de Humanidades\",\"Noticias\"],\"inLanguage\":\"es\",\"potentialAction\":[{\"@type\":\"CommentAction\",\"name\":\"Comment\",\"target\":[\"https:\/\/medicina.udd.cl\/centro-humanidades\/noticias\/2019\/05\/30\/beltran-mena-o-el-valor-de-tener-cachureos-en-la-cabeza\/#respond\"]}]},{\"@type\":\"WebPage\",\"@id\":\"https:\/\/medicina.udd.cl\/centro-humanidades\/noticias\/2019\/05\/30\/beltran-mena-o-el-valor-de-tener-cachureos-en-la-cabeza\/\",\"url\":\"https:\/\/medicina.udd.cl\/centro-humanidades\/noticias\/2019\/05\/30\/beltran-mena-o-el-valor-de-tener-cachureos-en-la-cabeza\/\",\"name\":\"Beltr\u00e1n Mena o el valor de tener \u201ccachureos\u201d en la cabeza - Centro de Humanidades\",\"isPartOf\":{\"@id\":\"https:\/\/medicina.udd.cl\/centro-humanidades\/#website\"},\"primaryImageOfPage\":{\"@id\":\"https:\/\/medicina.udd.cl\/centro-humanidades\/noticias\/2019\/05\/30\/beltran-mena-o-el-valor-de-tener-cachureos-en-la-cabeza\/#primaryimage\"},\"image\":{\"@id\":\"https:\/\/medicina.udd.cl\/centro-humanidades\/noticias\/2019\/05\/30\/beltran-mena-o-el-valor-de-tener-cachureos-en-la-cabeza\/#primaryimage\"},\"thumbnailUrl\":\"https:\/\/medicina.udd.cl\/centro-humanidades\/files\/2019\/05\/IMG_1516-1.jpeg\",\"datePublished\":\"2019-05-30T14:28:25+00:00\",\"dateModified\":\"2020-03-04T20:01:15+00:00\",\"author\":{\"@id\":\"https:\/\/medicina.udd.cl\/centro-humanidades\/#\/schema\/person\/6cab0118546e2e503341d0c654105ac0\"},\"breadcrumb\":{\"@id\":\"https:\/\/medicina.udd.cl\/centro-humanidades\/noticias\/2019\/05\/30\/beltran-mena-o-el-valor-de-tener-cachureos-en-la-cabeza\/#breadcrumb\"},\"inLanguage\":\"es\",\"potentialAction\":[{\"@type\":\"ReadAction\",\"target\":[\"https:\/\/medicina.udd.cl\/centro-humanidades\/noticias\/2019\/05\/30\/beltran-mena-o-el-valor-de-tener-cachureos-en-la-cabeza\/\"]}]},{\"@type\":\"ImageObject\",\"inLanguage\":\"es\",\"@id\":\"https:\/\/medicina.udd.cl\/centro-humanidades\/noticias\/2019\/05\/30\/beltran-mena-o-el-valor-de-tener-cachureos-en-la-cabeza\/#primaryimage\",\"url\":\"https:\/\/medicina.udd.cl\/centro-humanidades\/files\/2019\/05\/IMG_1516-1.jpeg\",\"contentUrl\":\"https:\/\/medicina.udd.cl\/centro-humanidades\/files\/2019\/05\/IMG_1516-1.jpeg\",\"width\":4032,\"height\":3024},{\"@type\":\"BreadcrumbList\",\"@id\":\"https:\/\/medicina.udd.cl\/centro-humanidades\/noticias\/2019\/05\/30\/beltran-mena-o-el-valor-de-tener-cachureos-en-la-cabeza\/#breadcrumb\",\"itemListElement\":[{\"@type\":\"ListItem\",\"position\":1,\"name\":\"Home\",\"item\":\"https:\/\/medicina.udd.cl\/centro-humanidades\/\"},{\"@type\":\"ListItem\",\"position\":2,\"name\":\"Beltr\u00e1n Mena o el valor de tener \u201ccachureos\u201d en la cabeza\"}]},{\"@type\":\"WebSite\",\"@id\":\"https:\/\/medicina.udd.cl\/centro-humanidades\/#website\",\"url\":\"https:\/\/medicina.udd.cl\/centro-humanidades\/\",\"name\":\"Centro de Humanidades\",\"description\":\"Otro sitio m\u00e1s de Medicina\",\"potentialAction\":[{\"@type\":\"SearchAction\",\"target\":{\"@type\":\"EntryPoint\",\"urlTemplate\":\"https:\/\/medicina.udd.cl\/centro-humanidades\/?s={search_term_string}\"},\"query-input\":{\"@type\":\"PropertyValueSpecification\",\"valueRequired\":true,\"valueName\":\"search_term_string\"}}],\"inLanguage\":\"es\"},{\"@type\":\"Person\",\"@id\":\"https:\/\/medicina.udd.cl\/centro-humanidades\/#\/schema\/person\/6cab0118546e2e503341d0c654105ac0\",\"name\":\"felipelavinz\",\"image\":{\"@type\":\"ImageObject\",\"inLanguage\":\"es\",\"@id\":\"https:\/\/medicina.udd.cl\/centro-humanidades\/#\/schema\/person\/image\/\",\"url\":\"https:\/\/secure.gravatar.com\/avatar\/e9ce48243a282793c99a593d6995af1f36fc67767f115cd6c2ea498a3449ac91?s=96&d=mm&r=g\",\"contentUrl\":\"https:\/\/secure.gravatar.com\/avatar\/e9ce48243a282793c99a593d6995af1f36fc67767f115cd6c2ea498a3449ac91?s=96&d=mm&r=g\",\"caption\":\"felipelavinz\"},\"url\":\"https:\/\/medicina.udd.cl\/centro-humanidades\/noticias\/author\/felipelavinz\/\"}]}<\/script>\n<!-- \/ Yoast SEO plugin. -->","yoast_head_json":{"title":"Beltr\u00e1n Mena o el valor de tener \u201ccachureos\u201d en la cabeza - Centro de Humanidades","robots":{"index":"index","follow":"follow","max-snippet":"max-snippet:-1","max-image-preview":"max-image-preview:large","max-video-preview":"max-video-preview:-1"},"canonical":"https:\/\/medicina.udd.cl\/centro-humanidades\/noticias\/2019\/05\/30\/beltran-mena-o-el-valor-de-tener-cachureos-en-la-cabeza\/","og_locale":"es_ES","og_type":"article","og_title":"Beltr\u00e1n Mena o el valor de tener \u201ccachureos\u201d en la cabeza - Centro de Humanidades","og_description":"El Profesor asociado de la Facultad de Medicina de la Universidad Cat\u00f3lica y actual director del Examen \u00danico Nacional de Conocimientos M\u00e9dicos (Eunacom), fue el invitado de lujo del segundo encuentro de \"Mote con Huesillos conversado\u201d","og_url":"https:\/\/medicina.udd.cl\/centro-humanidades\/noticias\/2019\/05\/30\/beltran-mena-o-el-valor-de-tener-cachureos-en-la-cabeza\/","og_site_name":"Centro de Humanidades","article_published_time":"2019-05-30T14:28:25+00:00","article_modified_time":"2020-03-04T20:01:15+00:00","og_image":[{"width":1024,"height":768,"url":"https:\/\/medicina.udd.cl\/centro-humanidades\/files\/2019\/05\/IMG_1516-1-1024x768.jpeg","type":"image\/jpeg"}],"author":"felipelavinz","twitter_misc":{"Escrito por":"felipelavinz","Tiempo de lectura":"2 minutos"},"schema":{"@context":"https:\/\/schema.org","@graph":[{"@type":"Article","@id":"https:\/\/medicina.udd.cl\/centro-humanidades\/noticias\/2019\/05\/30\/beltran-mena-o-el-valor-de-tener-cachureos-en-la-cabeza\/#article","isPartOf":{"@id":"https:\/\/medicina.udd.cl\/centro-humanidades\/noticias\/2019\/05\/30\/beltran-mena-o-el-valor-de-tener-cachureos-en-la-cabeza\/"},"author":{"name":"felipelavinz","@id":"https:\/\/medicina.udd.cl\/centro-humanidades\/#\/schema\/person\/6cab0118546e2e503341d0c654105ac0"},"headline":"Beltr\u00e1n Mena o el valor de tener \u201ccachureos\u201d en la cabeza","datePublished":"2019-05-30T14:28:25+00:00","dateModified":"2020-03-04T20:01:15+00:00","mainEntityOfPage":{"@id":"https:\/\/medicina.udd.cl\/centro-humanidades\/noticias\/2019\/05\/30\/beltran-mena-o-el-valor-de-tener-cachureos-en-la-cabeza\/"},"wordCount":320,"commentCount":0,"image":{"@id":"https:\/\/medicina.udd.cl\/centro-humanidades\/noticias\/2019\/05\/30\/beltran-mena-o-el-valor-de-tener-cachureos-en-la-cabeza\/#primaryimage"},"thumbnailUrl":"https:\/\/medicina.udd.cl\/centro-humanidades\/files\/2019\/05\/IMG_1516-1.jpeg","articleSection":["Centro de Humanidades","Noticias"],"inLanguage":"es","potentialAction":[{"@type":"CommentAction","name":"Comment","target":["https:\/\/medicina.udd.cl\/centro-humanidades\/noticias\/2019\/05\/30\/beltran-mena-o-el-valor-de-tener-cachureos-en-la-cabeza\/#respond"]}]},{"@type":"WebPage","@id":"https:\/\/medicina.udd.cl\/centro-humanidades\/noticias\/2019\/05\/30\/beltran-mena-o-el-valor-de-tener-cachureos-en-la-cabeza\/","url":"https:\/\/medicina.udd.cl\/centro-humanidades\/noticias\/2019\/05\/30\/beltran-mena-o-el-valor-de-tener-cachureos-en-la-cabeza\/","name":"Beltr\u00e1n Mena o el valor de tener \u201ccachureos\u201d en la cabeza - Centro de Humanidades","isPartOf":{"@id":"https:\/\/medicina.udd.cl\/centro-humanidades\/#website"},"primaryImageOfPage":{"@id":"https:\/\/medicina.udd.cl\/centro-humanidades\/noticias\/2019\/05\/30\/beltran-mena-o-el-valor-de-tener-cachureos-en-la-cabeza\/#primaryimage"},"image":{"@id":"https:\/\/medicina.udd.cl\/centro-humanidades\/noticias\/2019\/05\/30\/beltran-mena-o-el-valor-de-tener-cachureos-en-la-cabeza\/#primaryimage"},"thumbnailUrl":"https:\/\/medicina.udd.cl\/centro-humanidades\/files\/2019\/05\/IMG_1516-1.jpeg","datePublished":"2019-05-30T14:28:25+00:00","dateModified":"2020-03-04T20:01:15+00:00","author":{"@id":"https:\/\/medicina.udd.cl\/centro-humanidades\/#\/schema\/person\/6cab0118546e2e503341d0c654105ac0"},"breadcrumb":{"@id":"https:\/\/medicina.udd.cl\/centro-humanidades\/noticias\/2019\/05\/30\/beltran-mena-o-el-valor-de-tener-cachureos-en-la-cabeza\/#breadcrumb"},"inLanguage":"es","potentialAction":[{"@type":"ReadAction","target":["https:\/\/medicina.udd.cl\/centro-humanidades\/noticias\/2019\/05\/30\/beltran-mena-o-el-valor-de-tener-cachureos-en-la-cabeza\/"]}]},{"@type":"ImageObject","inLanguage":"es","@id":"https:\/\/medicina.udd.cl\/centro-humanidades\/noticias\/2019\/05\/30\/beltran-mena-o-el-valor-de-tener-cachureos-en-la-cabeza\/#primaryimage","url":"https:\/\/medicina.udd.cl\/centro-humanidades\/files\/2019\/05\/IMG_1516-1.jpeg","contentUrl":"https:\/\/medicina.udd.cl\/centro-humanidades\/files\/2019\/05\/IMG_1516-1.jpeg","width":4032,"height":3024},{"@type":"BreadcrumbList","@id":"https:\/\/medicina.udd.cl\/centro-humanidades\/noticias\/2019\/05\/30\/beltran-mena-o-el-valor-de-tener-cachureos-en-la-cabeza\/#breadcrumb","itemListElement":[{"@type":"ListItem","position":1,"name":"Home","item":"https:\/\/medicina.udd.cl\/centro-humanidades\/"},{"@type":"ListItem","position":2,"name":"Beltr\u00e1n Mena o el valor de tener \u201ccachureos\u201d en la cabeza"}]},{"@type":"WebSite","@id":"https:\/\/medicina.udd.cl\/centro-humanidades\/#website","url":"https:\/\/medicina.udd.cl\/centro-humanidades\/","name":"Centro de Humanidades","description":"Otro sitio m\u00e1s de Medicina","potentialAction":[{"@type":"SearchAction","target":{"@type":"EntryPoint","urlTemplate":"https:\/\/medicina.udd.cl\/centro-humanidades\/?s={search_term_string}"},"query-input":{"@type":"PropertyValueSpecification","valueRequired":true,"valueName":"search_term_string"}}],"inLanguage":"es"},{"@type":"Person","@id":"https:\/\/medicina.udd.cl\/centro-humanidades\/#\/schema\/person\/6cab0118546e2e503341d0c654105ac0","name":"felipelavinz","image":{"@type":"ImageObject","inLanguage":"es","@id":"https:\/\/medicina.udd.cl\/centro-humanidades\/#\/schema\/person\/image\/","url":"https:\/\/secure.gravatar.com\/avatar\/e9ce48243a282793c99a593d6995af1f36fc67767f115cd6c2ea498a3449ac91?s=96&d=mm&r=g","contentUrl":"https:\/\/secure.gravatar.com\/avatar\/e9ce48243a282793c99a593d6995af1f36fc67767f115cd6c2ea498a3449ac91?s=96&d=mm&r=g","caption":"felipelavinz"},"url":"https:\/\/medicina.udd.cl\/centro-humanidades\/noticias\/author\/felipelavinz\/"}]}},"_links":{"self":[{"href":"https:\/\/medicina.udd.cl\/centro-humanidades\/wp-json\/wp\/v2\/posts\/3058","targetHints":{"allow":["GET"]}}],"collection":[{"href":"https:\/\/medicina.udd.cl\/centro-humanidades\/wp-json\/wp\/v2\/posts"}],"about":[{"href":"https:\/\/medicina.udd.cl\/centro-humanidades\/wp-json\/wp\/v2\/types\/post"}],"author":[{"embeddable":true,"href":"https:\/\/medicina.udd.cl\/centro-humanidades\/wp-json\/wp\/v2\/users\/9192209"}],"replies":[{"embeddable":true,"href":"https:\/\/medicina.udd.cl\/centro-humanidades\/wp-json\/wp\/v2\/comments?post=3058"}],"version-history":[{"count":1,"href":"https:\/\/medicina.udd.cl\/centro-humanidades\/wp-json\/wp\/v2\/posts\/3058\/revisions"}],"predecessor-version":[{"id":3277,"href":"https:\/\/medicina.udd.cl\/centro-humanidades\/wp-json\/wp\/v2\/posts\/3058\/revisions\/3277"}],"wp:featuredmedia":[{"embeddable":true,"href":"https:\/\/medicina.udd.cl\/centro-humanidades\/wp-json\/wp\/v2\/media\/3059"}],"wp:attachment":[{"href":"https:\/\/medicina.udd.cl\/centro-humanidades\/wp-json\/wp\/v2\/media?parent=3058"}],"wp:term":[{"taxonomy":"category","embeddable":true,"href":"https:\/\/medicina.udd.cl\/centro-humanidades\/wp-json\/wp\/v2\/categories?post=3058"},{"taxonomy":"post_tag","embeddable":true,"href":"https:\/\/medicina.udd.cl\/centro-humanidades\/wp-json\/wp\/v2\/tags?post=3058"}],"curies":[{"name":"wp","href":"https:\/\/api.w.org\/{rel}","templated":true}]}}