{"id":3066,"date":"2019-06-04T09:26:55","date_gmt":"2019-06-04T13:26:55","guid":{"rendered":"http:\/\/medicina.udd.cl\/centro-humanidades\/?p=3066"},"modified":"2020-03-04T17:01:14","modified_gmt":"2020-03-04T20:01:14","slug":"el-septimo-arte-se-instala-en-los-coloquios-del-hph","status":"publish","type":"post","link":"https:\/\/medicina.udd.cl\/centro-humanidades\/noticias\/2019\/06\/04\/el-septimo-arte-se-instala-en-los-coloquios-del-hph\/","title":{"rendered":"El s\u00e9ptimo arte se instala en los coloquios del HPH"},"content":{"rendered":"<p><div class=\"gallery gallery-post\" id=\"gallery-3066-1\"><div class=\"gallery-post-feature gallery-item\"><\/div><div class=\"gallery-carousel\"><div id=\"nav-post-gallery-gallery-3066-1\" class=\"crsl-nav\"><a href=\"#\" class=\"previous icon icon-caret-left\"><\/a><a href=\"#\" class=\"next icon icon-caret-right\"><\/a><\/div><div id=\"post-gallery-gallery-3066-1\" class=\"crsl-items\" data-navigation=\"nav-post-gallery-gallery-3066-1\" data-crsl='{ \"visible\": 4, \"itemMargin\": 10 }'><div class=\"crsl-wrap\"><figure class=\"gallery-item crsl-item crsl-active\"><a href=\"https:\/\/medicina.udd.cl\/centro-humanidades\/files\/2019\/06\/IMG_9280-1-660x430.jpg\" title=\"IMG_9280\" class=\"gallery-thumb\" id=\"thumbnail-3071-0\" data-full-url=\"https:\/\/medicina.udd.cl\/centro-humanidades\/files\/2019\/06\/IMG_9280-1.jpg\"><img decoding=\"async\" src=\"https:\/\/medicina.udd.cl\/centro-humanidades\/files\/2019\/06\/IMG_9280-1-125x80.jpg\" class=\"full-width\" alt=\"IMG_9280\"><\/a><\/figure><figure class=\"gallery-item crsl-item\"><a href=\"https:\/\/medicina.udd.cl\/centro-humanidades\/files\/2019\/06\/IMG_9286-1-660x430.jpg\" title=\"IMG_9286\" class=\"gallery-thumb\" id=\"thumbnail-3069-1\" data-full-url=\"https:\/\/medicina.udd.cl\/centro-humanidades\/files\/2019\/06\/IMG_9286-1.jpg\"><img decoding=\"async\" src=\"https:\/\/medicina.udd.cl\/centro-humanidades\/files\/2019\/06\/IMG_9286-1-125x80.jpg\" class=\"full-width\" alt=\"IMG_9286\"><\/a><\/figure><figure class=\"gallery-item crsl-item\"><a href=\"https:\/\/medicina.udd.cl\/centro-humanidades\/files\/2019\/06\/IMG_9292-1-660x430.jpg\" title=\"IMG_9292\" class=\"gallery-thumb\" id=\"thumbnail-3070-2\" data-full-url=\"https:\/\/medicina.udd.cl\/centro-humanidades\/files\/2019\/06\/IMG_9292-1.jpg\"><img decoding=\"async\" src=\"https:\/\/medicina.udd.cl\/centro-humanidades\/files\/2019\/06\/IMG_9292-1-125x80.jpg\" class=\"full-width\" alt=\"IMG_9292\"><\/a><\/figure><figure class=\"gallery-item crsl-item\"><a href=\"https:\/\/medicina.udd.cl\/centro-humanidades\/files\/2019\/06\/IMG_9275-1-660x430.jpg\" title=\"IMG_9275\" class=\"gallery-thumb\" id=\"thumbnail-3067-3\" data-full-url=\"https:\/\/medicina.udd.cl\/centro-humanidades\/files\/2019\/06\/IMG_9275-1.jpg\"><img decoding=\"async\" src=\"https:\/\/medicina.udd.cl\/centro-humanidades\/files\/2019\/06\/IMG_9275-1-125x80.jpg\" class=\"full-width\" alt=\"IMG_9275\"><\/a><\/figure><figure class=\"gallery-item crsl-item\"><a href=\"https:\/\/medicina.udd.cl\/centro-humanidades\/files\/2019\/06\/IMG_9282-1-660x430.jpg\" title=\"IMG_9282\" class=\"gallery-thumb\" id=\"thumbnail-3068-4\" data-full-url=\"https:\/\/medicina.udd.cl\/centro-humanidades\/files\/2019\/06\/IMG_9282-1.jpg\"><img decoding=\"async\" src=\"https:\/\/medicina.udd.cl\/centro-humanidades\/files\/2019\/06\/IMG_9282-1-125x80.jpg\" class=\"full-width\" alt=\"IMG_9282\"><\/a><\/figure><\/div><\/div><\/div><\/div><br \/>\nEl director (s) del hospital Padre Hurtado, dr. Hern\u00e1n Bustamante, fue el invitado a exponer en el tercer coloquio de humanidades del Hospital Padre Hurtado (HPH), actividad que organiza mensualmente el Centro de Humanidades de la Facultad de Medicina Cl\u00ednica Alemana Universidad del Desarrollo y a la cual asisten funcionarios del hospital, docentes y estudiantes.<br \/>\nEn la oportunidad, el dr. Bustamente expuso sobre el cine, \u00e1rea que lo apasiona, adem\u00e1s del ejercicio de la medicina y la docencia. \u201cA trav\u00e9s del cine es posible encontrar historias que concuerden con nuestra realidad y nos sirvan como ejemplo de superaci\u00f3n y sanaci\u00f3n \u201d, dijo al comienzo de su exposici\u00f3n, la cual se dividi\u00f3 en cuatros partes: la relaci\u00f3n entre la destrucci\u00f3n y la sanaci\u00f3n de los films en los a\u00f1os 70-80; \u201cgui\u00f1os\u201d de pel\u00edculas antiguas a actuales; el cine pol\u00edtico de los a\u00f1os 80; y pel\u00edculas futuristas actuales.<br \/>\nTambi\u00e9n coment\u00f3 sobre historias personales de grandes figuras del cine, como es el caso de Robert De Niro y Martin Scorsese, quienes en conjunto no s\u00f3lo se apoyaron para superar sus obst\u00e1culos personales, sino adem\u00e1s se apoyaron en la creaci\u00f3n de grandes pel\u00edculas del s\u00e9ptimo arte, uno desde la perspectiva de director y el otro como actor.<br \/>\nEscenas de pel\u00edculas como Toro Salvaje, La ley de la calle, Shane y Blade Runner, entre otros, adornaron el al aula magna del HPH y captaron la atenci\u00f3n de los asistentes.<\/p>\n","protected":false},"excerpt":{"rendered":"<p>Escenas ic\u00f3nicas, similitudes, tem\u00e1ticas comunes e historias personales de actores y directores fueron algunos de los puntos que abord\u00f3 el director (s) del hospital Padre Hurtado, dr. Hern\u00e1n Bustamante, durante su presentaci\u00f3n. <\/p>\n","protected":false},"author":9192209,"featured_media":3071,"comment_status":"open","ping_status":"open","sticky":false,"template":"","format":"standard","meta":{"footnotes":""},"categories":[15185,4],"tags":[],"class_list":["post-3066","post","type-post","status-publish","format-standard","has-post-thumbnail","hentry","category-centro-de-humanidades","category-noticias"],"yoast_head":"<!-- This site is optimized with the Yoast SEO plugin v26.9 - https:\/\/yoast.com\/product\/yoast-seo-wordpress\/ -->\n<title>El s\u00e9ptimo arte se instala en los coloquios del HPH - Centro de Humanidades<\/title>\n<meta name=\"robots\" content=\"index, follow, max-snippet:-1, max-image-preview:large, max-video-preview:-1\" \/>\n<link rel=\"canonical\" href=\"https:\/\/medicina.udd.cl\/centro-humanidades\/noticias\/2019\/06\/04\/el-septimo-arte-se-instala-en-los-coloquios-del-hph\/\" \/>\n<meta property=\"og:locale\" content=\"es_ES\" \/>\n<meta property=\"og:type\" content=\"article\" \/>\n<meta property=\"og:title\" content=\"El s\u00e9ptimo arte se instala en los coloquios del HPH - Centro de Humanidades\" \/>\n<meta property=\"og:description\" content=\"Escenas ic\u00f3nicas, similitudes, tem\u00e1ticas comunes e historias personales de actores y directores fueron algunos de los puntos que abord\u00f3 el director (s) del hospital Padre Hurtado, dr. Hern\u00e1n Bustamante, durante su presentaci\u00f3n.\" \/>\n<meta property=\"og:url\" content=\"https:\/\/medicina.udd.cl\/centro-humanidades\/noticias\/2019\/06\/04\/el-septimo-arte-se-instala-en-los-coloquios-del-hph\/\" \/>\n<meta property=\"og:site_name\" content=\"Centro de Humanidades\" \/>\n<meta property=\"article:published_time\" content=\"2019-06-04T13:26:55+00:00\" \/>\n<meta property=\"article:modified_time\" content=\"2020-03-04T20:01:14+00:00\" \/>\n<meta property=\"og:image\" content=\"https:\/\/medicina.udd.cl\/centro-humanidades\/files\/2019\/06\/IMG_9280-1-1024x683.jpg\" \/>\n\t<meta property=\"og:image:width\" content=\"1024\" \/>\n\t<meta property=\"og:image:height\" content=\"683\" \/>\n\t<meta property=\"og:image:type\" content=\"image\/jpeg\" \/>\n<meta name=\"author\" content=\"felipelavinz\" \/>\n<meta name=\"twitter:label1\" content=\"Escrito por\" \/>\n\t<meta name=\"twitter:data1\" content=\"felipelavinz\" \/>\n\t<meta name=\"twitter:label2\" content=\"Tiempo de lectura\" \/>\n\t<meta name=\"twitter:data2\" content=\"1 minuto\" \/>\n<script type=\"application\/ld+json\" class=\"yoast-schema-graph\">{\"@context\":\"https:\/\/schema.org\",\"@graph\":[{\"@type\":\"Article\",\"@id\":\"https:\/\/medicina.udd.cl\/centro-humanidades\/noticias\/2019\/06\/04\/el-septimo-arte-se-instala-en-los-coloquios-del-hph\/#article\",\"isPartOf\":{\"@id\":\"https:\/\/medicina.udd.cl\/centro-humanidades\/noticias\/2019\/06\/04\/el-septimo-arte-se-instala-en-los-coloquios-del-hph\/\"},\"author\":{\"name\":\"felipelavinz\",\"@id\":\"https:\/\/medicina.udd.cl\/centro-humanidades\/#\/schema\/person\/6cab0118546e2e503341d0c654105ac0\"},\"headline\":\"El s\u00e9ptimo arte se instala en los coloquios del HPH\",\"datePublished\":\"2019-06-04T13:26:55+00:00\",\"dateModified\":\"2020-03-04T20:01:14+00:00\",\"mainEntityOfPage\":{\"@id\":\"https:\/\/medicina.udd.cl\/centro-humanidades\/noticias\/2019\/06\/04\/el-septimo-arte-se-instala-en-los-coloquios-del-hph\/\"},\"wordCount\":270,\"commentCount\":0,\"image\":{\"@id\":\"https:\/\/medicina.udd.cl\/centro-humanidades\/noticias\/2019\/06\/04\/el-septimo-arte-se-instala-en-los-coloquios-del-hph\/#primaryimage\"},\"thumbnailUrl\":\"https:\/\/medicina.udd.cl\/centro-humanidades\/files\/2019\/06\/IMG_9280-1.jpg\",\"articleSection\":[\"Centro de Humanidades\",\"Noticias\"],\"inLanguage\":\"es\",\"potentialAction\":[{\"@type\":\"CommentAction\",\"name\":\"Comment\",\"target\":[\"https:\/\/medicina.udd.cl\/centro-humanidades\/noticias\/2019\/06\/04\/el-septimo-arte-se-instala-en-los-coloquios-del-hph\/#respond\"]}]},{\"@type\":\"WebPage\",\"@id\":\"https:\/\/medicina.udd.cl\/centro-humanidades\/noticias\/2019\/06\/04\/el-septimo-arte-se-instala-en-los-coloquios-del-hph\/\",\"url\":\"https:\/\/medicina.udd.cl\/centro-humanidades\/noticias\/2019\/06\/04\/el-septimo-arte-se-instala-en-los-coloquios-del-hph\/\",\"name\":\"El s\u00e9ptimo arte se instala en los coloquios del HPH - Centro de Humanidades\",\"isPartOf\":{\"@id\":\"https:\/\/medicina.udd.cl\/centro-humanidades\/#website\"},\"primaryImageOfPage\":{\"@id\":\"https:\/\/medicina.udd.cl\/centro-humanidades\/noticias\/2019\/06\/04\/el-septimo-arte-se-instala-en-los-coloquios-del-hph\/#primaryimage\"},\"image\":{\"@id\":\"https:\/\/medicina.udd.cl\/centro-humanidades\/noticias\/2019\/06\/04\/el-septimo-arte-se-instala-en-los-coloquios-del-hph\/#primaryimage\"},\"thumbnailUrl\":\"https:\/\/medicina.udd.cl\/centro-humanidades\/files\/2019\/06\/IMG_9280-1.jpg\",\"datePublished\":\"2019-06-04T13:26:55+00:00\",\"dateModified\":\"2020-03-04T20:01:14+00:00\",\"author\":{\"@id\":\"https:\/\/medicina.udd.cl\/centro-humanidades\/#\/schema\/person\/6cab0118546e2e503341d0c654105ac0\"},\"breadcrumb\":{\"@id\":\"https:\/\/medicina.udd.cl\/centro-humanidades\/noticias\/2019\/06\/04\/el-septimo-arte-se-instala-en-los-coloquios-del-hph\/#breadcrumb\"},\"inLanguage\":\"es\",\"potentialAction\":[{\"@type\":\"ReadAction\",\"target\":[\"https:\/\/medicina.udd.cl\/centro-humanidades\/noticias\/2019\/06\/04\/el-septimo-arte-se-instala-en-los-coloquios-del-hph\/\"]}]},{\"@type\":\"ImageObject\",\"inLanguage\":\"es\",\"@id\":\"https:\/\/medicina.udd.cl\/centro-humanidades\/noticias\/2019\/06\/04\/el-septimo-arte-se-instala-en-los-coloquios-del-hph\/#primaryimage\",\"url\":\"https:\/\/medicina.udd.cl\/centro-humanidades\/files\/2019\/06\/IMG_9280-1.jpg\",\"contentUrl\":\"https:\/\/medicina.udd.cl\/centro-humanidades\/files\/2019\/06\/IMG_9280-1.jpg\",\"width\":5184,\"height\":3456},{\"@type\":\"BreadcrumbList\",\"@id\":\"https:\/\/medicina.udd.cl\/centro-humanidades\/noticias\/2019\/06\/04\/el-septimo-arte-se-instala-en-los-coloquios-del-hph\/#breadcrumb\",\"itemListElement\":[{\"@type\":\"ListItem\",\"position\":1,\"name\":\"Home\",\"item\":\"https:\/\/medicina.udd.cl\/centro-humanidades\/\"},{\"@type\":\"ListItem\",\"position\":2,\"name\":\"El s\u00e9ptimo arte se instala en los coloquios del HPH\"}]},{\"@type\":\"WebSite\",\"@id\":\"https:\/\/medicina.udd.cl\/centro-humanidades\/#website\",\"url\":\"https:\/\/medicina.udd.cl\/centro-humanidades\/\",\"name\":\"Centro de Humanidades\",\"description\":\"Otro sitio m\u00e1s de Medicina\",\"potentialAction\":[{\"@type\":\"SearchAction\",\"target\":{\"@type\":\"EntryPoint\",\"urlTemplate\":\"https:\/\/medicina.udd.cl\/centro-humanidades\/?s={search_term_string}\"},\"query-input\":{\"@type\":\"PropertyValueSpecification\",\"valueRequired\":true,\"valueName\":\"search_term_string\"}}],\"inLanguage\":\"es\"},{\"@type\":\"Person\",\"@id\":\"https:\/\/medicina.udd.cl\/centro-humanidades\/#\/schema\/person\/6cab0118546e2e503341d0c654105ac0\",\"name\":\"felipelavinz\",\"image\":{\"@type\":\"ImageObject\",\"inLanguage\":\"es\",\"@id\":\"https:\/\/medicina.udd.cl\/centro-humanidades\/#\/schema\/person\/image\/\",\"url\":\"https:\/\/secure.gravatar.com\/avatar\/e9ce48243a282793c99a593d6995af1f36fc67767f115cd6c2ea498a3449ac91?s=96&d=mm&r=g\",\"contentUrl\":\"https:\/\/secure.gravatar.com\/avatar\/e9ce48243a282793c99a593d6995af1f36fc67767f115cd6c2ea498a3449ac91?s=96&d=mm&r=g\",\"caption\":\"felipelavinz\"},\"url\":\"https:\/\/medicina.udd.cl\/centro-humanidades\/noticias\/author\/felipelavinz\/\"}]}<\/script>\n<!-- \/ Yoast SEO plugin. -->","yoast_head_json":{"title":"El s\u00e9ptimo arte se instala en los coloquios del HPH - Centro de Humanidades","robots":{"index":"index","follow":"follow","max-snippet":"max-snippet:-1","max-image-preview":"max-image-preview:large","max-video-preview":"max-video-preview:-1"},"canonical":"https:\/\/medicina.udd.cl\/centro-humanidades\/noticias\/2019\/06\/04\/el-septimo-arte-se-instala-en-los-coloquios-del-hph\/","og_locale":"es_ES","og_type":"article","og_title":"El s\u00e9ptimo arte se instala en los coloquios del HPH - Centro de Humanidades","og_description":"Escenas ic\u00f3nicas, similitudes, tem\u00e1ticas comunes e historias personales de actores y directores fueron algunos de los puntos que abord\u00f3 el director (s) del hospital Padre Hurtado, dr. Hern\u00e1n Bustamante, durante su presentaci\u00f3n.","og_url":"https:\/\/medicina.udd.cl\/centro-humanidades\/noticias\/2019\/06\/04\/el-septimo-arte-se-instala-en-los-coloquios-del-hph\/","og_site_name":"Centro de Humanidades","article_published_time":"2019-06-04T13:26:55+00:00","article_modified_time":"2020-03-04T20:01:14+00:00","og_image":[{"width":1024,"height":683,"url":"https:\/\/medicina.udd.cl\/centro-humanidades\/files\/2019\/06\/IMG_9280-1-1024x683.jpg","type":"image\/jpeg"}],"author":"felipelavinz","twitter_misc":{"Escrito por":"felipelavinz","Tiempo de lectura":"1 minuto"},"schema":{"@context":"https:\/\/schema.org","@graph":[{"@type":"Article","@id":"https:\/\/medicina.udd.cl\/centro-humanidades\/noticias\/2019\/06\/04\/el-septimo-arte-se-instala-en-los-coloquios-del-hph\/#article","isPartOf":{"@id":"https:\/\/medicina.udd.cl\/centro-humanidades\/noticias\/2019\/06\/04\/el-septimo-arte-se-instala-en-los-coloquios-del-hph\/"},"author":{"name":"felipelavinz","@id":"https:\/\/medicina.udd.cl\/centro-humanidades\/#\/schema\/person\/6cab0118546e2e503341d0c654105ac0"},"headline":"El s\u00e9ptimo arte se instala en los coloquios del HPH","datePublished":"2019-06-04T13:26:55+00:00","dateModified":"2020-03-04T20:01:14+00:00","mainEntityOfPage":{"@id":"https:\/\/medicina.udd.cl\/centro-humanidades\/noticias\/2019\/06\/04\/el-septimo-arte-se-instala-en-los-coloquios-del-hph\/"},"wordCount":270,"commentCount":0,"image":{"@id":"https:\/\/medicina.udd.cl\/centro-humanidades\/noticias\/2019\/06\/04\/el-septimo-arte-se-instala-en-los-coloquios-del-hph\/#primaryimage"},"thumbnailUrl":"https:\/\/medicina.udd.cl\/centro-humanidades\/files\/2019\/06\/IMG_9280-1.jpg","articleSection":["Centro de Humanidades","Noticias"],"inLanguage":"es","potentialAction":[{"@type":"CommentAction","name":"Comment","target":["https:\/\/medicina.udd.cl\/centro-humanidades\/noticias\/2019\/06\/04\/el-septimo-arte-se-instala-en-los-coloquios-del-hph\/#respond"]}]},{"@type":"WebPage","@id":"https:\/\/medicina.udd.cl\/centro-humanidades\/noticias\/2019\/06\/04\/el-septimo-arte-se-instala-en-los-coloquios-del-hph\/","url":"https:\/\/medicina.udd.cl\/centro-humanidades\/noticias\/2019\/06\/04\/el-septimo-arte-se-instala-en-los-coloquios-del-hph\/","name":"El s\u00e9ptimo arte se instala en los coloquios del HPH - Centro de Humanidades","isPartOf":{"@id":"https:\/\/medicina.udd.cl\/centro-humanidades\/#website"},"primaryImageOfPage":{"@id":"https:\/\/medicina.udd.cl\/centro-humanidades\/noticias\/2019\/06\/04\/el-septimo-arte-se-instala-en-los-coloquios-del-hph\/#primaryimage"},"image":{"@id":"https:\/\/medicina.udd.cl\/centro-humanidades\/noticias\/2019\/06\/04\/el-septimo-arte-se-instala-en-los-coloquios-del-hph\/#primaryimage"},"thumbnailUrl":"https:\/\/medicina.udd.cl\/centro-humanidades\/files\/2019\/06\/IMG_9280-1.jpg","datePublished":"2019-06-04T13:26:55+00:00","dateModified":"2020-03-04T20:01:14+00:00","author":{"@id":"https:\/\/medicina.udd.cl\/centro-humanidades\/#\/schema\/person\/6cab0118546e2e503341d0c654105ac0"},"breadcrumb":{"@id":"https:\/\/medicina.udd.cl\/centro-humanidades\/noticias\/2019\/06\/04\/el-septimo-arte-se-instala-en-los-coloquios-del-hph\/#breadcrumb"},"inLanguage":"es","potentialAction":[{"@type":"ReadAction","target":["https:\/\/medicina.udd.cl\/centro-humanidades\/noticias\/2019\/06\/04\/el-septimo-arte-se-instala-en-los-coloquios-del-hph\/"]}]},{"@type":"ImageObject","inLanguage":"es","@id":"https:\/\/medicina.udd.cl\/centro-humanidades\/noticias\/2019\/06\/04\/el-septimo-arte-se-instala-en-los-coloquios-del-hph\/#primaryimage","url":"https:\/\/medicina.udd.cl\/centro-humanidades\/files\/2019\/06\/IMG_9280-1.jpg","contentUrl":"https:\/\/medicina.udd.cl\/centro-humanidades\/files\/2019\/06\/IMG_9280-1.jpg","width":5184,"height":3456},{"@type":"BreadcrumbList","@id":"https:\/\/medicina.udd.cl\/centro-humanidades\/noticias\/2019\/06\/04\/el-septimo-arte-se-instala-en-los-coloquios-del-hph\/#breadcrumb","itemListElement":[{"@type":"ListItem","position":1,"name":"Home","item":"https:\/\/medicina.udd.cl\/centro-humanidades\/"},{"@type":"ListItem","position":2,"name":"El s\u00e9ptimo arte se instala en los coloquios del HPH"}]},{"@type":"WebSite","@id":"https:\/\/medicina.udd.cl\/centro-humanidades\/#website","url":"https:\/\/medicina.udd.cl\/centro-humanidades\/","name":"Centro de Humanidades","description":"Otro sitio m\u00e1s de Medicina","potentialAction":[{"@type":"SearchAction","target":{"@type":"EntryPoint","urlTemplate":"https:\/\/medicina.udd.cl\/centro-humanidades\/?s={search_term_string}"},"query-input":{"@type":"PropertyValueSpecification","valueRequired":true,"valueName":"search_term_string"}}],"inLanguage":"es"},{"@type":"Person","@id":"https:\/\/medicina.udd.cl\/centro-humanidades\/#\/schema\/person\/6cab0118546e2e503341d0c654105ac0","name":"felipelavinz","image":{"@type":"ImageObject","inLanguage":"es","@id":"https:\/\/medicina.udd.cl\/centro-humanidades\/#\/schema\/person\/image\/","url":"https:\/\/secure.gravatar.com\/avatar\/e9ce48243a282793c99a593d6995af1f36fc67767f115cd6c2ea498a3449ac91?s=96&d=mm&r=g","contentUrl":"https:\/\/secure.gravatar.com\/avatar\/e9ce48243a282793c99a593d6995af1f36fc67767f115cd6c2ea498a3449ac91?s=96&d=mm&r=g","caption":"felipelavinz"},"url":"https:\/\/medicina.udd.cl\/centro-humanidades\/noticias\/author\/felipelavinz\/"}]}},"_links":{"self":[{"href":"https:\/\/medicina.udd.cl\/centro-humanidades\/wp-json\/wp\/v2\/posts\/3066","targetHints":{"allow":["GET"]}}],"collection":[{"href":"https:\/\/medicina.udd.cl\/centro-humanidades\/wp-json\/wp\/v2\/posts"}],"about":[{"href":"https:\/\/medicina.udd.cl\/centro-humanidades\/wp-json\/wp\/v2\/types\/post"}],"author":[{"embeddable":true,"href":"https:\/\/medicina.udd.cl\/centro-humanidades\/wp-json\/wp\/v2\/users\/9192209"}],"replies":[{"embeddable":true,"href":"https:\/\/medicina.udd.cl\/centro-humanidades\/wp-json\/wp\/v2\/comments?post=3066"}],"version-history":[{"count":1,"href":"https:\/\/medicina.udd.cl\/centro-humanidades\/wp-json\/wp\/v2\/posts\/3066\/revisions"}],"predecessor-version":[{"id":3276,"href":"https:\/\/medicina.udd.cl\/centro-humanidades\/wp-json\/wp\/v2\/posts\/3066\/revisions\/3276"}],"wp:featuredmedia":[{"embeddable":true,"href":"https:\/\/medicina.udd.cl\/centro-humanidades\/wp-json\/wp\/v2\/media\/3071"}],"wp:attachment":[{"href":"https:\/\/medicina.udd.cl\/centro-humanidades\/wp-json\/wp\/v2\/media?parent=3066"}],"wp:term":[{"taxonomy":"category","embeddable":true,"href":"https:\/\/medicina.udd.cl\/centro-humanidades\/wp-json\/wp\/v2\/categories?post=3066"},{"taxonomy":"post_tag","embeddable":true,"href":"https:\/\/medicina.udd.cl\/centro-humanidades\/wp-json\/wp\/v2\/tags?post=3066"}],"curies":[{"name":"wp","href":"https:\/\/api.w.org\/{rel}","templated":true}]}}