{"id":3103,"date":"2019-08-05T14:21:13","date_gmt":"2019-08-05T18:21:13","guid":{"rendered":"http:\/\/medicina.udd.cl\/centro-humanidades\/?p=3103"},"modified":"2020-03-04T17:01:14","modified_gmt":"2020-03-04T20:01:14","slug":"literatura-y-viaje-elementos-constitutivos-de-la-vida","status":"publish","type":"post","link":"https:\/\/medicina.udd.cl\/centro-humanidades\/noticias\/2019\/08\/05\/literatura-y-viaje-elementos-constitutivos-de-la-vida\/","title":{"rendered":"Literatura y Viaje: Elementos constitutivos de la vida"},"content":{"rendered":"<p><div class=\"gallery gallery-post\" id=\"gallery-3103-1\"><div class=\"gallery-post-feature gallery-item\"><\/div><div class=\"gallery-carousel\"><div id=\"nav-post-gallery-gallery-3103-1\" class=\"crsl-nav\"><a href=\"#\" class=\"previous icon icon-caret-left\"><\/a><a href=\"#\" class=\"next icon icon-caret-right\"><\/a><\/div><div id=\"post-gallery-gallery-3103-1\" class=\"crsl-items\" data-navigation=\"nav-post-gallery-gallery-3103-1\" data-crsl='{ \"visible\": 4, \"itemMargin\": 10 }'><div class=\"crsl-wrap\"><figure class=\"gallery-item crsl-item crsl-active\"><a href=\"https:\/\/medicina.udd.cl\/centro-humanidades\/files\/2019\/08\/IMG_9861-1-660x430.jpg\" title=\"IMG_9861\" class=\"gallery-thumb\" id=\"thumbnail-3107-0\" data-full-url=\"https:\/\/medicina.udd.cl\/centro-humanidades\/files\/2019\/08\/IMG_9861-1.jpg\"><img decoding=\"async\" src=\"https:\/\/medicina.udd.cl\/centro-humanidades\/files\/2019\/08\/IMG_9861-1-125x80.jpg\" class=\"full-width\" alt=\"IMG_9861\"><\/a><\/figure><figure class=\"gallery-item crsl-item\"><a href=\"https:\/\/medicina.udd.cl\/centro-humanidades\/files\/2019\/08\/IMG_9864-1-660x430.jpg\" title=\"IMG_9864\" class=\"gallery-thumb\" id=\"thumbnail-3110-1\" data-full-url=\"https:\/\/medicina.udd.cl\/centro-humanidades\/files\/2019\/08\/IMG_9864-1.jpg\"><img decoding=\"async\" src=\"https:\/\/medicina.udd.cl\/centro-humanidades\/files\/2019\/08\/IMG_9864-1-125x80.jpg\" class=\"full-width\" alt=\"IMG_9864\"><\/a><\/figure><figure class=\"gallery-item crsl-item\"><a href=\"https:\/\/medicina.udd.cl\/centro-humanidades\/files\/2019\/08\/IMG_9866-1-660x430.jpg\" title=\"IMG_9866\" class=\"gallery-thumb\" id=\"thumbnail-3112-2\" data-full-url=\"https:\/\/medicina.udd.cl\/centro-humanidades\/files\/2019\/08\/IMG_9866-1.jpg\"><img decoding=\"async\" src=\"https:\/\/medicina.udd.cl\/centro-humanidades\/files\/2019\/08\/IMG_9866-1-125x80.jpg\" class=\"full-width\" alt=\"IMG_9866\"><\/a><\/figure><figure class=\"gallery-item crsl-item\"><a href=\"https:\/\/medicina.udd.cl\/centro-humanidades\/files\/2019\/08\/IMG_9865-1-660x430.jpg\" title=\"IMG_9865\" class=\"gallery-thumb\" id=\"thumbnail-3111-3\" data-full-url=\"https:\/\/medicina.udd.cl\/centro-humanidades\/files\/2019\/08\/IMG_9865-1.jpg\"><img decoding=\"async\" src=\"https:\/\/medicina.udd.cl\/centro-humanidades\/files\/2019\/08\/IMG_9865-1-125x80.jpg\" class=\"full-width\" alt=\"IMG_9865\"><\/a><\/figure><figure class=\"gallery-item crsl-item\"><a href=\"https:\/\/medicina.udd.cl\/centro-humanidades\/files\/2019\/08\/IMG_9862-1-660x430.jpg\" title=\"IMG_9862\" class=\"gallery-thumb\" id=\"thumbnail-3108-4\" data-full-url=\"https:\/\/medicina.udd.cl\/centro-humanidades\/files\/2019\/08\/IMG_9862-1.jpg\"><img decoding=\"async\" src=\"https:\/\/medicina.udd.cl\/centro-humanidades\/files\/2019\/08\/IMG_9862-1-125x80.jpg\" class=\"full-width\" alt=\"IMG_9862\"><\/a><\/figure><\/div><\/div><\/div><\/div><br \/>\nComo ya es tradicional todos los meses, en el Hospital Padre Hurtado (HPH) se realiz\u00f3 la quinta edici\u00f3n de los Coloquios de Humanidades, oportunidad de reflexi\u00f3n y aprendizaje para personal del hospital, docentes y estudiantes de la Facultad de Medicina Cl\u00ednica Alemana Universidad del Desarrollo.<br \/>\nEsta vez la actividad tuvo como protagonista a Ana Mar\u00eda Maza, docente de la Universidad Finis Terrae, especialista en Literatura espa\u00f1ola y Literatura europea del siglo XVIII, qui\u00e9n en su exposici\u00f3n \u201cLiteratura y viaje\u201d realiz\u00f3 un recorrido por diversas obras literarias, explicando la importancia del viaje como elemento constitutivo de la vida.<br \/>\n\u201cEl viajar est\u00e1 asociado al tiempo y al desplazamiento, lo cual significa un cambio. Como nuestros antepasados que vinieron de \u00c1frica y fueron expandi\u00e9ndose, todos somos el resultado de nuestros predecesores&#8230; El viaje es esencial en la comprensi\u00f3n de la vida, por eso, todos los relatos m\u00e1s antiguos o grandes textos narrativos, est\u00e1n asociados a esta tem\u00e1tica, por ejemplo: La Biblia, La Odisea, El Cid, o Don Quijote\u201d, se\u00f1al\u00f3 Maza.<br \/>\nAsimismo, indic\u00f3 que en la literatura es posible encontrar oportunidades de conocimiento y entretenci\u00f3n. \u201cEs una teor\u00eda real, el arte en general debe dar alegr\u00eda, pero tambi\u00e9n ense\u00f1ar, que a su vez significa explicar el sentido del hombre, es decir, el c\u00f3mo ser\u201d, destac\u00f3, Maza.<br \/>\nPor \u00faltimo, relat\u00f3 fragmentos de obras como Don Quijote, donde se describe el viaje como una acci\u00f3n humana prioritaria, desde la fantas\u00eda hasta el hecho de cumplirla\u2026 pasando por temas como la muerte, el dinero, y la gastronom\u00eda. \u201cEn las grandes obras, aquel que emprende un viaje, vence sus obst\u00e1culos y regresa, se convierte en un h\u00e9roe del pueblo y su propia vida\u201d, concluy\u00f3.<\/p>\n","protected":false},"excerpt":{"rendered":"<p>En el quinto coloquio de Humanidades realizado en el hospital Padre Hurtado, la especialista en Literatura espa\u00f1ola y europea del siglo XVIII, Ana Mar\u00eda Maza, realiz\u00f3 un recorrido por diversas obras literarias, explicando la importancia del viaje como elemento constitutivo de la vida<\/p>\n","protected":false},"author":9192209,"featured_media":3110,"comment_status":"open","ping_status":"open","sticky":false,"template":"","format":"standard","meta":{"footnotes":""},"categories":[15185,4],"tags":[],"class_list":["post-3103","post","type-post","status-publish","format-standard","has-post-thumbnail","hentry","category-centro-de-humanidades","category-noticias"],"yoast_head":"<!-- This site is optimized with the Yoast SEO plugin v26.9 - https:\/\/yoast.com\/product\/yoast-seo-wordpress\/ -->\n<title>Literatura y Viaje: Elementos constitutivos de la vida - Centro de Humanidades<\/title>\n<meta name=\"robots\" content=\"index, follow, max-snippet:-1, max-image-preview:large, max-video-preview:-1\" \/>\n<link rel=\"canonical\" href=\"https:\/\/medicina.udd.cl\/centro-humanidades\/noticias\/2019\/08\/05\/literatura-y-viaje-elementos-constitutivos-de-la-vida\/\" \/>\n<meta property=\"og:locale\" content=\"es_ES\" \/>\n<meta property=\"og:type\" content=\"article\" \/>\n<meta property=\"og:title\" content=\"Literatura y Viaje: Elementos constitutivos de la vida - Centro de Humanidades\" \/>\n<meta property=\"og:description\" content=\"En el quinto coloquio de Humanidades realizado en el hospital Padre Hurtado, la especialista en Literatura espa\u00f1ola y europea del siglo XVIII, Ana Mar\u00eda Maza, realiz\u00f3 un recorrido por diversas obras literarias, explicando la importancia del viaje como elemento constitutivo de la vida\" \/>\n<meta property=\"og:url\" content=\"https:\/\/medicina.udd.cl\/centro-humanidades\/noticias\/2019\/08\/05\/literatura-y-viaje-elementos-constitutivos-de-la-vida\/\" \/>\n<meta property=\"og:site_name\" content=\"Centro de Humanidades\" \/>\n<meta property=\"article:published_time\" content=\"2019-08-05T18:21:13+00:00\" \/>\n<meta property=\"article:modified_time\" content=\"2020-03-04T20:01:14+00:00\" \/>\n<meta property=\"og:image\" content=\"https:\/\/medicina.udd.cl\/centro-humanidades\/files\/2019\/08\/IMG_9864-1-1024x683.jpg\" \/>\n\t<meta property=\"og:image:width\" content=\"1024\" \/>\n\t<meta property=\"og:image:height\" content=\"683\" \/>\n\t<meta property=\"og:image:type\" content=\"image\/jpeg\" \/>\n<meta name=\"author\" content=\"felipelavinz\" \/>\n<meta name=\"twitter:label1\" content=\"Escrito por\" \/>\n\t<meta name=\"twitter:data1\" content=\"felipelavinz\" \/>\n\t<meta name=\"twitter:label2\" content=\"Tiempo de lectura\" \/>\n\t<meta name=\"twitter:data2\" content=\"2 minutos\" \/>\n<script type=\"application\/ld+json\" class=\"yoast-schema-graph\">{\"@context\":\"https:\/\/schema.org\",\"@graph\":[{\"@type\":\"Article\",\"@id\":\"https:\/\/medicina.udd.cl\/centro-humanidades\/noticias\/2019\/08\/05\/literatura-y-viaje-elementos-constitutivos-de-la-vida\/#article\",\"isPartOf\":{\"@id\":\"https:\/\/medicina.udd.cl\/centro-humanidades\/noticias\/2019\/08\/05\/literatura-y-viaje-elementos-constitutivos-de-la-vida\/\"},\"author\":{\"name\":\"felipelavinz\",\"@id\":\"https:\/\/medicina.udd.cl\/centro-humanidades\/#\/schema\/person\/6cab0118546e2e503341d0c654105ac0\"},\"headline\":\"Literatura y Viaje: Elementos constitutivos de la vida\",\"datePublished\":\"2019-08-05T18:21:13+00:00\",\"dateModified\":\"2020-03-04T20:01:14+00:00\",\"mainEntityOfPage\":{\"@id\":\"https:\/\/medicina.udd.cl\/centro-humanidades\/noticias\/2019\/08\/05\/literatura-y-viaje-elementos-constitutivos-de-la-vida\/\"},\"wordCount\":310,\"commentCount\":0,\"image\":{\"@id\":\"https:\/\/medicina.udd.cl\/centro-humanidades\/noticias\/2019\/08\/05\/literatura-y-viaje-elementos-constitutivos-de-la-vida\/#primaryimage\"},\"thumbnailUrl\":\"https:\/\/medicina.udd.cl\/centro-humanidades\/files\/2019\/08\/IMG_9864-1.jpg\",\"articleSection\":[\"Centro de Humanidades\",\"Noticias\"],\"inLanguage\":\"es\",\"potentialAction\":[{\"@type\":\"CommentAction\",\"name\":\"Comment\",\"target\":[\"https:\/\/medicina.udd.cl\/centro-humanidades\/noticias\/2019\/08\/05\/literatura-y-viaje-elementos-constitutivos-de-la-vida\/#respond\"]}]},{\"@type\":\"WebPage\",\"@id\":\"https:\/\/medicina.udd.cl\/centro-humanidades\/noticias\/2019\/08\/05\/literatura-y-viaje-elementos-constitutivos-de-la-vida\/\",\"url\":\"https:\/\/medicina.udd.cl\/centro-humanidades\/noticias\/2019\/08\/05\/literatura-y-viaje-elementos-constitutivos-de-la-vida\/\",\"name\":\"Literatura y Viaje: Elementos constitutivos de la vida - Centro de Humanidades\",\"isPartOf\":{\"@id\":\"https:\/\/medicina.udd.cl\/centro-humanidades\/#website\"},\"primaryImageOfPage\":{\"@id\":\"https:\/\/medicina.udd.cl\/centro-humanidades\/noticias\/2019\/08\/05\/literatura-y-viaje-elementos-constitutivos-de-la-vida\/#primaryimage\"},\"image\":{\"@id\":\"https:\/\/medicina.udd.cl\/centro-humanidades\/noticias\/2019\/08\/05\/literatura-y-viaje-elementos-constitutivos-de-la-vida\/#primaryimage\"},\"thumbnailUrl\":\"https:\/\/medicina.udd.cl\/centro-humanidades\/files\/2019\/08\/IMG_9864-1.jpg\",\"datePublished\":\"2019-08-05T18:21:13+00:00\",\"dateModified\":\"2020-03-04T20:01:14+00:00\",\"author\":{\"@id\":\"https:\/\/medicina.udd.cl\/centro-humanidades\/#\/schema\/person\/6cab0118546e2e503341d0c654105ac0\"},\"breadcrumb\":{\"@id\":\"https:\/\/medicina.udd.cl\/centro-humanidades\/noticias\/2019\/08\/05\/literatura-y-viaje-elementos-constitutivos-de-la-vida\/#breadcrumb\"},\"inLanguage\":\"es\",\"potentialAction\":[{\"@type\":\"ReadAction\",\"target\":[\"https:\/\/medicina.udd.cl\/centro-humanidades\/noticias\/2019\/08\/05\/literatura-y-viaje-elementos-constitutivos-de-la-vida\/\"]}]},{\"@type\":\"ImageObject\",\"inLanguage\":\"es\",\"@id\":\"https:\/\/medicina.udd.cl\/centro-humanidades\/noticias\/2019\/08\/05\/literatura-y-viaje-elementos-constitutivos-de-la-vida\/#primaryimage\",\"url\":\"https:\/\/medicina.udd.cl\/centro-humanidades\/files\/2019\/08\/IMG_9864-1.jpg\",\"contentUrl\":\"https:\/\/medicina.udd.cl\/centro-humanidades\/files\/2019\/08\/IMG_9864-1.jpg\",\"width\":5184,\"height\":3456},{\"@type\":\"BreadcrumbList\",\"@id\":\"https:\/\/medicina.udd.cl\/centro-humanidades\/noticias\/2019\/08\/05\/literatura-y-viaje-elementos-constitutivos-de-la-vida\/#breadcrumb\",\"itemListElement\":[{\"@type\":\"ListItem\",\"position\":1,\"name\":\"Home\",\"item\":\"https:\/\/medicina.udd.cl\/centro-humanidades\/\"},{\"@type\":\"ListItem\",\"position\":2,\"name\":\"Literatura y Viaje: Elementos constitutivos de la vida\"}]},{\"@type\":\"WebSite\",\"@id\":\"https:\/\/medicina.udd.cl\/centro-humanidades\/#website\",\"url\":\"https:\/\/medicina.udd.cl\/centro-humanidades\/\",\"name\":\"Centro de Humanidades\",\"description\":\"Otro sitio m\u00e1s de Medicina\",\"potentialAction\":[{\"@type\":\"SearchAction\",\"target\":{\"@type\":\"EntryPoint\",\"urlTemplate\":\"https:\/\/medicina.udd.cl\/centro-humanidades\/?s={search_term_string}\"},\"query-input\":{\"@type\":\"PropertyValueSpecification\",\"valueRequired\":true,\"valueName\":\"search_term_string\"}}],\"inLanguage\":\"es\"},{\"@type\":\"Person\",\"@id\":\"https:\/\/medicina.udd.cl\/centro-humanidades\/#\/schema\/person\/6cab0118546e2e503341d0c654105ac0\",\"name\":\"felipelavinz\",\"image\":{\"@type\":\"ImageObject\",\"inLanguage\":\"es\",\"@id\":\"https:\/\/medicina.udd.cl\/centro-humanidades\/#\/schema\/person\/image\/\",\"url\":\"https:\/\/secure.gravatar.com\/avatar\/e9ce48243a282793c99a593d6995af1f36fc67767f115cd6c2ea498a3449ac91?s=96&d=mm&r=g\",\"contentUrl\":\"https:\/\/secure.gravatar.com\/avatar\/e9ce48243a282793c99a593d6995af1f36fc67767f115cd6c2ea498a3449ac91?s=96&d=mm&r=g\",\"caption\":\"felipelavinz\"},\"url\":\"https:\/\/medicina.udd.cl\/centro-humanidades\/noticias\/author\/felipelavinz\/\"}]}<\/script>\n<!-- \/ Yoast SEO plugin. -->","yoast_head_json":{"title":"Literatura y Viaje: Elementos constitutivos de la vida - Centro de Humanidades","robots":{"index":"index","follow":"follow","max-snippet":"max-snippet:-1","max-image-preview":"max-image-preview:large","max-video-preview":"max-video-preview:-1"},"canonical":"https:\/\/medicina.udd.cl\/centro-humanidades\/noticias\/2019\/08\/05\/literatura-y-viaje-elementos-constitutivos-de-la-vida\/","og_locale":"es_ES","og_type":"article","og_title":"Literatura y Viaje: Elementos constitutivos de la vida - Centro de Humanidades","og_description":"En el quinto coloquio de Humanidades realizado en el hospital Padre Hurtado, la especialista en Literatura espa\u00f1ola y europea del siglo XVIII, Ana Mar\u00eda Maza, realiz\u00f3 un recorrido por diversas obras literarias, explicando la importancia del viaje como elemento constitutivo de la vida","og_url":"https:\/\/medicina.udd.cl\/centro-humanidades\/noticias\/2019\/08\/05\/literatura-y-viaje-elementos-constitutivos-de-la-vida\/","og_site_name":"Centro de Humanidades","article_published_time":"2019-08-05T18:21:13+00:00","article_modified_time":"2020-03-04T20:01:14+00:00","og_image":[{"width":1024,"height":683,"url":"https:\/\/medicina.udd.cl\/centro-humanidades\/files\/2019\/08\/IMG_9864-1-1024x683.jpg","type":"image\/jpeg"}],"author":"felipelavinz","twitter_misc":{"Escrito por":"felipelavinz","Tiempo de lectura":"2 minutos"},"schema":{"@context":"https:\/\/schema.org","@graph":[{"@type":"Article","@id":"https:\/\/medicina.udd.cl\/centro-humanidades\/noticias\/2019\/08\/05\/literatura-y-viaje-elementos-constitutivos-de-la-vida\/#article","isPartOf":{"@id":"https:\/\/medicina.udd.cl\/centro-humanidades\/noticias\/2019\/08\/05\/literatura-y-viaje-elementos-constitutivos-de-la-vida\/"},"author":{"name":"felipelavinz","@id":"https:\/\/medicina.udd.cl\/centro-humanidades\/#\/schema\/person\/6cab0118546e2e503341d0c654105ac0"},"headline":"Literatura y Viaje: Elementos constitutivos de la vida","datePublished":"2019-08-05T18:21:13+00:00","dateModified":"2020-03-04T20:01:14+00:00","mainEntityOfPage":{"@id":"https:\/\/medicina.udd.cl\/centro-humanidades\/noticias\/2019\/08\/05\/literatura-y-viaje-elementos-constitutivos-de-la-vida\/"},"wordCount":310,"commentCount":0,"image":{"@id":"https:\/\/medicina.udd.cl\/centro-humanidades\/noticias\/2019\/08\/05\/literatura-y-viaje-elementos-constitutivos-de-la-vida\/#primaryimage"},"thumbnailUrl":"https:\/\/medicina.udd.cl\/centro-humanidades\/files\/2019\/08\/IMG_9864-1.jpg","articleSection":["Centro de Humanidades","Noticias"],"inLanguage":"es","potentialAction":[{"@type":"CommentAction","name":"Comment","target":["https:\/\/medicina.udd.cl\/centro-humanidades\/noticias\/2019\/08\/05\/literatura-y-viaje-elementos-constitutivos-de-la-vida\/#respond"]}]},{"@type":"WebPage","@id":"https:\/\/medicina.udd.cl\/centro-humanidades\/noticias\/2019\/08\/05\/literatura-y-viaje-elementos-constitutivos-de-la-vida\/","url":"https:\/\/medicina.udd.cl\/centro-humanidades\/noticias\/2019\/08\/05\/literatura-y-viaje-elementos-constitutivos-de-la-vida\/","name":"Literatura y Viaje: Elementos constitutivos de la vida - Centro de Humanidades","isPartOf":{"@id":"https:\/\/medicina.udd.cl\/centro-humanidades\/#website"},"primaryImageOfPage":{"@id":"https:\/\/medicina.udd.cl\/centro-humanidades\/noticias\/2019\/08\/05\/literatura-y-viaje-elementos-constitutivos-de-la-vida\/#primaryimage"},"image":{"@id":"https:\/\/medicina.udd.cl\/centro-humanidades\/noticias\/2019\/08\/05\/literatura-y-viaje-elementos-constitutivos-de-la-vida\/#primaryimage"},"thumbnailUrl":"https:\/\/medicina.udd.cl\/centro-humanidades\/files\/2019\/08\/IMG_9864-1.jpg","datePublished":"2019-08-05T18:21:13+00:00","dateModified":"2020-03-04T20:01:14+00:00","author":{"@id":"https:\/\/medicina.udd.cl\/centro-humanidades\/#\/schema\/person\/6cab0118546e2e503341d0c654105ac0"},"breadcrumb":{"@id":"https:\/\/medicina.udd.cl\/centro-humanidades\/noticias\/2019\/08\/05\/literatura-y-viaje-elementos-constitutivos-de-la-vida\/#breadcrumb"},"inLanguage":"es","potentialAction":[{"@type":"ReadAction","target":["https:\/\/medicina.udd.cl\/centro-humanidades\/noticias\/2019\/08\/05\/literatura-y-viaje-elementos-constitutivos-de-la-vida\/"]}]},{"@type":"ImageObject","inLanguage":"es","@id":"https:\/\/medicina.udd.cl\/centro-humanidades\/noticias\/2019\/08\/05\/literatura-y-viaje-elementos-constitutivos-de-la-vida\/#primaryimage","url":"https:\/\/medicina.udd.cl\/centro-humanidades\/files\/2019\/08\/IMG_9864-1.jpg","contentUrl":"https:\/\/medicina.udd.cl\/centro-humanidades\/files\/2019\/08\/IMG_9864-1.jpg","width":5184,"height":3456},{"@type":"BreadcrumbList","@id":"https:\/\/medicina.udd.cl\/centro-humanidades\/noticias\/2019\/08\/05\/literatura-y-viaje-elementos-constitutivos-de-la-vida\/#breadcrumb","itemListElement":[{"@type":"ListItem","position":1,"name":"Home","item":"https:\/\/medicina.udd.cl\/centro-humanidades\/"},{"@type":"ListItem","position":2,"name":"Literatura y Viaje: Elementos constitutivos de la vida"}]},{"@type":"WebSite","@id":"https:\/\/medicina.udd.cl\/centro-humanidades\/#website","url":"https:\/\/medicina.udd.cl\/centro-humanidades\/","name":"Centro de Humanidades","description":"Otro sitio m\u00e1s de Medicina","potentialAction":[{"@type":"SearchAction","target":{"@type":"EntryPoint","urlTemplate":"https:\/\/medicina.udd.cl\/centro-humanidades\/?s={search_term_string}"},"query-input":{"@type":"PropertyValueSpecification","valueRequired":true,"valueName":"search_term_string"}}],"inLanguage":"es"},{"@type":"Person","@id":"https:\/\/medicina.udd.cl\/centro-humanidades\/#\/schema\/person\/6cab0118546e2e503341d0c654105ac0","name":"felipelavinz","image":{"@type":"ImageObject","inLanguage":"es","@id":"https:\/\/medicina.udd.cl\/centro-humanidades\/#\/schema\/person\/image\/","url":"https:\/\/secure.gravatar.com\/avatar\/e9ce48243a282793c99a593d6995af1f36fc67767f115cd6c2ea498a3449ac91?s=96&d=mm&r=g","contentUrl":"https:\/\/secure.gravatar.com\/avatar\/e9ce48243a282793c99a593d6995af1f36fc67767f115cd6c2ea498a3449ac91?s=96&d=mm&r=g","caption":"felipelavinz"},"url":"https:\/\/medicina.udd.cl\/centro-humanidades\/noticias\/author\/felipelavinz\/"}]}},"_links":{"self":[{"href":"https:\/\/medicina.udd.cl\/centro-humanidades\/wp-json\/wp\/v2\/posts\/3103","targetHints":{"allow":["GET"]}}],"collection":[{"href":"https:\/\/medicina.udd.cl\/centro-humanidades\/wp-json\/wp\/v2\/posts"}],"about":[{"href":"https:\/\/medicina.udd.cl\/centro-humanidades\/wp-json\/wp\/v2\/types\/post"}],"author":[{"embeddable":true,"href":"https:\/\/medicina.udd.cl\/centro-humanidades\/wp-json\/wp\/v2\/users\/9192209"}],"replies":[{"embeddable":true,"href":"https:\/\/medicina.udd.cl\/centro-humanidades\/wp-json\/wp\/v2\/comments?post=3103"}],"version-history":[{"count":1,"href":"https:\/\/medicina.udd.cl\/centro-humanidades\/wp-json\/wp\/v2\/posts\/3103\/revisions"}],"predecessor-version":[{"id":3273,"href":"https:\/\/medicina.udd.cl\/centro-humanidades\/wp-json\/wp\/v2\/posts\/3103\/revisions\/3273"}],"wp:featuredmedia":[{"embeddable":true,"href":"https:\/\/medicina.udd.cl\/centro-humanidades\/wp-json\/wp\/v2\/media\/3110"}],"wp:attachment":[{"href":"https:\/\/medicina.udd.cl\/centro-humanidades\/wp-json\/wp\/v2\/media?parent=3103"}],"wp:term":[{"taxonomy":"category","embeddable":true,"href":"https:\/\/medicina.udd.cl\/centro-humanidades\/wp-json\/wp\/v2\/categories?post=3103"},{"taxonomy":"post_tag","embeddable":true,"href":"https:\/\/medicina.udd.cl\/centro-humanidades\/wp-json\/wp\/v2\/tags?post=3103"}],"curies":[{"name":"wp","href":"https:\/\/api.w.org\/{rel}","templated":true}]}}