{"id":3115,"date":"2019-08-09T09:29:35","date_gmt":"2019-08-09T13:29:35","guid":{"rendered":"http:\/\/medicina.udd.cl\/centro-humanidades\/?p=3115"},"modified":"2020-03-04T17:01:14","modified_gmt":"2020-03-04T20:01:14","slug":"ganadores-del-concurso-artistico-literario-exponen-sus-obras-en-la-galeria-espacio-o","status":"publish","type":"post","link":"https:\/\/medicina.udd.cl\/centro-humanidades\/noticias\/2019\/08\/09\/ganadores-del-concurso-artistico-literario-exponen-sus-obras-en-la-galeria-espacio-o\/","title":{"rendered":"Ganadores del Concurso Art\u00edstico y Literario exponen sus obras en la galer\u00eda Espacio \u00abO\u2019\u2019"},"content":{"rendered":"<p><div class=\"gallery gallery-post\" id=\"gallery-3115-1\"><div class=\"gallery-post-feature gallery-item\"><\/div><div class=\"gallery-carousel\"><div id=\"nav-post-gallery-gallery-3115-1\" class=\"crsl-nav\"><a href=\"#\" class=\"previous icon icon-caret-left\"><\/a><a href=\"#\" class=\"next icon icon-caret-right\"><\/a><\/div><div id=\"post-gallery-gallery-3115-1\" class=\"crsl-items\" data-navigation=\"nav-post-gallery-gallery-3115-1\" data-crsl='{ \"visible\": 4, \"itemMargin\": 10 }'><div class=\"crsl-wrap\"><figure class=\"gallery-item crsl-item crsl-active\"><a href=\"https:\/\/medicina.udd.cl\/centro-humanidades\/files\/2019\/08\/IMG_0013-1-660x430.jpg\" title=\"IMG_0013\" class=\"gallery-thumb\" id=\"thumbnail-3116-0\" data-full-url=\"https:\/\/medicina.udd.cl\/centro-humanidades\/files\/2019\/08\/IMG_0013-1.jpg\"><img decoding=\"async\" src=\"https:\/\/medicina.udd.cl\/centro-humanidades\/files\/2019\/08\/IMG_0013-1-125x80.jpg\" class=\"full-width\" alt=\"IMG_0013\"><\/a><\/figure><figure class=\"gallery-item crsl-item\"><a href=\"https:\/\/medicina.udd.cl\/centro-humanidades\/files\/2019\/08\/IMG_0020-1-660x430.jpg\" title=\"IMG_0020\" class=\"gallery-thumb\" id=\"thumbnail-3117-1\" data-full-url=\"https:\/\/medicina.udd.cl\/centro-humanidades\/files\/2019\/08\/IMG_0020-1.jpg\"><img decoding=\"async\" src=\"https:\/\/medicina.udd.cl\/centro-humanidades\/files\/2019\/08\/IMG_0020-1-125x80.jpg\" class=\"full-width\" alt=\"IMG_0020\"><\/a><\/figure><figure class=\"gallery-item crsl-item\"><a href=\"https:\/\/medicina.udd.cl\/centro-humanidades\/files\/2019\/08\/IMG_0022-1-660x430.jpg\" title=\"IMG_0022\" class=\"gallery-thumb\" id=\"thumbnail-3118-2\" data-full-url=\"https:\/\/medicina.udd.cl\/centro-humanidades\/files\/2019\/08\/IMG_0022-1.jpg\"><img decoding=\"async\" src=\"https:\/\/medicina.udd.cl\/centro-humanidades\/files\/2019\/08\/IMG_0022-1-125x80.jpg\" class=\"full-width\" alt=\"IMG_0022\"><\/a><\/figure><figure class=\"gallery-item crsl-item\"><a href=\"https:\/\/medicina.udd.cl\/centro-humanidades\/files\/2019\/08\/IMG_0025-1-660x430.jpg\" title=\"IMG_0025\" class=\"gallery-thumb\" id=\"thumbnail-3119-3\" data-full-url=\"https:\/\/medicina.udd.cl\/centro-humanidades\/files\/2019\/08\/IMG_0025-1.jpg\"><img decoding=\"async\" src=\"https:\/\/medicina.udd.cl\/centro-humanidades\/files\/2019\/08\/IMG_0025-1-125x80.jpg\" class=\"full-width\" alt=\"IMG_0025\"><\/a><\/figure><figure class=\"gallery-item crsl-item\"><a href=\"https:\/\/medicina.udd.cl\/centro-humanidades\/files\/2019\/08\/IMG_0031-1-660x430.jpg\" title=\"IMG_0031\" class=\"gallery-thumb\" id=\"thumbnail-3120-4\" data-full-url=\"https:\/\/medicina.udd.cl\/centro-humanidades\/files\/2019\/08\/IMG_0031-1.jpg\"><img decoding=\"async\" src=\"https:\/\/medicina.udd.cl\/centro-humanidades\/files\/2019\/08\/IMG_0031-1-125x80.jpg\" class=\"full-width\" alt=\"IMG_0031\"><\/a><\/figure><figure class=\"gallery-item crsl-item\"><a href=\"https:\/\/medicina.udd.cl\/centro-humanidades\/files\/2019\/08\/IMG_0034-1-660x430.jpg\" title=\"IMG_0034\" class=\"gallery-thumb\" id=\"thumbnail-3121-5\" data-full-url=\"https:\/\/medicina.udd.cl\/centro-humanidades\/files\/2019\/08\/IMG_0034-1.jpg\"><img decoding=\"async\" src=\"https:\/\/medicina.udd.cl\/centro-humanidades\/files\/2019\/08\/IMG_0034-1-125x80.jpg\" class=\"full-width\" alt=\"IMG_0034\"><\/a><\/figure><figure class=\"gallery-item crsl-item\"><a href=\"https:\/\/medicina.udd.cl\/centro-humanidades\/files\/2019\/08\/IMG_0045-1-660x430.jpg\" title=\"IMG_0045\" class=\"gallery-thumb\" id=\"thumbnail-3122-6\" data-full-url=\"https:\/\/medicina.udd.cl\/centro-humanidades\/files\/2019\/08\/IMG_0045-1.jpg\"><img decoding=\"async\" src=\"https:\/\/medicina.udd.cl\/centro-humanidades\/files\/2019\/08\/IMG_0045-1-125x80.jpg\" class=\"full-width\" alt=\"IMG_0045\"><\/a><\/figure><figure class=\"gallery-item crsl-item\"><a href=\"https:\/\/medicina.udd.cl\/centro-humanidades\/files\/2019\/08\/IMG_0050-1-660x430.jpg\" title=\"IMG_0050\" class=\"gallery-thumb\" id=\"thumbnail-3123-7\" data-full-url=\"https:\/\/medicina.udd.cl\/centro-humanidades\/files\/2019\/08\/IMG_0050-1.jpg\"><img decoding=\"async\" src=\"https:\/\/medicina.udd.cl\/centro-humanidades\/files\/2019\/08\/IMG_0050-1-125x80.jpg\" class=\"full-width\" alt=\"IMG_0050\"><\/a><\/figure><figure class=\"gallery-item crsl-item\"><a href=\"https:\/\/medicina.udd.cl\/centro-humanidades\/files\/2019\/08\/IMG_0054-1-660x430.jpg\" title=\"IMG_0054\" class=\"gallery-thumb\" id=\"thumbnail-3124-8\" data-full-url=\"https:\/\/medicina.udd.cl\/centro-humanidades\/files\/2019\/08\/IMG_0054-1.jpg\"><img decoding=\"async\" src=\"https:\/\/medicina.udd.cl\/centro-humanidades\/files\/2019\/08\/IMG_0054-1-125x80.jpg\" class=\"full-width\" alt=\"IMG_0054\"><\/a><\/figure><figure class=\"gallery-item crsl-item\"><a href=\"https:\/\/medicina.udd.cl\/centro-humanidades\/files\/2019\/08\/IMG_0056-1-660x430.jpg\" title=\"IMG_0056\" class=\"gallery-thumb\" id=\"thumbnail-3125-9\" data-full-url=\"https:\/\/medicina.udd.cl\/centro-humanidades\/files\/2019\/08\/IMG_0056-1.jpg\"><img decoding=\"async\" src=\"https:\/\/medicina.udd.cl\/centro-humanidades\/files\/2019\/08\/IMG_0056-1-125x80.jpg\" class=\"full-width\" alt=\"IMG_0056\"><\/a><\/figure><figure class=\"gallery-item crsl-item\"><a href=\"https:\/\/medicina.udd.cl\/centro-humanidades\/files\/2019\/08\/IMG_0071-1-660x430.jpg\" title=\"IMG_0071\" class=\"gallery-thumb\" id=\"thumbnail-3126-10\" data-full-url=\"https:\/\/medicina.udd.cl\/centro-humanidades\/files\/2019\/08\/IMG_0071-1.jpg\"><img decoding=\"async\" src=\"https:\/\/medicina.udd.cl\/centro-humanidades\/files\/2019\/08\/IMG_0071-1-125x80.jpg\" class=\"full-width\" alt=\"IMG_0071\"><\/a><\/figure><figure class=\"gallery-item crsl-item\"><a href=\"https:\/\/medicina.udd.cl\/centro-humanidades\/files\/2019\/08\/IMG_0105-1-660x430.jpg\" title=\"IMG_0105\" class=\"gallery-thumb\" id=\"thumbnail-3127-11\" data-full-url=\"https:\/\/medicina.udd.cl\/centro-humanidades\/files\/2019\/08\/IMG_0105-1.jpg\"><img decoding=\"async\" src=\"https:\/\/medicina.udd.cl\/centro-humanidades\/files\/2019\/08\/IMG_0105-1-125x80.jpg\" class=\"full-width\" alt=\"IMG_0105\"><\/a><\/figure><figure class=\"gallery-item crsl-item\"><a href=\"https:\/\/medicina.udd.cl\/centro-humanidades\/files\/2019\/08\/IMG_0107-1-660x430.jpg\" title=\"IMG_0107\" class=\"gallery-thumb\" id=\"thumbnail-3128-12\" data-full-url=\"https:\/\/medicina.udd.cl\/centro-humanidades\/files\/2019\/08\/IMG_0107-1.jpg\"><img decoding=\"async\" src=\"https:\/\/medicina.udd.cl\/centro-humanidades\/files\/2019\/08\/IMG_0107-1-125x80.jpg\" class=\"full-width\" alt=\"IMG_0107\"><\/a><\/figure><figure class=\"gallery-item crsl-item\"><a href=\"https:\/\/medicina.udd.cl\/centro-humanidades\/files\/2019\/08\/IMG_0261-1-660x430.jpg\" title=\"IMG_0261\" class=\"gallery-thumb\" id=\"thumbnail-3138-13\" data-full-url=\"https:\/\/medicina.udd.cl\/centro-humanidades\/files\/2019\/08\/IMG_0261-1.jpg\"><img decoding=\"async\" src=\"https:\/\/medicina.udd.cl\/centro-humanidades\/files\/2019\/08\/IMG_0261-1-125x80.jpg\" class=\"full-width\" alt=\"IMG_0261\"><\/a><\/figure><figure class=\"gallery-item crsl-item\"><a href=\"https:\/\/medicina.udd.cl\/centro-humanidades\/files\/2019\/08\/IMG_0281-1-660x430.jpg\" title=\"IMG_0281\" class=\"gallery-thumb\" id=\"thumbnail-3139-14\" data-full-url=\"https:\/\/medicina.udd.cl\/centro-humanidades\/files\/2019\/08\/IMG_0281-1.jpg\"><img decoding=\"async\" src=\"https:\/\/medicina.udd.cl\/centro-humanidades\/files\/2019\/08\/IMG_0281-1-125x80.jpg\" class=\"full-width\" alt=\"IMG_0281\"><\/a><\/figure><figure class=\"gallery-item crsl-item\"><a href=\"https:\/\/medicina.udd.cl\/centro-humanidades\/files\/2019\/08\/IMG_0270-1-660x430.jpg\" title=\"IMG_0270\" class=\"gallery-thumb\" id=\"thumbnail-3143-15\" data-full-url=\"https:\/\/medicina.udd.cl\/centro-humanidades\/files\/2019\/08\/IMG_0270-1.jpg\"><img decoding=\"async\" src=\"https:\/\/medicina.udd.cl\/centro-humanidades\/files\/2019\/08\/IMG_0270-1-125x80.jpg\" class=\"full-width\" alt=\"IMG_0270\"><\/a><\/figure><figure class=\"gallery-item crsl-item\"><a href=\"https:\/\/medicina.udd.cl\/centro-humanidades\/files\/2019\/08\/IMG_0111-1-660x430.jpg\" title=\"IMG_0111\" class=\"gallery-thumb\" id=\"thumbnail-3129-16\" data-full-url=\"https:\/\/medicina.udd.cl\/centro-humanidades\/files\/2019\/08\/IMG_0111-1.jpg\"><img decoding=\"async\" src=\"https:\/\/medicina.udd.cl\/centro-humanidades\/files\/2019\/08\/IMG_0111-1-125x80.jpg\" class=\"full-width\" alt=\"IMG_0111\"><\/a><\/figure><figure class=\"gallery-item crsl-item\"><a href=\"https:\/\/medicina.udd.cl\/centro-humanidades\/files\/2019\/08\/IMG_0114-1-660x430.jpg\" title=\"IMG_0114\" class=\"gallery-thumb\" id=\"thumbnail-3130-17\" data-full-url=\"https:\/\/medicina.udd.cl\/centro-humanidades\/files\/2019\/08\/IMG_0114-1.jpg\"><img decoding=\"async\" src=\"https:\/\/medicina.udd.cl\/centro-humanidades\/files\/2019\/08\/IMG_0114-1-125x80.jpg\" class=\"full-width\" alt=\"IMG_0114\"><\/a><\/figure><figure class=\"gallery-item crsl-item\"><a href=\"https:\/\/medicina.udd.cl\/centro-humanidades\/files\/2019\/08\/IMG_0119-1-660x430.jpg\" title=\"IMG_0119\" class=\"gallery-thumb\" id=\"thumbnail-3131-18\" data-full-url=\"https:\/\/medicina.udd.cl\/centro-humanidades\/files\/2019\/08\/IMG_0119-1.jpg\"><img decoding=\"async\" src=\"https:\/\/medicina.udd.cl\/centro-humanidades\/files\/2019\/08\/IMG_0119-1-125x80.jpg\" class=\"full-width\" alt=\"IMG_0119\"><\/a><\/figure><figure class=\"gallery-item crsl-item\"><a href=\"https:\/\/medicina.udd.cl\/centro-humanidades\/files\/2019\/08\/IMG_0184-1-660x430.jpg\" title=\"IMG_0184\" class=\"gallery-thumb\" id=\"thumbnail-3133-19\" data-full-url=\"https:\/\/medicina.udd.cl\/centro-humanidades\/files\/2019\/08\/IMG_0184-1.jpg\"><img decoding=\"async\" src=\"https:\/\/medicina.udd.cl\/centro-humanidades\/files\/2019\/08\/IMG_0184-1-125x80.jpg\" class=\"full-width\" alt=\"IMG_0184\"><\/a><\/figure><figure class=\"gallery-item crsl-item\"><a href=\"https:\/\/medicina.udd.cl\/centro-humanidades\/files\/2019\/08\/IMG_0164-1-660x430.jpg\" title=\"IMG_0164\" class=\"gallery-thumb\" id=\"thumbnail-3132-20\" data-full-url=\"https:\/\/medicina.udd.cl\/centro-humanidades\/files\/2019\/08\/IMG_0164-1.jpg\"><img decoding=\"async\" src=\"https:\/\/medicina.udd.cl\/centro-humanidades\/files\/2019\/08\/IMG_0164-1-125x80.jpg\" class=\"full-width\" alt=\"IMG_0164\"><\/a><\/figure><figure class=\"gallery-item crsl-item\"><a href=\"https:\/\/medicina.udd.cl\/centro-humanidades\/files\/2019\/08\/IMG_0194-1-660x430.jpg\" title=\"IMG_0194\" class=\"gallery-thumb\" id=\"thumbnail-3134-21\" data-full-url=\"https:\/\/medicina.udd.cl\/centro-humanidades\/files\/2019\/08\/IMG_0194-1.jpg\"><img decoding=\"async\" src=\"https:\/\/medicina.udd.cl\/centro-humanidades\/files\/2019\/08\/IMG_0194-1-125x80.jpg\" class=\"full-width\" alt=\"IMG_0194\"><\/a><\/figure><figure class=\"gallery-item crsl-item\"><a href=\"https:\/\/medicina.udd.cl\/centro-humanidades\/files\/2019\/08\/IMG_0220-1-660x430.jpg\" title=\"IMG_0220\" class=\"gallery-thumb\" id=\"thumbnail-3135-22\" data-full-url=\"https:\/\/medicina.udd.cl\/centro-humanidades\/files\/2019\/08\/IMG_0220-1.jpg\"><img decoding=\"async\" src=\"https:\/\/medicina.udd.cl\/centro-humanidades\/files\/2019\/08\/IMG_0220-1-125x80.jpg\" class=\"full-width\" alt=\"IMG_0220\"><\/a><\/figure><figure class=\"gallery-item crsl-item\"><a href=\"https:\/\/medicina.udd.cl\/centro-humanidades\/files\/2019\/08\/IMG_0245-1-660x430.jpg\" title=\"IMG_0245\" class=\"gallery-thumb\" id=\"thumbnail-3136-23\" data-full-url=\"https:\/\/medicina.udd.cl\/centro-humanidades\/files\/2019\/08\/IMG_0245-1.jpg\"><img decoding=\"async\" src=\"https:\/\/medicina.udd.cl\/centro-humanidades\/files\/2019\/08\/IMG_0245-1-125x80.jpg\" class=\"full-width\" alt=\"IMG_0245\"><\/a><\/figure><figure class=\"gallery-item crsl-item\"><a href=\"https:\/\/medicina.udd.cl\/centro-humanidades\/files\/2019\/08\/IMG_0257-1-660x430.jpg\" title=\"IMG_0257\" class=\"gallery-thumb\" id=\"thumbnail-3137-24\" data-full-url=\"https:\/\/medicina.udd.cl\/centro-humanidades\/files\/2019\/08\/IMG_0257-1.jpg\"><img decoding=\"async\" src=\"https:\/\/medicina.udd.cl\/centro-humanidades\/files\/2019\/08\/IMG_0257-1-125x80.jpg\" class=\"full-width\" alt=\"IMG_0257\"><\/a><\/figure><\/div><\/div><\/div><\/div><br \/>\nEn una ceremonia realizada en la galer\u00eda de arte Espacio O del Barrio Lastarria se llev\u00f3 a cabo la premiaci\u00f3n de la novena versi\u00f3n del Concurso Art\u00edstico y Literario 2019, actividad organizada por el Centro de Humanidades de la Facultad de Medicina CAS-UDD, en colaboraci\u00f3n con el Instituto de Humanidades y donde participaron estudiantes, docentes y colaboradores de las distintas facultades de la UDD.<br \/>\nTodas las obras ganadoras, en las categor\u00edas de fotograf\u00eda, pintura o dibujo, escultura, cuento y poes\u00eda, llevaban por tema central \u201cEl viaje\u201d y fueron expuestas en la galer\u00eda el d\u00eda de la premiaci\u00f3n, lo cual result\u00f3 muy gratificante para los participantes.<br \/>\nEn este contexto, la directora del Centro de Humanidades, Susana D\u00f6rr, junto al director del Instituto de Humanidades, Guido Larson, destacaron el alcance del certamen, reiterando que este tipo de proyectos son fundamentales para alcanzar los objetivos de la UDD.<br \/>\nAsimismo, se agradeci\u00f3 la colaboraci\u00f3n del jurado, integrado por \u00d3scar Mackenney, vicedecano de la Facultad de Arquitectura y Arte UDD; Fernando G\u00f3mez, fot\u00f3grafo y docente de la carrera de Periodismo UDD; Cristi\u00e1n Barros, abogado, escritor y docente UDD; y el pintor Juan Subercaseaux.<br \/>\nEntre los ganadores se encuentra obras realizadas por funcionarios de la Facultad, estudiantes de distintas Carreras, colaboradores y administrativo de la UDD.<br \/>\nCATEGOR\u00cdA CUENTO:<\/p>\n<ol>\n<li>Primer lugar: \u00cdtalo Von Marttens &#8211; Obra: \u201cReencuentro consigo\u201d<\/li>\n<li>Segundo lugar: Antonia Corre \u2013 Obra: \u201cVacivus\u201d<\/li>\n<li>Tercer lugar: Tatiana Numerosky \u2013 Obra: \u201cEl destino final\u201d<\/li>\n<li>Menci\u00f3n Honrosa: Eduardo Graells \u2013 Obra: \u201cVolantines y Fogatadas\u201d<\/li>\n<li>Menci\u00f3n Honrosa: Gigiola Parodi \u2013 Obra: \u00abUna historia a trav\u00e9s de sue\u00f1os\u00bb<\/li>\n<li>Menci\u00f3n Honrosa: Camila Herrera &#8211; Obra: \u00abDescenso a la locura\u00bb<\/li>\n<\/ol>\n<p>CATEGOR\u00cdA POES\u00cdA:<\/p>\n<ol>\n<li>Primer lugar: Mar\u00eda Cristina Silva M\u00e9ndez \u2013 Obra: \u201cEn Tr\u00e1nsito\u201d<\/li>\n<li>Segundo lugar: Dominique Perramont \u2013 Obra: \u201cEl viaje de un ser incompleto\u201d<\/li>\n<li>Tercer lugar: Javiera Paz Ciudad \u2013 Obra: \u201cViajar en c\u00edrculos\u201d<\/li>\n<li>Menci\u00f3n Honrosa: Rafael G\u00fazman \u2013 Obra: \u201cGobierno\u201d<\/li>\n<\/ol>\n<p>CATEGOR\u00cdA PINTURA O DIBUJO:<\/p>\n<ol>\n<li>Primer lugar: Bettina Baus \u2013 Obra: \u201cTr\u00e1nsito, inspirado en fotograf\u00eda de Charles Furlong\u201d<\/li>\n<li>Premio destacado (otro formato): Anthony, Mcinneny \u2013 Obra: \u201cThe first vehicle of war\u201d intervenci\u00f3n en autopista viaje<\/li>\n<\/ol>\n<p>CATEGOR\u00cdA ESCULTURA:<\/p>\n<ol>\n<li>Menci\u00f3n especial: \u00d3scar Fertilio \u2013 Obra: \u201cAvanti, sempre avanti\u201d<\/li>\n<\/ol>\n<p>CATEGOR\u00cdA FOTOGRAF\u00cdA:<\/p>\n<ol>\n<li>Primer lugar: Valentina Belmar \u2013 Obra: \u201cViaje ancestral del guerrero de terracota\u201d<\/li>\n<li>Segundo lugar: Javiera Bellolio \u2013 Obra: \u201cCamino a la polinizaci\u00f3n\u201d<\/li>\n<li>Tercer lugar: Arturo M\u00e1rquez Correa \u2013 Obra: \u201cCayos de Florida, un sue\u00f1o dorado\u201d<\/li>\n<\/ol>\n<p>&nbsp;<\/p>\n","protected":false},"excerpt":{"rendered":"<p>Estudiantes, docentes y colaboradores de la UDD participaron en este ya tradicional concurso, que esta vez, ten\u00eda como tema central \u201cEl viaje\u201d<\/p>\n","protected":false},"author":9192209,"featured_media":3137,"comment_status":"open","ping_status":"open","sticky":false,"template":"","format":"standard","meta":{"footnotes":""},"categories":[15185,4],"tags":[],"class_list":["post-3115","post","type-post","status-publish","format-standard","has-post-thumbnail","hentry","category-centro-de-humanidades","category-noticias"],"yoast_head":"<!-- This site is optimized with the Yoast SEO plugin v26.9 - https:\/\/yoast.com\/product\/yoast-seo-wordpress\/ -->\n<title>Ganadores del Concurso Art\u00edstico y Literario exponen sus obras en la galer\u00eda Espacio &quot;O\u2019\u2019 - Centro de Humanidades<\/title>\n<meta name=\"robots\" content=\"index, follow, max-snippet:-1, max-image-preview:large, max-video-preview:-1\" \/>\n<link rel=\"canonical\" href=\"https:\/\/medicina.udd.cl\/centro-humanidades\/noticias\/2019\/08\/09\/ganadores-del-concurso-artistico-literario-exponen-sus-obras-en-la-galeria-espacio-o\/\" \/>\n<meta property=\"og:locale\" content=\"es_ES\" \/>\n<meta property=\"og:type\" content=\"article\" \/>\n<meta property=\"og:title\" content=\"Ganadores del Concurso Art\u00edstico y Literario exponen sus obras en la galer\u00eda Espacio &quot;O\u2019\u2019 - Centro de Humanidades\" \/>\n<meta property=\"og:description\" content=\"Estudiantes, docentes y colaboradores de la UDD participaron en este ya tradicional concurso, que esta vez, ten\u00eda como tema central \u201cEl viaje\u201d\" \/>\n<meta property=\"og:url\" content=\"https:\/\/medicina.udd.cl\/centro-humanidades\/noticias\/2019\/08\/09\/ganadores-del-concurso-artistico-literario-exponen-sus-obras-en-la-galeria-espacio-o\/\" \/>\n<meta property=\"og:site_name\" content=\"Centro de Humanidades\" \/>\n<meta property=\"article:published_time\" content=\"2019-08-09T13:29:35+00:00\" \/>\n<meta property=\"article:modified_time\" content=\"2020-03-04T20:01:14+00:00\" \/>\n<meta property=\"og:image\" content=\"https:\/\/medicina.udd.cl\/centro-humanidades\/files\/2019\/08\/IMG_0257-1.jpg\" \/>\n\t<meta property=\"og:image:width\" content=\"3104\" \/>\n\t<meta property=\"og:image:height\" content=\"2552\" \/>\n\t<meta property=\"og:image:type\" content=\"image\/jpeg\" \/>\n<meta name=\"author\" content=\"felipelavinz\" \/>\n<meta name=\"twitter:label1\" content=\"Escrito por\" \/>\n\t<meta name=\"twitter:data1\" content=\"felipelavinz\" \/>\n\t<meta name=\"twitter:label2\" content=\"Tiempo de lectura\" \/>\n\t<meta name=\"twitter:data2\" content=\"2 minutos\" \/>\n<script type=\"application\/ld+json\" class=\"yoast-schema-graph\">{\"@context\":\"https:\/\/schema.org\",\"@graph\":[{\"@type\":\"Article\",\"@id\":\"https:\/\/medicina.udd.cl\/centro-humanidades\/noticias\/2019\/08\/09\/ganadores-del-concurso-artistico-literario-exponen-sus-obras-en-la-galeria-espacio-o\/#article\",\"isPartOf\":{\"@id\":\"https:\/\/medicina.udd.cl\/centro-humanidades\/noticias\/2019\/08\/09\/ganadores-del-concurso-artistico-literario-exponen-sus-obras-en-la-galeria-espacio-o\/\"},\"author\":{\"name\":\"felipelavinz\",\"@id\":\"https:\/\/medicina.udd.cl\/centro-humanidades\/#\/schema\/person\/6cab0118546e2e503341d0c654105ac0\"},\"headline\":\"Ganadores del Concurso Art\u00edstico y Literario exponen sus obras en la galer\u00eda Espacio \u00abO\u2019\u2019\",\"datePublished\":\"2019-08-09T13:29:35+00:00\",\"dateModified\":\"2020-03-04T20:01:14+00:00\",\"mainEntityOfPage\":{\"@id\":\"https:\/\/medicina.udd.cl\/centro-humanidades\/noticias\/2019\/08\/09\/ganadores-del-concurso-artistico-literario-exponen-sus-obras-en-la-galeria-espacio-o\/\"},\"wordCount\":436,\"commentCount\":0,\"image\":{\"@id\":\"https:\/\/medicina.udd.cl\/centro-humanidades\/noticias\/2019\/08\/09\/ganadores-del-concurso-artistico-literario-exponen-sus-obras-en-la-galeria-espacio-o\/#primaryimage\"},\"thumbnailUrl\":\"https:\/\/medicina.udd.cl\/centro-humanidades\/files\/2019\/08\/IMG_0257-1.jpg\",\"articleSection\":[\"Centro de Humanidades\",\"Noticias\"],\"inLanguage\":\"es\",\"potentialAction\":[{\"@type\":\"CommentAction\",\"name\":\"Comment\",\"target\":[\"https:\/\/medicina.udd.cl\/centro-humanidades\/noticias\/2019\/08\/09\/ganadores-del-concurso-artistico-literario-exponen-sus-obras-en-la-galeria-espacio-o\/#respond\"]}]},{\"@type\":\"WebPage\",\"@id\":\"https:\/\/medicina.udd.cl\/centro-humanidades\/noticias\/2019\/08\/09\/ganadores-del-concurso-artistico-literario-exponen-sus-obras-en-la-galeria-espacio-o\/\",\"url\":\"https:\/\/medicina.udd.cl\/centro-humanidades\/noticias\/2019\/08\/09\/ganadores-del-concurso-artistico-literario-exponen-sus-obras-en-la-galeria-espacio-o\/\",\"name\":\"Ganadores del Concurso Art\u00edstico y Literario exponen sus obras en la galer\u00eda Espacio \\\"O\u2019\u2019 - Centro de Humanidades\",\"isPartOf\":{\"@id\":\"https:\/\/medicina.udd.cl\/centro-humanidades\/#website\"},\"primaryImageOfPage\":{\"@id\":\"https:\/\/medicina.udd.cl\/centro-humanidades\/noticias\/2019\/08\/09\/ganadores-del-concurso-artistico-literario-exponen-sus-obras-en-la-galeria-espacio-o\/#primaryimage\"},\"image\":{\"@id\":\"https:\/\/medicina.udd.cl\/centro-humanidades\/noticias\/2019\/08\/09\/ganadores-del-concurso-artistico-literario-exponen-sus-obras-en-la-galeria-espacio-o\/#primaryimage\"},\"thumbnailUrl\":\"https:\/\/medicina.udd.cl\/centro-humanidades\/files\/2019\/08\/IMG_0257-1.jpg\",\"datePublished\":\"2019-08-09T13:29:35+00:00\",\"dateModified\":\"2020-03-04T20:01:14+00:00\",\"author\":{\"@id\":\"https:\/\/medicina.udd.cl\/centro-humanidades\/#\/schema\/person\/6cab0118546e2e503341d0c654105ac0\"},\"breadcrumb\":{\"@id\":\"https:\/\/medicina.udd.cl\/centro-humanidades\/noticias\/2019\/08\/09\/ganadores-del-concurso-artistico-literario-exponen-sus-obras-en-la-galeria-espacio-o\/#breadcrumb\"},\"inLanguage\":\"es\",\"potentialAction\":[{\"@type\":\"ReadAction\",\"target\":[\"https:\/\/medicina.udd.cl\/centro-humanidades\/noticias\/2019\/08\/09\/ganadores-del-concurso-artistico-literario-exponen-sus-obras-en-la-galeria-espacio-o\/\"]}]},{\"@type\":\"ImageObject\",\"inLanguage\":\"es\",\"@id\":\"https:\/\/medicina.udd.cl\/centro-humanidades\/noticias\/2019\/08\/09\/ganadores-del-concurso-artistico-literario-exponen-sus-obras-en-la-galeria-espacio-o\/#primaryimage\",\"url\":\"https:\/\/medicina.udd.cl\/centro-humanidades\/files\/2019\/08\/IMG_0257-1.jpg\",\"contentUrl\":\"https:\/\/medicina.udd.cl\/centro-humanidades\/files\/2019\/08\/IMG_0257-1.jpg\",\"width\":3104,\"height\":2552},{\"@type\":\"BreadcrumbList\",\"@id\":\"https:\/\/medicina.udd.cl\/centro-humanidades\/noticias\/2019\/08\/09\/ganadores-del-concurso-artistico-literario-exponen-sus-obras-en-la-galeria-espacio-o\/#breadcrumb\",\"itemListElement\":[{\"@type\":\"ListItem\",\"position\":1,\"name\":\"Home\",\"item\":\"https:\/\/medicina.udd.cl\/centro-humanidades\/\"},{\"@type\":\"ListItem\",\"position\":2,\"name\":\"Ganadores del Concurso Art\u00edstico y Literario exponen sus obras en la galer\u00eda Espacio \u00abO\u2019\u2019\"}]},{\"@type\":\"WebSite\",\"@id\":\"https:\/\/medicina.udd.cl\/centro-humanidades\/#website\",\"url\":\"https:\/\/medicina.udd.cl\/centro-humanidades\/\",\"name\":\"Centro de Humanidades\",\"description\":\"Otro sitio m\u00e1s de Medicina\",\"potentialAction\":[{\"@type\":\"SearchAction\",\"target\":{\"@type\":\"EntryPoint\",\"urlTemplate\":\"https:\/\/medicina.udd.cl\/centro-humanidades\/?s={search_term_string}\"},\"query-input\":{\"@type\":\"PropertyValueSpecification\",\"valueRequired\":true,\"valueName\":\"search_term_string\"}}],\"inLanguage\":\"es\"},{\"@type\":\"Person\",\"@id\":\"https:\/\/medicina.udd.cl\/centro-humanidades\/#\/schema\/person\/6cab0118546e2e503341d0c654105ac0\",\"name\":\"felipelavinz\",\"image\":{\"@type\":\"ImageObject\",\"inLanguage\":\"es\",\"@id\":\"https:\/\/medicina.udd.cl\/centro-humanidades\/#\/schema\/person\/image\/\",\"url\":\"https:\/\/secure.gravatar.com\/avatar\/e9ce48243a282793c99a593d6995af1f36fc67767f115cd6c2ea498a3449ac91?s=96&d=mm&r=g\",\"contentUrl\":\"https:\/\/secure.gravatar.com\/avatar\/e9ce48243a282793c99a593d6995af1f36fc67767f115cd6c2ea498a3449ac91?s=96&d=mm&r=g\",\"caption\":\"felipelavinz\"},\"url\":\"https:\/\/medicina.udd.cl\/centro-humanidades\/noticias\/author\/felipelavinz\/\"}]}<\/script>\n<!-- \/ Yoast SEO plugin. -->","yoast_head_json":{"title":"Ganadores del Concurso Art\u00edstico y Literario exponen sus obras en la galer\u00eda Espacio \"O\u2019\u2019 - Centro de Humanidades","robots":{"index":"index","follow":"follow","max-snippet":"max-snippet:-1","max-image-preview":"max-image-preview:large","max-video-preview":"max-video-preview:-1"},"canonical":"https:\/\/medicina.udd.cl\/centro-humanidades\/noticias\/2019\/08\/09\/ganadores-del-concurso-artistico-literario-exponen-sus-obras-en-la-galeria-espacio-o\/","og_locale":"es_ES","og_type":"article","og_title":"Ganadores del Concurso Art\u00edstico y Literario exponen sus obras en la galer\u00eda Espacio \"O\u2019\u2019 - Centro de Humanidades","og_description":"Estudiantes, docentes y colaboradores de la UDD participaron en este ya tradicional concurso, que esta vez, ten\u00eda como tema central \u201cEl viaje\u201d","og_url":"https:\/\/medicina.udd.cl\/centro-humanidades\/noticias\/2019\/08\/09\/ganadores-del-concurso-artistico-literario-exponen-sus-obras-en-la-galeria-espacio-o\/","og_site_name":"Centro de Humanidades","article_published_time":"2019-08-09T13:29:35+00:00","article_modified_time":"2020-03-04T20:01:14+00:00","og_image":[{"width":3104,"height":2552,"url":"https:\/\/medicina.udd.cl\/centro-humanidades\/files\/2019\/08\/IMG_0257-1.jpg","type":"image\/jpeg"}],"author":"felipelavinz","twitter_misc":{"Escrito por":"felipelavinz","Tiempo de lectura":"2 minutos"},"schema":{"@context":"https:\/\/schema.org","@graph":[{"@type":"Article","@id":"https:\/\/medicina.udd.cl\/centro-humanidades\/noticias\/2019\/08\/09\/ganadores-del-concurso-artistico-literario-exponen-sus-obras-en-la-galeria-espacio-o\/#article","isPartOf":{"@id":"https:\/\/medicina.udd.cl\/centro-humanidades\/noticias\/2019\/08\/09\/ganadores-del-concurso-artistico-literario-exponen-sus-obras-en-la-galeria-espacio-o\/"},"author":{"name":"felipelavinz","@id":"https:\/\/medicina.udd.cl\/centro-humanidades\/#\/schema\/person\/6cab0118546e2e503341d0c654105ac0"},"headline":"Ganadores del Concurso Art\u00edstico y Literario exponen sus obras en la galer\u00eda Espacio \u00abO\u2019\u2019","datePublished":"2019-08-09T13:29:35+00:00","dateModified":"2020-03-04T20:01:14+00:00","mainEntityOfPage":{"@id":"https:\/\/medicina.udd.cl\/centro-humanidades\/noticias\/2019\/08\/09\/ganadores-del-concurso-artistico-literario-exponen-sus-obras-en-la-galeria-espacio-o\/"},"wordCount":436,"commentCount":0,"image":{"@id":"https:\/\/medicina.udd.cl\/centro-humanidades\/noticias\/2019\/08\/09\/ganadores-del-concurso-artistico-literario-exponen-sus-obras-en-la-galeria-espacio-o\/#primaryimage"},"thumbnailUrl":"https:\/\/medicina.udd.cl\/centro-humanidades\/files\/2019\/08\/IMG_0257-1.jpg","articleSection":["Centro de Humanidades","Noticias"],"inLanguage":"es","potentialAction":[{"@type":"CommentAction","name":"Comment","target":["https:\/\/medicina.udd.cl\/centro-humanidades\/noticias\/2019\/08\/09\/ganadores-del-concurso-artistico-literario-exponen-sus-obras-en-la-galeria-espacio-o\/#respond"]}]},{"@type":"WebPage","@id":"https:\/\/medicina.udd.cl\/centro-humanidades\/noticias\/2019\/08\/09\/ganadores-del-concurso-artistico-literario-exponen-sus-obras-en-la-galeria-espacio-o\/","url":"https:\/\/medicina.udd.cl\/centro-humanidades\/noticias\/2019\/08\/09\/ganadores-del-concurso-artistico-literario-exponen-sus-obras-en-la-galeria-espacio-o\/","name":"Ganadores del Concurso Art\u00edstico y Literario exponen sus obras en la galer\u00eda Espacio \"O\u2019\u2019 - Centro de Humanidades","isPartOf":{"@id":"https:\/\/medicina.udd.cl\/centro-humanidades\/#website"},"primaryImageOfPage":{"@id":"https:\/\/medicina.udd.cl\/centro-humanidades\/noticias\/2019\/08\/09\/ganadores-del-concurso-artistico-literario-exponen-sus-obras-en-la-galeria-espacio-o\/#primaryimage"},"image":{"@id":"https:\/\/medicina.udd.cl\/centro-humanidades\/noticias\/2019\/08\/09\/ganadores-del-concurso-artistico-literario-exponen-sus-obras-en-la-galeria-espacio-o\/#primaryimage"},"thumbnailUrl":"https:\/\/medicina.udd.cl\/centro-humanidades\/files\/2019\/08\/IMG_0257-1.jpg","datePublished":"2019-08-09T13:29:35+00:00","dateModified":"2020-03-04T20:01:14+00:00","author":{"@id":"https:\/\/medicina.udd.cl\/centro-humanidades\/#\/schema\/person\/6cab0118546e2e503341d0c654105ac0"},"breadcrumb":{"@id":"https:\/\/medicina.udd.cl\/centro-humanidades\/noticias\/2019\/08\/09\/ganadores-del-concurso-artistico-literario-exponen-sus-obras-en-la-galeria-espacio-o\/#breadcrumb"},"inLanguage":"es","potentialAction":[{"@type":"ReadAction","target":["https:\/\/medicina.udd.cl\/centro-humanidades\/noticias\/2019\/08\/09\/ganadores-del-concurso-artistico-literario-exponen-sus-obras-en-la-galeria-espacio-o\/"]}]},{"@type":"ImageObject","inLanguage":"es","@id":"https:\/\/medicina.udd.cl\/centro-humanidades\/noticias\/2019\/08\/09\/ganadores-del-concurso-artistico-literario-exponen-sus-obras-en-la-galeria-espacio-o\/#primaryimage","url":"https:\/\/medicina.udd.cl\/centro-humanidades\/files\/2019\/08\/IMG_0257-1.jpg","contentUrl":"https:\/\/medicina.udd.cl\/centro-humanidades\/files\/2019\/08\/IMG_0257-1.jpg","width":3104,"height":2552},{"@type":"BreadcrumbList","@id":"https:\/\/medicina.udd.cl\/centro-humanidades\/noticias\/2019\/08\/09\/ganadores-del-concurso-artistico-literario-exponen-sus-obras-en-la-galeria-espacio-o\/#breadcrumb","itemListElement":[{"@type":"ListItem","position":1,"name":"Home","item":"https:\/\/medicina.udd.cl\/centro-humanidades\/"},{"@type":"ListItem","position":2,"name":"Ganadores del Concurso Art\u00edstico y Literario exponen sus obras en la galer\u00eda Espacio \u00abO\u2019\u2019"}]},{"@type":"WebSite","@id":"https:\/\/medicina.udd.cl\/centro-humanidades\/#website","url":"https:\/\/medicina.udd.cl\/centro-humanidades\/","name":"Centro de Humanidades","description":"Otro sitio m\u00e1s de Medicina","potentialAction":[{"@type":"SearchAction","target":{"@type":"EntryPoint","urlTemplate":"https:\/\/medicina.udd.cl\/centro-humanidades\/?s={search_term_string}"},"query-input":{"@type":"PropertyValueSpecification","valueRequired":true,"valueName":"search_term_string"}}],"inLanguage":"es"},{"@type":"Person","@id":"https:\/\/medicina.udd.cl\/centro-humanidades\/#\/schema\/person\/6cab0118546e2e503341d0c654105ac0","name":"felipelavinz","image":{"@type":"ImageObject","inLanguage":"es","@id":"https:\/\/medicina.udd.cl\/centro-humanidades\/#\/schema\/person\/image\/","url":"https:\/\/secure.gravatar.com\/avatar\/e9ce48243a282793c99a593d6995af1f36fc67767f115cd6c2ea498a3449ac91?s=96&d=mm&r=g","contentUrl":"https:\/\/secure.gravatar.com\/avatar\/e9ce48243a282793c99a593d6995af1f36fc67767f115cd6c2ea498a3449ac91?s=96&d=mm&r=g","caption":"felipelavinz"},"url":"https:\/\/medicina.udd.cl\/centro-humanidades\/noticias\/author\/felipelavinz\/"}]}},"_links":{"self":[{"href":"https:\/\/medicina.udd.cl\/centro-humanidades\/wp-json\/wp\/v2\/posts\/3115","targetHints":{"allow":["GET"]}}],"collection":[{"href":"https:\/\/medicina.udd.cl\/centro-humanidades\/wp-json\/wp\/v2\/posts"}],"about":[{"href":"https:\/\/medicina.udd.cl\/centro-humanidades\/wp-json\/wp\/v2\/types\/post"}],"author":[{"embeddable":true,"href":"https:\/\/medicina.udd.cl\/centro-humanidades\/wp-json\/wp\/v2\/users\/9192209"}],"replies":[{"embeddable":true,"href":"https:\/\/medicina.udd.cl\/centro-humanidades\/wp-json\/wp\/v2\/comments?post=3115"}],"version-history":[{"count":1,"href":"https:\/\/medicina.udd.cl\/centro-humanidades\/wp-json\/wp\/v2\/posts\/3115\/revisions"}],"predecessor-version":[{"id":3272,"href":"https:\/\/medicina.udd.cl\/centro-humanidades\/wp-json\/wp\/v2\/posts\/3115\/revisions\/3272"}],"wp:featuredmedia":[{"embeddable":true,"href":"https:\/\/medicina.udd.cl\/centro-humanidades\/wp-json\/wp\/v2\/media\/3137"}],"wp:attachment":[{"href":"https:\/\/medicina.udd.cl\/centro-humanidades\/wp-json\/wp\/v2\/media?parent=3115"}],"wp:term":[{"taxonomy":"category","embeddable":true,"href":"https:\/\/medicina.udd.cl\/centro-humanidades\/wp-json\/wp\/v2\/categories?post=3115"},{"taxonomy":"post_tag","embeddable":true,"href":"https:\/\/medicina.udd.cl\/centro-humanidades\/wp-json\/wp\/v2\/tags?post=3115"}],"curies":[{"name":"wp","href":"https:\/\/api.w.org\/{rel}","templated":true}]}}