{"id":3154,"date":"2019-10-15T12:33:49","date_gmt":"2019-10-15T15:33:49","guid":{"rendered":"http:\/\/medicina.udd.cl\/centro-humanidades\/?p=3154"},"modified":"2020-03-04T17:01:13","modified_gmt":"2020-03-04T20:01:13","slug":"realizan-taller-de-autorretrato-para-ninos-del-hospital-padre-hurtado","status":"publish","type":"post","link":"https:\/\/medicina.udd.cl\/centro-humanidades\/noticias\/2019\/10\/15\/realizan-taller-de-autorretrato-para-ninos-del-hospital-padre-hurtado\/","title":{"rendered":"Realizan taller de autorretrato para ni\u00f1os del Hospital Padre Hurtado"},"content":{"rendered":"<p><div class=\"gallery gallery-post\" id=\"gallery-3154-1\"><div class=\"gallery-post-feature gallery-item\"><\/div><div class=\"gallery-carousel\"><div id=\"nav-post-gallery-gallery-3154-1\" class=\"crsl-nav\"><a href=\"#\" class=\"previous icon icon-caret-left\"><\/a><a href=\"#\" class=\"next icon icon-caret-right\"><\/a><\/div><div id=\"post-gallery-gallery-3154-1\" class=\"crsl-items\" data-navigation=\"nav-post-gallery-gallery-3154-1\" data-crsl='{ \"visible\": 4, \"itemMargin\": 10 }'><div class=\"crsl-wrap\"><figure class=\"gallery-item crsl-item crsl-active\"><a href=\"https:\/\/medicina.udd.cl\/centro-humanidades\/files\/2019\/10\/image002-1-1-660x430.jpg\" title=\"image002 (1)\" class=\"gallery-thumb\" id=\"thumbnail-3156-0\" data-full-url=\"https:\/\/medicina.udd.cl\/centro-humanidades\/files\/2019\/10\/image002-1-1.jpg\"><img decoding=\"async\" src=\"https:\/\/medicina.udd.cl\/centro-humanidades\/files\/2019\/10\/image002-1-1-125x80.jpg\" class=\"full-width\" alt=\"image002 (1)\"><\/a><\/figure><\/div><\/div><\/div><\/div><br \/>\nNi\u00f1os con edades comprendidas entre los 4 y 14 a\u00f1os, que se encuentran hospitalizados en el Hospital Padre Hurtado (HPH), se encuentran participando activamente en un original taller de autorretratos, dictado por el ilustrador V\u00edctor Riveros y apoyado por la Facultad de Medicina Cl\u00ednica Alemana Universidad del Desarrollo.<br \/>\nDurante todo el mes de octubre, los d\u00edas martes y viernes, Riveros se instala durante una hora en la sala de estimulaci\u00f3n de pediatr\u00eda del HPH para ense\u00f1ar a los ni\u00f1os a c\u00f3mo ilustrarse ellos mismos, contribuyendo de este modo, a que adem\u00e1s verbalicen como se sienten a trav\u00e9s de los dibujos, que puedan relacionarse con sus pares, que aprendan y se diviertan.<br \/>\n<a href=\"http:\/\/medicina.udd.cl\/centro-humanidades\/files\/2019\/10\/image004-1.jpg\"><img loading=\"lazy\" decoding=\"async\" class=\"alignnone size-medium wp-image-3158\" src=\"http:\/\/medicina.udd.cl\/centro-humanidades\/files\/2019\/10\/image004-1-225x300.jpg\" alt=\"\" width=\"225\" height=\"300\" srcset=\"https:\/\/medicina.udd.cl\/centro-humanidades\/files\/2019\/10\/image004-1-225x300.jpg 225w, https:\/\/medicina.udd.cl\/centro-humanidades\/files\/2019\/10\/image004-1-768x1024.jpg 768w, https:\/\/medicina.udd.cl\/centro-humanidades\/files\/2019\/10\/image004-1-720x960.jpg 720w, https:\/\/medicina.udd.cl\/centro-humanidades\/files\/2019\/10\/image004-1.jpg 869w\" sizes=\"auto, (max-width: 225px) 100vw, 225px\" \/><\/a><br \/>\n\u201cEstamos haciendo un muy lindo trabajo con el Hospital y la Facultad de Medicina (\u2026) muy enfocados en lo que es el bienestar de los ni\u00f1os y as\u00ed contribuir a mejorar su experiencia de hospitalizaci\u00f3n\u201d, dijo el ilustrador V\u00edctor Riveros.<br \/>\nAsimismo, Riveros indic\u00f3 que hace un tiempo se pint\u00f3 un mural colectivo en el \u00e1rea de pediatr\u00eda, en el que participaron ni\u00f1os, funcionarios y estudiantes, y hoy con esta iniciativa se le da un nuevo impulso al v\u00ednculo existente entre el HPH y la Facultad de Medicina Cl\u00ednica Alemana Universidad del Desarrollo.<br \/>\n<a href=\"http:\/\/medicina.udd.cl\/centro-humanidades\/files\/2019\/10\/image001-1.jpg\"><img loading=\"lazy\" decoding=\"async\" class=\"alignnone size-medium wp-image-3155\" src=\"http:\/\/medicina.udd.cl\/centro-humanidades\/files\/2019\/10\/image001-1-225x300.jpg\" alt=\"\" width=\"225\" height=\"300\" srcset=\"https:\/\/medicina.udd.cl\/centro-humanidades\/files\/2019\/10\/image001-1-225x300.jpg 225w, https:\/\/medicina.udd.cl\/centro-humanidades\/files\/2019\/10\/image001-1-768x1024.jpg 768w, https:\/\/medicina.udd.cl\/centro-humanidades\/files\/2019\/10\/image001-1-720x960.jpg 720w, https:\/\/medicina.udd.cl\/centro-humanidades\/files\/2019\/10\/image001-1.jpg 774w\" sizes=\"auto, (max-width: 225px) 100vw, 225px\" \/><\/a><br \/>\nAl concluir el taller se realizar\u00e1 una exposici\u00f3n con todos los trabajos elaborados por los ni\u00f1os, la cual se ubicar\u00e1 en uno de los pasillos del hospital para que todos puedan apreciarlos.<br \/>\n<a href=\"http:\/\/medicina.udd.cl\/centro-humanidades\/files\/2019\/10\/image003-1-1.jpg\"><img loading=\"lazy\" decoding=\"async\" class=\"alignnone size-medium wp-image-3157\" src=\"http:\/\/medicina.udd.cl\/centro-humanidades\/files\/2019\/10\/image003-1-1-300x225.jpg\" alt=\"\" width=\"300\" height=\"225\" srcset=\"https:\/\/medicina.udd.cl\/centro-humanidades\/files\/2019\/10\/image003-1-1-300x225.jpg 300w, https:\/\/medicina.udd.cl\/centro-humanidades\/files\/2019\/10\/image003-1-1-768x576.jpg 768w, https:\/\/medicina.udd.cl\/centro-humanidades\/files\/2019\/10\/image003-1-1-1024x768.jpg 1024w, https:\/\/medicina.udd.cl\/centro-humanidades\/files\/2019\/10\/image003-1-1-960x720.jpg 960w, https:\/\/medicina.udd.cl\/centro-humanidades\/files\/2019\/10\/image003-1-1.jpg 1032w\" sizes=\"auto, (max-width: 300px) 100vw, 300px\" \/><\/a><\/p>\n","protected":false},"excerpt":{"rendered":"<p>Ni\u00f1os con edades comprendidas entre los 4 y 14 a\u00f1os, que se encuentran hospitalizados en el Hospital Padre Hurtado (HPH), se encuentran participando activamente en un original taller de autorretratos, dictado por el ilustrador V\u00edctor Riveros y apoyado por la Facultad de Medicina Cl\u00ednica Alemana Universidad del Desarrollo. Durante todo el mes de octubre, los [&hellip;]<\/p>\n","protected":false},"author":9192209,"featured_media":3156,"comment_status":"open","ping_status":"open","sticky":false,"template":"","format":"standard","meta":{"footnotes":""},"categories":[15185,4],"tags":[],"class_list":["post-3154","post","type-post","status-publish","format-standard","has-post-thumbnail","hentry","category-centro-de-humanidades","category-noticias"],"yoast_head":"<!-- This site is optimized with the Yoast SEO plugin v26.9 - https:\/\/yoast.com\/product\/yoast-seo-wordpress\/ -->\n<title>Realizan taller de autorretrato para ni\u00f1os del Hospital Padre Hurtado - Centro de Humanidades<\/title>\n<meta name=\"robots\" content=\"index, follow, max-snippet:-1, max-image-preview:large, max-video-preview:-1\" \/>\n<link rel=\"canonical\" href=\"https:\/\/medicina.udd.cl\/centro-humanidades\/noticias\/2019\/10\/15\/realizan-taller-de-autorretrato-para-ninos-del-hospital-padre-hurtado\/\" \/>\n<meta property=\"og:locale\" content=\"es_ES\" \/>\n<meta property=\"og:type\" content=\"article\" \/>\n<meta property=\"og:title\" content=\"Realizan taller de autorretrato para ni\u00f1os del Hospital Padre Hurtado - Centro de Humanidades\" \/>\n<meta property=\"og:description\" content=\"Ni\u00f1os con edades comprendidas entre los 4 y 14 a\u00f1os, que se encuentran hospitalizados en el Hospital Padre Hurtado (HPH), se encuentran participando activamente en un original taller de autorretratos, dictado por el ilustrador V\u00edctor Riveros y apoyado por la Facultad de Medicina Cl\u00ednica Alemana Universidad del Desarrollo. Durante todo el mes de octubre, los [&hellip;]\" \/>\n<meta property=\"og:url\" content=\"https:\/\/medicina.udd.cl\/centro-humanidades\/noticias\/2019\/10\/15\/realizan-taller-de-autorretrato-para-ninos-del-hospital-padre-hurtado\/\" \/>\n<meta property=\"og:site_name\" content=\"Centro de Humanidades\" \/>\n<meta property=\"article:published_time\" content=\"2019-10-15T15:33:49+00:00\" \/>\n<meta property=\"article:modified_time\" content=\"2020-03-04T20:01:13+00:00\" \/>\n<meta property=\"og:image\" content=\"https:\/\/medicina.udd.cl\/centro-humanidades\/files\/2019\/10\/image002-1-1.jpg\" \/>\n\t<meta property=\"og:image:width\" content=\"1032\" \/>\n\t<meta property=\"og:image:height\" content=\"774\" \/>\n\t<meta property=\"og:image:type\" content=\"image\/jpeg\" \/>\n<meta name=\"author\" content=\"felipelavinz\" \/>\n<meta name=\"twitter:label1\" content=\"Escrito por\" \/>\n\t<meta name=\"twitter:data1\" content=\"felipelavinz\" \/>\n\t<meta name=\"twitter:label2\" content=\"Tiempo de lectura\" \/>\n\t<meta name=\"twitter:data2\" content=\"1 minuto\" \/>\n<script type=\"application\/ld+json\" class=\"yoast-schema-graph\">{\"@context\":\"https:\/\/schema.org\",\"@graph\":[{\"@type\":\"Article\",\"@id\":\"https:\/\/medicina.udd.cl\/centro-humanidades\/noticias\/2019\/10\/15\/realizan-taller-de-autorretrato-para-ninos-del-hospital-padre-hurtado\/#article\",\"isPartOf\":{\"@id\":\"https:\/\/medicina.udd.cl\/centro-humanidades\/noticias\/2019\/10\/15\/realizan-taller-de-autorretrato-para-ninos-del-hospital-padre-hurtado\/\"},\"author\":{\"name\":\"felipelavinz\",\"@id\":\"https:\/\/medicina.udd.cl\/centro-humanidades\/#\/schema\/person\/6cab0118546e2e503341d0c654105ac0\"},\"headline\":\"Realizan taller de autorretrato para ni\u00f1os del Hospital Padre Hurtado\",\"datePublished\":\"2019-10-15T15:33:49+00:00\",\"dateModified\":\"2020-03-04T20:01:13+00:00\",\"mainEntityOfPage\":{\"@id\":\"https:\/\/medicina.udd.cl\/centro-humanidades\/noticias\/2019\/10\/15\/realizan-taller-de-autorretrato-para-ninos-del-hospital-padre-hurtado\/\"},\"wordCount\":266,\"commentCount\":0,\"image\":{\"@id\":\"https:\/\/medicina.udd.cl\/centro-humanidades\/noticias\/2019\/10\/15\/realizan-taller-de-autorretrato-para-ninos-del-hospital-padre-hurtado\/#primaryimage\"},\"thumbnailUrl\":\"https:\/\/medicina.udd.cl\/centro-humanidades\/files\/2019\/10\/image002-1-1.jpg\",\"articleSection\":[\"Centro de Humanidades\",\"Noticias\"],\"inLanguage\":\"es\",\"potentialAction\":[{\"@type\":\"CommentAction\",\"name\":\"Comment\",\"target\":[\"https:\/\/medicina.udd.cl\/centro-humanidades\/noticias\/2019\/10\/15\/realizan-taller-de-autorretrato-para-ninos-del-hospital-padre-hurtado\/#respond\"]}]},{\"@type\":\"WebPage\",\"@id\":\"https:\/\/medicina.udd.cl\/centro-humanidades\/noticias\/2019\/10\/15\/realizan-taller-de-autorretrato-para-ninos-del-hospital-padre-hurtado\/\",\"url\":\"https:\/\/medicina.udd.cl\/centro-humanidades\/noticias\/2019\/10\/15\/realizan-taller-de-autorretrato-para-ninos-del-hospital-padre-hurtado\/\",\"name\":\"Realizan taller de autorretrato para ni\u00f1os del Hospital Padre Hurtado - Centro de Humanidades\",\"isPartOf\":{\"@id\":\"https:\/\/medicina.udd.cl\/centro-humanidades\/#website\"},\"primaryImageOfPage\":{\"@id\":\"https:\/\/medicina.udd.cl\/centro-humanidades\/noticias\/2019\/10\/15\/realizan-taller-de-autorretrato-para-ninos-del-hospital-padre-hurtado\/#primaryimage\"},\"image\":{\"@id\":\"https:\/\/medicina.udd.cl\/centro-humanidades\/noticias\/2019\/10\/15\/realizan-taller-de-autorretrato-para-ninos-del-hospital-padre-hurtado\/#primaryimage\"},\"thumbnailUrl\":\"https:\/\/medicina.udd.cl\/centro-humanidades\/files\/2019\/10\/image002-1-1.jpg\",\"datePublished\":\"2019-10-15T15:33:49+00:00\",\"dateModified\":\"2020-03-04T20:01:13+00:00\",\"author\":{\"@id\":\"https:\/\/medicina.udd.cl\/centro-humanidades\/#\/schema\/person\/6cab0118546e2e503341d0c654105ac0\"},\"breadcrumb\":{\"@id\":\"https:\/\/medicina.udd.cl\/centro-humanidades\/noticias\/2019\/10\/15\/realizan-taller-de-autorretrato-para-ninos-del-hospital-padre-hurtado\/#breadcrumb\"},\"inLanguage\":\"es\",\"potentialAction\":[{\"@type\":\"ReadAction\",\"target\":[\"https:\/\/medicina.udd.cl\/centro-humanidades\/noticias\/2019\/10\/15\/realizan-taller-de-autorretrato-para-ninos-del-hospital-padre-hurtado\/\"]}]},{\"@type\":\"ImageObject\",\"inLanguage\":\"es\",\"@id\":\"https:\/\/medicina.udd.cl\/centro-humanidades\/noticias\/2019\/10\/15\/realizan-taller-de-autorretrato-para-ninos-del-hospital-padre-hurtado\/#primaryimage\",\"url\":\"https:\/\/medicina.udd.cl\/centro-humanidades\/files\/2019\/10\/image002-1-1.jpg\",\"contentUrl\":\"https:\/\/medicina.udd.cl\/centro-humanidades\/files\/2019\/10\/image002-1-1.jpg\",\"width\":1032,\"height\":774},{\"@type\":\"BreadcrumbList\",\"@id\":\"https:\/\/medicina.udd.cl\/centro-humanidades\/noticias\/2019\/10\/15\/realizan-taller-de-autorretrato-para-ninos-del-hospital-padre-hurtado\/#breadcrumb\",\"itemListElement\":[{\"@type\":\"ListItem\",\"position\":1,\"name\":\"Home\",\"item\":\"https:\/\/medicina.udd.cl\/centro-humanidades\/\"},{\"@type\":\"ListItem\",\"position\":2,\"name\":\"Realizan taller de autorretrato para ni\u00f1os del Hospital Padre Hurtado\"}]},{\"@type\":\"WebSite\",\"@id\":\"https:\/\/medicina.udd.cl\/centro-humanidades\/#website\",\"url\":\"https:\/\/medicina.udd.cl\/centro-humanidades\/\",\"name\":\"Centro de Humanidades\",\"description\":\"Otro sitio m\u00e1s de Medicina\",\"potentialAction\":[{\"@type\":\"SearchAction\",\"target\":{\"@type\":\"EntryPoint\",\"urlTemplate\":\"https:\/\/medicina.udd.cl\/centro-humanidades\/?s={search_term_string}\"},\"query-input\":{\"@type\":\"PropertyValueSpecification\",\"valueRequired\":true,\"valueName\":\"search_term_string\"}}],\"inLanguage\":\"es\"},{\"@type\":\"Person\",\"@id\":\"https:\/\/medicina.udd.cl\/centro-humanidades\/#\/schema\/person\/6cab0118546e2e503341d0c654105ac0\",\"name\":\"felipelavinz\",\"image\":{\"@type\":\"ImageObject\",\"inLanguage\":\"es\",\"@id\":\"https:\/\/medicina.udd.cl\/centro-humanidades\/#\/schema\/person\/image\/\",\"url\":\"https:\/\/secure.gravatar.com\/avatar\/e9ce48243a282793c99a593d6995af1f36fc67767f115cd6c2ea498a3449ac91?s=96&d=mm&r=g\",\"contentUrl\":\"https:\/\/secure.gravatar.com\/avatar\/e9ce48243a282793c99a593d6995af1f36fc67767f115cd6c2ea498a3449ac91?s=96&d=mm&r=g\",\"caption\":\"felipelavinz\"},\"url\":\"https:\/\/medicina.udd.cl\/centro-humanidades\/noticias\/author\/felipelavinz\/\"}]}<\/script>\n<!-- \/ Yoast SEO plugin. -->","yoast_head_json":{"title":"Realizan taller de autorretrato para ni\u00f1os del Hospital Padre Hurtado - Centro de Humanidades","robots":{"index":"index","follow":"follow","max-snippet":"max-snippet:-1","max-image-preview":"max-image-preview:large","max-video-preview":"max-video-preview:-1"},"canonical":"https:\/\/medicina.udd.cl\/centro-humanidades\/noticias\/2019\/10\/15\/realizan-taller-de-autorretrato-para-ninos-del-hospital-padre-hurtado\/","og_locale":"es_ES","og_type":"article","og_title":"Realizan taller de autorretrato para ni\u00f1os del Hospital Padre Hurtado - Centro de Humanidades","og_description":"Ni\u00f1os con edades comprendidas entre los 4 y 14 a\u00f1os, que se encuentran hospitalizados en el Hospital Padre Hurtado (HPH), se encuentran participando activamente en un original taller de autorretratos, dictado por el ilustrador V\u00edctor Riveros y apoyado por la Facultad de Medicina Cl\u00ednica Alemana Universidad del Desarrollo. Durante todo el mes de octubre, los [&hellip;]","og_url":"https:\/\/medicina.udd.cl\/centro-humanidades\/noticias\/2019\/10\/15\/realizan-taller-de-autorretrato-para-ninos-del-hospital-padre-hurtado\/","og_site_name":"Centro de Humanidades","article_published_time":"2019-10-15T15:33:49+00:00","article_modified_time":"2020-03-04T20:01:13+00:00","og_image":[{"width":1032,"height":774,"url":"https:\/\/medicina.udd.cl\/centro-humanidades\/files\/2019\/10\/image002-1-1.jpg","type":"image\/jpeg"}],"author":"felipelavinz","twitter_misc":{"Escrito por":"felipelavinz","Tiempo de lectura":"1 minuto"},"schema":{"@context":"https:\/\/schema.org","@graph":[{"@type":"Article","@id":"https:\/\/medicina.udd.cl\/centro-humanidades\/noticias\/2019\/10\/15\/realizan-taller-de-autorretrato-para-ninos-del-hospital-padre-hurtado\/#article","isPartOf":{"@id":"https:\/\/medicina.udd.cl\/centro-humanidades\/noticias\/2019\/10\/15\/realizan-taller-de-autorretrato-para-ninos-del-hospital-padre-hurtado\/"},"author":{"name":"felipelavinz","@id":"https:\/\/medicina.udd.cl\/centro-humanidades\/#\/schema\/person\/6cab0118546e2e503341d0c654105ac0"},"headline":"Realizan taller de autorretrato para ni\u00f1os del Hospital Padre Hurtado","datePublished":"2019-10-15T15:33:49+00:00","dateModified":"2020-03-04T20:01:13+00:00","mainEntityOfPage":{"@id":"https:\/\/medicina.udd.cl\/centro-humanidades\/noticias\/2019\/10\/15\/realizan-taller-de-autorretrato-para-ninos-del-hospital-padre-hurtado\/"},"wordCount":266,"commentCount":0,"image":{"@id":"https:\/\/medicina.udd.cl\/centro-humanidades\/noticias\/2019\/10\/15\/realizan-taller-de-autorretrato-para-ninos-del-hospital-padre-hurtado\/#primaryimage"},"thumbnailUrl":"https:\/\/medicina.udd.cl\/centro-humanidades\/files\/2019\/10\/image002-1-1.jpg","articleSection":["Centro de Humanidades","Noticias"],"inLanguage":"es","potentialAction":[{"@type":"CommentAction","name":"Comment","target":["https:\/\/medicina.udd.cl\/centro-humanidades\/noticias\/2019\/10\/15\/realizan-taller-de-autorretrato-para-ninos-del-hospital-padre-hurtado\/#respond"]}]},{"@type":"WebPage","@id":"https:\/\/medicina.udd.cl\/centro-humanidades\/noticias\/2019\/10\/15\/realizan-taller-de-autorretrato-para-ninos-del-hospital-padre-hurtado\/","url":"https:\/\/medicina.udd.cl\/centro-humanidades\/noticias\/2019\/10\/15\/realizan-taller-de-autorretrato-para-ninos-del-hospital-padre-hurtado\/","name":"Realizan taller de autorretrato para ni\u00f1os del Hospital Padre Hurtado - Centro de Humanidades","isPartOf":{"@id":"https:\/\/medicina.udd.cl\/centro-humanidades\/#website"},"primaryImageOfPage":{"@id":"https:\/\/medicina.udd.cl\/centro-humanidades\/noticias\/2019\/10\/15\/realizan-taller-de-autorretrato-para-ninos-del-hospital-padre-hurtado\/#primaryimage"},"image":{"@id":"https:\/\/medicina.udd.cl\/centro-humanidades\/noticias\/2019\/10\/15\/realizan-taller-de-autorretrato-para-ninos-del-hospital-padre-hurtado\/#primaryimage"},"thumbnailUrl":"https:\/\/medicina.udd.cl\/centro-humanidades\/files\/2019\/10\/image002-1-1.jpg","datePublished":"2019-10-15T15:33:49+00:00","dateModified":"2020-03-04T20:01:13+00:00","author":{"@id":"https:\/\/medicina.udd.cl\/centro-humanidades\/#\/schema\/person\/6cab0118546e2e503341d0c654105ac0"},"breadcrumb":{"@id":"https:\/\/medicina.udd.cl\/centro-humanidades\/noticias\/2019\/10\/15\/realizan-taller-de-autorretrato-para-ninos-del-hospital-padre-hurtado\/#breadcrumb"},"inLanguage":"es","potentialAction":[{"@type":"ReadAction","target":["https:\/\/medicina.udd.cl\/centro-humanidades\/noticias\/2019\/10\/15\/realizan-taller-de-autorretrato-para-ninos-del-hospital-padre-hurtado\/"]}]},{"@type":"ImageObject","inLanguage":"es","@id":"https:\/\/medicina.udd.cl\/centro-humanidades\/noticias\/2019\/10\/15\/realizan-taller-de-autorretrato-para-ninos-del-hospital-padre-hurtado\/#primaryimage","url":"https:\/\/medicina.udd.cl\/centro-humanidades\/files\/2019\/10\/image002-1-1.jpg","contentUrl":"https:\/\/medicina.udd.cl\/centro-humanidades\/files\/2019\/10\/image002-1-1.jpg","width":1032,"height":774},{"@type":"BreadcrumbList","@id":"https:\/\/medicina.udd.cl\/centro-humanidades\/noticias\/2019\/10\/15\/realizan-taller-de-autorretrato-para-ninos-del-hospital-padre-hurtado\/#breadcrumb","itemListElement":[{"@type":"ListItem","position":1,"name":"Home","item":"https:\/\/medicina.udd.cl\/centro-humanidades\/"},{"@type":"ListItem","position":2,"name":"Realizan taller de autorretrato para ni\u00f1os del Hospital Padre Hurtado"}]},{"@type":"WebSite","@id":"https:\/\/medicina.udd.cl\/centro-humanidades\/#website","url":"https:\/\/medicina.udd.cl\/centro-humanidades\/","name":"Centro de Humanidades","description":"Otro sitio m\u00e1s de Medicina","potentialAction":[{"@type":"SearchAction","target":{"@type":"EntryPoint","urlTemplate":"https:\/\/medicina.udd.cl\/centro-humanidades\/?s={search_term_string}"},"query-input":{"@type":"PropertyValueSpecification","valueRequired":true,"valueName":"search_term_string"}}],"inLanguage":"es"},{"@type":"Person","@id":"https:\/\/medicina.udd.cl\/centro-humanidades\/#\/schema\/person\/6cab0118546e2e503341d0c654105ac0","name":"felipelavinz","image":{"@type":"ImageObject","inLanguage":"es","@id":"https:\/\/medicina.udd.cl\/centro-humanidades\/#\/schema\/person\/image\/","url":"https:\/\/secure.gravatar.com\/avatar\/e9ce48243a282793c99a593d6995af1f36fc67767f115cd6c2ea498a3449ac91?s=96&d=mm&r=g","contentUrl":"https:\/\/secure.gravatar.com\/avatar\/e9ce48243a282793c99a593d6995af1f36fc67767f115cd6c2ea498a3449ac91?s=96&d=mm&r=g","caption":"felipelavinz"},"url":"https:\/\/medicina.udd.cl\/centro-humanidades\/noticias\/author\/felipelavinz\/"}]}},"_links":{"self":[{"href":"https:\/\/medicina.udd.cl\/centro-humanidades\/wp-json\/wp\/v2\/posts\/3154","targetHints":{"allow":["GET"]}}],"collection":[{"href":"https:\/\/medicina.udd.cl\/centro-humanidades\/wp-json\/wp\/v2\/posts"}],"about":[{"href":"https:\/\/medicina.udd.cl\/centro-humanidades\/wp-json\/wp\/v2\/types\/post"}],"author":[{"embeddable":true,"href":"https:\/\/medicina.udd.cl\/centro-humanidades\/wp-json\/wp\/v2\/users\/9192209"}],"replies":[{"embeddable":true,"href":"https:\/\/medicina.udd.cl\/centro-humanidades\/wp-json\/wp\/v2\/comments?post=3154"}],"version-history":[{"count":1,"href":"https:\/\/medicina.udd.cl\/centro-humanidades\/wp-json\/wp\/v2\/posts\/3154\/revisions"}],"predecessor-version":[{"id":3271,"href":"https:\/\/medicina.udd.cl\/centro-humanidades\/wp-json\/wp\/v2\/posts\/3154\/revisions\/3271"}],"wp:featuredmedia":[{"embeddable":true,"href":"https:\/\/medicina.udd.cl\/centro-humanidades\/wp-json\/wp\/v2\/media\/3156"}],"wp:attachment":[{"href":"https:\/\/medicina.udd.cl\/centro-humanidades\/wp-json\/wp\/v2\/media?parent=3154"}],"wp:term":[{"taxonomy":"category","embeddable":true,"href":"https:\/\/medicina.udd.cl\/centro-humanidades\/wp-json\/wp\/v2\/categories?post=3154"},{"taxonomy":"post_tag","embeddable":true,"href":"https:\/\/medicina.udd.cl\/centro-humanidades\/wp-json\/wp\/v2\/tags?post=3154"}],"curies":[{"name":"wp","href":"https:\/\/api.w.org\/{rel}","templated":true}]}}