{"id":3164,"date":"2019-10-30T14:49:13","date_gmt":"2019-10-30T17:49:13","guid":{"rendered":"http:\/\/medicina.udd.cl\/centro-humanidades\/?p=3164"},"modified":"2020-03-04T17:01:13","modified_gmt":"2020-03-04T20:01:13","slug":"reconstruccion-creativa-pensemos-juntos-que-ha-pasado","status":"publish","type":"post","link":"https:\/\/medicina.udd.cl\/centro-humanidades\/noticias\/2019\/10\/30\/reconstruccion-creativa-pensemos-juntos-que-ha-pasado\/","title":{"rendered":"Reconstrucci\u00f3n creativa: \u00bfPensemos juntos qu\u00e9 ha pasado?"},"content":{"rendered":"<p><div class=\"gallery gallery-post\" id=\"gallery-3164-1\"><div class=\"gallery-post-feature gallery-item\"><\/div><div class=\"gallery-carousel\"><div id=\"nav-post-gallery-gallery-3164-1\" class=\"crsl-nav\"><a href=\"#\" class=\"previous icon icon-caret-left\"><\/a><a href=\"#\" class=\"next icon icon-caret-right\"><\/a><\/div><div id=\"post-gallery-gallery-3164-1\" class=\"crsl-items\" data-navigation=\"nav-post-gallery-gallery-3164-1\" data-crsl='{ \"visible\": 4, \"itemMargin\": 10 }'><div class=\"crsl-wrap\"><figure class=\"gallery-item crsl-item crsl-active\"><a href=\"https:\/\/medicina.udd.cl\/centro-humanidades\/files\/2019\/10\/IMG_1505-1-660x430.jpg\" title=\"IMG_1505\" class=\"gallery-thumb\" id=\"thumbnail-3169-0\" data-full-url=\"https:\/\/medicina.udd.cl\/centro-humanidades\/files\/2019\/10\/IMG_1505-1.jpg\"><img decoding=\"async\" src=\"https:\/\/medicina.udd.cl\/centro-humanidades\/files\/2019\/10\/IMG_1505-1-125x80.jpg\" class=\"full-width\" alt=\"IMG_1505\"><\/a><\/figure><figure class=\"gallery-item crsl-item\"><a href=\"https:\/\/medicina.udd.cl\/centro-humanidades\/files\/2019\/10\/IMG_1529-1-660x430.jpg\" title=\"IMG_1529\" class=\"gallery-thumb\" id=\"thumbnail-3177-1\" data-full-url=\"https:\/\/medicina.udd.cl\/centro-humanidades\/files\/2019\/10\/IMG_1529-1.jpg\"><img decoding=\"async\" src=\"https:\/\/medicina.udd.cl\/centro-humanidades\/files\/2019\/10\/IMG_1529-1-125x80.jpg\" class=\"full-width\" alt=\"IMG_1529\"><\/a><\/figure><figure class=\"gallery-item crsl-item\"><a href=\"https:\/\/medicina.udd.cl\/centro-humanidades\/files\/2019\/10\/IMG_1523-1-660x430.jpg\" title=\"IMG_1523\" class=\"gallery-thumb\" id=\"thumbnail-3174-2\" data-full-url=\"https:\/\/medicina.udd.cl\/centro-humanidades\/files\/2019\/10\/IMG_1523-1.jpg\"><img decoding=\"async\" src=\"https:\/\/medicina.udd.cl\/centro-humanidades\/files\/2019\/10\/IMG_1523-1-125x80.jpg\" class=\"full-width\" alt=\"IMG_1523\"><\/a><\/figure><figure class=\"gallery-item crsl-item\"><a href=\"https:\/\/medicina.udd.cl\/centro-humanidades\/files\/2019\/10\/IMG_1527-1-660x430.jpg\" title=\"IMG_1527\" class=\"gallery-thumb\" id=\"thumbnail-3176-3\" data-full-url=\"https:\/\/medicina.udd.cl\/centro-humanidades\/files\/2019\/10\/IMG_1527-1.jpg\"><img decoding=\"async\" src=\"https:\/\/medicina.udd.cl\/centro-humanidades\/files\/2019\/10\/IMG_1527-1-125x80.jpg\" class=\"full-width\" alt=\"IMG_1527\"><\/a><\/figure><figure class=\"gallery-item crsl-item\"><a href=\"https:\/\/medicina.udd.cl\/centro-humanidades\/files\/2019\/10\/IMG_1531-1-660x430.jpg\" title=\"IMG_1531\" class=\"gallery-thumb\" id=\"thumbnail-3178-4\" data-full-url=\"https:\/\/medicina.udd.cl\/centro-humanidades\/files\/2019\/10\/IMG_1531-1.jpg\"><img decoding=\"async\" src=\"https:\/\/medicina.udd.cl\/centro-humanidades\/files\/2019\/10\/IMG_1531-1-125x80.jpg\" class=\"full-width\" alt=\"IMG_1531\"><\/a><\/figure><figure class=\"gallery-item crsl-item\"><a href=\"https:\/\/medicina.udd.cl\/centro-humanidades\/files\/2019\/10\/IMG_1526-1-660x430.jpg\" title=\"IMG_1526\" class=\"gallery-thumb\" id=\"thumbnail-3175-5\" data-full-url=\"https:\/\/medicina.udd.cl\/centro-humanidades\/files\/2019\/10\/IMG_1526-1.jpg\"><img decoding=\"async\" src=\"https:\/\/medicina.udd.cl\/centro-humanidades\/files\/2019\/10\/IMG_1526-1-125x80.jpg\" class=\"full-width\" alt=\"IMG_1526\"><\/a><\/figure><figure class=\"gallery-item crsl-item\"><a href=\"https:\/\/medicina.udd.cl\/centro-humanidades\/files\/2019\/10\/IMG_1518-1-660x430.jpg\" title=\"IMG_1518\" class=\"gallery-thumb\" id=\"thumbnail-3173-6\" data-full-url=\"https:\/\/medicina.udd.cl\/centro-humanidades\/files\/2019\/10\/IMG_1518-1.jpg\"><img decoding=\"async\" src=\"https:\/\/medicina.udd.cl\/centro-humanidades\/files\/2019\/10\/IMG_1518-1-125x80.jpg\" class=\"full-width\" alt=\"IMG_1518\"><\/a><\/figure><figure class=\"gallery-item crsl-item\"><a href=\"https:\/\/medicina.udd.cl\/centro-humanidades\/files\/2019\/10\/IMG_1508-1-660x430.jpg\" title=\"IMG_1508\" class=\"gallery-thumb\" id=\"thumbnail-3172-7\" data-full-url=\"https:\/\/medicina.udd.cl\/centro-humanidades\/files\/2019\/10\/IMG_1508-1.jpg\"><img decoding=\"async\" src=\"https:\/\/medicina.udd.cl\/centro-humanidades\/files\/2019\/10\/IMG_1508-1-125x80.jpg\" class=\"full-width\" alt=\"IMG_1508\"><\/a><\/figure><figure class=\"gallery-item crsl-item\"><a href=\"https:\/\/medicina.udd.cl\/centro-humanidades\/files\/2019\/10\/IMG_1507-1-660x430.jpg\" title=\"IMG_1507\" class=\"gallery-thumb\" id=\"thumbnail-3171-8\" data-full-url=\"https:\/\/medicina.udd.cl\/centro-humanidades\/files\/2019\/10\/IMG_1507-1.jpg\"><img decoding=\"async\" src=\"https:\/\/medicina.udd.cl\/centro-humanidades\/files\/2019\/10\/IMG_1507-1-125x80.jpg\" class=\"full-width\" alt=\"IMG_1507\"><\/a><\/figure><figure class=\"gallery-item crsl-item\"><a href=\"https:\/\/medicina.udd.cl\/centro-humanidades\/files\/2019\/10\/IMG_1501-1-660x430.jpg\" title=\"IMG_1501\" class=\"gallery-thumb\" id=\"thumbnail-3166-9\" data-full-url=\"https:\/\/medicina.udd.cl\/centro-humanidades\/files\/2019\/10\/IMG_1501-1.jpg\"><img decoding=\"async\" src=\"https:\/\/medicina.udd.cl\/centro-humanidades\/files\/2019\/10\/IMG_1501-1-125x80.jpg\" class=\"full-width\" alt=\"IMG_1501\"><\/a><\/figure><figure class=\"gallery-item crsl-item\"><a href=\"https:\/\/medicina.udd.cl\/centro-humanidades\/files\/2019\/10\/IMG_1504-1-660x430.jpg\" title=\"IMG_1504\" class=\"gallery-thumb\" id=\"thumbnail-3168-10\" data-full-url=\"https:\/\/medicina.udd.cl\/centro-humanidades\/files\/2019\/10\/IMG_1504-1.jpg\"><img decoding=\"async\" src=\"https:\/\/medicina.udd.cl\/centro-humanidades\/files\/2019\/10\/IMG_1504-1-125x80.jpg\" class=\"full-width\" alt=\"IMG_1504\"><\/a><\/figure><\/div><\/div><\/div><\/div><br \/>\nDado el complejo escenario que se vive en Chile, el Centro de Humanidades M\u00e9dicas de la Facultad de Medicina Cl\u00ednica Alemana Universidad del Desarrollo, en conjunto con el Centro de Alumnos de la carrera de Medicina (CEM), organizaron la jornada de reflexi\u00f3n \u201cReconstrucci\u00f3n creativa: \u00bfPensemos juntos qu\u00e9 ha pasado?\u201d, en el cual participaron estudiantes, funcionarios, docentes y directivos.<br \/>\nEl encuentro, al que asistieron m\u00e1s de 120 personas, comenz\u00f3 con la pregunta abierta \u00bfA qu\u00e9 despert\u00f3 Chile?, ante lo cual hubo diversas respuestas, entre \u00e9stas: a la desigualdad, a la actividad, a la empat\u00eda, a recoger inquietudes, a participar en los procesos y a un cambio interno, entre otros.<br \/>\nEn el debate prim\u00f3 el respeto, la apertura y la reflexi\u00f3n. \u201cFue una jornada con mucho sentido, participativa y muy constructiva, lo cual es muy necesario, sobre todo en este momento\u201d, sostuvo el Decano de la Facultad de Medicina, doctor Ricardo Ronco.<br \/>\nDado el \u00e9xito de la actividad, se espera que este encuentro se repita durante la pr\u00f3xima semana.<\/p>\n","protected":false},"excerpt":{"rendered":"<p>Dado el complejo escenario que se vive en Chile, el Centro de Humanidades M\u00e9dicas de la Facultad de Medicina Cl\u00ednica Alemana Universidad del Desarrollo, en conjunto con el Centro de Alumnos de la carrera de Medicina (CEM), organizaron la jornada de reflexi\u00f3n \u201cReconstrucci\u00f3n creativa: \u00bfPensemos juntos qu\u00e9 ha pasado?\u201d, en el cual participaron estudiantes, funcionarios, [&hellip;]<\/p>\n","protected":false},"author":9192209,"featured_media":3165,"comment_status":"open","ping_status":"open","sticky":false,"template":"","format":"standard","meta":{"footnotes":""},"categories":[15185,4],"tags":[],"class_list":["post-3164","post","type-post","status-publish","format-standard","has-post-thumbnail","hentry","category-centro-de-humanidades","category-noticias"],"yoast_head":"<!-- This site is optimized with the Yoast SEO plugin v26.9 - https:\/\/yoast.com\/product\/yoast-seo-wordpress\/ -->\n<title>Reconstrucci\u00f3n creativa: \u00bfPensemos juntos qu\u00e9 ha pasado? - Centro de Humanidades<\/title>\n<meta name=\"robots\" content=\"index, follow, max-snippet:-1, max-image-preview:large, max-video-preview:-1\" \/>\n<link rel=\"canonical\" href=\"https:\/\/medicina.udd.cl\/centro-humanidades\/noticias\/2019\/10\/30\/reconstruccion-creativa-pensemos-juntos-que-ha-pasado\/\" \/>\n<meta property=\"og:locale\" content=\"es_ES\" \/>\n<meta property=\"og:type\" content=\"article\" \/>\n<meta property=\"og:title\" content=\"Reconstrucci\u00f3n creativa: \u00bfPensemos juntos qu\u00e9 ha pasado? - Centro de Humanidades\" \/>\n<meta property=\"og:description\" content=\"Dado el complejo escenario que se vive en Chile, el Centro de Humanidades M\u00e9dicas de la Facultad de Medicina Cl\u00ednica Alemana Universidad del Desarrollo, en conjunto con el Centro de Alumnos de la carrera de Medicina (CEM), organizaron la jornada de reflexi\u00f3n \u201cReconstrucci\u00f3n creativa: \u00bfPensemos juntos qu\u00e9 ha pasado?\u201d, en el cual participaron estudiantes, funcionarios, [&hellip;]\" \/>\n<meta property=\"og:url\" content=\"https:\/\/medicina.udd.cl\/centro-humanidades\/noticias\/2019\/10\/30\/reconstruccion-creativa-pensemos-juntos-que-ha-pasado\/\" \/>\n<meta property=\"og:site_name\" content=\"Centro de Humanidades\" \/>\n<meta property=\"article:published_time\" content=\"2019-10-30T17:49:13+00:00\" \/>\n<meta property=\"article:modified_time\" content=\"2020-03-04T20:01:13+00:00\" \/>\n<meta property=\"og:image\" content=\"https:\/\/medicina.udd.cl\/centro-humanidades\/files\/2019\/10\/IMG_1499-1-1024x683.jpg\" \/>\n\t<meta property=\"og:image:width\" content=\"1024\" \/>\n\t<meta property=\"og:image:height\" content=\"683\" \/>\n\t<meta property=\"og:image:type\" content=\"image\/jpeg\" \/>\n<meta name=\"author\" content=\"felipelavinz\" \/>\n<meta name=\"twitter:label1\" content=\"Escrito por\" \/>\n\t<meta name=\"twitter:data1\" content=\"felipelavinz\" \/>\n\t<meta name=\"twitter:label2\" content=\"Tiempo de lectura\" \/>\n\t<meta name=\"twitter:data2\" content=\"1 minuto\" \/>\n<script type=\"application\/ld+json\" class=\"yoast-schema-graph\">{\"@context\":\"https:\/\/schema.org\",\"@graph\":[{\"@type\":\"Article\",\"@id\":\"https:\/\/medicina.udd.cl\/centro-humanidades\/noticias\/2019\/10\/30\/reconstruccion-creativa-pensemos-juntos-que-ha-pasado\/#article\",\"isPartOf\":{\"@id\":\"https:\/\/medicina.udd.cl\/centro-humanidades\/noticias\/2019\/10\/30\/reconstruccion-creativa-pensemos-juntos-que-ha-pasado\/\"},\"author\":{\"name\":\"felipelavinz\",\"@id\":\"https:\/\/medicina.udd.cl\/centro-humanidades\/#\/schema\/person\/6cab0118546e2e503341d0c654105ac0\"},\"headline\":\"Reconstrucci\u00f3n creativa: \u00bfPensemos juntos qu\u00e9 ha pasado?\",\"datePublished\":\"2019-10-30T17:49:13+00:00\",\"dateModified\":\"2020-03-04T20:01:13+00:00\",\"mainEntityOfPage\":{\"@id\":\"https:\/\/medicina.udd.cl\/centro-humanidades\/noticias\/2019\/10\/30\/reconstruccion-creativa-pensemos-juntos-que-ha-pasado\/\"},\"wordCount\":184,\"commentCount\":0,\"image\":{\"@id\":\"https:\/\/medicina.udd.cl\/centro-humanidades\/noticias\/2019\/10\/30\/reconstruccion-creativa-pensemos-juntos-que-ha-pasado\/#primaryimage\"},\"thumbnailUrl\":\"https:\/\/medicina.udd.cl\/centro-humanidades\/files\/2019\/10\/IMG_1499-1.jpg\",\"articleSection\":[\"Centro de Humanidades\",\"Noticias\"],\"inLanguage\":\"es\",\"potentialAction\":[{\"@type\":\"CommentAction\",\"name\":\"Comment\",\"target\":[\"https:\/\/medicina.udd.cl\/centro-humanidades\/noticias\/2019\/10\/30\/reconstruccion-creativa-pensemos-juntos-que-ha-pasado\/#respond\"]}]},{\"@type\":\"WebPage\",\"@id\":\"https:\/\/medicina.udd.cl\/centro-humanidades\/noticias\/2019\/10\/30\/reconstruccion-creativa-pensemos-juntos-que-ha-pasado\/\",\"url\":\"https:\/\/medicina.udd.cl\/centro-humanidades\/noticias\/2019\/10\/30\/reconstruccion-creativa-pensemos-juntos-que-ha-pasado\/\",\"name\":\"Reconstrucci\u00f3n creativa: \u00bfPensemos juntos qu\u00e9 ha pasado? - Centro de Humanidades\",\"isPartOf\":{\"@id\":\"https:\/\/medicina.udd.cl\/centro-humanidades\/#website\"},\"primaryImageOfPage\":{\"@id\":\"https:\/\/medicina.udd.cl\/centro-humanidades\/noticias\/2019\/10\/30\/reconstruccion-creativa-pensemos-juntos-que-ha-pasado\/#primaryimage\"},\"image\":{\"@id\":\"https:\/\/medicina.udd.cl\/centro-humanidades\/noticias\/2019\/10\/30\/reconstruccion-creativa-pensemos-juntos-que-ha-pasado\/#primaryimage\"},\"thumbnailUrl\":\"https:\/\/medicina.udd.cl\/centro-humanidades\/files\/2019\/10\/IMG_1499-1.jpg\",\"datePublished\":\"2019-10-30T17:49:13+00:00\",\"dateModified\":\"2020-03-04T20:01:13+00:00\",\"author\":{\"@id\":\"https:\/\/medicina.udd.cl\/centro-humanidades\/#\/schema\/person\/6cab0118546e2e503341d0c654105ac0\"},\"breadcrumb\":{\"@id\":\"https:\/\/medicina.udd.cl\/centro-humanidades\/noticias\/2019\/10\/30\/reconstruccion-creativa-pensemos-juntos-que-ha-pasado\/#breadcrumb\"},\"inLanguage\":\"es\",\"potentialAction\":[{\"@type\":\"ReadAction\",\"target\":[\"https:\/\/medicina.udd.cl\/centro-humanidades\/noticias\/2019\/10\/30\/reconstruccion-creativa-pensemos-juntos-que-ha-pasado\/\"]}]},{\"@type\":\"ImageObject\",\"inLanguage\":\"es\",\"@id\":\"https:\/\/medicina.udd.cl\/centro-humanidades\/noticias\/2019\/10\/30\/reconstruccion-creativa-pensemos-juntos-que-ha-pasado\/#primaryimage\",\"url\":\"https:\/\/medicina.udd.cl\/centro-humanidades\/files\/2019\/10\/IMG_1499-1.jpg\",\"contentUrl\":\"https:\/\/medicina.udd.cl\/centro-humanidades\/files\/2019\/10\/IMG_1499-1.jpg\",\"width\":5184,\"height\":3456},{\"@type\":\"BreadcrumbList\",\"@id\":\"https:\/\/medicina.udd.cl\/centro-humanidades\/noticias\/2019\/10\/30\/reconstruccion-creativa-pensemos-juntos-que-ha-pasado\/#breadcrumb\",\"itemListElement\":[{\"@type\":\"ListItem\",\"position\":1,\"name\":\"Home\",\"item\":\"https:\/\/medicina.udd.cl\/centro-humanidades\/\"},{\"@type\":\"ListItem\",\"position\":2,\"name\":\"Reconstrucci\u00f3n creativa: \u00bfPensemos juntos qu\u00e9 ha pasado?\"}]},{\"@type\":\"WebSite\",\"@id\":\"https:\/\/medicina.udd.cl\/centro-humanidades\/#website\",\"url\":\"https:\/\/medicina.udd.cl\/centro-humanidades\/\",\"name\":\"Centro de Humanidades\",\"description\":\"Otro sitio m\u00e1s de Medicina\",\"potentialAction\":[{\"@type\":\"SearchAction\",\"target\":{\"@type\":\"EntryPoint\",\"urlTemplate\":\"https:\/\/medicina.udd.cl\/centro-humanidades\/?s={search_term_string}\"},\"query-input\":{\"@type\":\"PropertyValueSpecification\",\"valueRequired\":true,\"valueName\":\"search_term_string\"}}],\"inLanguage\":\"es\"},{\"@type\":\"Person\",\"@id\":\"https:\/\/medicina.udd.cl\/centro-humanidades\/#\/schema\/person\/6cab0118546e2e503341d0c654105ac0\",\"name\":\"felipelavinz\",\"image\":{\"@type\":\"ImageObject\",\"inLanguage\":\"es\",\"@id\":\"https:\/\/medicina.udd.cl\/centro-humanidades\/#\/schema\/person\/image\/\",\"url\":\"https:\/\/secure.gravatar.com\/avatar\/e9ce48243a282793c99a593d6995af1f36fc67767f115cd6c2ea498a3449ac91?s=96&d=mm&r=g\",\"contentUrl\":\"https:\/\/secure.gravatar.com\/avatar\/e9ce48243a282793c99a593d6995af1f36fc67767f115cd6c2ea498a3449ac91?s=96&d=mm&r=g\",\"caption\":\"felipelavinz\"},\"url\":\"https:\/\/medicina.udd.cl\/centro-humanidades\/noticias\/author\/felipelavinz\/\"}]}<\/script>\n<!-- \/ Yoast SEO plugin. -->","yoast_head_json":{"title":"Reconstrucci\u00f3n creativa: \u00bfPensemos juntos qu\u00e9 ha pasado? - Centro de Humanidades","robots":{"index":"index","follow":"follow","max-snippet":"max-snippet:-1","max-image-preview":"max-image-preview:large","max-video-preview":"max-video-preview:-1"},"canonical":"https:\/\/medicina.udd.cl\/centro-humanidades\/noticias\/2019\/10\/30\/reconstruccion-creativa-pensemos-juntos-que-ha-pasado\/","og_locale":"es_ES","og_type":"article","og_title":"Reconstrucci\u00f3n creativa: \u00bfPensemos juntos qu\u00e9 ha pasado? - Centro de Humanidades","og_description":"Dado el complejo escenario que se vive en Chile, el Centro de Humanidades M\u00e9dicas de la Facultad de Medicina Cl\u00ednica Alemana Universidad del Desarrollo, en conjunto con el Centro de Alumnos de la carrera de Medicina (CEM), organizaron la jornada de reflexi\u00f3n \u201cReconstrucci\u00f3n creativa: \u00bfPensemos juntos qu\u00e9 ha pasado?\u201d, en el cual participaron estudiantes, funcionarios, [&hellip;]","og_url":"https:\/\/medicina.udd.cl\/centro-humanidades\/noticias\/2019\/10\/30\/reconstruccion-creativa-pensemos-juntos-que-ha-pasado\/","og_site_name":"Centro de Humanidades","article_published_time":"2019-10-30T17:49:13+00:00","article_modified_time":"2020-03-04T20:01:13+00:00","og_image":[{"width":1024,"height":683,"url":"https:\/\/medicina.udd.cl\/centro-humanidades\/files\/2019\/10\/IMG_1499-1-1024x683.jpg","type":"image\/jpeg"}],"author":"felipelavinz","twitter_misc":{"Escrito por":"felipelavinz","Tiempo de lectura":"1 minuto"},"schema":{"@context":"https:\/\/schema.org","@graph":[{"@type":"Article","@id":"https:\/\/medicina.udd.cl\/centro-humanidades\/noticias\/2019\/10\/30\/reconstruccion-creativa-pensemos-juntos-que-ha-pasado\/#article","isPartOf":{"@id":"https:\/\/medicina.udd.cl\/centro-humanidades\/noticias\/2019\/10\/30\/reconstruccion-creativa-pensemos-juntos-que-ha-pasado\/"},"author":{"name":"felipelavinz","@id":"https:\/\/medicina.udd.cl\/centro-humanidades\/#\/schema\/person\/6cab0118546e2e503341d0c654105ac0"},"headline":"Reconstrucci\u00f3n creativa: \u00bfPensemos juntos qu\u00e9 ha pasado?","datePublished":"2019-10-30T17:49:13+00:00","dateModified":"2020-03-04T20:01:13+00:00","mainEntityOfPage":{"@id":"https:\/\/medicina.udd.cl\/centro-humanidades\/noticias\/2019\/10\/30\/reconstruccion-creativa-pensemos-juntos-que-ha-pasado\/"},"wordCount":184,"commentCount":0,"image":{"@id":"https:\/\/medicina.udd.cl\/centro-humanidades\/noticias\/2019\/10\/30\/reconstruccion-creativa-pensemos-juntos-que-ha-pasado\/#primaryimage"},"thumbnailUrl":"https:\/\/medicina.udd.cl\/centro-humanidades\/files\/2019\/10\/IMG_1499-1.jpg","articleSection":["Centro de Humanidades","Noticias"],"inLanguage":"es","potentialAction":[{"@type":"CommentAction","name":"Comment","target":["https:\/\/medicina.udd.cl\/centro-humanidades\/noticias\/2019\/10\/30\/reconstruccion-creativa-pensemos-juntos-que-ha-pasado\/#respond"]}]},{"@type":"WebPage","@id":"https:\/\/medicina.udd.cl\/centro-humanidades\/noticias\/2019\/10\/30\/reconstruccion-creativa-pensemos-juntos-que-ha-pasado\/","url":"https:\/\/medicina.udd.cl\/centro-humanidades\/noticias\/2019\/10\/30\/reconstruccion-creativa-pensemos-juntos-que-ha-pasado\/","name":"Reconstrucci\u00f3n creativa: \u00bfPensemos juntos qu\u00e9 ha pasado? - Centro de Humanidades","isPartOf":{"@id":"https:\/\/medicina.udd.cl\/centro-humanidades\/#website"},"primaryImageOfPage":{"@id":"https:\/\/medicina.udd.cl\/centro-humanidades\/noticias\/2019\/10\/30\/reconstruccion-creativa-pensemos-juntos-que-ha-pasado\/#primaryimage"},"image":{"@id":"https:\/\/medicina.udd.cl\/centro-humanidades\/noticias\/2019\/10\/30\/reconstruccion-creativa-pensemos-juntos-que-ha-pasado\/#primaryimage"},"thumbnailUrl":"https:\/\/medicina.udd.cl\/centro-humanidades\/files\/2019\/10\/IMG_1499-1.jpg","datePublished":"2019-10-30T17:49:13+00:00","dateModified":"2020-03-04T20:01:13+00:00","author":{"@id":"https:\/\/medicina.udd.cl\/centro-humanidades\/#\/schema\/person\/6cab0118546e2e503341d0c654105ac0"},"breadcrumb":{"@id":"https:\/\/medicina.udd.cl\/centro-humanidades\/noticias\/2019\/10\/30\/reconstruccion-creativa-pensemos-juntos-que-ha-pasado\/#breadcrumb"},"inLanguage":"es","potentialAction":[{"@type":"ReadAction","target":["https:\/\/medicina.udd.cl\/centro-humanidades\/noticias\/2019\/10\/30\/reconstruccion-creativa-pensemos-juntos-que-ha-pasado\/"]}]},{"@type":"ImageObject","inLanguage":"es","@id":"https:\/\/medicina.udd.cl\/centro-humanidades\/noticias\/2019\/10\/30\/reconstruccion-creativa-pensemos-juntos-que-ha-pasado\/#primaryimage","url":"https:\/\/medicina.udd.cl\/centro-humanidades\/files\/2019\/10\/IMG_1499-1.jpg","contentUrl":"https:\/\/medicina.udd.cl\/centro-humanidades\/files\/2019\/10\/IMG_1499-1.jpg","width":5184,"height":3456},{"@type":"BreadcrumbList","@id":"https:\/\/medicina.udd.cl\/centro-humanidades\/noticias\/2019\/10\/30\/reconstruccion-creativa-pensemos-juntos-que-ha-pasado\/#breadcrumb","itemListElement":[{"@type":"ListItem","position":1,"name":"Home","item":"https:\/\/medicina.udd.cl\/centro-humanidades\/"},{"@type":"ListItem","position":2,"name":"Reconstrucci\u00f3n creativa: \u00bfPensemos juntos qu\u00e9 ha pasado?"}]},{"@type":"WebSite","@id":"https:\/\/medicina.udd.cl\/centro-humanidades\/#website","url":"https:\/\/medicina.udd.cl\/centro-humanidades\/","name":"Centro de Humanidades","description":"Otro sitio m\u00e1s de Medicina","potentialAction":[{"@type":"SearchAction","target":{"@type":"EntryPoint","urlTemplate":"https:\/\/medicina.udd.cl\/centro-humanidades\/?s={search_term_string}"},"query-input":{"@type":"PropertyValueSpecification","valueRequired":true,"valueName":"search_term_string"}}],"inLanguage":"es"},{"@type":"Person","@id":"https:\/\/medicina.udd.cl\/centro-humanidades\/#\/schema\/person\/6cab0118546e2e503341d0c654105ac0","name":"felipelavinz","image":{"@type":"ImageObject","inLanguage":"es","@id":"https:\/\/medicina.udd.cl\/centro-humanidades\/#\/schema\/person\/image\/","url":"https:\/\/secure.gravatar.com\/avatar\/e9ce48243a282793c99a593d6995af1f36fc67767f115cd6c2ea498a3449ac91?s=96&d=mm&r=g","contentUrl":"https:\/\/secure.gravatar.com\/avatar\/e9ce48243a282793c99a593d6995af1f36fc67767f115cd6c2ea498a3449ac91?s=96&d=mm&r=g","caption":"felipelavinz"},"url":"https:\/\/medicina.udd.cl\/centro-humanidades\/noticias\/author\/felipelavinz\/"}]}},"_links":{"self":[{"href":"https:\/\/medicina.udd.cl\/centro-humanidades\/wp-json\/wp\/v2\/posts\/3164","targetHints":{"allow":["GET"]}}],"collection":[{"href":"https:\/\/medicina.udd.cl\/centro-humanidades\/wp-json\/wp\/v2\/posts"}],"about":[{"href":"https:\/\/medicina.udd.cl\/centro-humanidades\/wp-json\/wp\/v2\/types\/post"}],"author":[{"embeddable":true,"href":"https:\/\/medicina.udd.cl\/centro-humanidades\/wp-json\/wp\/v2\/users\/9192209"}],"replies":[{"embeddable":true,"href":"https:\/\/medicina.udd.cl\/centro-humanidades\/wp-json\/wp\/v2\/comments?post=3164"}],"version-history":[{"count":1,"href":"https:\/\/medicina.udd.cl\/centro-humanidades\/wp-json\/wp\/v2\/posts\/3164\/revisions"}],"predecessor-version":[{"id":3269,"href":"https:\/\/medicina.udd.cl\/centro-humanidades\/wp-json\/wp\/v2\/posts\/3164\/revisions\/3269"}],"wp:featuredmedia":[{"embeddable":true,"href":"https:\/\/medicina.udd.cl\/centro-humanidades\/wp-json\/wp\/v2\/media\/3165"}],"wp:attachment":[{"href":"https:\/\/medicina.udd.cl\/centro-humanidades\/wp-json\/wp\/v2\/media?parent=3164"}],"wp:term":[{"taxonomy":"category","embeddable":true,"href":"https:\/\/medicina.udd.cl\/centro-humanidades\/wp-json\/wp\/v2\/categories?post=3164"},{"taxonomy":"post_tag","embeddable":true,"href":"https:\/\/medicina.udd.cl\/centro-humanidades\/wp-json\/wp\/v2\/tags?post=3164"}],"curies":[{"name":"wp","href":"https:\/\/api.w.org\/{rel}","templated":true}]}}