{"id":3190,"date":"2019-11-08T12:24:12","date_gmt":"2019-11-08T15:24:12","guid":{"rendered":"http:\/\/medicina.udd.cl\/centro-humanidades\/?p=3190"},"modified":"2020-03-04T17:01:13","modified_gmt":"2020-03-04T20:01:13","slug":"semana-de-reflexion-y-reconstruccion-creativa-en-facultad-de-medicina-y-hospital-padre-hurtado","status":"publish","type":"post","link":"https:\/\/medicina.udd.cl\/centro-humanidades\/noticias\/2019\/11\/08\/semana-de-reflexion-y-reconstruccion-creativa-en-facultad-de-medicina-y-hospital-padre-hurtado\/","title":{"rendered":"Semana de reflexi\u00f3n y \u201creconstrucci\u00f3n creativa\u201d en Facultad de Medicina y Hospital Padre Hurtado"},"content":{"rendered":"<p><div class=\"gallery gallery-post\" id=\"gallery-3190-1\"><div class=\"gallery-post-feature gallery-item\"><\/div><div class=\"gallery-carousel\"><div id=\"nav-post-gallery-gallery-3190-1\" class=\"crsl-nav\"><a href=\"#\" class=\"previous icon icon-caret-left\"><\/a><a href=\"#\" class=\"next icon icon-caret-right\"><\/a><\/div><div id=\"post-gallery-gallery-3190-1\" class=\"crsl-items\" data-navigation=\"nav-post-gallery-gallery-3190-1\" data-crsl='{ \"visible\": 4, \"itemMargin\": 10 }'><div class=\"crsl-wrap\"><figure class=\"gallery-item crsl-item crsl-active\"><a href=\"https:\/\/medicina.udd.cl\/centro-humanidades\/files\/2019\/11\/IMG_1555-1-660x430.jpg\" title=\"IMG_1555\" class=\"gallery-thumb\" id=\"thumbnail-3200-0\" data-full-url=\"https:\/\/medicina.udd.cl\/centro-humanidades\/files\/2019\/11\/IMG_1555-1.jpg\"><img decoding=\"async\" src=\"https:\/\/medicina.udd.cl\/centro-humanidades\/files\/2019\/11\/IMG_1555-1-125x80.jpg\" class=\"full-width\" alt=\"IMG_1555\"><\/a><\/figure><figure class=\"gallery-item crsl-item\"><a href=\"https:\/\/medicina.udd.cl\/centro-humanidades\/files\/2019\/11\/IMG_1559-1-660x430.jpg\" title=\"IMG_1559\" class=\"gallery-thumb\" id=\"thumbnail-3202-1\" data-full-url=\"https:\/\/medicina.udd.cl\/centro-humanidades\/files\/2019\/11\/IMG_1559-1.jpg\"><img decoding=\"async\" src=\"https:\/\/medicina.udd.cl\/centro-humanidades\/files\/2019\/11\/IMG_1559-1-125x80.jpg\" class=\"full-width\" alt=\"IMG_1559\"><\/a><\/figure><figure class=\"gallery-item crsl-item\"><a href=\"https:\/\/medicina.udd.cl\/centro-humanidades\/files\/2019\/11\/IMG_1553-1-660x430.jpg\" title=\"IMG_1553\" class=\"gallery-thumb\" id=\"thumbnail-3198-2\" data-full-url=\"https:\/\/medicina.udd.cl\/centro-humanidades\/files\/2019\/11\/IMG_1553-1.jpg\"><img decoding=\"async\" src=\"https:\/\/medicina.udd.cl\/centro-humanidades\/files\/2019\/11\/IMG_1553-1-125x80.jpg\" class=\"full-width\" alt=\"IMG_1553\"><\/a><\/figure><figure class=\"gallery-item crsl-item\"><a href=\"https:\/\/medicina.udd.cl\/centro-humanidades\/files\/2019\/11\/IMG_1563-1-660x430.jpg\" title=\"IMG_1563\" class=\"gallery-thumb\" id=\"thumbnail-3203-3\" data-full-url=\"https:\/\/medicina.udd.cl\/centro-humanidades\/files\/2019\/11\/IMG_1563-1.jpg\"><img decoding=\"async\" src=\"https:\/\/medicina.udd.cl\/centro-humanidades\/files\/2019\/11\/IMG_1563-1-125x80.jpg\" class=\"full-width\" alt=\"IMG_1563\"><\/a><\/figure><figure class=\"gallery-item crsl-item\"><a href=\"https:\/\/medicina.udd.cl\/centro-humanidades\/files\/2019\/11\/IMG_1568-1-660x430.jpg\" title=\"IMG_1568\" class=\"gallery-thumb\" id=\"thumbnail-3205-4\" data-full-url=\"https:\/\/medicina.udd.cl\/centro-humanidades\/files\/2019\/11\/IMG_1568-1.jpg\"><img decoding=\"async\" src=\"https:\/\/medicina.udd.cl\/centro-humanidades\/files\/2019\/11\/IMG_1568-1-125x80.jpg\" class=\"full-width\" alt=\"IMG_1568\"><\/a><\/figure><figure class=\"gallery-item crsl-item\"><a href=\"https:\/\/medicina.udd.cl\/centro-humanidades\/files\/2019\/11\/IMG_1565-1-660x430.jpg\" title=\"IMG_1565\" class=\"gallery-thumb\" id=\"thumbnail-3204-5\" data-full-url=\"https:\/\/medicina.udd.cl\/centro-humanidades\/files\/2019\/11\/IMG_1565-1.jpg\"><img decoding=\"async\" src=\"https:\/\/medicina.udd.cl\/centro-humanidades\/files\/2019\/11\/IMG_1565-1-125x80.jpg\" class=\"full-width\" alt=\"IMG_1565\"><\/a><\/figure><figure class=\"gallery-item crsl-item\"><a href=\"https:\/\/medicina.udd.cl\/centro-humanidades\/files\/2019\/11\/IMG_1594-1-660x430.jpg\" title=\"IMG_1594\" class=\"gallery-thumb\" id=\"thumbnail-3211-6\" data-full-url=\"https:\/\/medicina.udd.cl\/centro-humanidades\/files\/2019\/11\/IMG_1594-1.jpg\"><img decoding=\"async\" src=\"https:\/\/medicina.udd.cl\/centro-humanidades\/files\/2019\/11\/IMG_1594-1-125x80.jpg\" class=\"full-width\" alt=\"IMG_1594\"><\/a><\/figure><figure class=\"gallery-item crsl-item\"><a href=\"https:\/\/medicina.udd.cl\/centro-humanidades\/files\/2019\/11\/IMG_1542-1-660x430.jpg\" title=\"IMG_1542\" class=\"gallery-thumb\" id=\"thumbnail-3196-7\" data-full-url=\"https:\/\/medicina.udd.cl\/centro-humanidades\/files\/2019\/11\/IMG_1542-1.jpg\"><img decoding=\"async\" src=\"https:\/\/medicina.udd.cl\/centro-humanidades\/files\/2019\/11\/IMG_1542-1-125x80.jpg\" class=\"full-width\" alt=\"IMG_1542\"><\/a><\/figure><figure class=\"gallery-item crsl-item\"><a href=\"https:\/\/medicina.udd.cl\/centro-humanidades\/files\/2019\/11\/IMG_1545-1-660x430.jpg\" title=\"IMG_1545\" class=\"gallery-thumb\" id=\"thumbnail-3197-8\" data-full-url=\"https:\/\/medicina.udd.cl\/centro-humanidades\/files\/2019\/11\/IMG_1545-1.jpg\"><img decoding=\"async\" src=\"https:\/\/medicina.udd.cl\/centro-humanidades\/files\/2019\/11\/IMG_1545-1-125x80.jpg\" class=\"full-width\" alt=\"IMG_1545\"><\/a><\/figure><figure class=\"gallery-item crsl-item\"><a href=\"https:\/\/medicina.udd.cl\/centro-humanidades\/files\/2019\/11\/IMG_1572-1-660x430.jpg\" title=\"IMG_1572\" class=\"gallery-thumb\" id=\"thumbnail-3206-9\" data-full-url=\"https:\/\/medicina.udd.cl\/centro-humanidades\/files\/2019\/11\/IMG_1572-1.jpg\"><img decoding=\"async\" src=\"https:\/\/medicina.udd.cl\/centro-humanidades\/files\/2019\/11\/IMG_1572-1-125x80.jpg\" class=\"full-width\" alt=\"IMG_1572\"><\/a><\/figure><figure class=\"gallery-item crsl-item\"><a href=\"https:\/\/medicina.udd.cl\/centro-humanidades\/files\/2019\/11\/IMG_1577-1-660x430.jpg\" title=\"IMG_1577\" class=\"gallery-thumb\" id=\"thumbnail-3207-10\" data-full-url=\"https:\/\/medicina.udd.cl\/centro-humanidades\/files\/2019\/11\/IMG_1577-1.jpg\"><img decoding=\"async\" src=\"https:\/\/medicina.udd.cl\/centro-humanidades\/files\/2019\/11\/IMG_1577-1-125x80.jpg\" class=\"full-width\" alt=\"IMG_1577\"><\/a><\/figure><figure class=\"gallery-item crsl-item\"><a href=\"https:\/\/medicina.udd.cl\/centro-humanidades\/files\/2019\/11\/IMG_1584-1-660x430.jpg\" title=\"IMG_1584\" class=\"gallery-thumb\" id=\"thumbnail-3208-11\" data-full-url=\"https:\/\/medicina.udd.cl\/centro-humanidades\/files\/2019\/11\/IMG_1584-1.jpg\"><img decoding=\"async\" src=\"https:\/\/medicina.udd.cl\/centro-humanidades\/files\/2019\/11\/IMG_1584-1-125x80.jpg\" class=\"full-width\" alt=\"IMG_1584\"><\/a><\/figure><figure class=\"gallery-item crsl-item\"><a href=\"https:\/\/medicina.udd.cl\/centro-humanidades\/files\/2019\/11\/IMG_1588-1-660x430.jpg\" title=\"IMG_1588\" class=\"gallery-thumb\" id=\"thumbnail-3209-12\" data-full-url=\"https:\/\/medicina.udd.cl\/centro-humanidades\/files\/2019\/11\/IMG_1588-1.jpg\"><img decoding=\"async\" src=\"https:\/\/medicina.udd.cl\/centro-humanidades\/files\/2019\/11\/IMG_1588-1-125x80.jpg\" class=\"full-width\" alt=\"IMG_1588\"><\/a><\/figure><figure class=\"gallery-item crsl-item\"><a href=\"https:\/\/medicina.udd.cl\/centro-humanidades\/files\/2019\/11\/IMG_1591-1-660x430.jpg\" title=\"IMG_1591\" class=\"gallery-thumb\" id=\"thumbnail-3210-13\" data-full-url=\"https:\/\/medicina.udd.cl\/centro-humanidades\/files\/2019\/11\/IMG_1591-1.jpg\"><img decoding=\"async\" src=\"https:\/\/medicina.udd.cl\/centro-humanidades\/files\/2019\/11\/IMG_1591-1-125x80.jpg\" class=\"full-width\" alt=\"IMG_1591\"><\/a><\/figure><figure class=\"gallery-item crsl-item\"><a href=\"https:\/\/medicina.udd.cl\/centro-humanidades\/files\/2019\/11\/IMG_1597-1-660x430.jpg\" title=\"IMG_1597\" class=\"gallery-thumb\" id=\"thumbnail-3212-14\" data-full-url=\"https:\/\/medicina.udd.cl\/centro-humanidades\/files\/2019\/11\/IMG_1597-1.jpg\"><img decoding=\"async\" src=\"https:\/\/medicina.udd.cl\/centro-humanidades\/files\/2019\/11\/IMG_1597-1-125x80.jpg\" class=\"full-width\" alt=\"IMG_1597\"><\/a><\/figure><figure class=\"gallery-item crsl-item\"><a href=\"https:\/\/medicina.udd.cl\/centro-humanidades\/files\/2019\/11\/IMG-20191107-WA0019-1-660x430.jpg\" title=\"IMG-20191107-WA0019\" class=\"gallery-thumb\" id=\"thumbnail-3194-15\" data-full-url=\"https:\/\/medicina.udd.cl\/centro-humanidades\/files\/2019\/11\/IMG-20191107-WA0019-1.jpg\"><img decoding=\"async\" src=\"https:\/\/medicina.udd.cl\/centro-humanidades\/files\/2019\/11\/IMG-20191107-WA0019-1-125x80.jpg\" class=\"full-width\" alt=\"IMG-20191107-WA0019\"><\/a><\/figure><figure class=\"gallery-item crsl-item\"><a href=\"https:\/\/medicina.udd.cl\/centro-humanidades\/files\/2019\/11\/IMG-20191107-WA0022-1-660x430.jpg\" title=\"IMG-20191107-WA0022\" class=\"gallery-thumb\" id=\"thumbnail-3193-16\" data-full-url=\"https:\/\/medicina.udd.cl\/centro-humanidades\/files\/2019\/11\/IMG-20191107-WA0022-1.jpg\"><img decoding=\"async\" src=\"https:\/\/medicina.udd.cl\/centro-humanidades\/files\/2019\/11\/IMG-20191107-WA0022-1-125x80.jpg\" class=\"full-width\" alt=\"IMG-20191107-WA0022\"><\/a><\/figure><figure class=\"gallery-item crsl-item\"><a href=\"https:\/\/medicina.udd.cl\/centro-humanidades\/files\/2019\/11\/IMG-20191107-WA0020-1-660x430.jpg\" title=\"IMG-20191107-WA0020\" class=\"gallery-thumb\" id=\"thumbnail-3191-17\" data-full-url=\"https:\/\/medicina.udd.cl\/centro-humanidades\/files\/2019\/11\/IMG-20191107-WA0020-1.jpg\"><img decoding=\"async\" src=\"https:\/\/medicina.udd.cl\/centro-humanidades\/files\/2019\/11\/IMG-20191107-WA0020-1-125x80.jpg\" class=\"full-width\" alt=\"IMG-20191107-WA0020\"><\/a><\/figure><\/div><\/div><\/div><\/div><br \/>\nPor segunda semana consecutiva, el Centro de Humanidades de la Facultad de Medicina Cl\u00ednica Alemana Universidad del Desarrollo, en conjunto con el Centro de Alumnos de la carrera de Medicina (CEM) y PROESSA, llevaron a cabo jornadas de reflexi\u00f3n para alumnos, docentes, autoridades y personal administrativo, en donde se abord\u00f3 la contingencia nacional con \u00e9nfasis en el respeto a diferentes visiones.<br \/>\nSe realizaron dos jornadas, una en el campus Las Condes de la Facultad de Medicina Cl\u00ednica Alemana Universidad del Desarrollo y otra en el Hospital Padre Hurtado (HPH), titulados \u201cReconstrucci\u00f3n creativa\u201d, donde se ofreci\u00f3 micr\u00f3fono abierto para responder las preguntas: \u00bfQu\u00e9 necesitamos para estar mejor? y \u00bfQu\u00e9 propuestas tengo para nuestra comunidad y c\u00f3mo las implementar\u00eda?<br \/>\nAnte estas interrogantes, los asistentes conversaron sobre la importancia de crear empat\u00eda con la gente, una buena comunicaci\u00f3n, de recuperar la confianza entre los chilenos, participar m\u00e1s en procesos ciudadanos, sentirse parte activa de nuestra sociedad y aportar a las decisiones que se tomen en el pa\u00eds. Tambi\u00e9n se identific\u00f3 la necesidad de informarse debidamente para solucionar problemas, perder el miedo a debatir y de incomodar en esta situaci\u00f3n, teniendo en cuenta que toda propuesta es v\u00e1lida si hay respeto, tolerancia y rechazo a la violencia.<br \/>\nPor su parte, el decano de la Facultad de Medicina, Dr. Ricardo Ronco, indic\u00f3 que estas instancias permiten a trav\u00e9s de las propuestas y reflexiones, mejorar y aportar como sociedad. \u201cTodos queremos tener un pa\u00eds mejor, una Facultad de Medicina mejor que la de hace dos meses atr\u00e1s. Les pido a todos su colaboraci\u00f3n para poder conducirla. Rescato la idea de hacer un dec\u00e1logo de buenas pr\u00e1cticas en nuestros grupos de trabajo, que nos permita velar por una buena convivencia al interior de nuestra comunidad\u201d, se\u00f1al\u00f3 el Decano.<\/p>\n","protected":false},"excerpt":{"rendered":"<p>Por segunda semana consecutiva, el Centro de Humanidades de la Facultad de Medicina Cl\u00ednica Alemana Universidad del Desarrollo, en conjunto con el Centro de Alumnos de la carrera de Medicina (CEM) y PROESSA, llevaron a cabo jornadas de reflexi\u00f3n para alumnos, docentes, autoridades y personal administrativo, en donde se abord\u00f3 la contingencia nacional con \u00e9nfasis [&hellip;]<\/p>\n","protected":false},"author":9192209,"featured_media":3199,"comment_status":"open","ping_status":"open","sticky":false,"template":"","format":"standard","meta":{"footnotes":""},"categories":[15185,4],"tags":[],"class_list":["post-3190","post","type-post","status-publish","format-standard","has-post-thumbnail","hentry","category-centro-de-humanidades","category-noticias"],"yoast_head":"<!-- This site is optimized with the Yoast SEO plugin v26.9 - https:\/\/yoast.com\/product\/yoast-seo-wordpress\/ -->\n<title>Semana de reflexi\u00f3n y \u201creconstrucci\u00f3n creativa\u201d en Facultad de Medicina y Hospital Padre Hurtado - Centro de Humanidades<\/title>\n<meta name=\"robots\" content=\"index, follow, max-snippet:-1, max-image-preview:large, max-video-preview:-1\" \/>\n<link rel=\"canonical\" href=\"https:\/\/medicina.udd.cl\/centro-humanidades\/noticias\/2019\/11\/08\/semana-de-reflexion-y-reconstruccion-creativa-en-facultad-de-medicina-y-hospital-padre-hurtado\/\" \/>\n<meta property=\"og:locale\" content=\"es_ES\" \/>\n<meta property=\"og:type\" content=\"article\" \/>\n<meta property=\"og:title\" content=\"Semana de reflexi\u00f3n y \u201creconstrucci\u00f3n creativa\u201d en Facultad de Medicina y Hospital Padre Hurtado - Centro de Humanidades\" \/>\n<meta property=\"og:description\" content=\"Por segunda semana consecutiva, el Centro de Humanidades de la Facultad de Medicina Cl\u00ednica Alemana Universidad del Desarrollo, en conjunto con el Centro de Alumnos de la carrera de Medicina (CEM) y PROESSA, llevaron a cabo jornadas de reflexi\u00f3n para alumnos, docentes, autoridades y personal administrativo, en donde se abord\u00f3 la contingencia nacional con \u00e9nfasis [&hellip;]\" \/>\n<meta property=\"og:url\" content=\"https:\/\/medicina.udd.cl\/centro-humanidades\/noticias\/2019\/11\/08\/semana-de-reflexion-y-reconstruccion-creativa-en-facultad-de-medicina-y-hospital-padre-hurtado\/\" \/>\n<meta property=\"og:site_name\" content=\"Centro de Humanidades\" \/>\n<meta property=\"article:published_time\" content=\"2019-11-08T15:24:12+00:00\" \/>\n<meta property=\"article:modified_time\" content=\"2020-03-04T20:01:13+00:00\" \/>\n<meta property=\"og:image\" content=\"https:\/\/medicina.udd.cl\/centro-humanidades\/files\/2019\/11\/IMG_1554-1-1024x683.jpg\" \/>\n\t<meta property=\"og:image:width\" content=\"1024\" \/>\n\t<meta property=\"og:image:height\" content=\"683\" \/>\n\t<meta property=\"og:image:type\" content=\"image\/jpeg\" \/>\n<meta name=\"author\" content=\"felipelavinz\" \/>\n<meta name=\"twitter:label1\" content=\"Escrito por\" \/>\n\t<meta name=\"twitter:data1\" content=\"felipelavinz\" \/>\n\t<meta name=\"twitter:label2\" content=\"Tiempo de lectura\" \/>\n\t<meta name=\"twitter:data2\" content=\"2 minutos\" \/>\n<script type=\"application\/ld+json\" class=\"yoast-schema-graph\">{\"@context\":\"https:\/\/schema.org\",\"@graph\":[{\"@type\":\"Article\",\"@id\":\"https:\/\/medicina.udd.cl\/centro-humanidades\/noticias\/2019\/11\/08\/semana-de-reflexion-y-reconstruccion-creativa-en-facultad-de-medicina-y-hospital-padre-hurtado\/#article\",\"isPartOf\":{\"@id\":\"https:\/\/medicina.udd.cl\/centro-humanidades\/noticias\/2019\/11\/08\/semana-de-reflexion-y-reconstruccion-creativa-en-facultad-de-medicina-y-hospital-padre-hurtado\/\"},\"author\":{\"name\":\"felipelavinz\",\"@id\":\"https:\/\/medicina.udd.cl\/centro-humanidades\/#\/schema\/person\/6cab0118546e2e503341d0c654105ac0\"},\"headline\":\"Semana de reflexi\u00f3n y \u201creconstrucci\u00f3n creativa\u201d en Facultad de Medicina y Hospital Padre Hurtado\",\"datePublished\":\"2019-11-08T15:24:12+00:00\",\"dateModified\":\"2020-03-04T20:01:13+00:00\",\"mainEntityOfPage\":{\"@id\":\"https:\/\/medicina.udd.cl\/centro-humanidades\/noticias\/2019\/11\/08\/semana-de-reflexion-y-reconstruccion-creativa-en-facultad-de-medicina-y-hospital-padre-hurtado\/\"},\"wordCount\":330,\"commentCount\":0,\"image\":{\"@id\":\"https:\/\/medicina.udd.cl\/centro-humanidades\/noticias\/2019\/11\/08\/semana-de-reflexion-y-reconstruccion-creativa-en-facultad-de-medicina-y-hospital-padre-hurtado\/#primaryimage\"},\"thumbnailUrl\":\"https:\/\/medicina.udd.cl\/centro-humanidades\/files\/2019\/11\/IMG_1554-1.jpg\",\"articleSection\":[\"Centro de Humanidades\",\"Noticias\"],\"inLanguage\":\"es\",\"potentialAction\":[{\"@type\":\"CommentAction\",\"name\":\"Comment\",\"target\":[\"https:\/\/medicina.udd.cl\/centro-humanidades\/noticias\/2019\/11\/08\/semana-de-reflexion-y-reconstruccion-creativa-en-facultad-de-medicina-y-hospital-padre-hurtado\/#respond\"]}]},{\"@type\":\"WebPage\",\"@id\":\"https:\/\/medicina.udd.cl\/centro-humanidades\/noticias\/2019\/11\/08\/semana-de-reflexion-y-reconstruccion-creativa-en-facultad-de-medicina-y-hospital-padre-hurtado\/\",\"url\":\"https:\/\/medicina.udd.cl\/centro-humanidades\/noticias\/2019\/11\/08\/semana-de-reflexion-y-reconstruccion-creativa-en-facultad-de-medicina-y-hospital-padre-hurtado\/\",\"name\":\"Semana de reflexi\u00f3n y \u201creconstrucci\u00f3n creativa\u201d en Facultad de Medicina y Hospital Padre Hurtado - Centro de Humanidades\",\"isPartOf\":{\"@id\":\"https:\/\/medicina.udd.cl\/centro-humanidades\/#website\"},\"primaryImageOfPage\":{\"@id\":\"https:\/\/medicina.udd.cl\/centro-humanidades\/noticias\/2019\/11\/08\/semana-de-reflexion-y-reconstruccion-creativa-en-facultad-de-medicina-y-hospital-padre-hurtado\/#primaryimage\"},\"image\":{\"@id\":\"https:\/\/medicina.udd.cl\/centro-humanidades\/noticias\/2019\/11\/08\/semana-de-reflexion-y-reconstruccion-creativa-en-facultad-de-medicina-y-hospital-padre-hurtado\/#primaryimage\"},\"thumbnailUrl\":\"https:\/\/medicina.udd.cl\/centro-humanidades\/files\/2019\/11\/IMG_1554-1.jpg\",\"datePublished\":\"2019-11-08T15:24:12+00:00\",\"dateModified\":\"2020-03-04T20:01:13+00:00\",\"author\":{\"@id\":\"https:\/\/medicina.udd.cl\/centro-humanidades\/#\/schema\/person\/6cab0118546e2e503341d0c654105ac0\"},\"breadcrumb\":{\"@id\":\"https:\/\/medicina.udd.cl\/centro-humanidades\/noticias\/2019\/11\/08\/semana-de-reflexion-y-reconstruccion-creativa-en-facultad-de-medicina-y-hospital-padre-hurtado\/#breadcrumb\"},\"inLanguage\":\"es\",\"potentialAction\":[{\"@type\":\"ReadAction\",\"target\":[\"https:\/\/medicina.udd.cl\/centro-humanidades\/noticias\/2019\/11\/08\/semana-de-reflexion-y-reconstruccion-creativa-en-facultad-de-medicina-y-hospital-padre-hurtado\/\"]}]},{\"@type\":\"ImageObject\",\"inLanguage\":\"es\",\"@id\":\"https:\/\/medicina.udd.cl\/centro-humanidades\/noticias\/2019\/11\/08\/semana-de-reflexion-y-reconstruccion-creativa-en-facultad-de-medicina-y-hospital-padre-hurtado\/#primaryimage\",\"url\":\"https:\/\/medicina.udd.cl\/centro-humanidades\/files\/2019\/11\/IMG_1554-1.jpg\",\"contentUrl\":\"https:\/\/medicina.udd.cl\/centro-humanidades\/files\/2019\/11\/IMG_1554-1.jpg\",\"width\":5184,\"height\":3456},{\"@type\":\"BreadcrumbList\",\"@id\":\"https:\/\/medicina.udd.cl\/centro-humanidades\/noticias\/2019\/11\/08\/semana-de-reflexion-y-reconstruccion-creativa-en-facultad-de-medicina-y-hospital-padre-hurtado\/#breadcrumb\",\"itemListElement\":[{\"@type\":\"ListItem\",\"position\":1,\"name\":\"Home\",\"item\":\"https:\/\/medicina.udd.cl\/centro-humanidades\/\"},{\"@type\":\"ListItem\",\"position\":2,\"name\":\"Semana de reflexi\u00f3n y \u201creconstrucci\u00f3n creativa\u201d en Facultad de Medicina y Hospital Padre Hurtado\"}]},{\"@type\":\"WebSite\",\"@id\":\"https:\/\/medicina.udd.cl\/centro-humanidades\/#website\",\"url\":\"https:\/\/medicina.udd.cl\/centro-humanidades\/\",\"name\":\"Centro de Humanidades\",\"description\":\"Otro sitio m\u00e1s de Medicina\",\"potentialAction\":[{\"@type\":\"SearchAction\",\"target\":{\"@type\":\"EntryPoint\",\"urlTemplate\":\"https:\/\/medicina.udd.cl\/centro-humanidades\/?s={search_term_string}\"},\"query-input\":{\"@type\":\"PropertyValueSpecification\",\"valueRequired\":true,\"valueName\":\"search_term_string\"}}],\"inLanguage\":\"es\"},{\"@type\":\"Person\",\"@id\":\"https:\/\/medicina.udd.cl\/centro-humanidades\/#\/schema\/person\/6cab0118546e2e503341d0c654105ac0\",\"name\":\"felipelavinz\",\"image\":{\"@type\":\"ImageObject\",\"inLanguage\":\"es\",\"@id\":\"https:\/\/medicina.udd.cl\/centro-humanidades\/#\/schema\/person\/image\/\",\"url\":\"https:\/\/secure.gravatar.com\/avatar\/e9ce48243a282793c99a593d6995af1f36fc67767f115cd6c2ea498a3449ac91?s=96&d=mm&r=g\",\"contentUrl\":\"https:\/\/secure.gravatar.com\/avatar\/e9ce48243a282793c99a593d6995af1f36fc67767f115cd6c2ea498a3449ac91?s=96&d=mm&r=g\",\"caption\":\"felipelavinz\"},\"url\":\"https:\/\/medicina.udd.cl\/centro-humanidades\/noticias\/author\/felipelavinz\/\"}]}<\/script>\n<!-- \/ Yoast SEO plugin. -->","yoast_head_json":{"title":"Semana de reflexi\u00f3n y \u201creconstrucci\u00f3n creativa\u201d en Facultad de Medicina y Hospital Padre Hurtado - Centro de Humanidades","robots":{"index":"index","follow":"follow","max-snippet":"max-snippet:-1","max-image-preview":"max-image-preview:large","max-video-preview":"max-video-preview:-1"},"canonical":"https:\/\/medicina.udd.cl\/centro-humanidades\/noticias\/2019\/11\/08\/semana-de-reflexion-y-reconstruccion-creativa-en-facultad-de-medicina-y-hospital-padre-hurtado\/","og_locale":"es_ES","og_type":"article","og_title":"Semana de reflexi\u00f3n y \u201creconstrucci\u00f3n creativa\u201d en Facultad de Medicina y Hospital Padre Hurtado - Centro de Humanidades","og_description":"Por segunda semana consecutiva, el Centro de Humanidades de la Facultad de Medicina Cl\u00ednica Alemana Universidad del Desarrollo, en conjunto con el Centro de Alumnos de la carrera de Medicina (CEM) y PROESSA, llevaron a cabo jornadas de reflexi\u00f3n para alumnos, docentes, autoridades y personal administrativo, en donde se abord\u00f3 la contingencia nacional con \u00e9nfasis [&hellip;]","og_url":"https:\/\/medicina.udd.cl\/centro-humanidades\/noticias\/2019\/11\/08\/semana-de-reflexion-y-reconstruccion-creativa-en-facultad-de-medicina-y-hospital-padre-hurtado\/","og_site_name":"Centro de Humanidades","article_published_time":"2019-11-08T15:24:12+00:00","article_modified_time":"2020-03-04T20:01:13+00:00","og_image":[{"width":1024,"height":683,"url":"https:\/\/medicina.udd.cl\/centro-humanidades\/files\/2019\/11\/IMG_1554-1-1024x683.jpg","type":"image\/jpeg"}],"author":"felipelavinz","twitter_misc":{"Escrito por":"felipelavinz","Tiempo de lectura":"2 minutos"},"schema":{"@context":"https:\/\/schema.org","@graph":[{"@type":"Article","@id":"https:\/\/medicina.udd.cl\/centro-humanidades\/noticias\/2019\/11\/08\/semana-de-reflexion-y-reconstruccion-creativa-en-facultad-de-medicina-y-hospital-padre-hurtado\/#article","isPartOf":{"@id":"https:\/\/medicina.udd.cl\/centro-humanidades\/noticias\/2019\/11\/08\/semana-de-reflexion-y-reconstruccion-creativa-en-facultad-de-medicina-y-hospital-padre-hurtado\/"},"author":{"name":"felipelavinz","@id":"https:\/\/medicina.udd.cl\/centro-humanidades\/#\/schema\/person\/6cab0118546e2e503341d0c654105ac0"},"headline":"Semana de reflexi\u00f3n y \u201creconstrucci\u00f3n creativa\u201d en Facultad de Medicina y Hospital Padre Hurtado","datePublished":"2019-11-08T15:24:12+00:00","dateModified":"2020-03-04T20:01:13+00:00","mainEntityOfPage":{"@id":"https:\/\/medicina.udd.cl\/centro-humanidades\/noticias\/2019\/11\/08\/semana-de-reflexion-y-reconstruccion-creativa-en-facultad-de-medicina-y-hospital-padre-hurtado\/"},"wordCount":330,"commentCount":0,"image":{"@id":"https:\/\/medicina.udd.cl\/centro-humanidades\/noticias\/2019\/11\/08\/semana-de-reflexion-y-reconstruccion-creativa-en-facultad-de-medicina-y-hospital-padre-hurtado\/#primaryimage"},"thumbnailUrl":"https:\/\/medicina.udd.cl\/centro-humanidades\/files\/2019\/11\/IMG_1554-1.jpg","articleSection":["Centro de Humanidades","Noticias"],"inLanguage":"es","potentialAction":[{"@type":"CommentAction","name":"Comment","target":["https:\/\/medicina.udd.cl\/centro-humanidades\/noticias\/2019\/11\/08\/semana-de-reflexion-y-reconstruccion-creativa-en-facultad-de-medicina-y-hospital-padre-hurtado\/#respond"]}]},{"@type":"WebPage","@id":"https:\/\/medicina.udd.cl\/centro-humanidades\/noticias\/2019\/11\/08\/semana-de-reflexion-y-reconstruccion-creativa-en-facultad-de-medicina-y-hospital-padre-hurtado\/","url":"https:\/\/medicina.udd.cl\/centro-humanidades\/noticias\/2019\/11\/08\/semana-de-reflexion-y-reconstruccion-creativa-en-facultad-de-medicina-y-hospital-padre-hurtado\/","name":"Semana de reflexi\u00f3n y \u201creconstrucci\u00f3n creativa\u201d en Facultad de Medicina y Hospital Padre Hurtado - Centro de Humanidades","isPartOf":{"@id":"https:\/\/medicina.udd.cl\/centro-humanidades\/#website"},"primaryImageOfPage":{"@id":"https:\/\/medicina.udd.cl\/centro-humanidades\/noticias\/2019\/11\/08\/semana-de-reflexion-y-reconstruccion-creativa-en-facultad-de-medicina-y-hospital-padre-hurtado\/#primaryimage"},"image":{"@id":"https:\/\/medicina.udd.cl\/centro-humanidades\/noticias\/2019\/11\/08\/semana-de-reflexion-y-reconstruccion-creativa-en-facultad-de-medicina-y-hospital-padre-hurtado\/#primaryimage"},"thumbnailUrl":"https:\/\/medicina.udd.cl\/centro-humanidades\/files\/2019\/11\/IMG_1554-1.jpg","datePublished":"2019-11-08T15:24:12+00:00","dateModified":"2020-03-04T20:01:13+00:00","author":{"@id":"https:\/\/medicina.udd.cl\/centro-humanidades\/#\/schema\/person\/6cab0118546e2e503341d0c654105ac0"},"breadcrumb":{"@id":"https:\/\/medicina.udd.cl\/centro-humanidades\/noticias\/2019\/11\/08\/semana-de-reflexion-y-reconstruccion-creativa-en-facultad-de-medicina-y-hospital-padre-hurtado\/#breadcrumb"},"inLanguage":"es","potentialAction":[{"@type":"ReadAction","target":["https:\/\/medicina.udd.cl\/centro-humanidades\/noticias\/2019\/11\/08\/semana-de-reflexion-y-reconstruccion-creativa-en-facultad-de-medicina-y-hospital-padre-hurtado\/"]}]},{"@type":"ImageObject","inLanguage":"es","@id":"https:\/\/medicina.udd.cl\/centro-humanidades\/noticias\/2019\/11\/08\/semana-de-reflexion-y-reconstruccion-creativa-en-facultad-de-medicina-y-hospital-padre-hurtado\/#primaryimage","url":"https:\/\/medicina.udd.cl\/centro-humanidades\/files\/2019\/11\/IMG_1554-1.jpg","contentUrl":"https:\/\/medicina.udd.cl\/centro-humanidades\/files\/2019\/11\/IMG_1554-1.jpg","width":5184,"height":3456},{"@type":"BreadcrumbList","@id":"https:\/\/medicina.udd.cl\/centro-humanidades\/noticias\/2019\/11\/08\/semana-de-reflexion-y-reconstruccion-creativa-en-facultad-de-medicina-y-hospital-padre-hurtado\/#breadcrumb","itemListElement":[{"@type":"ListItem","position":1,"name":"Home","item":"https:\/\/medicina.udd.cl\/centro-humanidades\/"},{"@type":"ListItem","position":2,"name":"Semana de reflexi\u00f3n y \u201creconstrucci\u00f3n creativa\u201d en Facultad de Medicina y Hospital Padre Hurtado"}]},{"@type":"WebSite","@id":"https:\/\/medicina.udd.cl\/centro-humanidades\/#website","url":"https:\/\/medicina.udd.cl\/centro-humanidades\/","name":"Centro de Humanidades","description":"Otro sitio m\u00e1s de Medicina","potentialAction":[{"@type":"SearchAction","target":{"@type":"EntryPoint","urlTemplate":"https:\/\/medicina.udd.cl\/centro-humanidades\/?s={search_term_string}"},"query-input":{"@type":"PropertyValueSpecification","valueRequired":true,"valueName":"search_term_string"}}],"inLanguage":"es"},{"@type":"Person","@id":"https:\/\/medicina.udd.cl\/centro-humanidades\/#\/schema\/person\/6cab0118546e2e503341d0c654105ac0","name":"felipelavinz","image":{"@type":"ImageObject","inLanguage":"es","@id":"https:\/\/medicina.udd.cl\/centro-humanidades\/#\/schema\/person\/image\/","url":"https:\/\/secure.gravatar.com\/avatar\/e9ce48243a282793c99a593d6995af1f36fc67767f115cd6c2ea498a3449ac91?s=96&d=mm&r=g","contentUrl":"https:\/\/secure.gravatar.com\/avatar\/e9ce48243a282793c99a593d6995af1f36fc67767f115cd6c2ea498a3449ac91?s=96&d=mm&r=g","caption":"felipelavinz"},"url":"https:\/\/medicina.udd.cl\/centro-humanidades\/noticias\/author\/felipelavinz\/"}]}},"_links":{"self":[{"href":"https:\/\/medicina.udd.cl\/centro-humanidades\/wp-json\/wp\/v2\/posts\/3190","targetHints":{"allow":["GET"]}}],"collection":[{"href":"https:\/\/medicina.udd.cl\/centro-humanidades\/wp-json\/wp\/v2\/posts"}],"about":[{"href":"https:\/\/medicina.udd.cl\/centro-humanidades\/wp-json\/wp\/v2\/types\/post"}],"author":[{"embeddable":true,"href":"https:\/\/medicina.udd.cl\/centro-humanidades\/wp-json\/wp\/v2\/users\/9192209"}],"replies":[{"embeddable":true,"href":"https:\/\/medicina.udd.cl\/centro-humanidades\/wp-json\/wp\/v2\/comments?post=3190"}],"version-history":[{"count":1,"href":"https:\/\/medicina.udd.cl\/centro-humanidades\/wp-json\/wp\/v2\/posts\/3190\/revisions"}],"predecessor-version":[{"id":3268,"href":"https:\/\/medicina.udd.cl\/centro-humanidades\/wp-json\/wp\/v2\/posts\/3190\/revisions\/3268"}],"wp:featuredmedia":[{"embeddable":true,"href":"https:\/\/medicina.udd.cl\/centro-humanidades\/wp-json\/wp\/v2\/media\/3199"}],"wp:attachment":[{"href":"https:\/\/medicina.udd.cl\/centro-humanidades\/wp-json\/wp\/v2\/media?parent=3190"}],"wp:term":[{"taxonomy":"category","embeddable":true,"href":"https:\/\/medicina.udd.cl\/centro-humanidades\/wp-json\/wp\/v2\/categories?post=3190"},{"taxonomy":"post_tag","embeddable":true,"href":"https:\/\/medicina.udd.cl\/centro-humanidades\/wp-json\/wp\/v2\/tags?post=3190"}],"curies":[{"name":"wp","href":"https:\/\/api.w.org\/{rel}","templated":true}]}}