{"id":3235,"date":"2019-11-22T15:36:22","date_gmt":"2019-11-22T18:36:22","guid":{"rendered":"http:\/\/medicina.udd.cl\/centro-humanidades\/?p=3235"},"modified":"2020-03-04T17:01:12","modified_gmt":"2020-03-04T20:01:12","slug":"historiador-chileno-de-la-universidad-de-oxford-en-5-microfono-de-reflexion-y-construccion-creativa-de-la-facultad-de-medicina","status":"publish","type":"post","link":"https:\/\/medicina.udd.cl\/centro-humanidades\/noticias\/2019\/11\/22\/historiador-chileno-de-la-universidad-de-oxford-en-5-microfono-de-reflexion-y-construccion-creativa-de-la-facultad-de-medicina\/","title":{"rendered":"Historiador chileno de la Universidad de Oxford en 5\u00b0 micr\u00f3fono de reflexi\u00f3n y \u201cconstrucci\u00f3n creativa\u201d de la Facultad de Medicina"},"content":{"rendered":"<p><div class=\"gallery gallery-post\" id=\"gallery-3235-1\"><div class=\"gallery-post-feature gallery-item\"><\/div><div class=\"gallery-carousel\"><div id=\"nav-post-gallery-gallery-3235-1\" class=\"crsl-nav\"><a href=\"#\" class=\"previous icon icon-caret-left\"><\/a><a href=\"#\" class=\"next icon icon-caret-right\"><\/a><\/div><div id=\"post-gallery-gallery-3235-1\" class=\"crsl-items\" data-navigation=\"nav-post-gallery-gallery-3235-1\" data-crsl='{ \"visible\": 4, \"itemMargin\": 10 }'><div class=\"crsl-wrap\"><figure class=\"gallery-item crsl-item crsl-active\"><a href=\"https:\/\/medicina.udd.cl\/centro-humanidades\/files\/2019\/11\/IMG_1663-1-660x430.jpg\" title=\"IMG_1663\" class=\"gallery-thumb\" id=\"thumbnail-3239-0\" data-full-url=\"https:\/\/medicina.udd.cl\/centro-humanidades\/files\/2019\/11\/IMG_1663-1.jpg\"><img decoding=\"async\" src=\"https:\/\/medicina.udd.cl\/centro-humanidades\/files\/2019\/11\/IMG_1663-1-125x80.jpg\" class=\"full-width\" alt=\"IMG_1663\"><\/a><\/figure><figure class=\"gallery-item crsl-item\"><a href=\"https:\/\/medicina.udd.cl\/centro-humanidades\/files\/2019\/11\/IMG_1660-1-660x430.jpg\" title=\"IMG_1660\" class=\"gallery-thumb\" id=\"thumbnail-3237-1\" data-full-url=\"https:\/\/medicina.udd.cl\/centro-humanidades\/files\/2019\/11\/IMG_1660-1.jpg\"><img decoding=\"async\" src=\"https:\/\/medicina.udd.cl\/centro-humanidades\/files\/2019\/11\/IMG_1660-1-125x80.jpg\" class=\"full-width\" alt=\"IMG_1660\"><\/a><\/figure><figure class=\"gallery-item crsl-item\"><a href=\"https:\/\/medicina.udd.cl\/centro-humanidades\/files\/2019\/11\/IMG_1656-1-660x430.jpg\" title=\"IMG_1656\" class=\"gallery-thumb\" id=\"thumbnail-3236-2\" data-full-url=\"https:\/\/medicina.udd.cl\/centro-humanidades\/files\/2019\/11\/IMG_1656-1.jpg\"><img decoding=\"async\" src=\"https:\/\/medicina.udd.cl\/centro-humanidades\/files\/2019\/11\/IMG_1656-1-125x80.jpg\" class=\"full-width\" alt=\"IMG_1656\"><\/a><\/figure><figure class=\"gallery-item crsl-item\"><a href=\"https:\/\/medicina.udd.cl\/centro-humanidades\/files\/2019\/11\/IMG_1672-1-660x430.jpg\" title=\"IMG_1672\" class=\"gallery-thumb\" id=\"thumbnail-3240-3\" data-full-url=\"https:\/\/medicina.udd.cl\/centro-humanidades\/files\/2019\/11\/IMG_1672-1.jpg\"><img decoding=\"async\" src=\"https:\/\/medicina.udd.cl\/centro-humanidades\/files\/2019\/11\/IMG_1672-1-125x80.jpg\" class=\"full-width\" alt=\"IMG_1672\"><\/a><\/figure><figure class=\"gallery-item crsl-item\"><a href=\"https:\/\/medicina.udd.cl\/centro-humanidades\/files\/2019\/11\/IMG_1661-1-660x430.jpg\" title=\"IMG_1661\" class=\"gallery-thumb\" id=\"thumbnail-3238-4\" data-full-url=\"https:\/\/medicina.udd.cl\/centro-humanidades\/files\/2019\/11\/IMG_1661-1.jpg\"><img decoding=\"async\" src=\"https:\/\/medicina.udd.cl\/centro-humanidades\/files\/2019\/11\/IMG_1661-1-125x80.jpg\" class=\"full-width\" alt=\"IMG_1661\"><\/a><\/figure><figure class=\"gallery-item crsl-item\"><a href=\"https:\/\/medicina.udd.cl\/centro-humanidades\/files\/2019\/11\/IMG_1675-1-660x430.jpg\" title=\"IMG_1675\" class=\"gallery-thumb\" id=\"thumbnail-3241-5\" data-full-url=\"https:\/\/medicina.udd.cl\/centro-humanidades\/files\/2019\/11\/IMG_1675-1.jpg\"><img decoding=\"async\" src=\"https:\/\/medicina.udd.cl\/centro-humanidades\/files\/2019\/11\/IMG_1675-1-125x80.jpg\" class=\"full-width\" alt=\"IMG_1675\"><\/a><\/figure><figure class=\"gallery-item crsl-item\"><a href=\"https:\/\/medicina.udd.cl\/centro-humanidades\/files\/2019\/11\/IMG_1677-1-660x430.jpg\" title=\"IMG_1677\" class=\"gallery-thumb\" id=\"thumbnail-3242-6\" data-full-url=\"https:\/\/medicina.udd.cl\/centro-humanidades\/files\/2019\/11\/IMG_1677-1.jpg\"><img decoding=\"async\" src=\"https:\/\/medicina.udd.cl\/centro-humanidades\/files\/2019\/11\/IMG_1677-1-125x80.jpg\" class=\"full-width\" alt=\"IMG_1677\"><\/a><\/figure><\/div><\/div><\/div><\/div><br \/>\nEn el campus Rector Ernesto Silva Bafalluy, se llev\u00f3 a cabo el 5\u00b0 micr\u00f3fono abierto \u201cReconstrucci\u00f3n creativa\u201d, enmarcado en las ya tradicionales jornadas de reflexi\u00f3n que organiza el Centro de Humanidades de la Facultad de Medicina Cl\u00ednica Alemana Universidad del Desarrollo, y donde participan alumnos, docentes, autoridades y personal administrativo.<br \/>\nEn esta oportunidad se cont\u00f3 con la participaci\u00f3n del historiador chileno, PhD, de la Universidad de Oxford, Alejandro San Francisco, quien se refiri\u00f3 a la contingencia que se vive actualmente en Chile y lo que podr\u00eda hacerse para contribuir a resolver la crisis pol\u00edtica, social y econ\u00f3mica.<br \/>\n\u201cHoy, la mezcla de desconfianza en la toma de buenas decisiones versus el cambio de concepci\u00f3n de democracia, generan una crisis en el pueblo chileno. Por su parte, en lo social hay m\u00e1s de 500 mil chilenos que no hacen nada en el pa\u00eds, los llamados \u201cnini\u201d, que no estudian ni trabajan. Otra es la manera de c\u00f3mo vive la gente en Chile, los que la pasan muy mal. Son cifras alarmantes\u201d, se\u00f1al\u00f3 el especialista.<br \/>\nAsimismo, el historiador se refiri\u00f3 a la econom\u00eda del pa\u00eds que, si bien en los \u00faltimos 10 a\u00f1os ha crecido vertiginosamente y ha sido ejemplo para el continente hoy, tras la contingencia nacional, el 57% de los chilenos teme perder su empleo.<br \/>\nOtro de los aspectos a corregir, sostuvo San Francisco, es la manera de trabajar de los pol\u00edticos. Deber\u00eda ser primero lo social, luego lo familiar y por \u00faltimo lo personal, \u201cy hoy hacen lo contrario\u201d.<br \/>\nEl especialista recomend\u00f3 a los chilenos, y sobre todo a los j\u00f3venes, involucrarse m\u00e1s en la pol\u00edtica para tener base de lo que ocurre y c\u00f3mo se debe solventar; as\u00ed como tambi\u00e9n a exigir de mejor manera, siendo creativos y no destructivos, ya que \u201cestos destrozos les est\u00e1n pasando una factura muy grande a todos los chilenos\u201d.<\/p>\n","protected":false},"excerpt":{"rendered":"<p>En el campus Rector Ernesto Silva Bafalluy, se llev\u00f3 a cabo el 5\u00b0 micr\u00f3fono abierto \u201cReconstrucci\u00f3n creativa\u201d, enmarcado en las ya tradicionales jornadas de reflexi\u00f3n que organiza el Centro de Humanidades de la Facultad de Medicina Cl\u00ednica Alemana Universidad del Desarrollo, y donde participan alumnos, docentes, autoridades y personal administrativo. En esta oportunidad se cont\u00f3 [&hellip;]<\/p>\n","protected":false},"author":9192209,"featured_media":3239,"comment_status":"open","ping_status":"open","sticky":false,"template":"","format":"standard","meta":{"footnotes":""},"categories":[15185,4],"tags":[],"class_list":["post-3235","post","type-post","status-publish","format-standard","has-post-thumbnail","hentry","category-centro-de-humanidades","category-noticias"],"yoast_head":"<!-- This site is optimized with the Yoast SEO plugin v26.9 - https:\/\/yoast.com\/product\/yoast-seo-wordpress\/ -->\n<title>Historiador chileno de la Universidad de Oxford en 5\u00b0 micr\u00f3fono de reflexi\u00f3n y \u201cconstrucci\u00f3n creativa\u201d de la Facultad de Medicina - Centro de Humanidades<\/title>\n<meta name=\"robots\" content=\"index, follow, max-snippet:-1, max-image-preview:large, max-video-preview:-1\" \/>\n<link rel=\"canonical\" href=\"https:\/\/medicina.udd.cl\/centro-humanidades\/noticias\/2019\/11\/22\/historiador-chileno-de-la-universidad-de-oxford-en-5-microfono-de-reflexion-y-construccion-creativa-de-la-facultad-de-medicina\/\" \/>\n<meta property=\"og:locale\" content=\"es_ES\" \/>\n<meta property=\"og:type\" content=\"article\" \/>\n<meta property=\"og:title\" content=\"Historiador chileno de la Universidad de Oxford en 5\u00b0 micr\u00f3fono de reflexi\u00f3n y \u201cconstrucci\u00f3n creativa\u201d de la Facultad de Medicina - Centro de Humanidades\" \/>\n<meta property=\"og:description\" content=\"En el campus Rector Ernesto Silva Bafalluy, se llev\u00f3 a cabo el 5\u00b0 micr\u00f3fono abierto \u201cReconstrucci\u00f3n creativa\u201d, enmarcado en las ya tradicionales jornadas de reflexi\u00f3n que organiza el Centro de Humanidades de la Facultad de Medicina Cl\u00ednica Alemana Universidad del Desarrollo, y donde participan alumnos, docentes, autoridades y personal administrativo. En esta oportunidad se cont\u00f3 [&hellip;]\" \/>\n<meta property=\"og:url\" content=\"https:\/\/medicina.udd.cl\/centro-humanidades\/noticias\/2019\/11\/22\/historiador-chileno-de-la-universidad-de-oxford-en-5-microfono-de-reflexion-y-construccion-creativa-de-la-facultad-de-medicina\/\" \/>\n<meta property=\"og:site_name\" content=\"Centro de Humanidades\" \/>\n<meta property=\"article:published_time\" content=\"2019-11-22T18:36:22+00:00\" \/>\n<meta property=\"article:modified_time\" content=\"2020-03-04T20:01:12+00:00\" \/>\n<meta property=\"og:image\" content=\"https:\/\/medicina.udd.cl\/centro-humanidades\/files\/2019\/11\/IMG_1663-1-1024x683.jpg\" \/>\n\t<meta property=\"og:image:width\" content=\"1024\" \/>\n\t<meta property=\"og:image:height\" content=\"683\" \/>\n\t<meta property=\"og:image:type\" content=\"image\/jpeg\" \/>\n<meta name=\"author\" content=\"felipelavinz\" \/>\n<meta name=\"twitter:label1\" content=\"Escrito por\" \/>\n\t<meta name=\"twitter:data1\" content=\"felipelavinz\" \/>\n\t<meta name=\"twitter:label2\" content=\"Tiempo de lectura\" \/>\n\t<meta name=\"twitter:data2\" content=\"2 minutos\" \/>\n<script type=\"application\/ld+json\" class=\"yoast-schema-graph\">{\"@context\":\"https:\/\/schema.org\",\"@graph\":[{\"@type\":\"Article\",\"@id\":\"https:\/\/medicina.udd.cl\/centro-humanidades\/noticias\/2019\/11\/22\/historiador-chileno-de-la-universidad-de-oxford-en-5-microfono-de-reflexion-y-construccion-creativa-de-la-facultad-de-medicina\/#article\",\"isPartOf\":{\"@id\":\"https:\/\/medicina.udd.cl\/centro-humanidades\/noticias\/2019\/11\/22\/historiador-chileno-de-la-universidad-de-oxford-en-5-microfono-de-reflexion-y-construccion-creativa-de-la-facultad-de-medicina\/\"},\"author\":{\"name\":\"felipelavinz\",\"@id\":\"https:\/\/medicina.udd.cl\/centro-humanidades\/#\/schema\/person\/6cab0118546e2e503341d0c654105ac0\"},\"headline\":\"Historiador chileno de la Universidad de Oxford en 5\u00b0 micr\u00f3fono de reflexi\u00f3n y \u201cconstrucci\u00f3n creativa\u201d de la Facultad de Medicina\",\"datePublished\":\"2019-11-22T18:36:22+00:00\",\"dateModified\":\"2020-03-04T20:01:12+00:00\",\"mainEntityOfPage\":{\"@id\":\"https:\/\/medicina.udd.cl\/centro-humanidades\/noticias\/2019\/11\/22\/historiador-chileno-de-la-universidad-de-oxford-en-5-microfono-de-reflexion-y-construccion-creativa-de-la-facultad-de-medicina\/\"},\"wordCount\":350,\"commentCount\":0,\"image\":{\"@id\":\"https:\/\/medicina.udd.cl\/centro-humanidades\/noticias\/2019\/11\/22\/historiador-chileno-de-la-universidad-de-oxford-en-5-microfono-de-reflexion-y-construccion-creativa-de-la-facultad-de-medicina\/#primaryimage\"},\"thumbnailUrl\":\"https:\/\/medicina.udd.cl\/centro-humanidades\/files\/2019\/11\/IMG_1663-1.jpg\",\"articleSection\":[\"Centro de Humanidades\",\"Noticias\"],\"inLanguage\":\"es\",\"potentialAction\":[{\"@type\":\"CommentAction\",\"name\":\"Comment\",\"target\":[\"https:\/\/medicina.udd.cl\/centro-humanidades\/noticias\/2019\/11\/22\/historiador-chileno-de-la-universidad-de-oxford-en-5-microfono-de-reflexion-y-construccion-creativa-de-la-facultad-de-medicina\/#respond\"]}]},{\"@type\":\"WebPage\",\"@id\":\"https:\/\/medicina.udd.cl\/centro-humanidades\/noticias\/2019\/11\/22\/historiador-chileno-de-la-universidad-de-oxford-en-5-microfono-de-reflexion-y-construccion-creativa-de-la-facultad-de-medicina\/\",\"url\":\"https:\/\/medicina.udd.cl\/centro-humanidades\/noticias\/2019\/11\/22\/historiador-chileno-de-la-universidad-de-oxford-en-5-microfono-de-reflexion-y-construccion-creativa-de-la-facultad-de-medicina\/\",\"name\":\"Historiador chileno de la Universidad de Oxford en 5\u00b0 micr\u00f3fono de reflexi\u00f3n y \u201cconstrucci\u00f3n creativa\u201d de la Facultad de Medicina - Centro de Humanidades\",\"isPartOf\":{\"@id\":\"https:\/\/medicina.udd.cl\/centro-humanidades\/#website\"},\"primaryImageOfPage\":{\"@id\":\"https:\/\/medicina.udd.cl\/centro-humanidades\/noticias\/2019\/11\/22\/historiador-chileno-de-la-universidad-de-oxford-en-5-microfono-de-reflexion-y-construccion-creativa-de-la-facultad-de-medicina\/#primaryimage\"},\"image\":{\"@id\":\"https:\/\/medicina.udd.cl\/centro-humanidades\/noticias\/2019\/11\/22\/historiador-chileno-de-la-universidad-de-oxford-en-5-microfono-de-reflexion-y-construccion-creativa-de-la-facultad-de-medicina\/#primaryimage\"},\"thumbnailUrl\":\"https:\/\/medicina.udd.cl\/centro-humanidades\/files\/2019\/11\/IMG_1663-1.jpg\",\"datePublished\":\"2019-11-22T18:36:22+00:00\",\"dateModified\":\"2020-03-04T20:01:12+00:00\",\"author\":{\"@id\":\"https:\/\/medicina.udd.cl\/centro-humanidades\/#\/schema\/person\/6cab0118546e2e503341d0c654105ac0\"},\"breadcrumb\":{\"@id\":\"https:\/\/medicina.udd.cl\/centro-humanidades\/noticias\/2019\/11\/22\/historiador-chileno-de-la-universidad-de-oxford-en-5-microfono-de-reflexion-y-construccion-creativa-de-la-facultad-de-medicina\/#breadcrumb\"},\"inLanguage\":\"es\",\"potentialAction\":[{\"@type\":\"ReadAction\",\"target\":[\"https:\/\/medicina.udd.cl\/centro-humanidades\/noticias\/2019\/11\/22\/historiador-chileno-de-la-universidad-de-oxford-en-5-microfono-de-reflexion-y-construccion-creativa-de-la-facultad-de-medicina\/\"]}]},{\"@type\":\"ImageObject\",\"inLanguage\":\"es\",\"@id\":\"https:\/\/medicina.udd.cl\/centro-humanidades\/noticias\/2019\/11\/22\/historiador-chileno-de-la-universidad-de-oxford-en-5-microfono-de-reflexion-y-construccion-creativa-de-la-facultad-de-medicina\/#primaryimage\",\"url\":\"https:\/\/medicina.udd.cl\/centro-humanidades\/files\/2019\/11\/IMG_1663-1.jpg\",\"contentUrl\":\"https:\/\/medicina.udd.cl\/centro-humanidades\/files\/2019\/11\/IMG_1663-1.jpg\",\"width\":5184,\"height\":3456},{\"@type\":\"BreadcrumbList\",\"@id\":\"https:\/\/medicina.udd.cl\/centro-humanidades\/noticias\/2019\/11\/22\/historiador-chileno-de-la-universidad-de-oxford-en-5-microfono-de-reflexion-y-construccion-creativa-de-la-facultad-de-medicina\/#breadcrumb\",\"itemListElement\":[{\"@type\":\"ListItem\",\"position\":1,\"name\":\"Home\",\"item\":\"https:\/\/medicina.udd.cl\/centro-humanidades\/\"},{\"@type\":\"ListItem\",\"position\":2,\"name\":\"Historiador chileno de la Universidad de Oxford en 5\u00b0 micr\u00f3fono de reflexi\u00f3n y \u201cconstrucci\u00f3n creativa\u201d de la Facultad de Medicina\"}]},{\"@type\":\"WebSite\",\"@id\":\"https:\/\/medicina.udd.cl\/centro-humanidades\/#website\",\"url\":\"https:\/\/medicina.udd.cl\/centro-humanidades\/\",\"name\":\"Centro de Humanidades\",\"description\":\"Otro sitio m\u00e1s de Medicina\",\"potentialAction\":[{\"@type\":\"SearchAction\",\"target\":{\"@type\":\"EntryPoint\",\"urlTemplate\":\"https:\/\/medicina.udd.cl\/centro-humanidades\/?s={search_term_string}\"},\"query-input\":{\"@type\":\"PropertyValueSpecification\",\"valueRequired\":true,\"valueName\":\"search_term_string\"}}],\"inLanguage\":\"es\"},{\"@type\":\"Person\",\"@id\":\"https:\/\/medicina.udd.cl\/centro-humanidades\/#\/schema\/person\/6cab0118546e2e503341d0c654105ac0\",\"name\":\"felipelavinz\",\"image\":{\"@type\":\"ImageObject\",\"inLanguage\":\"es\",\"@id\":\"https:\/\/medicina.udd.cl\/centro-humanidades\/#\/schema\/person\/image\/\",\"url\":\"https:\/\/secure.gravatar.com\/avatar\/e9ce48243a282793c99a593d6995af1f36fc67767f115cd6c2ea498a3449ac91?s=96&d=mm&r=g\",\"contentUrl\":\"https:\/\/secure.gravatar.com\/avatar\/e9ce48243a282793c99a593d6995af1f36fc67767f115cd6c2ea498a3449ac91?s=96&d=mm&r=g\",\"caption\":\"felipelavinz\"},\"url\":\"https:\/\/medicina.udd.cl\/centro-humanidades\/noticias\/author\/felipelavinz\/\"}]}<\/script>\n<!-- \/ Yoast SEO plugin. -->","yoast_head_json":{"title":"Historiador chileno de la Universidad de Oxford en 5\u00b0 micr\u00f3fono de reflexi\u00f3n y \u201cconstrucci\u00f3n creativa\u201d de la Facultad de Medicina - Centro de Humanidades","robots":{"index":"index","follow":"follow","max-snippet":"max-snippet:-1","max-image-preview":"max-image-preview:large","max-video-preview":"max-video-preview:-1"},"canonical":"https:\/\/medicina.udd.cl\/centro-humanidades\/noticias\/2019\/11\/22\/historiador-chileno-de-la-universidad-de-oxford-en-5-microfono-de-reflexion-y-construccion-creativa-de-la-facultad-de-medicina\/","og_locale":"es_ES","og_type":"article","og_title":"Historiador chileno de la Universidad de Oxford en 5\u00b0 micr\u00f3fono de reflexi\u00f3n y \u201cconstrucci\u00f3n creativa\u201d de la Facultad de Medicina - Centro de Humanidades","og_description":"En el campus Rector Ernesto Silva Bafalluy, se llev\u00f3 a cabo el 5\u00b0 micr\u00f3fono abierto \u201cReconstrucci\u00f3n creativa\u201d, enmarcado en las ya tradicionales jornadas de reflexi\u00f3n que organiza el Centro de Humanidades de la Facultad de Medicina Cl\u00ednica Alemana Universidad del Desarrollo, y donde participan alumnos, docentes, autoridades y personal administrativo. En esta oportunidad se cont\u00f3 [&hellip;]","og_url":"https:\/\/medicina.udd.cl\/centro-humanidades\/noticias\/2019\/11\/22\/historiador-chileno-de-la-universidad-de-oxford-en-5-microfono-de-reflexion-y-construccion-creativa-de-la-facultad-de-medicina\/","og_site_name":"Centro de Humanidades","article_published_time":"2019-11-22T18:36:22+00:00","article_modified_time":"2020-03-04T20:01:12+00:00","og_image":[{"width":1024,"height":683,"url":"https:\/\/medicina.udd.cl\/centro-humanidades\/files\/2019\/11\/IMG_1663-1-1024x683.jpg","type":"image\/jpeg"}],"author":"felipelavinz","twitter_misc":{"Escrito por":"felipelavinz","Tiempo de lectura":"2 minutos"},"schema":{"@context":"https:\/\/schema.org","@graph":[{"@type":"Article","@id":"https:\/\/medicina.udd.cl\/centro-humanidades\/noticias\/2019\/11\/22\/historiador-chileno-de-la-universidad-de-oxford-en-5-microfono-de-reflexion-y-construccion-creativa-de-la-facultad-de-medicina\/#article","isPartOf":{"@id":"https:\/\/medicina.udd.cl\/centro-humanidades\/noticias\/2019\/11\/22\/historiador-chileno-de-la-universidad-de-oxford-en-5-microfono-de-reflexion-y-construccion-creativa-de-la-facultad-de-medicina\/"},"author":{"name":"felipelavinz","@id":"https:\/\/medicina.udd.cl\/centro-humanidades\/#\/schema\/person\/6cab0118546e2e503341d0c654105ac0"},"headline":"Historiador chileno de la Universidad de Oxford en 5\u00b0 micr\u00f3fono de reflexi\u00f3n y \u201cconstrucci\u00f3n creativa\u201d de la Facultad de Medicina","datePublished":"2019-11-22T18:36:22+00:00","dateModified":"2020-03-04T20:01:12+00:00","mainEntityOfPage":{"@id":"https:\/\/medicina.udd.cl\/centro-humanidades\/noticias\/2019\/11\/22\/historiador-chileno-de-la-universidad-de-oxford-en-5-microfono-de-reflexion-y-construccion-creativa-de-la-facultad-de-medicina\/"},"wordCount":350,"commentCount":0,"image":{"@id":"https:\/\/medicina.udd.cl\/centro-humanidades\/noticias\/2019\/11\/22\/historiador-chileno-de-la-universidad-de-oxford-en-5-microfono-de-reflexion-y-construccion-creativa-de-la-facultad-de-medicina\/#primaryimage"},"thumbnailUrl":"https:\/\/medicina.udd.cl\/centro-humanidades\/files\/2019\/11\/IMG_1663-1.jpg","articleSection":["Centro de Humanidades","Noticias"],"inLanguage":"es","potentialAction":[{"@type":"CommentAction","name":"Comment","target":["https:\/\/medicina.udd.cl\/centro-humanidades\/noticias\/2019\/11\/22\/historiador-chileno-de-la-universidad-de-oxford-en-5-microfono-de-reflexion-y-construccion-creativa-de-la-facultad-de-medicina\/#respond"]}]},{"@type":"WebPage","@id":"https:\/\/medicina.udd.cl\/centro-humanidades\/noticias\/2019\/11\/22\/historiador-chileno-de-la-universidad-de-oxford-en-5-microfono-de-reflexion-y-construccion-creativa-de-la-facultad-de-medicina\/","url":"https:\/\/medicina.udd.cl\/centro-humanidades\/noticias\/2019\/11\/22\/historiador-chileno-de-la-universidad-de-oxford-en-5-microfono-de-reflexion-y-construccion-creativa-de-la-facultad-de-medicina\/","name":"Historiador chileno de la Universidad de Oxford en 5\u00b0 micr\u00f3fono de reflexi\u00f3n y \u201cconstrucci\u00f3n creativa\u201d de la Facultad de Medicina - Centro de Humanidades","isPartOf":{"@id":"https:\/\/medicina.udd.cl\/centro-humanidades\/#website"},"primaryImageOfPage":{"@id":"https:\/\/medicina.udd.cl\/centro-humanidades\/noticias\/2019\/11\/22\/historiador-chileno-de-la-universidad-de-oxford-en-5-microfono-de-reflexion-y-construccion-creativa-de-la-facultad-de-medicina\/#primaryimage"},"image":{"@id":"https:\/\/medicina.udd.cl\/centro-humanidades\/noticias\/2019\/11\/22\/historiador-chileno-de-la-universidad-de-oxford-en-5-microfono-de-reflexion-y-construccion-creativa-de-la-facultad-de-medicina\/#primaryimage"},"thumbnailUrl":"https:\/\/medicina.udd.cl\/centro-humanidades\/files\/2019\/11\/IMG_1663-1.jpg","datePublished":"2019-11-22T18:36:22+00:00","dateModified":"2020-03-04T20:01:12+00:00","author":{"@id":"https:\/\/medicina.udd.cl\/centro-humanidades\/#\/schema\/person\/6cab0118546e2e503341d0c654105ac0"},"breadcrumb":{"@id":"https:\/\/medicina.udd.cl\/centro-humanidades\/noticias\/2019\/11\/22\/historiador-chileno-de-la-universidad-de-oxford-en-5-microfono-de-reflexion-y-construccion-creativa-de-la-facultad-de-medicina\/#breadcrumb"},"inLanguage":"es","potentialAction":[{"@type":"ReadAction","target":["https:\/\/medicina.udd.cl\/centro-humanidades\/noticias\/2019\/11\/22\/historiador-chileno-de-la-universidad-de-oxford-en-5-microfono-de-reflexion-y-construccion-creativa-de-la-facultad-de-medicina\/"]}]},{"@type":"ImageObject","inLanguage":"es","@id":"https:\/\/medicina.udd.cl\/centro-humanidades\/noticias\/2019\/11\/22\/historiador-chileno-de-la-universidad-de-oxford-en-5-microfono-de-reflexion-y-construccion-creativa-de-la-facultad-de-medicina\/#primaryimage","url":"https:\/\/medicina.udd.cl\/centro-humanidades\/files\/2019\/11\/IMG_1663-1.jpg","contentUrl":"https:\/\/medicina.udd.cl\/centro-humanidades\/files\/2019\/11\/IMG_1663-1.jpg","width":5184,"height":3456},{"@type":"BreadcrumbList","@id":"https:\/\/medicina.udd.cl\/centro-humanidades\/noticias\/2019\/11\/22\/historiador-chileno-de-la-universidad-de-oxford-en-5-microfono-de-reflexion-y-construccion-creativa-de-la-facultad-de-medicina\/#breadcrumb","itemListElement":[{"@type":"ListItem","position":1,"name":"Home","item":"https:\/\/medicina.udd.cl\/centro-humanidades\/"},{"@type":"ListItem","position":2,"name":"Historiador chileno de la Universidad de Oxford en 5\u00b0 micr\u00f3fono de reflexi\u00f3n y \u201cconstrucci\u00f3n creativa\u201d de la Facultad de Medicina"}]},{"@type":"WebSite","@id":"https:\/\/medicina.udd.cl\/centro-humanidades\/#website","url":"https:\/\/medicina.udd.cl\/centro-humanidades\/","name":"Centro de Humanidades","description":"Otro sitio m\u00e1s de Medicina","potentialAction":[{"@type":"SearchAction","target":{"@type":"EntryPoint","urlTemplate":"https:\/\/medicina.udd.cl\/centro-humanidades\/?s={search_term_string}"},"query-input":{"@type":"PropertyValueSpecification","valueRequired":true,"valueName":"search_term_string"}}],"inLanguage":"es"},{"@type":"Person","@id":"https:\/\/medicina.udd.cl\/centro-humanidades\/#\/schema\/person\/6cab0118546e2e503341d0c654105ac0","name":"felipelavinz","image":{"@type":"ImageObject","inLanguage":"es","@id":"https:\/\/medicina.udd.cl\/centro-humanidades\/#\/schema\/person\/image\/","url":"https:\/\/secure.gravatar.com\/avatar\/e9ce48243a282793c99a593d6995af1f36fc67767f115cd6c2ea498a3449ac91?s=96&d=mm&r=g","contentUrl":"https:\/\/secure.gravatar.com\/avatar\/e9ce48243a282793c99a593d6995af1f36fc67767f115cd6c2ea498a3449ac91?s=96&d=mm&r=g","caption":"felipelavinz"},"url":"https:\/\/medicina.udd.cl\/centro-humanidades\/noticias\/author\/felipelavinz\/"}]}},"_links":{"self":[{"href":"https:\/\/medicina.udd.cl\/centro-humanidades\/wp-json\/wp\/v2\/posts\/3235","targetHints":{"allow":["GET"]}}],"collection":[{"href":"https:\/\/medicina.udd.cl\/centro-humanidades\/wp-json\/wp\/v2\/posts"}],"about":[{"href":"https:\/\/medicina.udd.cl\/centro-humanidades\/wp-json\/wp\/v2\/types\/post"}],"author":[{"embeddable":true,"href":"https:\/\/medicina.udd.cl\/centro-humanidades\/wp-json\/wp\/v2\/users\/9192209"}],"replies":[{"embeddable":true,"href":"https:\/\/medicina.udd.cl\/centro-humanidades\/wp-json\/wp\/v2\/comments?post=3235"}],"version-history":[{"count":1,"href":"https:\/\/medicina.udd.cl\/centro-humanidades\/wp-json\/wp\/v2\/posts\/3235\/revisions"}],"predecessor-version":[{"id":3266,"href":"https:\/\/medicina.udd.cl\/centro-humanidades\/wp-json\/wp\/v2\/posts\/3235\/revisions\/3266"}],"wp:featuredmedia":[{"embeddable":true,"href":"https:\/\/medicina.udd.cl\/centro-humanidades\/wp-json\/wp\/v2\/media\/3239"}],"wp:attachment":[{"href":"https:\/\/medicina.udd.cl\/centro-humanidades\/wp-json\/wp\/v2\/media?parent=3235"}],"wp:term":[{"taxonomy":"category","embeddable":true,"href":"https:\/\/medicina.udd.cl\/centro-humanidades\/wp-json\/wp\/v2\/categories?post=3235"},{"taxonomy":"post_tag","embeddable":true,"href":"https:\/\/medicina.udd.cl\/centro-humanidades\/wp-json\/wp\/v2\/tags?post=3235"}],"curies":[{"name":"wp","href":"https:\/\/api.w.org\/{rel}","templated":true}]}}