{"id":1166,"date":"2013-09-27T11:53:19","date_gmt":"2013-09-27T15:53:19","guid":{"rendered":"http:\/\/medicina.udd.cl\/instituto-ciencias\/?p=1166"},"modified":"2013-10-24T15:53:55","modified_gmt":"2013-10-24T18:53:55","slug":"investigadores-udd-se-adjudican-el-segundo-concurso-de-ciencia-aplicada-del-programa-idea-fondef","status":"publish","type":"post","link":"https:\/\/medicina.udd.cl\/centro-medicina-regenerativa\/noticias\/2013\/09\/27\/investigadores-udd-se-adjudican-el-segundo-concurso-de-ciencia-aplicada-del-programa-idea-fondef\/","title":{"rendered":"Investigadores UDD se adjudican el segundo Concurso de Ciencia Aplicada del Programa IDea Fondef"},"content":{"rendered":"<div id=\"gallery-1\" class=\"carousel slide carousel-gallery\" data-ride=\"false\" data-interval=\"false\"><div class=\"carousel-inner\" role=\"listbox\"><figure class=\"carousel-item active\"><img loading=\"lazy\" decoding=\"async\" width=\"599\" height=\"534\" src=\"https:\/\/medicina.udd.cl\/centro-medicina-regenerativa\/files\/2013\/09\/Marcelo-Ezquer-800x450.jpg\" class=\"attachment-landscape_952 size-landscape_952 lazyload\" alt=\"\" sizes=\"auto, (max-width: 599px) 100vw, 599px\" data-src=\"https:\/\/medicina.udd.cl\/centro-medicina-regenerativa\/files\/2013\/09\/Marcelo-Ezquer.jpg\" data-srcset=\"https:\/\/medicina.udd.cl\/centro-medicina-regenerativa\/files\/2013\/09\/Marcelo-Ezquer.jpg 2259w, https:\/\/medicina.udd.cl\/centro-medicina-regenerativa\/files\/2013\/09\/Marcelo-Ezquer-300x268.jpg 300w, https:\/\/medicina.udd.cl\/centro-medicina-regenerativa\/files\/2013\/09\/Marcelo-Ezquer-768x685.jpg 768w, https:\/\/medicina.udd.cl\/centro-medicina-regenerativa\/files\/2013\/09\/Marcelo-Ezquer-1024x913.jpg 1024w, https:\/\/medicina.udd.cl\/centro-medicina-regenerativa\/files\/2013\/09\/Marcelo-Ezquer-960x856.jpg 960w\" \/><\/figure><figure class=\"carousel-item\"><img loading=\"lazy\" decoding=\"async\" width=\"801\" height=\"534\" src=\"https:\/\/medicina.udd.cl\/centro-medicina-regenerativa\/files\/2013\/09\/Jessica-Mart\u00ednez-800x450.jpg\" class=\"attachment-landscape_952 size-landscape_952 lazyload\" alt=\"\" sizes=\"auto, (max-width: 801px) 100vw, 801px\" data-src=\"https:\/\/medicina.udd.cl\/centro-medicina-regenerativa\/files\/2013\/09\/Jessica-Mart\u00ednez.jpg\" data-srcset=\"https:\/\/medicina.udd.cl\/centro-medicina-regenerativa\/files\/2013\/09\/Jessica-Mart\u00ednez.jpg 3456w, https:\/\/medicina.udd.cl\/centro-medicina-regenerativa\/files\/2013\/09\/Jessica-Mart\u00ednez-300x200.jpg 300w, https:\/\/medicina.udd.cl\/centro-medicina-regenerativa\/files\/2013\/09\/Jessica-Mart\u00ednez-768x512.jpg 768w, https:\/\/medicina.udd.cl\/centro-medicina-regenerativa\/files\/2013\/09\/Jessica-Mart\u00ednez-1024x683.jpg 1024w, https:\/\/medicina.udd.cl\/centro-medicina-regenerativa\/files\/2013\/09\/Jessica-Mart\u00ednez-960x640.jpg 960w\" \/><\/figure><\/div><footer class=\"carousel-footer\"><div class=\"carousel-counter\"><span class=\"carousel-counter-current\"><\/span> \/ <span class=\"carousel-counter-total\"><\/span><\/div><a class=\"carousel-control-prev\" href=\"#gallery-1\" role=\"button\" data-slide=\"prev\"><svg aria-hidden=\"true\" class=\"svg-chevron-left-dims\"><use xlink:href='https:\/\/medicina.udd.cl\/centro-medicina-regenerativa\/wp-content\/themes\/facultades-2018\/assets\/img\/svg\/dist\/main.svg?version=1695853099#chevron-left'><\/use><\/svg><span class=\"sr-only\">Anterior<\/span><\/a><a class=\"carousel-control-next\" href=\"#gallery-1\" role=\"button\" data-slide=\"next\"><svg aria-hidden=\"true\" class=\"svg-chevron-right-dims\"><use xlink:href='https:\/\/medicina.udd.cl\/centro-medicina-regenerativa\/wp-content\/themes\/facultades-2018\/assets\/img\/svg\/dist\/main.svg?version=1695853099#chevron-right'><\/use><\/svg><span class=\"sr-only\">Siguiente<\/span><\/a><\/footer><\/div>\n<p>Tres proyectos de la\u00a0<strong>Universidad del Desarrollo<\/strong>\u00a0se adjudicaron el segundo\u00a0<strong>Concurso de Ciencia Aplicada del\u00a0<a href=\"http:\/\/www.conicyt.cl\/fondef\/lineas-de-programa\/programas-regulares\/programa-idea\/\">Programa IDea<\/a>\u00a0(Investigaci\u00f3n y Desarrollo en Acci\u00f3n para Instituciones de Investigaci\u00f3n) del\u00a0<a href=\"http:\/\/www.conicyt.cl\/fondef\/\">Fondo de Fomento al Desarrollo Cient\u00edfico y Tecnol\u00f3gico (Fondef)<\/a>.<\/strong><\/p>\n<p>Dos de ellos son de la\u00a0<strong>Facultad de Medicina CAS-UDD<\/strong>\u00a0y son dirigidos por los\u00a0<strong>investigadores del Instituto de Ciencias Marcelo Ezquer y Jessica Mart\u00ednez<\/strong>. Ambos tienen una duraci\u00f3n de dos a\u00f1os.<\/p>\n<p><strong>C\u00e9lulas madre y tejido hep\u00e1tico<\/strong><\/p>\n<p>La elaboraci\u00f3n de un producto derivado de c\u00e9lulas madre mesenquim\u00e1ticas que favorece la regeneraci\u00f3n del tejido hep\u00e1tico, es el proyecto del doctor en Biolog\u00eda Marcelo Ezquer que desarrollar\u00e1 junto a los investigadores Fernando Ezquer, Mauricio Retamal, David Contador y Catalina Vallejos.<\/p>\n<p>Cuenta que \u201clos antecedentes que ten\u00edamos era que mediante la administraci\u00f3n de estas c\u00e9lulas logr\u00e1bamos un efecto terap\u00e9utico, por lo que si aislamos esos componentes podemos obtener un producto f\u00e1cilmente aplicable\u201d.<\/p>\n<p><strong>Infecci\u00f3n en abejas<\/strong><\/p>\n<p>Por su parte, la doctora en Ciencias Jessica Mart\u00ednez busca la aplicaci\u00f3n de HO21, un extracto natural e inocuo en abejas para el control y prevenci\u00f3n de la infecci\u00f3n provocada por la bacteria Paenibacillus larvae, m\u00e1s conocida como Loque americana.<\/p>\n<p>Explica que lo relevante del proyecto es que \u201cactualmente, esta bacteria es atacada con antibi\u00f3ticos que no son espec\u00edficos para ella, por lo que no sirven en la fase infectiva de la enfermedad\u201d.<\/p>\n<p>A su vez, cuenta que para ella, \u201cpoder contar con estos fondos es muy importante, ya que podr\u00e9 desarrollar y finalizar una idea. Adem\u00e1s, hay una validaci\u00f3n del trabajo previo y da las pautas para decir que est\u00e1s en un terreno que es de real inter\u00e9s nacional e internacional\u201d.<\/p>\n<p>Fondef es un programa que depende de la Comisi\u00f3n de Ciencia y Tecnolog\u00eda (Conicyt) que busca promover la vinculaci\u00f3n y asociatividad entre diversas instituciones con el fin de desarrollar proyectos de investigaci\u00f3n aplicada, destinados a mejorar la competitividad y calidad de vida de la poblaci\u00f3n.<\/p>\n<p>En este contexto, el Programa IDea busca financiar la ejecuci\u00f3n de proyectos de investigaci\u00f3n cient\u00edfica y ciencia tecnol\u00f3gica que tengan impacto econ\u00f3mico y\/o social. En esta versi\u00f3n del concurso, fueron m\u00e1s de $7.300 millones los que se asignaron para apoyar el desarrollo de los diversos programas que se presentaron.<\/p>\n","protected":false},"excerpt":{"rendered":"<p>Tres proyectos de las Facultades de Medicina y Gobierno recibir\u00e1n fondos para desarrollar investigaci\u00f3n aplicada<\/p>\n","protected":false},"author":42,"featured_media":1167,"comment_status":"open","ping_status":"open","sticky":false,"template":"","format":"standard","meta":{"footnotes":""},"categories":[4],"tags":[],"class_list":["post-1166","post","type-post","status-publish","format-standard","has-post-thumbnail","hentry","category-noticias"],"yoast_head":"<!-- This site is optimized with the Yoast SEO plugin v26.9 - https:\/\/yoast.com\/product\/yoast-seo-wordpress\/ -->\n<title>Investigadores UDD se adjudican Concurso de Ciencia Aplicada del Fondef<\/title>\n<meta name=\"description\" content=\"Tres proyectos de las Facultades de Medicina y Gobierno recibir\u00e1n fondos para desarrollar investigaci\u00f3n aplicada\" \/>\n<meta name=\"robots\" content=\"index, follow, max-snippet:-1, max-image-preview:large, max-video-preview:-1\" \/>\n<link rel=\"canonical\" href=\"https:\/\/medicina.udd.cl\/centro-medicina-regenerativa\/noticias\/2013\/09\/27\/investigadores-udd-se-adjudican-el-segundo-concurso-de-ciencia-aplicada-del-programa-idea-fondef\/\" \/>\n<meta property=\"og:locale\" content=\"es_ES\" \/>\n<meta property=\"og:type\" content=\"article\" \/>\n<meta property=\"og:title\" content=\"Investigadores UDD se adjudican Concurso de Ciencia Aplicada del Fondef\" \/>\n<meta property=\"og:description\" content=\"Tres proyectos de las Facultades de Medicina y Gobierno recibir\u00e1n fondos para desarrollar investigaci\u00f3n aplicada\" \/>\n<meta property=\"og:url\" content=\"https:\/\/medicina.udd.cl\/centro-medicina-regenerativa\/noticias\/2013\/09\/27\/investigadores-udd-se-adjudican-el-segundo-concurso-de-ciencia-aplicada-del-programa-idea-fondef\/\" \/>\n<meta property=\"og:site_name\" content=\"Centro de Medicina Regenerativa\" \/>\n<meta property=\"article:published_time\" content=\"2013-09-27T15:53:19+00:00\" \/>\n<meta property=\"article:modified_time\" content=\"2013-10-24T18:53:55+00:00\" \/>\n<meta property=\"og:image\" content=\"https:\/\/medicina.udd.cl\/centro-medicina-regenerativa\/files\/2013\/09\/Marcelo-Ezquer.jpg\" \/>\n\t<meta property=\"og:image:width\" content=\"2259\" \/>\n\t<meta property=\"og:image:height\" content=\"2015\" \/>\n\t<meta property=\"og:image:type\" content=\"image\/jpeg\" \/>\n<meta name=\"twitter:label1\" content=\"Escrito por\" \/>\n\t<meta name=\"twitter:data1\" content=\"\" \/>\n\t<meta name=\"twitter:label2\" content=\"Tiempo de lectura\" \/>\n\t<meta name=\"twitter:data2\" content=\"2 minutos\" \/>\n<script type=\"application\/ld+json\" class=\"yoast-schema-graph\">{\"@context\":\"https:\/\/schema.org\",\"@graph\":[{\"@type\":\"Article\",\"@id\":\"https:\/\/medicina.udd.cl\/centro-medicina-regenerativa\/noticias\/2013\/09\/27\/investigadores-udd-se-adjudican-el-segundo-concurso-de-ciencia-aplicada-del-programa-idea-fondef\/#article\",\"isPartOf\":{\"@id\":\"https:\/\/medicina.udd.cl\/centro-medicina-regenerativa\/noticias\/2013\/09\/27\/investigadores-udd-se-adjudican-el-segundo-concurso-de-ciencia-aplicada-del-programa-idea-fondef\/\"},\"author\":{\"name\":\"\",\"@id\":\"\"},\"headline\":\"Investigadores UDD se adjudican el segundo Concurso de Ciencia Aplicada del Programa IDea Fondef\",\"datePublished\":\"2013-09-27T15:53:19+00:00\",\"dateModified\":\"2013-10-24T18:53:55+00:00\",\"mainEntityOfPage\":{\"@id\":\"https:\/\/medicina.udd.cl\/centro-medicina-regenerativa\/noticias\/2013\/09\/27\/investigadores-udd-se-adjudican-el-segundo-concurso-de-ciencia-aplicada-del-programa-idea-fondef\/\"},\"wordCount\":427,\"commentCount\":0,\"image\":{\"@id\":\"https:\/\/medicina.udd.cl\/centro-medicina-regenerativa\/noticias\/2013\/09\/27\/investigadores-udd-se-adjudican-el-segundo-concurso-de-ciencia-aplicada-del-programa-idea-fondef\/#primaryimage\"},\"thumbnailUrl\":\"https:\/\/medicina.udd.cl\/centro-medicina-regenerativa\/files\/2013\/09\/Marcelo-Ezquer.jpg\",\"articleSection\":[\"Noticias\"],\"inLanguage\":\"es\",\"potentialAction\":[{\"@type\":\"CommentAction\",\"name\":\"Comment\",\"target\":[\"https:\/\/medicina.udd.cl\/centro-medicina-regenerativa\/noticias\/2013\/09\/27\/investigadores-udd-se-adjudican-el-segundo-concurso-de-ciencia-aplicada-del-programa-idea-fondef\/#respond\"]}]},{\"@type\":\"WebPage\",\"@id\":\"https:\/\/medicina.udd.cl\/centro-medicina-regenerativa\/noticias\/2013\/09\/27\/investigadores-udd-se-adjudican-el-segundo-concurso-de-ciencia-aplicada-del-programa-idea-fondef\/\",\"url\":\"https:\/\/medicina.udd.cl\/centro-medicina-regenerativa\/noticias\/2013\/09\/27\/investigadores-udd-se-adjudican-el-segundo-concurso-de-ciencia-aplicada-del-programa-idea-fondef\/\",\"name\":\"Investigadores UDD se adjudican Concurso de Ciencia Aplicada del Fondef\",\"isPartOf\":{\"@id\":\"https:\/\/medicina.udd.cl\/centro-medicina-regenerativa\/#website\"},\"primaryImageOfPage\":{\"@id\":\"https:\/\/medicina.udd.cl\/centro-medicina-regenerativa\/noticias\/2013\/09\/27\/investigadores-udd-se-adjudican-el-segundo-concurso-de-ciencia-aplicada-del-programa-idea-fondef\/#primaryimage\"},\"image\":{\"@id\":\"https:\/\/medicina.udd.cl\/centro-medicina-regenerativa\/noticias\/2013\/09\/27\/investigadores-udd-se-adjudican-el-segundo-concurso-de-ciencia-aplicada-del-programa-idea-fondef\/#primaryimage\"},\"thumbnailUrl\":\"https:\/\/medicina.udd.cl\/centro-medicina-regenerativa\/files\/2013\/09\/Marcelo-Ezquer.jpg\",\"datePublished\":\"2013-09-27T15:53:19+00:00\",\"dateModified\":\"2013-10-24T18:53:55+00:00\",\"author\":{\"@id\":\"\"},\"description\":\"Tres proyectos de las Facultades de Medicina y Gobierno recibir\u00e1n fondos para desarrollar investigaci\u00f3n aplicada\",\"breadcrumb\":{\"@id\":\"https:\/\/medicina.udd.cl\/centro-medicina-regenerativa\/noticias\/2013\/09\/27\/investigadores-udd-se-adjudican-el-segundo-concurso-de-ciencia-aplicada-del-programa-idea-fondef\/#breadcrumb\"},\"inLanguage\":\"es\",\"potentialAction\":[{\"@type\":\"ReadAction\",\"target\":[\"https:\/\/medicina.udd.cl\/centro-medicina-regenerativa\/noticias\/2013\/09\/27\/investigadores-udd-se-adjudican-el-segundo-concurso-de-ciencia-aplicada-del-programa-idea-fondef\/\"]}]},{\"@type\":\"ImageObject\",\"inLanguage\":\"es\",\"@id\":\"https:\/\/medicina.udd.cl\/centro-medicina-regenerativa\/noticias\/2013\/09\/27\/investigadores-udd-se-adjudican-el-segundo-concurso-de-ciencia-aplicada-del-programa-idea-fondef\/#primaryimage\",\"url\":\"https:\/\/medicina.udd.cl\/centro-medicina-regenerativa\/files\/2013\/09\/Marcelo-Ezquer.jpg\",\"contentUrl\":\"https:\/\/medicina.udd.cl\/centro-medicina-regenerativa\/files\/2013\/09\/Marcelo-Ezquer.jpg\",\"width\":2259,\"height\":2015},{\"@type\":\"BreadcrumbList\",\"@id\":\"https:\/\/medicina.udd.cl\/centro-medicina-regenerativa\/noticias\/2013\/09\/27\/investigadores-udd-se-adjudican-el-segundo-concurso-de-ciencia-aplicada-del-programa-idea-fondef\/#breadcrumb\",\"itemListElement\":[{\"@type\":\"ListItem\",\"position\":1,\"name\":\"Inicio\",\"item\":\"https:\/\/medicina.udd.cl\/centro-medicina-regenerativa\/\"},{\"@type\":\"ListItem\",\"position\":2,\"name\":\"Investigadores UDD se adjudican el segundo Concurso de Ciencia Aplicada del Programa IDea Fondef\"}]},{\"@type\":\"WebSite\",\"@id\":\"https:\/\/medicina.udd.cl\/centro-medicina-regenerativa\/#website\",\"url\":\"https:\/\/medicina.udd.cl\/centro-medicina-regenerativa\/\",\"name\":\"Centro de Medicina Regenerativa\",\"description\":\"\",\"inLanguage\":\"es\"},{\"@type\":\"Person\",\"@id\":\"\",\"url\":\"https:\/\/medicina.udd.cl\/centro-medicina-regenerativa\/noticias\/author\/\"}]}<\/script>\n<!-- \/ Yoast SEO plugin. -->","yoast_head_json":{"title":"Investigadores UDD se adjudican Concurso de Ciencia Aplicada del Fondef","description":"Tres proyectos de las Facultades de Medicina y Gobierno recibir\u00e1n fondos para desarrollar investigaci\u00f3n aplicada","robots":{"index":"index","follow":"follow","max-snippet":"max-snippet:-1","max-image-preview":"max-image-preview:large","max-video-preview":"max-video-preview:-1"},"canonical":"https:\/\/medicina.udd.cl\/centro-medicina-regenerativa\/noticias\/2013\/09\/27\/investigadores-udd-se-adjudican-el-segundo-concurso-de-ciencia-aplicada-del-programa-idea-fondef\/","og_locale":"es_ES","og_type":"article","og_title":"Investigadores UDD se adjudican Concurso de Ciencia Aplicada del Fondef","og_description":"Tres proyectos de las Facultades de Medicina y Gobierno recibir\u00e1n fondos para desarrollar investigaci\u00f3n aplicada","og_url":"https:\/\/medicina.udd.cl\/centro-medicina-regenerativa\/noticias\/2013\/09\/27\/investigadores-udd-se-adjudican-el-segundo-concurso-de-ciencia-aplicada-del-programa-idea-fondef\/","og_site_name":"Centro de Medicina Regenerativa","article_published_time":"2013-09-27T15:53:19+00:00","article_modified_time":"2013-10-24T18:53:55+00:00","og_image":[{"width":2259,"height":2015,"url":"https:\/\/medicina.udd.cl\/centro-medicina-regenerativa\/files\/2013\/09\/Marcelo-Ezquer.jpg","type":"image\/jpeg"}],"twitter_misc":{"Escrito por":"","Tiempo de lectura":"2 minutos"},"schema":{"@context":"https:\/\/schema.org","@graph":[{"@type":"Article","@id":"https:\/\/medicina.udd.cl\/centro-medicina-regenerativa\/noticias\/2013\/09\/27\/investigadores-udd-se-adjudican-el-segundo-concurso-de-ciencia-aplicada-del-programa-idea-fondef\/#article","isPartOf":{"@id":"https:\/\/medicina.udd.cl\/centro-medicina-regenerativa\/noticias\/2013\/09\/27\/investigadores-udd-se-adjudican-el-segundo-concurso-de-ciencia-aplicada-del-programa-idea-fondef\/"},"author":{"name":"","@id":""},"headline":"Investigadores UDD se adjudican el segundo Concurso de Ciencia Aplicada del Programa IDea Fondef","datePublished":"2013-09-27T15:53:19+00:00","dateModified":"2013-10-24T18:53:55+00:00","mainEntityOfPage":{"@id":"https:\/\/medicina.udd.cl\/centro-medicina-regenerativa\/noticias\/2013\/09\/27\/investigadores-udd-se-adjudican-el-segundo-concurso-de-ciencia-aplicada-del-programa-idea-fondef\/"},"wordCount":427,"commentCount":0,"image":{"@id":"https:\/\/medicina.udd.cl\/centro-medicina-regenerativa\/noticias\/2013\/09\/27\/investigadores-udd-se-adjudican-el-segundo-concurso-de-ciencia-aplicada-del-programa-idea-fondef\/#primaryimage"},"thumbnailUrl":"https:\/\/medicina.udd.cl\/centro-medicina-regenerativa\/files\/2013\/09\/Marcelo-Ezquer.jpg","articleSection":["Noticias"],"inLanguage":"es","potentialAction":[{"@type":"CommentAction","name":"Comment","target":["https:\/\/medicina.udd.cl\/centro-medicina-regenerativa\/noticias\/2013\/09\/27\/investigadores-udd-se-adjudican-el-segundo-concurso-de-ciencia-aplicada-del-programa-idea-fondef\/#respond"]}]},{"@type":"WebPage","@id":"https:\/\/medicina.udd.cl\/centro-medicina-regenerativa\/noticias\/2013\/09\/27\/investigadores-udd-se-adjudican-el-segundo-concurso-de-ciencia-aplicada-del-programa-idea-fondef\/","url":"https:\/\/medicina.udd.cl\/centro-medicina-regenerativa\/noticias\/2013\/09\/27\/investigadores-udd-se-adjudican-el-segundo-concurso-de-ciencia-aplicada-del-programa-idea-fondef\/","name":"Investigadores UDD se adjudican Concurso de Ciencia Aplicada del Fondef","isPartOf":{"@id":"https:\/\/medicina.udd.cl\/centro-medicina-regenerativa\/#website"},"primaryImageOfPage":{"@id":"https:\/\/medicina.udd.cl\/centro-medicina-regenerativa\/noticias\/2013\/09\/27\/investigadores-udd-se-adjudican-el-segundo-concurso-de-ciencia-aplicada-del-programa-idea-fondef\/#primaryimage"},"image":{"@id":"https:\/\/medicina.udd.cl\/centro-medicina-regenerativa\/noticias\/2013\/09\/27\/investigadores-udd-se-adjudican-el-segundo-concurso-de-ciencia-aplicada-del-programa-idea-fondef\/#primaryimage"},"thumbnailUrl":"https:\/\/medicina.udd.cl\/centro-medicina-regenerativa\/files\/2013\/09\/Marcelo-Ezquer.jpg","datePublished":"2013-09-27T15:53:19+00:00","dateModified":"2013-10-24T18:53:55+00:00","author":{"@id":""},"description":"Tres proyectos de las Facultades de Medicina y Gobierno recibir\u00e1n fondos para desarrollar investigaci\u00f3n aplicada","breadcrumb":{"@id":"https:\/\/medicina.udd.cl\/centro-medicina-regenerativa\/noticias\/2013\/09\/27\/investigadores-udd-se-adjudican-el-segundo-concurso-de-ciencia-aplicada-del-programa-idea-fondef\/#breadcrumb"},"inLanguage":"es","potentialAction":[{"@type":"ReadAction","target":["https:\/\/medicina.udd.cl\/centro-medicina-regenerativa\/noticias\/2013\/09\/27\/investigadores-udd-se-adjudican-el-segundo-concurso-de-ciencia-aplicada-del-programa-idea-fondef\/"]}]},{"@type":"ImageObject","inLanguage":"es","@id":"https:\/\/medicina.udd.cl\/centro-medicina-regenerativa\/noticias\/2013\/09\/27\/investigadores-udd-se-adjudican-el-segundo-concurso-de-ciencia-aplicada-del-programa-idea-fondef\/#primaryimage","url":"https:\/\/medicina.udd.cl\/centro-medicina-regenerativa\/files\/2013\/09\/Marcelo-Ezquer.jpg","contentUrl":"https:\/\/medicina.udd.cl\/centro-medicina-regenerativa\/files\/2013\/09\/Marcelo-Ezquer.jpg","width":2259,"height":2015},{"@type":"BreadcrumbList","@id":"https:\/\/medicina.udd.cl\/centro-medicina-regenerativa\/noticias\/2013\/09\/27\/investigadores-udd-se-adjudican-el-segundo-concurso-de-ciencia-aplicada-del-programa-idea-fondef\/#breadcrumb","itemListElement":[{"@type":"ListItem","position":1,"name":"Inicio","item":"https:\/\/medicina.udd.cl\/centro-medicina-regenerativa\/"},{"@type":"ListItem","position":2,"name":"Investigadores UDD se adjudican el segundo Concurso de Ciencia Aplicada del Programa IDea Fondef"}]},{"@type":"WebSite","@id":"https:\/\/medicina.udd.cl\/centro-medicina-regenerativa\/#website","url":"https:\/\/medicina.udd.cl\/centro-medicina-regenerativa\/","name":"Centro de Medicina Regenerativa","description":"","inLanguage":"es"},{"@type":"Person","@id":"","url":"https:\/\/medicina.udd.cl\/centro-medicina-regenerativa\/noticias\/author\/"}]}},"featured_image_url":"https:\/\/medicina.udd.cl\/centro-medicina-regenerativa\/files\/2013\/09\/Marcelo-Ezquer.jpg","_links":{"self":[{"href":"https:\/\/medicina.udd.cl\/centro-medicina-regenerativa\/wp-json\/wp\/v2\/posts\/1166","targetHints":{"allow":["GET"]}}],"collection":[{"href":"https:\/\/medicina.udd.cl\/centro-medicina-regenerativa\/wp-json\/wp\/v2\/posts"}],"about":[{"href":"https:\/\/medicina.udd.cl\/centro-medicina-regenerativa\/wp-json\/wp\/v2\/types\/post"}],"author":[{"embeddable":true,"href":"https:\/\/medicina.udd.cl\/centro-medicina-regenerativa\/wp-json\/wp\/v2\/users\/42"}],"replies":[{"embeddable":true,"href":"https:\/\/medicina.udd.cl\/centro-medicina-regenerativa\/wp-json\/wp\/v2\/comments?post=1166"}],"version-history":[{"count":6,"href":"https:\/\/medicina.udd.cl\/centro-medicina-regenerativa\/wp-json\/wp\/v2\/posts\/1166\/revisions"}],"predecessor-version":[{"id":1174,"href":"https:\/\/medicina.udd.cl\/centro-medicina-regenerativa\/wp-json\/wp\/v2\/posts\/1166\/revisions\/1174"}],"wp:featuredmedia":[{"embeddable":true,"href":"https:\/\/medicina.udd.cl\/centro-medicina-regenerativa\/wp-json\/wp\/v2\/media\/1167"}],"wp:attachment":[{"href":"https:\/\/medicina.udd.cl\/centro-medicina-regenerativa\/wp-json\/wp\/v2\/media?parent=1166"}],"wp:term":[{"taxonomy":"category","embeddable":true,"href":"https:\/\/medicina.udd.cl\/centro-medicina-regenerativa\/wp-json\/wp\/v2\/categories?post=1166"},{"taxonomy":"post_tag","embeddable":true,"href":"https:\/\/medicina.udd.cl\/centro-medicina-regenerativa\/wp-json\/wp\/v2\/tags?post=1166"}],"curies":[{"name":"wp","href":"https:\/\/api.w.org\/{rel}","templated":true}]}}