{"id":1435,"date":"2013-12-04T17:14:52","date_gmt":"2013-12-04T20:14:52","guid":{"rendered":"http:\/\/medicina.udd.cl\/instituto-ciencias\/?p=1435"},"modified":"2014-01-02T16:11:16","modified_gmt":"2014-01-02T19:11:16","slug":"investigadora-udd-editora-en-jefe-en-revista-isi","status":"publish","type":"post","link":"https:\/\/medicina.udd.cl\/centro-medicina-regenerativa\/noticias\/2013\/12\/04\/investigadora-udd-editora-en-jefe-en-revista-isi\/","title":{"rendered":"Investigadora UDD: editora en jefe en revista ISI"},"content":{"rendered":"<p><a href=\"http:\/\/medicina.udd.cl\/instituto-ciencias\/files\/2013\/07\/Paola-Campod\u00f3nico.jpg\"><img loading=\"lazy\" decoding=\"async\" class=\"alignright  wp-image-967\" alt=\"Paola-Campod\u00f3nico\" src=\"http:\/\/medicina.udd.cl\/instituto-ciencias\/files\/2013\/07\/Paola-Campod\u00f3nico-300x300.jpg\" width=\"210\" height=\"210\" srcset=\"https:\/\/medicina.udd.cl\/centro-medicina-regenerativa\/files\/2013\/07\/Paola-Campod\u00f3nico-300x300.jpg 300w, https:\/\/medicina.udd.cl\/centro-medicina-regenerativa\/files\/2013\/07\/Paola-Campod\u00f3nico-150x150.jpg 150w, https:\/\/medicina.udd.cl\/centro-medicina-regenerativa\/files\/2013\/07\/Paola-Campod\u00f3nico-62x62.jpg 62w, https:\/\/medicina.udd.cl\/centro-medicina-regenerativa\/files\/2013\/07\/Paola-Campod\u00f3nico-126x126.jpg 126w\" sizes=\"auto, (max-width: 210px) 100vw, 210px\" \/><\/a>Paola Campod\u00f3nico es docente e investigadora del Instituto de Ciencias de la Facultad de Medicina CAS-UDD.<\/p>\n<p>Doctor en Ciencias y Licenciada en Qu\u00edmica, ha liderado numerosos proyectos y se ha adjudicado diversos fondos para llevar a cabo sus estudios en sus \u00e1reas de especializaci\u00f3n e inter\u00e9s. Actualmente, es profesor visitante de la Universita degli Studi di Palermo, Italia, donde ha establecido colaboraci\u00f3n cient\u00edfica con investigadores de esta instituci\u00f3n.<\/p>\n<p>En este contexto, y dada su amplia experiencia en investigaci\u00f3n en el \u00e1rea de la F\u00edsico-Qu\u00edmica Org\u00e1nica, integrando <em>teor\u00eda &amp; experimento<\/em> en su investigaci\u00f3n, fue invitada a participar como editora en jefe de \u201cJournal of Chemistry\u201d, espec\u00edficamente en una edici\u00f3n especial dedicada a investigaciones cient\u00edficas de alto impacto y de inter\u00e9s en la comunidad cient\u00edfica.<\/p>\n<p>Journal of Chemistry es una revista ISI de acceso abierto que publica art\u00edculos de investigaci\u00f3n originales en todas las \u00e1reas de la Qu\u00edmica y que fue fundada en 2004 por el profesor NA Mohamed Farook.<\/p>\n<p>Para ella, esta invitaci\u00f3n es un reconocimiento a labor cient\u00edfica desarrollada en Chile, lo que permite \u201csituarnos como l\u00edderes internacionales en determinadas \u00e1reas del quehacer cient\u00edfico\u201d.<\/p>\n<p>A esto, agrega que \u201cpara un investigador esto es en respuesta al prestigio logrado por sus trabajos y el alto impacto que estos tienen en la comunidad cient\u00edfica\u201d.<\/p>\n","protected":false},"excerpt":{"rendered":"<p>Es Paola Campod\u00f3nico, quien participar\u00e1 en una edici\u00f3n especial de Journal of Chemistry, dedicada a investigaciones cient\u00edficas de alto impacto y de inter\u00e9s en la comunidad cient\u00edfica.<\/p>\n","protected":false},"author":42,"featured_media":402,"comment_status":"open","ping_status":"open","sticky":false,"template":"","format":"standard","meta":{"footnotes":""},"categories":[4],"tags":[],"class_list":["post-1435","post","type-post","status-publish","format-standard","has-post-thumbnail","hentry","category-noticias"],"yoast_head":"<!-- This site is optimized with the Yoast SEO plugin v26.9 - https:\/\/yoast.com\/product\/yoast-seo-wordpress\/ -->\n<title>Investigadora UDD: editora en jefe en revista ISI<\/title>\n<meta name=\"description\" content=\"Paola Campod\u00f3nico participar\u00e1 en una edici\u00f3n especial de Journal of Chemistry\" \/>\n<meta name=\"robots\" content=\"index, follow, max-snippet:-1, max-image-preview:large, max-video-preview:-1\" \/>\n<link rel=\"canonical\" href=\"https:\/\/medicina.udd.cl\/centro-medicina-regenerativa\/noticias\/2013\/12\/04\/investigadora-udd-editora-en-jefe-en-revista-isi\/\" \/>\n<meta property=\"og:locale\" content=\"es_ES\" \/>\n<meta property=\"og:type\" content=\"article\" \/>\n<meta property=\"og:title\" content=\"Investigadora UDD: editora en jefe en revista ISI\" \/>\n<meta property=\"og:description\" content=\"Paola Campod\u00f3nico participar\u00e1 en una edici\u00f3n especial de Journal of Chemistry\" \/>\n<meta property=\"og:url\" content=\"https:\/\/medicina.udd.cl\/centro-medicina-regenerativa\/noticias\/2013\/12\/04\/investigadora-udd-editora-en-jefe-en-revista-isi\/\" \/>\n<meta property=\"og:site_name\" content=\"Centro de Medicina Regenerativa\" \/>\n<meta property=\"article:published_time\" content=\"2013-12-04T20:14:52+00:00\" \/>\n<meta property=\"article:modified_time\" content=\"2014-01-02T19:11:16+00:00\" \/>\n<meta property=\"og:image\" content=\"https:\/\/medicina.udd.cl\/centro-medicina-regenerativa\/files\/2011\/04\/Paola-Campod\u00f3nico.jpg\" \/>\n\t<meta property=\"og:image:width\" content=\"1461\" \/>\n\t<meta property=\"og:image:height\" content=\"1080\" \/>\n\t<meta property=\"og:image:type\" content=\"image\/jpeg\" \/>\n<meta name=\"twitter:label1\" content=\"Escrito por\" \/>\n\t<meta name=\"twitter:data1\" content=\"\" \/>\n\t<meta name=\"twitter:label2\" content=\"Tiempo de lectura\" \/>\n\t<meta name=\"twitter:data2\" content=\"1 minuto\" \/>\n<script type=\"application\/ld+json\" class=\"yoast-schema-graph\">{\"@context\":\"https:\/\/schema.org\",\"@graph\":[{\"@type\":\"Article\",\"@id\":\"https:\/\/medicina.udd.cl\/centro-medicina-regenerativa\/noticias\/2013\/12\/04\/investigadora-udd-editora-en-jefe-en-revista-isi\/#article\",\"isPartOf\":{\"@id\":\"https:\/\/medicina.udd.cl\/centro-medicina-regenerativa\/noticias\/2013\/12\/04\/investigadora-udd-editora-en-jefe-en-revista-isi\/\"},\"author\":{\"name\":\"\",\"@id\":\"\"},\"headline\":\"Investigadora UDD: editora en jefe en revista ISI\",\"datePublished\":\"2013-12-04T20:14:52+00:00\",\"dateModified\":\"2014-01-02T19:11:16+00:00\",\"mainEntityOfPage\":{\"@id\":\"https:\/\/medicina.udd.cl\/centro-medicina-regenerativa\/noticias\/2013\/12\/04\/investigadora-udd-editora-en-jefe-en-revista-isi\/\"},\"wordCount\":245,\"commentCount\":0,\"image\":{\"@id\":\"https:\/\/medicina.udd.cl\/centro-medicina-regenerativa\/noticias\/2013\/12\/04\/investigadora-udd-editora-en-jefe-en-revista-isi\/#primaryimage\"},\"thumbnailUrl\":\"https:\/\/medicina.udd.cl\/centro-medicina-regenerativa\/files\/2011\/04\/Paola-Campod\u00f3nico.jpg\",\"articleSection\":[\"Noticias\"],\"inLanguage\":\"es\",\"potentialAction\":[{\"@type\":\"CommentAction\",\"name\":\"Comment\",\"target\":[\"https:\/\/medicina.udd.cl\/centro-medicina-regenerativa\/noticias\/2013\/12\/04\/investigadora-udd-editora-en-jefe-en-revista-isi\/#respond\"]}]},{\"@type\":\"WebPage\",\"@id\":\"https:\/\/medicina.udd.cl\/centro-medicina-regenerativa\/noticias\/2013\/12\/04\/investigadora-udd-editora-en-jefe-en-revista-isi\/\",\"url\":\"https:\/\/medicina.udd.cl\/centro-medicina-regenerativa\/noticias\/2013\/12\/04\/investigadora-udd-editora-en-jefe-en-revista-isi\/\",\"name\":\"Investigadora UDD: editora en jefe en revista ISI\",\"isPartOf\":{\"@id\":\"https:\/\/medicina.udd.cl\/centro-medicina-regenerativa\/#website\"},\"primaryImageOfPage\":{\"@id\":\"https:\/\/medicina.udd.cl\/centro-medicina-regenerativa\/noticias\/2013\/12\/04\/investigadora-udd-editora-en-jefe-en-revista-isi\/#primaryimage\"},\"image\":{\"@id\":\"https:\/\/medicina.udd.cl\/centro-medicina-regenerativa\/noticias\/2013\/12\/04\/investigadora-udd-editora-en-jefe-en-revista-isi\/#primaryimage\"},\"thumbnailUrl\":\"https:\/\/medicina.udd.cl\/centro-medicina-regenerativa\/files\/2011\/04\/Paola-Campod\u00f3nico.jpg\",\"datePublished\":\"2013-12-04T20:14:52+00:00\",\"dateModified\":\"2014-01-02T19:11:16+00:00\",\"author\":{\"@id\":\"\"},\"description\":\"Paola Campod\u00f3nico participar\u00e1 en una edici\u00f3n especial de Journal of Chemistry\",\"breadcrumb\":{\"@id\":\"https:\/\/medicina.udd.cl\/centro-medicina-regenerativa\/noticias\/2013\/12\/04\/investigadora-udd-editora-en-jefe-en-revista-isi\/#breadcrumb\"},\"inLanguage\":\"es\",\"potentialAction\":[{\"@type\":\"ReadAction\",\"target\":[\"https:\/\/medicina.udd.cl\/centro-medicina-regenerativa\/noticias\/2013\/12\/04\/investigadora-udd-editora-en-jefe-en-revista-isi\/\"]}]},{\"@type\":\"ImageObject\",\"inLanguage\":\"es\",\"@id\":\"https:\/\/medicina.udd.cl\/centro-medicina-regenerativa\/noticias\/2013\/12\/04\/investigadora-udd-editora-en-jefe-en-revista-isi\/#primaryimage\",\"url\":\"https:\/\/medicina.udd.cl\/centro-medicina-regenerativa\/files\/2011\/04\/Paola-Campod\u00f3nico.jpg\",\"contentUrl\":\"https:\/\/medicina.udd.cl\/centro-medicina-regenerativa\/files\/2011\/04\/Paola-Campod\u00f3nico.jpg\",\"width\":1461,\"height\":1080},{\"@type\":\"BreadcrumbList\",\"@id\":\"https:\/\/medicina.udd.cl\/centro-medicina-regenerativa\/noticias\/2013\/12\/04\/investigadora-udd-editora-en-jefe-en-revista-isi\/#breadcrumb\",\"itemListElement\":[{\"@type\":\"ListItem\",\"position\":1,\"name\":\"Inicio\",\"item\":\"https:\/\/medicina.udd.cl\/centro-medicina-regenerativa\/\"},{\"@type\":\"ListItem\",\"position\":2,\"name\":\"Investigadora UDD: editora en jefe en revista ISI\"}]},{\"@type\":\"WebSite\",\"@id\":\"https:\/\/medicina.udd.cl\/centro-medicina-regenerativa\/#website\",\"url\":\"https:\/\/medicina.udd.cl\/centro-medicina-regenerativa\/\",\"name\":\"Centro de Medicina Regenerativa\",\"description\":\"\",\"inLanguage\":\"es\"},{\"@type\":\"Person\",\"@id\":\"\",\"url\":\"https:\/\/medicina.udd.cl\/centro-medicina-regenerativa\/noticias\/author\/\"}]}<\/script>\n<!-- \/ Yoast SEO plugin. -->","yoast_head_json":{"title":"Investigadora UDD: editora en jefe en revista ISI","description":"Paola Campod\u00f3nico participar\u00e1 en una edici\u00f3n especial de Journal of Chemistry","robots":{"index":"index","follow":"follow","max-snippet":"max-snippet:-1","max-image-preview":"max-image-preview:large","max-video-preview":"max-video-preview:-1"},"canonical":"https:\/\/medicina.udd.cl\/centro-medicina-regenerativa\/noticias\/2013\/12\/04\/investigadora-udd-editora-en-jefe-en-revista-isi\/","og_locale":"es_ES","og_type":"article","og_title":"Investigadora UDD: editora en jefe en revista ISI","og_description":"Paola Campod\u00f3nico participar\u00e1 en una edici\u00f3n especial de Journal of Chemistry","og_url":"https:\/\/medicina.udd.cl\/centro-medicina-regenerativa\/noticias\/2013\/12\/04\/investigadora-udd-editora-en-jefe-en-revista-isi\/","og_site_name":"Centro de Medicina Regenerativa","article_published_time":"2013-12-04T20:14:52+00:00","article_modified_time":"2014-01-02T19:11:16+00:00","og_image":[{"width":1461,"height":1080,"url":"https:\/\/medicina.udd.cl\/centro-medicina-regenerativa\/files\/2011\/04\/Paola-Campod\u00f3nico.jpg","type":"image\/jpeg"}],"twitter_misc":{"Escrito por":"","Tiempo de lectura":"1 minuto"},"schema":{"@context":"https:\/\/schema.org","@graph":[{"@type":"Article","@id":"https:\/\/medicina.udd.cl\/centro-medicina-regenerativa\/noticias\/2013\/12\/04\/investigadora-udd-editora-en-jefe-en-revista-isi\/#article","isPartOf":{"@id":"https:\/\/medicina.udd.cl\/centro-medicina-regenerativa\/noticias\/2013\/12\/04\/investigadora-udd-editora-en-jefe-en-revista-isi\/"},"author":{"name":"","@id":""},"headline":"Investigadora UDD: editora en jefe en revista ISI","datePublished":"2013-12-04T20:14:52+00:00","dateModified":"2014-01-02T19:11:16+00:00","mainEntityOfPage":{"@id":"https:\/\/medicina.udd.cl\/centro-medicina-regenerativa\/noticias\/2013\/12\/04\/investigadora-udd-editora-en-jefe-en-revista-isi\/"},"wordCount":245,"commentCount":0,"image":{"@id":"https:\/\/medicina.udd.cl\/centro-medicina-regenerativa\/noticias\/2013\/12\/04\/investigadora-udd-editora-en-jefe-en-revista-isi\/#primaryimage"},"thumbnailUrl":"https:\/\/medicina.udd.cl\/centro-medicina-regenerativa\/files\/2011\/04\/Paola-Campod\u00f3nico.jpg","articleSection":["Noticias"],"inLanguage":"es","potentialAction":[{"@type":"CommentAction","name":"Comment","target":["https:\/\/medicina.udd.cl\/centro-medicina-regenerativa\/noticias\/2013\/12\/04\/investigadora-udd-editora-en-jefe-en-revista-isi\/#respond"]}]},{"@type":"WebPage","@id":"https:\/\/medicina.udd.cl\/centro-medicina-regenerativa\/noticias\/2013\/12\/04\/investigadora-udd-editora-en-jefe-en-revista-isi\/","url":"https:\/\/medicina.udd.cl\/centro-medicina-regenerativa\/noticias\/2013\/12\/04\/investigadora-udd-editora-en-jefe-en-revista-isi\/","name":"Investigadora UDD: editora en jefe en revista ISI","isPartOf":{"@id":"https:\/\/medicina.udd.cl\/centro-medicina-regenerativa\/#website"},"primaryImageOfPage":{"@id":"https:\/\/medicina.udd.cl\/centro-medicina-regenerativa\/noticias\/2013\/12\/04\/investigadora-udd-editora-en-jefe-en-revista-isi\/#primaryimage"},"image":{"@id":"https:\/\/medicina.udd.cl\/centro-medicina-regenerativa\/noticias\/2013\/12\/04\/investigadora-udd-editora-en-jefe-en-revista-isi\/#primaryimage"},"thumbnailUrl":"https:\/\/medicina.udd.cl\/centro-medicina-regenerativa\/files\/2011\/04\/Paola-Campod\u00f3nico.jpg","datePublished":"2013-12-04T20:14:52+00:00","dateModified":"2014-01-02T19:11:16+00:00","author":{"@id":""},"description":"Paola Campod\u00f3nico participar\u00e1 en una edici\u00f3n especial de Journal of Chemistry","breadcrumb":{"@id":"https:\/\/medicina.udd.cl\/centro-medicina-regenerativa\/noticias\/2013\/12\/04\/investigadora-udd-editora-en-jefe-en-revista-isi\/#breadcrumb"},"inLanguage":"es","potentialAction":[{"@type":"ReadAction","target":["https:\/\/medicina.udd.cl\/centro-medicina-regenerativa\/noticias\/2013\/12\/04\/investigadora-udd-editora-en-jefe-en-revista-isi\/"]}]},{"@type":"ImageObject","inLanguage":"es","@id":"https:\/\/medicina.udd.cl\/centro-medicina-regenerativa\/noticias\/2013\/12\/04\/investigadora-udd-editora-en-jefe-en-revista-isi\/#primaryimage","url":"https:\/\/medicina.udd.cl\/centro-medicina-regenerativa\/files\/2011\/04\/Paola-Campod\u00f3nico.jpg","contentUrl":"https:\/\/medicina.udd.cl\/centro-medicina-regenerativa\/files\/2011\/04\/Paola-Campod\u00f3nico.jpg","width":1461,"height":1080},{"@type":"BreadcrumbList","@id":"https:\/\/medicina.udd.cl\/centro-medicina-regenerativa\/noticias\/2013\/12\/04\/investigadora-udd-editora-en-jefe-en-revista-isi\/#breadcrumb","itemListElement":[{"@type":"ListItem","position":1,"name":"Inicio","item":"https:\/\/medicina.udd.cl\/centro-medicina-regenerativa\/"},{"@type":"ListItem","position":2,"name":"Investigadora UDD: editora en jefe en revista ISI"}]},{"@type":"WebSite","@id":"https:\/\/medicina.udd.cl\/centro-medicina-regenerativa\/#website","url":"https:\/\/medicina.udd.cl\/centro-medicina-regenerativa\/","name":"Centro de Medicina Regenerativa","description":"","inLanguage":"es"},{"@type":"Person","@id":"","url":"https:\/\/medicina.udd.cl\/centro-medicina-regenerativa\/noticias\/author\/"}]}},"featured_image_url":"https:\/\/medicina.udd.cl\/centro-medicina-regenerativa\/files\/2011\/04\/Paola-Campod\u00f3nico.jpg","_links":{"self":[{"href":"https:\/\/medicina.udd.cl\/centro-medicina-regenerativa\/wp-json\/wp\/v2\/posts\/1435","targetHints":{"allow":["GET"]}}],"collection":[{"href":"https:\/\/medicina.udd.cl\/centro-medicina-regenerativa\/wp-json\/wp\/v2\/posts"}],"about":[{"href":"https:\/\/medicina.udd.cl\/centro-medicina-regenerativa\/wp-json\/wp\/v2\/types\/post"}],"author":[{"embeddable":true,"href":"https:\/\/medicina.udd.cl\/centro-medicina-regenerativa\/wp-json\/wp\/v2\/users\/42"}],"replies":[{"embeddable":true,"href":"https:\/\/medicina.udd.cl\/centro-medicina-regenerativa\/wp-json\/wp\/v2\/comments?post=1435"}],"version-history":[{"count":5,"href":"https:\/\/medicina.udd.cl\/centro-medicina-regenerativa\/wp-json\/wp\/v2\/posts\/1435\/revisions"}],"predecessor-version":[{"id":1437,"href":"https:\/\/medicina.udd.cl\/centro-medicina-regenerativa\/wp-json\/wp\/v2\/posts\/1435\/revisions\/1437"}],"wp:featuredmedia":[{"embeddable":true,"href":"https:\/\/medicina.udd.cl\/centro-medicina-regenerativa\/wp-json\/wp\/v2\/media\/402"}],"wp:attachment":[{"href":"https:\/\/medicina.udd.cl\/centro-medicina-regenerativa\/wp-json\/wp\/v2\/media?parent=1435"}],"wp:term":[{"taxonomy":"category","embeddable":true,"href":"https:\/\/medicina.udd.cl\/centro-medicina-regenerativa\/wp-json\/wp\/v2\/categories?post=1435"},{"taxonomy":"post_tag","embeddable":true,"href":"https:\/\/medicina.udd.cl\/centro-medicina-regenerativa\/wp-json\/wp\/v2\/tags?post=1435"}],"curies":[{"name":"wp","href":"https:\/\/api.w.org\/{rel}","templated":true}]}}