{"id":1446,"date":"2013-12-27T16:50:56","date_gmt":"2013-12-27T19:50:56","guid":{"rendered":"http:\/\/medicina.udd.cl\/instituto-ciencias\/?p=1446"},"modified":"2013-12-27T17:08:36","modified_gmt":"2013-12-27T20:08:36","slug":"investigador-udd-participa-en-jornada-cientifica-en-mendoza","status":"publish","type":"post","link":"https:\/\/medicina.udd.cl\/centro-medicina-regenerativa\/noticias\/2013\/12\/27\/investigador-udd-participa-en-jornada-cientifica-en-mendoza\/","title":{"rendered":"Investigador UDD participa en Jornada Cient\u00edfica en Mendoza"},"content":{"rendered":"<p><a href=\"http:\/\/medicina.udd.cl\/instituto-ciencias\/files\/2013\/12\/Jornada-Cient\u00edfica-Mendoza.jpg\"><img loading=\"lazy\" decoding=\"async\" class=\"size-medium wp-image-1448 alignright\" alt=\"Jornada Cient\u00edfica Mendoza\" src=\"http:\/\/medicina.udd.cl\/instituto-ciencias\/files\/2013\/12\/Jornada-Cient\u00edfica-Mendoza-269x300.jpg\" width=\"269\" height=\"300\" srcset=\"https:\/\/medicina.udd.cl\/centro-medicina-regenerativa\/files\/2013\/12\/Jornada-Cient\u00edfica-Mendoza-269x300.jpg 269w, https:\/\/medicina.udd.cl\/centro-medicina-regenerativa\/files\/2013\/12\/Jornada-Cient\u00edfica-Mendoza.jpg 429w\" sizes=\"auto, (max-width: 269px) 100vw, 269px\" \/><\/a>El investigador del <strong>Instituto de Ciencias de la Facultad de Medicina CAS-UDD, Sebasti\u00e1n Calligaris<\/strong>, particip\u00f3 como expositor en la <strong>Jornada Cient\u00edfica<\/strong> del <strong><a href=\"http:\/\/www.cricyt.edu.ar\/ihem\/\">Instituto de Histolog\u00eda y Embriolog\u00eda Molecular<\/a> del <a href=\"http:\/\/www.mendoza-conicet.gob.ar\/portal\">Centro Cient\u00edfico Tecnol\u00f3gico<\/a> de Mendoza<\/strong>.<\/p>\n<p>Perteneciente a <strong><a href=\"http:\/\/www.conicet.gov.ar\/\">Conicet<\/a> \u2013Consejo Nacional de Investigaciones Cient\u00edficas y T\u00e9cnicas<\/strong>&#8211; este Instituto organiza anualmente este encuentro en el cual se re\u00fanen investigadores y especialistas de distintas \u00e1reas de la ciencia.<\/p>\n<p>En este contexto, <strong>Sebasti\u00e1n Calligaris<\/strong> \u2013quien trabaj\u00f3 anteriormente en el IHEM- expuso en torno a los avances y resultados obtenidos en los cuatro a\u00f1os que lleva trabajando en la Facultad de Medicina CAS-UDD.<\/p>\n<p>Este doctor en Ciencias Moleculares explica que su investigaci\u00f3n est\u00e1 orientada al potencial uso terap\u00e9utico de c\u00e9lulas madre en la cardiomiopat\u00eda diab\u00e9tica. Comenz\u00f3 el estudio con un modelo experimental de ratones obesos y si bien los resultados a\u00fan no han sido determinantes, \u201cser\u00e1 la base para probar otras estrategias de tratamiento\u201d.<\/p>\n<p>En cuanto a su participaci\u00f3n en la Jornada, cuenta que \u201cfue una linda experiencia en lo personal y profesional. Lo interesante, adem\u00e1s, es que a partir de ahora podemos comenzar a generar v\u00ednculos con otras personas e instituciones\u201d.<\/p>\n<p>Para ver un <strong>video<\/strong> sobre la exposici\u00f3n de Sebasti\u00e1n Calligaris, <a href=\"http:\/\/www.mendoza-conicet.gob.ar\/portal\/paginas\/index\/ihem\"><strong>ingresar aqu\u00ed<\/strong><\/a>.<\/p>\n","protected":false},"excerpt":{"rendered":"<p>Se trata de Sebastian Calligaris del Instituto de Ciencias, quien expuso sobre su trabajo realizado en la Facultad de Medicina.<\/p>\n","protected":false},"author":42,"featured_media":1452,"comment_status":"open","ping_status":"open","sticky":false,"template":"","format":"standard","meta":{"footnotes":""},"categories":[4],"tags":[],"class_list":["post-1446","post","type-post","status-publish","format-standard","has-post-thumbnail","hentry","category-noticias"],"yoast_head":"<!-- This site is optimized with the Yoast SEO plugin v26.9 - https:\/\/yoast.com\/product\/yoast-seo-wordpress\/ -->\n<title>Investigador UDD participa en Jornada Cient\u00edfica en Mendoza<\/title>\n<meta name=\"description\" content=\"Se trata de Sebastian Calligaris del Instituto de Ciencias, quien expuso sobre su trabajo realizado en la Facultad de Medicina.\" \/>\n<meta name=\"robots\" content=\"index, follow, max-snippet:-1, max-image-preview:large, max-video-preview:-1\" \/>\n<link rel=\"canonical\" href=\"https:\/\/medicina.udd.cl\/centro-medicina-regenerativa\/noticias\/2013\/12\/27\/investigador-udd-participa-en-jornada-cientifica-en-mendoza\/\" \/>\n<meta property=\"og:locale\" content=\"es_ES\" \/>\n<meta property=\"og:type\" content=\"article\" \/>\n<meta property=\"og:title\" content=\"Investigador UDD participa en Jornada Cient\u00edfica en Mendoza\" \/>\n<meta property=\"og:description\" content=\"Se trata de Sebastian Calligaris del Instituto de Ciencias, quien expuso sobre su trabajo realizado en la Facultad de Medicina.\" \/>\n<meta property=\"og:url\" content=\"https:\/\/medicina.udd.cl\/centro-medicina-regenerativa\/noticias\/2013\/12\/27\/investigador-udd-participa-en-jornada-cientifica-en-mendoza\/\" \/>\n<meta property=\"og:site_name\" content=\"Centro de Medicina Regenerativa\" \/>\n<meta property=\"article:published_time\" content=\"2013-12-27T19:50:56+00:00\" \/>\n<meta property=\"article:modified_time\" content=\"2013-12-27T20:08:36+00:00\" \/>\n<meta property=\"og:image\" content=\"https:\/\/medicina.udd.cl\/centro-medicina-regenerativa\/files\/2013\/12\/Exposici\u00f3n-S.Calligaris.jpg\" \/>\n\t<meta property=\"og:image:width\" content=\"346\" \/>\n\t<meta property=\"og:image:height\" content=\"287\" \/>\n\t<meta property=\"og:image:type\" content=\"image\/jpeg\" \/>\n<meta name=\"twitter:label1\" content=\"Escrito por\" \/>\n\t<meta name=\"twitter:data1\" content=\"\" \/>\n\t<meta name=\"twitter:label2\" content=\"Tiempo de lectura\" \/>\n\t<meta name=\"twitter:data2\" content=\"1 minuto\" \/>\n<script type=\"application\/ld+json\" class=\"yoast-schema-graph\">{\"@context\":\"https:\/\/schema.org\",\"@graph\":[{\"@type\":\"Article\",\"@id\":\"https:\/\/medicina.udd.cl\/centro-medicina-regenerativa\/noticias\/2013\/12\/27\/investigador-udd-participa-en-jornada-cientifica-en-mendoza\/#article\",\"isPartOf\":{\"@id\":\"https:\/\/medicina.udd.cl\/centro-medicina-regenerativa\/noticias\/2013\/12\/27\/investigador-udd-participa-en-jornada-cientifica-en-mendoza\/\"},\"author\":{\"name\":\"\",\"@id\":\"\"},\"headline\":\"Investigador UDD participa en Jornada Cient\u00edfica en Mendoza\",\"datePublished\":\"2013-12-27T19:50:56+00:00\",\"dateModified\":\"2013-12-27T20:08:36+00:00\",\"mainEntityOfPage\":{\"@id\":\"https:\/\/medicina.udd.cl\/centro-medicina-regenerativa\/noticias\/2013\/12\/27\/investigador-udd-participa-en-jornada-cientifica-en-mendoza\/\"},\"wordCount\":229,\"commentCount\":0,\"image\":{\"@id\":\"https:\/\/medicina.udd.cl\/centro-medicina-regenerativa\/noticias\/2013\/12\/27\/investigador-udd-participa-en-jornada-cientifica-en-mendoza\/#primaryimage\"},\"thumbnailUrl\":\"https:\/\/medicina.udd.cl\/centro-medicina-regenerativa\/files\/2013\/12\/Exposici\u00f3n-S.Calligaris.jpg\",\"articleSection\":[\"Noticias\"],\"inLanguage\":\"es\",\"potentialAction\":[{\"@type\":\"CommentAction\",\"name\":\"Comment\",\"target\":[\"https:\/\/medicina.udd.cl\/centro-medicina-regenerativa\/noticias\/2013\/12\/27\/investigador-udd-participa-en-jornada-cientifica-en-mendoza\/#respond\"]}]},{\"@type\":\"WebPage\",\"@id\":\"https:\/\/medicina.udd.cl\/centro-medicina-regenerativa\/noticias\/2013\/12\/27\/investigador-udd-participa-en-jornada-cientifica-en-mendoza\/\",\"url\":\"https:\/\/medicina.udd.cl\/centro-medicina-regenerativa\/noticias\/2013\/12\/27\/investigador-udd-participa-en-jornada-cientifica-en-mendoza\/\",\"name\":\"Investigador UDD participa en Jornada Cient\u00edfica en Mendoza\",\"isPartOf\":{\"@id\":\"https:\/\/medicina.udd.cl\/centro-medicina-regenerativa\/#website\"},\"primaryImageOfPage\":{\"@id\":\"https:\/\/medicina.udd.cl\/centro-medicina-regenerativa\/noticias\/2013\/12\/27\/investigador-udd-participa-en-jornada-cientifica-en-mendoza\/#primaryimage\"},\"image\":{\"@id\":\"https:\/\/medicina.udd.cl\/centro-medicina-regenerativa\/noticias\/2013\/12\/27\/investigador-udd-participa-en-jornada-cientifica-en-mendoza\/#primaryimage\"},\"thumbnailUrl\":\"https:\/\/medicina.udd.cl\/centro-medicina-regenerativa\/files\/2013\/12\/Exposici\u00f3n-S.Calligaris.jpg\",\"datePublished\":\"2013-12-27T19:50:56+00:00\",\"dateModified\":\"2013-12-27T20:08:36+00:00\",\"author\":{\"@id\":\"\"},\"description\":\"Se trata de Sebastian Calligaris del Instituto de Ciencias, quien expuso sobre su trabajo realizado en la Facultad de Medicina.\",\"breadcrumb\":{\"@id\":\"https:\/\/medicina.udd.cl\/centro-medicina-regenerativa\/noticias\/2013\/12\/27\/investigador-udd-participa-en-jornada-cientifica-en-mendoza\/#breadcrumb\"},\"inLanguage\":\"es\",\"potentialAction\":[{\"@type\":\"ReadAction\",\"target\":[\"https:\/\/medicina.udd.cl\/centro-medicina-regenerativa\/noticias\/2013\/12\/27\/investigador-udd-participa-en-jornada-cientifica-en-mendoza\/\"]}]},{\"@type\":\"ImageObject\",\"inLanguage\":\"es\",\"@id\":\"https:\/\/medicina.udd.cl\/centro-medicina-regenerativa\/noticias\/2013\/12\/27\/investigador-udd-participa-en-jornada-cientifica-en-mendoza\/#primaryimage\",\"url\":\"https:\/\/medicina.udd.cl\/centro-medicina-regenerativa\/files\/2013\/12\/Exposici\u00f3n-S.Calligaris.jpg\",\"contentUrl\":\"https:\/\/medicina.udd.cl\/centro-medicina-regenerativa\/files\/2013\/12\/Exposici\u00f3n-S.Calligaris.jpg\",\"width\":346,\"height\":287},{\"@type\":\"BreadcrumbList\",\"@id\":\"https:\/\/medicina.udd.cl\/centro-medicina-regenerativa\/noticias\/2013\/12\/27\/investigador-udd-participa-en-jornada-cientifica-en-mendoza\/#breadcrumb\",\"itemListElement\":[{\"@type\":\"ListItem\",\"position\":1,\"name\":\"Inicio\",\"item\":\"https:\/\/medicina.udd.cl\/centro-medicina-regenerativa\/\"},{\"@type\":\"ListItem\",\"position\":2,\"name\":\"Investigador UDD participa en Jornada Cient\u00edfica en Mendoza\"}]},{\"@type\":\"WebSite\",\"@id\":\"https:\/\/medicina.udd.cl\/centro-medicina-regenerativa\/#website\",\"url\":\"https:\/\/medicina.udd.cl\/centro-medicina-regenerativa\/\",\"name\":\"Centro de Medicina Regenerativa\",\"description\":\"\",\"inLanguage\":\"es\"},{\"@type\":\"Person\",\"@id\":\"\",\"url\":\"https:\/\/medicina.udd.cl\/centro-medicina-regenerativa\/noticias\/author\/\"}]}<\/script>\n<!-- \/ Yoast SEO plugin. -->","yoast_head_json":{"title":"Investigador UDD participa en Jornada Cient\u00edfica en Mendoza","description":"Se trata de Sebastian Calligaris del Instituto de Ciencias, quien expuso sobre su trabajo realizado en la Facultad de Medicina.","robots":{"index":"index","follow":"follow","max-snippet":"max-snippet:-1","max-image-preview":"max-image-preview:large","max-video-preview":"max-video-preview:-1"},"canonical":"https:\/\/medicina.udd.cl\/centro-medicina-regenerativa\/noticias\/2013\/12\/27\/investigador-udd-participa-en-jornada-cientifica-en-mendoza\/","og_locale":"es_ES","og_type":"article","og_title":"Investigador UDD participa en Jornada Cient\u00edfica en Mendoza","og_description":"Se trata de Sebastian Calligaris del Instituto de Ciencias, quien expuso sobre su trabajo realizado en la Facultad de Medicina.","og_url":"https:\/\/medicina.udd.cl\/centro-medicina-regenerativa\/noticias\/2013\/12\/27\/investigador-udd-participa-en-jornada-cientifica-en-mendoza\/","og_site_name":"Centro de Medicina Regenerativa","article_published_time":"2013-12-27T19:50:56+00:00","article_modified_time":"2013-12-27T20:08:36+00:00","og_image":[{"width":346,"height":287,"url":"https:\/\/medicina.udd.cl\/centro-medicina-regenerativa\/files\/2013\/12\/Exposici\u00f3n-S.Calligaris.jpg","type":"image\/jpeg"}],"twitter_misc":{"Escrito por":"","Tiempo de lectura":"1 minuto"},"schema":{"@context":"https:\/\/schema.org","@graph":[{"@type":"Article","@id":"https:\/\/medicina.udd.cl\/centro-medicina-regenerativa\/noticias\/2013\/12\/27\/investigador-udd-participa-en-jornada-cientifica-en-mendoza\/#article","isPartOf":{"@id":"https:\/\/medicina.udd.cl\/centro-medicina-regenerativa\/noticias\/2013\/12\/27\/investigador-udd-participa-en-jornada-cientifica-en-mendoza\/"},"author":{"name":"","@id":""},"headline":"Investigador UDD participa en Jornada Cient\u00edfica en Mendoza","datePublished":"2013-12-27T19:50:56+00:00","dateModified":"2013-12-27T20:08:36+00:00","mainEntityOfPage":{"@id":"https:\/\/medicina.udd.cl\/centro-medicina-regenerativa\/noticias\/2013\/12\/27\/investigador-udd-participa-en-jornada-cientifica-en-mendoza\/"},"wordCount":229,"commentCount":0,"image":{"@id":"https:\/\/medicina.udd.cl\/centro-medicina-regenerativa\/noticias\/2013\/12\/27\/investigador-udd-participa-en-jornada-cientifica-en-mendoza\/#primaryimage"},"thumbnailUrl":"https:\/\/medicina.udd.cl\/centro-medicina-regenerativa\/files\/2013\/12\/Exposici\u00f3n-S.Calligaris.jpg","articleSection":["Noticias"],"inLanguage":"es","potentialAction":[{"@type":"CommentAction","name":"Comment","target":["https:\/\/medicina.udd.cl\/centro-medicina-regenerativa\/noticias\/2013\/12\/27\/investigador-udd-participa-en-jornada-cientifica-en-mendoza\/#respond"]}]},{"@type":"WebPage","@id":"https:\/\/medicina.udd.cl\/centro-medicina-regenerativa\/noticias\/2013\/12\/27\/investigador-udd-participa-en-jornada-cientifica-en-mendoza\/","url":"https:\/\/medicina.udd.cl\/centro-medicina-regenerativa\/noticias\/2013\/12\/27\/investigador-udd-participa-en-jornada-cientifica-en-mendoza\/","name":"Investigador UDD participa en Jornada Cient\u00edfica en Mendoza","isPartOf":{"@id":"https:\/\/medicina.udd.cl\/centro-medicina-regenerativa\/#website"},"primaryImageOfPage":{"@id":"https:\/\/medicina.udd.cl\/centro-medicina-regenerativa\/noticias\/2013\/12\/27\/investigador-udd-participa-en-jornada-cientifica-en-mendoza\/#primaryimage"},"image":{"@id":"https:\/\/medicina.udd.cl\/centro-medicina-regenerativa\/noticias\/2013\/12\/27\/investigador-udd-participa-en-jornada-cientifica-en-mendoza\/#primaryimage"},"thumbnailUrl":"https:\/\/medicina.udd.cl\/centro-medicina-regenerativa\/files\/2013\/12\/Exposici\u00f3n-S.Calligaris.jpg","datePublished":"2013-12-27T19:50:56+00:00","dateModified":"2013-12-27T20:08:36+00:00","author":{"@id":""},"description":"Se trata de Sebastian Calligaris del Instituto de Ciencias, quien expuso sobre su trabajo realizado en la Facultad de Medicina.","breadcrumb":{"@id":"https:\/\/medicina.udd.cl\/centro-medicina-regenerativa\/noticias\/2013\/12\/27\/investigador-udd-participa-en-jornada-cientifica-en-mendoza\/#breadcrumb"},"inLanguage":"es","potentialAction":[{"@type":"ReadAction","target":["https:\/\/medicina.udd.cl\/centro-medicina-regenerativa\/noticias\/2013\/12\/27\/investigador-udd-participa-en-jornada-cientifica-en-mendoza\/"]}]},{"@type":"ImageObject","inLanguage":"es","@id":"https:\/\/medicina.udd.cl\/centro-medicina-regenerativa\/noticias\/2013\/12\/27\/investigador-udd-participa-en-jornada-cientifica-en-mendoza\/#primaryimage","url":"https:\/\/medicina.udd.cl\/centro-medicina-regenerativa\/files\/2013\/12\/Exposici\u00f3n-S.Calligaris.jpg","contentUrl":"https:\/\/medicina.udd.cl\/centro-medicina-regenerativa\/files\/2013\/12\/Exposici\u00f3n-S.Calligaris.jpg","width":346,"height":287},{"@type":"BreadcrumbList","@id":"https:\/\/medicina.udd.cl\/centro-medicina-regenerativa\/noticias\/2013\/12\/27\/investigador-udd-participa-en-jornada-cientifica-en-mendoza\/#breadcrumb","itemListElement":[{"@type":"ListItem","position":1,"name":"Inicio","item":"https:\/\/medicina.udd.cl\/centro-medicina-regenerativa\/"},{"@type":"ListItem","position":2,"name":"Investigador UDD participa en Jornada Cient\u00edfica en Mendoza"}]},{"@type":"WebSite","@id":"https:\/\/medicina.udd.cl\/centro-medicina-regenerativa\/#website","url":"https:\/\/medicina.udd.cl\/centro-medicina-regenerativa\/","name":"Centro de Medicina Regenerativa","description":"","inLanguage":"es"},{"@type":"Person","@id":"","url":"https:\/\/medicina.udd.cl\/centro-medicina-regenerativa\/noticias\/author\/"}]}},"featured_image_url":"https:\/\/medicina.udd.cl\/centro-medicina-regenerativa\/files\/2013\/12\/Exposici\u00f3n-S.Calligaris.jpg","_links":{"self":[{"href":"https:\/\/medicina.udd.cl\/centro-medicina-regenerativa\/wp-json\/wp\/v2\/posts\/1446","targetHints":{"allow":["GET"]}}],"collection":[{"href":"https:\/\/medicina.udd.cl\/centro-medicina-regenerativa\/wp-json\/wp\/v2\/posts"}],"about":[{"href":"https:\/\/medicina.udd.cl\/centro-medicina-regenerativa\/wp-json\/wp\/v2\/types\/post"}],"author":[{"embeddable":true,"href":"https:\/\/medicina.udd.cl\/centro-medicina-regenerativa\/wp-json\/wp\/v2\/users\/42"}],"replies":[{"embeddable":true,"href":"https:\/\/medicina.udd.cl\/centro-medicina-regenerativa\/wp-json\/wp\/v2\/comments?post=1446"}],"version-history":[{"count":5,"href":"https:\/\/medicina.udd.cl\/centro-medicina-regenerativa\/wp-json\/wp\/v2\/posts\/1446\/revisions"}],"predecessor-version":[{"id":1454,"href":"https:\/\/medicina.udd.cl\/centro-medicina-regenerativa\/wp-json\/wp\/v2\/posts\/1446\/revisions\/1454"}],"wp:featuredmedia":[{"embeddable":true,"href":"https:\/\/medicina.udd.cl\/centro-medicina-regenerativa\/wp-json\/wp\/v2\/media\/1452"}],"wp:attachment":[{"href":"https:\/\/medicina.udd.cl\/centro-medicina-regenerativa\/wp-json\/wp\/v2\/media?parent=1446"}],"wp:term":[{"taxonomy":"category","embeddable":true,"href":"https:\/\/medicina.udd.cl\/centro-medicina-regenerativa\/wp-json\/wp\/v2\/categories?post=1446"},{"taxonomy":"post_tag","embeddable":true,"href":"https:\/\/medicina.udd.cl\/centro-medicina-regenerativa\/wp-json\/wp\/v2\/tags?post=1446"}],"curies":[{"name":"wp","href":"https:\/\/api.w.org\/{rel}","templated":true}]}}