{"id":1973,"date":"2014-07-03T10:47:23","date_gmt":"2014-07-03T14:47:23","guid":{"rendered":"http:\/\/medicina.udd.cl\/centro-medicina-regenerativa\/?p=1973"},"modified":"2014-07-03T10:49:12","modified_gmt":"2014-07-03T14:49:12","slug":"desarrollo-de-un-nuevo-producto-basado-en-los-exomas-de-las-celulas-madre-mesenquimaticas-para-la-prevencion-de-la-paralisis-cerebral","status":"publish","type":"post","link":"https:\/\/medicina.udd.cl\/centro-medicina-regenerativa\/noticias\/2014\/07\/03\/desarrollo-de-un-nuevo-producto-basado-en-los-exomas-de-las-celulas-madre-mesenquimaticas-para-la-prevencion-de-la-paralisis-cerebral\/","title":{"rendered":"Desarrollo de un nuevo producto basado en los exomas de las c\u00e9lulas madre mesenquim\u00e1ticas para la prevenci\u00f3n de la par\u00e1lisis cerebral"},"content":{"rendered":"<p><b>PROBLEMA<\/b><\/p>\n<p>La Par\u00e1lisis Cerebral es un s\u00edndrome que comprende diversas alteraciones motoras. A veces, acompa\u00f1adas de deterioro sensorial y\/o cognitivo. La Par\u00e1lisis Cerebral se debe a lesiones permanentes y no progresivas en el enc\u00e9falo. \u00c9stas pueden haber ocurrido en el per\u00edodo prenatal, en el parto o en el per\u00edodo postnatal.<\/p>\n<p>Actualmente no existe una terapia para la Par\u00e1lisis Cerebral,\u00a0las estrategias terap\u00e9uticas hasta ahora descritas corresponden a intentos de manejo temprano del paciente para contener la propagaci\u00f3n del da\u00f1o cerebral o al manejo de los signos motores, no a la prevenci\u00f3n o reversi\u00f3n del da\u00f1o cerebral que resulta en el posterior d\u00e9ficit motor.<\/p>\n<p><b>DESAF\u00cdO<\/b><\/p>\n<p>El desaf\u00edo abordado en el presente proyecto es el desarrollo de un producto que al ser administrado a reci\u00e9n nacidos potencie la capacidad regenerativa cerebral evitando\/minimizando as\u00ed los deterioros, a nivel estructural (disminuci\u00f3n del tama\u00f1o de la lesion cerebral) y funcional (mejoras a nivel motor y cognitivo), propios de la Par\u00e1lisis Cerebral.<\/p>\n<p>&nbsp;<\/p>\n","protected":false},"excerpt":{"rendered":"<p> Innova CORFO \/ L1 I+D Aplicada (2014) Carolina Urrutia, investigador responsable. <\/p>\n","protected":false},"author":42,"featured_media":993,"comment_status":"open","ping_status":"open","sticky":false,"template":"","format":"standard","meta":{"footnotes":""},"categories":[9443],"tags":[],"class_list":["post-1973","post","type-post","status-publish","format-standard","has-post-thumbnail","hentry","category-proyectos-de-investigacion"],"yoast_head":"<!-- This site is optimized with the Yoast SEO plugin v26.9 - https:\/\/yoast.com\/product\/yoast-seo-wordpress\/ -->\n<title>Desarrollo de un nuevo producto basado en los exomas de las c\u00e9lulas madre mesenquim\u00e1ticas para la prevenci\u00f3n de la par\u00e1lisis cerebral<\/title>\n<meta name=\"description\" content=\"Investigaci\u00f3n del Centro de Medicina Regenerativa de la Facultad de Medicina Cl\u00ednica Alemana Universidad del Desarrollo. Investigador responsable: Carolina Urrutia (e) PhD,\" \/>\n<meta name=\"robots\" content=\"index, follow, max-snippet:-1, max-image-preview:large, max-video-preview:-1\" \/>\n<link rel=\"canonical\" href=\"https:\/\/medicina.udd.cl\/centro-medicina-regenerativa\/noticias\/2014\/07\/03\/desarrollo-de-un-nuevo-producto-basado-en-los-exomas-de-las-celulas-madre-mesenquimaticas-para-la-prevencion-de-la-paralisis-cerebral\/\" \/>\n<meta property=\"og:locale\" content=\"es_ES\" \/>\n<meta property=\"og:type\" content=\"article\" \/>\n<meta property=\"og:title\" content=\"Desarrollo de un nuevo producto basado en los exomas de las c\u00e9lulas madre mesenquim\u00e1ticas para la prevenci\u00f3n de la par\u00e1lisis cerebral\" \/>\n<meta property=\"og:description\" content=\"Investigaci\u00f3n del Centro de Medicina Regenerativa de la Facultad de Medicina Cl\u00ednica Alemana Universidad del Desarrollo. Investigador responsable: Carolina Urrutia (e) PhD,\" \/>\n<meta property=\"og:url\" content=\"https:\/\/medicina.udd.cl\/centro-medicina-regenerativa\/noticias\/2014\/07\/03\/desarrollo-de-un-nuevo-producto-basado-en-los-exomas-de-las-celulas-madre-mesenquimaticas-para-la-prevencion-de-la-paralisis-cerebral\/\" \/>\n<meta property=\"og:site_name\" content=\"Centro de Medicina Regenerativa\" \/>\n<meta property=\"article:published_time\" content=\"2014-07-03T14:47:23+00:00\" \/>\n<meta property=\"article:modified_time\" content=\"2014-07-03T14:49:12+00:00\" \/>\n<meta property=\"og:image\" content=\"https:\/\/medicina.udd.cl\/centro-medicina-regenerativa\/files\/2013\/07\/foto-carolina-urrutia-765x1024.jpg\" \/>\n\t<meta property=\"og:image:width\" content=\"765\" \/>\n\t<meta property=\"og:image:height\" content=\"1024\" \/>\n\t<meta property=\"og:image:type\" content=\"image\/jpeg\" \/>\n<meta name=\"twitter:label1\" content=\"Escrito por\" \/>\n\t<meta name=\"twitter:data1\" content=\"\" \/>\n\t<meta name=\"twitter:label2\" content=\"Tiempo de lectura\" \/>\n\t<meta name=\"twitter:data2\" content=\"1 minuto\" \/>\n<script type=\"application\/ld+json\" class=\"yoast-schema-graph\">{\"@context\":\"https:\/\/schema.org\",\"@graph\":[{\"@type\":\"Article\",\"@id\":\"https:\/\/medicina.udd.cl\/centro-medicina-regenerativa\/noticias\/2014\/07\/03\/desarrollo-de-un-nuevo-producto-basado-en-los-exomas-de-las-celulas-madre-mesenquimaticas-para-la-prevencion-de-la-paralisis-cerebral\/#article\",\"isPartOf\":{\"@id\":\"https:\/\/medicina.udd.cl\/centro-medicina-regenerativa\/noticias\/2014\/07\/03\/desarrollo-de-un-nuevo-producto-basado-en-los-exomas-de-las-celulas-madre-mesenquimaticas-para-la-prevencion-de-la-paralisis-cerebral\/\"},\"author\":{\"name\":\"\",\"@id\":\"\"},\"headline\":\"Desarrollo de un nuevo producto basado en los exomas de las c\u00e9lulas madre mesenquim\u00e1ticas para la prevenci\u00f3n de la par\u00e1lisis cerebral\",\"datePublished\":\"2014-07-03T14:47:23+00:00\",\"dateModified\":\"2014-07-03T14:49:12+00:00\",\"mainEntityOfPage\":{\"@id\":\"https:\/\/medicina.udd.cl\/centro-medicina-regenerativa\/noticias\/2014\/07\/03\/desarrollo-de-un-nuevo-producto-basado-en-los-exomas-de-las-celulas-madre-mesenquimaticas-para-la-prevencion-de-la-paralisis-cerebral\/\"},\"wordCount\":205,\"commentCount\":0,\"image\":{\"@id\":\"https:\/\/medicina.udd.cl\/centro-medicina-regenerativa\/noticias\/2014\/07\/03\/desarrollo-de-un-nuevo-producto-basado-en-los-exomas-de-las-celulas-madre-mesenquimaticas-para-la-prevencion-de-la-paralisis-cerebral\/#primaryimage\"},\"thumbnailUrl\":\"https:\/\/medicina.udd.cl\/centro-medicina-regenerativa\/files\/2013\/07\/foto-carolina-urrutia.jpg\",\"articleSection\":[\"Proyectos de Investigaci\u00f3n\"],\"inLanguage\":\"es\",\"potentialAction\":[{\"@type\":\"CommentAction\",\"name\":\"Comment\",\"target\":[\"https:\/\/medicina.udd.cl\/centro-medicina-regenerativa\/noticias\/2014\/07\/03\/desarrollo-de-un-nuevo-producto-basado-en-los-exomas-de-las-celulas-madre-mesenquimaticas-para-la-prevencion-de-la-paralisis-cerebral\/#respond\"]}]},{\"@type\":\"WebPage\",\"@id\":\"https:\/\/medicina.udd.cl\/centro-medicina-regenerativa\/noticias\/2014\/07\/03\/desarrollo-de-un-nuevo-producto-basado-en-los-exomas-de-las-celulas-madre-mesenquimaticas-para-la-prevencion-de-la-paralisis-cerebral\/\",\"url\":\"https:\/\/medicina.udd.cl\/centro-medicina-regenerativa\/noticias\/2014\/07\/03\/desarrollo-de-un-nuevo-producto-basado-en-los-exomas-de-las-celulas-madre-mesenquimaticas-para-la-prevencion-de-la-paralisis-cerebral\/\",\"name\":\"Desarrollo de un nuevo producto basado en los exomas de las c\u00e9lulas madre mesenquim\u00e1ticas para la prevenci\u00f3n de la par\u00e1lisis cerebral\",\"isPartOf\":{\"@id\":\"https:\/\/medicina.udd.cl\/centro-medicina-regenerativa\/#website\"},\"primaryImageOfPage\":{\"@id\":\"https:\/\/medicina.udd.cl\/centro-medicina-regenerativa\/noticias\/2014\/07\/03\/desarrollo-de-un-nuevo-producto-basado-en-los-exomas-de-las-celulas-madre-mesenquimaticas-para-la-prevencion-de-la-paralisis-cerebral\/#primaryimage\"},\"image\":{\"@id\":\"https:\/\/medicina.udd.cl\/centro-medicina-regenerativa\/noticias\/2014\/07\/03\/desarrollo-de-un-nuevo-producto-basado-en-los-exomas-de-las-celulas-madre-mesenquimaticas-para-la-prevencion-de-la-paralisis-cerebral\/#primaryimage\"},\"thumbnailUrl\":\"https:\/\/medicina.udd.cl\/centro-medicina-regenerativa\/files\/2013\/07\/foto-carolina-urrutia.jpg\",\"datePublished\":\"2014-07-03T14:47:23+00:00\",\"dateModified\":\"2014-07-03T14:49:12+00:00\",\"author\":{\"@id\":\"\"},\"description\":\"Investigaci\u00f3n del Centro de Medicina Regenerativa de la Facultad de Medicina Cl\u00ednica Alemana Universidad del Desarrollo. Investigador responsable: Carolina Urrutia (e) PhD,\",\"breadcrumb\":{\"@id\":\"https:\/\/medicina.udd.cl\/centro-medicina-regenerativa\/noticias\/2014\/07\/03\/desarrollo-de-un-nuevo-producto-basado-en-los-exomas-de-las-celulas-madre-mesenquimaticas-para-la-prevencion-de-la-paralisis-cerebral\/#breadcrumb\"},\"inLanguage\":\"es\",\"potentialAction\":[{\"@type\":\"ReadAction\",\"target\":[\"https:\/\/medicina.udd.cl\/centro-medicina-regenerativa\/noticias\/2014\/07\/03\/desarrollo-de-un-nuevo-producto-basado-en-los-exomas-de-las-celulas-madre-mesenquimaticas-para-la-prevencion-de-la-paralisis-cerebral\/\"]}]},{\"@type\":\"ImageObject\",\"inLanguage\":\"es\",\"@id\":\"https:\/\/medicina.udd.cl\/centro-medicina-regenerativa\/noticias\/2014\/07\/03\/desarrollo-de-un-nuevo-producto-basado-en-los-exomas-de-las-celulas-madre-mesenquimaticas-para-la-prevencion-de-la-paralisis-cerebral\/#primaryimage\",\"url\":\"https:\/\/medicina.udd.cl\/centro-medicina-regenerativa\/files\/2013\/07\/foto-carolina-urrutia.jpg\",\"contentUrl\":\"https:\/\/medicina.udd.cl\/centro-medicina-regenerativa\/files\/2013\/07\/foto-carolina-urrutia.jpg\",\"width\":1936,\"height\":2592},{\"@type\":\"BreadcrumbList\",\"@id\":\"https:\/\/medicina.udd.cl\/centro-medicina-regenerativa\/noticias\/2014\/07\/03\/desarrollo-de-un-nuevo-producto-basado-en-los-exomas-de-las-celulas-madre-mesenquimaticas-para-la-prevencion-de-la-paralisis-cerebral\/#breadcrumb\",\"itemListElement\":[{\"@type\":\"ListItem\",\"position\":1,\"name\":\"Inicio\",\"item\":\"https:\/\/medicina.udd.cl\/centro-medicina-regenerativa\/\"},{\"@type\":\"ListItem\",\"position\":2,\"name\":\"Desarrollo de un nuevo producto basado en los exomas de las c\u00e9lulas madre mesenquim\u00e1ticas para la prevenci\u00f3n de la par\u00e1lisis cerebral\"}]},{\"@type\":\"WebSite\",\"@id\":\"https:\/\/medicina.udd.cl\/centro-medicina-regenerativa\/#website\",\"url\":\"https:\/\/medicina.udd.cl\/centro-medicina-regenerativa\/\",\"name\":\"Centro de Medicina Regenerativa\",\"description\":\"\",\"inLanguage\":\"es\"},{\"@type\":\"Person\",\"@id\":\"\",\"url\":\"https:\/\/medicina.udd.cl\/centro-medicina-regenerativa\/noticias\/author\/\"}]}<\/script>\n<!-- \/ Yoast SEO plugin. -->","yoast_head_json":{"title":"Desarrollo de un nuevo producto basado en los exomas de las c\u00e9lulas madre mesenquim\u00e1ticas para la prevenci\u00f3n de la par\u00e1lisis cerebral","description":"Investigaci\u00f3n del Centro de Medicina Regenerativa de la Facultad de Medicina Cl\u00ednica Alemana Universidad del Desarrollo. Investigador responsable: Carolina Urrutia (e) PhD,","robots":{"index":"index","follow":"follow","max-snippet":"max-snippet:-1","max-image-preview":"max-image-preview:large","max-video-preview":"max-video-preview:-1"},"canonical":"https:\/\/medicina.udd.cl\/centro-medicina-regenerativa\/noticias\/2014\/07\/03\/desarrollo-de-un-nuevo-producto-basado-en-los-exomas-de-las-celulas-madre-mesenquimaticas-para-la-prevencion-de-la-paralisis-cerebral\/","og_locale":"es_ES","og_type":"article","og_title":"Desarrollo de un nuevo producto basado en los exomas de las c\u00e9lulas madre mesenquim\u00e1ticas para la prevenci\u00f3n de la par\u00e1lisis cerebral","og_description":"Investigaci\u00f3n del Centro de Medicina Regenerativa de la Facultad de Medicina Cl\u00ednica Alemana Universidad del Desarrollo. Investigador responsable: Carolina Urrutia (e) PhD,","og_url":"https:\/\/medicina.udd.cl\/centro-medicina-regenerativa\/noticias\/2014\/07\/03\/desarrollo-de-un-nuevo-producto-basado-en-los-exomas-de-las-celulas-madre-mesenquimaticas-para-la-prevencion-de-la-paralisis-cerebral\/","og_site_name":"Centro de Medicina Regenerativa","article_published_time":"2014-07-03T14:47:23+00:00","article_modified_time":"2014-07-03T14:49:12+00:00","og_image":[{"width":765,"height":1024,"url":"https:\/\/medicina.udd.cl\/centro-medicina-regenerativa\/files\/2013\/07\/foto-carolina-urrutia-765x1024.jpg","type":"image\/jpeg"}],"twitter_misc":{"Escrito por":"","Tiempo de lectura":"1 minuto"},"schema":{"@context":"https:\/\/schema.org","@graph":[{"@type":"Article","@id":"https:\/\/medicina.udd.cl\/centro-medicina-regenerativa\/noticias\/2014\/07\/03\/desarrollo-de-un-nuevo-producto-basado-en-los-exomas-de-las-celulas-madre-mesenquimaticas-para-la-prevencion-de-la-paralisis-cerebral\/#article","isPartOf":{"@id":"https:\/\/medicina.udd.cl\/centro-medicina-regenerativa\/noticias\/2014\/07\/03\/desarrollo-de-un-nuevo-producto-basado-en-los-exomas-de-las-celulas-madre-mesenquimaticas-para-la-prevencion-de-la-paralisis-cerebral\/"},"author":{"name":"","@id":""},"headline":"Desarrollo de un nuevo producto basado en los exomas de las c\u00e9lulas madre mesenquim\u00e1ticas para la prevenci\u00f3n de la par\u00e1lisis cerebral","datePublished":"2014-07-03T14:47:23+00:00","dateModified":"2014-07-03T14:49:12+00:00","mainEntityOfPage":{"@id":"https:\/\/medicina.udd.cl\/centro-medicina-regenerativa\/noticias\/2014\/07\/03\/desarrollo-de-un-nuevo-producto-basado-en-los-exomas-de-las-celulas-madre-mesenquimaticas-para-la-prevencion-de-la-paralisis-cerebral\/"},"wordCount":205,"commentCount":0,"image":{"@id":"https:\/\/medicina.udd.cl\/centro-medicina-regenerativa\/noticias\/2014\/07\/03\/desarrollo-de-un-nuevo-producto-basado-en-los-exomas-de-las-celulas-madre-mesenquimaticas-para-la-prevencion-de-la-paralisis-cerebral\/#primaryimage"},"thumbnailUrl":"https:\/\/medicina.udd.cl\/centro-medicina-regenerativa\/files\/2013\/07\/foto-carolina-urrutia.jpg","articleSection":["Proyectos de Investigaci\u00f3n"],"inLanguage":"es","potentialAction":[{"@type":"CommentAction","name":"Comment","target":["https:\/\/medicina.udd.cl\/centro-medicina-regenerativa\/noticias\/2014\/07\/03\/desarrollo-de-un-nuevo-producto-basado-en-los-exomas-de-las-celulas-madre-mesenquimaticas-para-la-prevencion-de-la-paralisis-cerebral\/#respond"]}]},{"@type":"WebPage","@id":"https:\/\/medicina.udd.cl\/centro-medicina-regenerativa\/noticias\/2014\/07\/03\/desarrollo-de-un-nuevo-producto-basado-en-los-exomas-de-las-celulas-madre-mesenquimaticas-para-la-prevencion-de-la-paralisis-cerebral\/","url":"https:\/\/medicina.udd.cl\/centro-medicina-regenerativa\/noticias\/2014\/07\/03\/desarrollo-de-un-nuevo-producto-basado-en-los-exomas-de-las-celulas-madre-mesenquimaticas-para-la-prevencion-de-la-paralisis-cerebral\/","name":"Desarrollo de un nuevo producto basado en los exomas de las c\u00e9lulas madre mesenquim\u00e1ticas para la prevenci\u00f3n de la par\u00e1lisis cerebral","isPartOf":{"@id":"https:\/\/medicina.udd.cl\/centro-medicina-regenerativa\/#website"},"primaryImageOfPage":{"@id":"https:\/\/medicina.udd.cl\/centro-medicina-regenerativa\/noticias\/2014\/07\/03\/desarrollo-de-un-nuevo-producto-basado-en-los-exomas-de-las-celulas-madre-mesenquimaticas-para-la-prevencion-de-la-paralisis-cerebral\/#primaryimage"},"image":{"@id":"https:\/\/medicina.udd.cl\/centro-medicina-regenerativa\/noticias\/2014\/07\/03\/desarrollo-de-un-nuevo-producto-basado-en-los-exomas-de-las-celulas-madre-mesenquimaticas-para-la-prevencion-de-la-paralisis-cerebral\/#primaryimage"},"thumbnailUrl":"https:\/\/medicina.udd.cl\/centro-medicina-regenerativa\/files\/2013\/07\/foto-carolina-urrutia.jpg","datePublished":"2014-07-03T14:47:23+00:00","dateModified":"2014-07-03T14:49:12+00:00","author":{"@id":""},"description":"Investigaci\u00f3n del Centro de Medicina Regenerativa de la Facultad de Medicina Cl\u00ednica Alemana Universidad del Desarrollo. Investigador responsable: Carolina Urrutia (e) PhD,","breadcrumb":{"@id":"https:\/\/medicina.udd.cl\/centro-medicina-regenerativa\/noticias\/2014\/07\/03\/desarrollo-de-un-nuevo-producto-basado-en-los-exomas-de-las-celulas-madre-mesenquimaticas-para-la-prevencion-de-la-paralisis-cerebral\/#breadcrumb"},"inLanguage":"es","potentialAction":[{"@type":"ReadAction","target":["https:\/\/medicina.udd.cl\/centro-medicina-regenerativa\/noticias\/2014\/07\/03\/desarrollo-de-un-nuevo-producto-basado-en-los-exomas-de-las-celulas-madre-mesenquimaticas-para-la-prevencion-de-la-paralisis-cerebral\/"]}]},{"@type":"ImageObject","inLanguage":"es","@id":"https:\/\/medicina.udd.cl\/centro-medicina-regenerativa\/noticias\/2014\/07\/03\/desarrollo-de-un-nuevo-producto-basado-en-los-exomas-de-las-celulas-madre-mesenquimaticas-para-la-prevencion-de-la-paralisis-cerebral\/#primaryimage","url":"https:\/\/medicina.udd.cl\/centro-medicina-regenerativa\/files\/2013\/07\/foto-carolina-urrutia.jpg","contentUrl":"https:\/\/medicina.udd.cl\/centro-medicina-regenerativa\/files\/2013\/07\/foto-carolina-urrutia.jpg","width":1936,"height":2592},{"@type":"BreadcrumbList","@id":"https:\/\/medicina.udd.cl\/centro-medicina-regenerativa\/noticias\/2014\/07\/03\/desarrollo-de-un-nuevo-producto-basado-en-los-exomas-de-las-celulas-madre-mesenquimaticas-para-la-prevencion-de-la-paralisis-cerebral\/#breadcrumb","itemListElement":[{"@type":"ListItem","position":1,"name":"Inicio","item":"https:\/\/medicina.udd.cl\/centro-medicina-regenerativa\/"},{"@type":"ListItem","position":2,"name":"Desarrollo de un nuevo producto basado en los exomas de las c\u00e9lulas madre mesenquim\u00e1ticas para la prevenci\u00f3n de la par\u00e1lisis cerebral"}]},{"@type":"WebSite","@id":"https:\/\/medicina.udd.cl\/centro-medicina-regenerativa\/#website","url":"https:\/\/medicina.udd.cl\/centro-medicina-regenerativa\/","name":"Centro de Medicina Regenerativa","description":"","inLanguage":"es"},{"@type":"Person","@id":"","url":"https:\/\/medicina.udd.cl\/centro-medicina-regenerativa\/noticias\/author\/"}]}},"featured_image_url":"https:\/\/medicina.udd.cl\/centro-medicina-regenerativa\/files\/2013\/07\/foto-carolina-urrutia.jpg","_links":{"self":[{"href":"https:\/\/medicina.udd.cl\/centro-medicina-regenerativa\/wp-json\/wp\/v2\/posts\/1973","targetHints":{"allow":["GET"]}}],"collection":[{"href":"https:\/\/medicina.udd.cl\/centro-medicina-regenerativa\/wp-json\/wp\/v2\/posts"}],"about":[{"href":"https:\/\/medicina.udd.cl\/centro-medicina-regenerativa\/wp-json\/wp\/v2\/types\/post"}],"author":[{"embeddable":true,"href":"https:\/\/medicina.udd.cl\/centro-medicina-regenerativa\/wp-json\/wp\/v2\/users\/42"}],"replies":[{"embeddable":true,"href":"https:\/\/medicina.udd.cl\/centro-medicina-regenerativa\/wp-json\/wp\/v2\/comments?post=1973"}],"version-history":[{"count":4,"href":"https:\/\/medicina.udd.cl\/centro-medicina-regenerativa\/wp-json\/wp\/v2\/posts\/1973\/revisions"}],"predecessor-version":[{"id":1977,"href":"https:\/\/medicina.udd.cl\/centro-medicina-regenerativa\/wp-json\/wp\/v2\/posts\/1973\/revisions\/1977"}],"wp:featuredmedia":[{"embeddable":true,"href":"https:\/\/medicina.udd.cl\/centro-medicina-regenerativa\/wp-json\/wp\/v2\/media\/993"}],"wp:attachment":[{"href":"https:\/\/medicina.udd.cl\/centro-medicina-regenerativa\/wp-json\/wp\/v2\/media?parent=1973"}],"wp:term":[{"taxonomy":"category","embeddable":true,"href":"https:\/\/medicina.udd.cl\/centro-medicina-regenerativa\/wp-json\/wp\/v2\/categories?post=1973"},{"taxonomy":"post_tag","embeddable":true,"href":"https:\/\/medicina.udd.cl\/centro-medicina-regenerativa\/wp-json\/wp\/v2\/tags?post=1973"}],"curies":[{"name":"wp","href":"https:\/\/api.w.org\/{rel}","templated":true}]}}