{"id":2047,"date":"2014-10-16T15:18:42","date_gmt":"2014-10-16T18:18:42","guid":{"rendered":"http:\/\/medicina.udd.cl\/centro-medicina-regenerativa\/?p=2047"},"modified":"2014-10-17T09:09:33","modified_gmt":"2014-10-17T12:09:33","slug":"dra-conget-dicta-charlas-en-congresos-y-jornadas-cientificas","status":"publish","type":"post","link":"https:\/\/medicina.udd.cl\/centro-medicina-regenerativa\/noticias\/2014\/10\/16\/dra-conget-dicta-charlas-en-congresos-y-jornadas-cientificas\/","title":{"rendered":"Dra. Conget dicta charlas en congresos y jornadas cient\u00edficas"},"content":{"rendered":"<p>La <strong>directora del Centro de Medicina Regenerativa, doctora Paulette Conget<\/strong>, particip\u00f3 en dos encuentros cient\u00edficos, abordando su especialidad: el uso de c\u00e9lulas madre.<\/p>\n<p>Una de las actividades fue el XXVI Congreso de la Asociaci\u00f3n M\u00e9dica Latinoamericana de Rehabilitaci\u00f3n, realizada entre el 12 y 13 de octubre en la ciudad de Vi\u00f1a del Mar. En la ocasi\u00f3n, dict\u00f3 la charla \u201cUso de c\u00e9lulas madre en rehabilitaci\u00f3n infantil\u201d.<\/p>\n<p>A su vez, asisti\u00f3 como expositora a las XXVIII Jornadas Cient\u00edficas del Hospital Militar de Santiago. Los organizadores agradecieron su participaci\u00f3n y la interesante conferencia dictada, pues le dio un realce al encuentro y motiv\u00f3 a los asistentes y directivos del recinto hospitalario a continuar estudiando el tema de las c\u00e9lulas madre.<\/p>\n","protected":false},"excerpt":{"rendered":"<p>Uso de c\u00e9lulas madre fue el eje central de las exposiciones de la directora del Centro de Medicina Regenerativa.<\/p>\n","protected":false},"author":42,"featured_media":1807,"comment_status":"open","ping_status":"open","sticky":false,"template":"","format":"standard","meta":{"footnotes":""},"categories":[4],"tags":[],"class_list":["post-2047","post","type-post","status-publish","format-standard","has-post-thumbnail","hentry","category-noticias"],"yoast_head":"<!-- This site is optimized with the Yoast SEO plugin v26.9 - https:\/\/yoast.com\/product\/yoast-seo-wordpress\/ -->\n<title>Dra. Conget dicta charlas en congresos y jornadas cient\u00edficas<\/title>\n<meta name=\"description\" content=\"Uso de c\u00e9lulas madre fue el eje central de las exposiciones de la directora del Centro de Medicina Regenerativa.\" \/>\n<meta name=\"robots\" content=\"index, follow, max-snippet:-1, max-image-preview:large, max-video-preview:-1\" \/>\n<link rel=\"canonical\" href=\"https:\/\/medicina.udd.cl\/centro-medicina-regenerativa\/noticias\/2014\/10\/16\/dra-conget-dicta-charlas-en-congresos-y-jornadas-cientificas\/\" \/>\n<meta property=\"og:locale\" content=\"es_ES\" \/>\n<meta property=\"og:type\" content=\"article\" \/>\n<meta property=\"og:title\" content=\"Dra. Conget dicta charlas en congresos y jornadas cient\u00edficas\" \/>\n<meta property=\"og:description\" content=\"Uso de c\u00e9lulas madre fue el eje central de las exposiciones de la directora del Centro de Medicina Regenerativa.\" \/>\n<meta property=\"og:url\" content=\"https:\/\/medicina.udd.cl\/centro-medicina-regenerativa\/noticias\/2014\/10\/16\/dra-conget-dicta-charlas-en-congresos-y-jornadas-cientificas\/\" \/>\n<meta property=\"og:site_name\" content=\"Centro de Medicina Regenerativa\" \/>\n<meta property=\"article:published_time\" content=\"2014-10-16T18:18:42+00:00\" \/>\n<meta property=\"article:modified_time\" content=\"2014-10-17T12:09:33+00:00\" \/>\n<meta property=\"og:image\" content=\"https:\/\/medicina.udd.cl\/centro-medicina-regenerativa\/files\/2013\/07\/foto-Paulette-Conget.jpg\" \/>\n\t<meta property=\"og:image:width\" content=\"740\" \/>\n\t<meta property=\"og:image:height\" content=\"740\" \/>\n\t<meta property=\"og:image:type\" content=\"image\/jpeg\" \/>\n<meta name=\"twitter:label1\" content=\"Escrito por\" \/>\n\t<meta name=\"twitter:data1\" content=\"\" \/>\n\t<meta name=\"twitter:label2\" content=\"Tiempo de lectura\" \/>\n\t<meta name=\"twitter:data2\" content=\"1 minuto\" \/>\n<script type=\"application\/ld+json\" class=\"yoast-schema-graph\">{\"@context\":\"https:\/\/schema.org\",\"@graph\":[{\"@type\":\"Article\",\"@id\":\"https:\/\/medicina.udd.cl\/centro-medicina-regenerativa\/noticias\/2014\/10\/16\/dra-conget-dicta-charlas-en-congresos-y-jornadas-cientificas\/#article\",\"isPartOf\":{\"@id\":\"https:\/\/medicina.udd.cl\/centro-medicina-regenerativa\/noticias\/2014\/10\/16\/dra-conget-dicta-charlas-en-congresos-y-jornadas-cientificas\/\"},\"author\":{\"name\":\"\",\"@id\":\"\"},\"headline\":\"Dra. Conget dicta charlas en congresos y jornadas cient\u00edficas\",\"datePublished\":\"2014-10-16T18:18:42+00:00\",\"dateModified\":\"2014-10-17T12:09:33+00:00\",\"mainEntityOfPage\":{\"@id\":\"https:\/\/medicina.udd.cl\/centro-medicina-regenerativa\/noticias\/2014\/10\/16\/dra-conget-dicta-charlas-en-congresos-y-jornadas-cientificas\/\"},\"wordCount\":138,\"commentCount\":0,\"image\":{\"@id\":\"https:\/\/medicina.udd.cl\/centro-medicina-regenerativa\/noticias\/2014\/10\/16\/dra-conget-dicta-charlas-en-congresos-y-jornadas-cientificas\/#primaryimage\"},\"thumbnailUrl\":\"https:\/\/medicina.udd.cl\/centro-medicina-regenerativa\/files\/2013\/07\/foto-Paulette-Conget.jpg\",\"articleSection\":[\"Noticias\"],\"inLanguage\":\"es\",\"potentialAction\":[{\"@type\":\"CommentAction\",\"name\":\"Comment\",\"target\":[\"https:\/\/medicina.udd.cl\/centro-medicina-regenerativa\/noticias\/2014\/10\/16\/dra-conget-dicta-charlas-en-congresos-y-jornadas-cientificas\/#respond\"]}]},{\"@type\":\"WebPage\",\"@id\":\"https:\/\/medicina.udd.cl\/centro-medicina-regenerativa\/noticias\/2014\/10\/16\/dra-conget-dicta-charlas-en-congresos-y-jornadas-cientificas\/\",\"url\":\"https:\/\/medicina.udd.cl\/centro-medicina-regenerativa\/noticias\/2014\/10\/16\/dra-conget-dicta-charlas-en-congresos-y-jornadas-cientificas\/\",\"name\":\"Dra. Conget dicta charlas en congresos y jornadas cient\u00edficas\",\"isPartOf\":{\"@id\":\"https:\/\/medicina.udd.cl\/centro-medicina-regenerativa\/#website\"},\"primaryImageOfPage\":{\"@id\":\"https:\/\/medicina.udd.cl\/centro-medicina-regenerativa\/noticias\/2014\/10\/16\/dra-conget-dicta-charlas-en-congresos-y-jornadas-cientificas\/#primaryimage\"},\"image\":{\"@id\":\"https:\/\/medicina.udd.cl\/centro-medicina-regenerativa\/noticias\/2014\/10\/16\/dra-conget-dicta-charlas-en-congresos-y-jornadas-cientificas\/#primaryimage\"},\"thumbnailUrl\":\"https:\/\/medicina.udd.cl\/centro-medicina-regenerativa\/files\/2013\/07\/foto-Paulette-Conget.jpg\",\"datePublished\":\"2014-10-16T18:18:42+00:00\",\"dateModified\":\"2014-10-17T12:09:33+00:00\",\"author\":{\"@id\":\"\"},\"description\":\"Uso de c\u00e9lulas madre fue el eje central de las exposiciones de la directora del Centro de Medicina Regenerativa.\",\"breadcrumb\":{\"@id\":\"https:\/\/medicina.udd.cl\/centro-medicina-regenerativa\/noticias\/2014\/10\/16\/dra-conget-dicta-charlas-en-congresos-y-jornadas-cientificas\/#breadcrumb\"},\"inLanguage\":\"es\",\"potentialAction\":[{\"@type\":\"ReadAction\",\"target\":[\"https:\/\/medicina.udd.cl\/centro-medicina-regenerativa\/noticias\/2014\/10\/16\/dra-conget-dicta-charlas-en-congresos-y-jornadas-cientificas\/\"]}]},{\"@type\":\"ImageObject\",\"inLanguage\":\"es\",\"@id\":\"https:\/\/medicina.udd.cl\/centro-medicina-regenerativa\/noticias\/2014\/10\/16\/dra-conget-dicta-charlas-en-congresos-y-jornadas-cientificas\/#primaryimage\",\"url\":\"https:\/\/medicina.udd.cl\/centro-medicina-regenerativa\/files\/2013\/07\/foto-Paulette-Conget.jpg\",\"contentUrl\":\"https:\/\/medicina.udd.cl\/centro-medicina-regenerativa\/files\/2013\/07\/foto-Paulette-Conget.jpg\",\"width\":740,\"height\":740},{\"@type\":\"BreadcrumbList\",\"@id\":\"https:\/\/medicina.udd.cl\/centro-medicina-regenerativa\/noticias\/2014\/10\/16\/dra-conget-dicta-charlas-en-congresos-y-jornadas-cientificas\/#breadcrumb\",\"itemListElement\":[{\"@type\":\"ListItem\",\"position\":1,\"name\":\"Inicio\",\"item\":\"https:\/\/medicina.udd.cl\/centro-medicina-regenerativa\/\"},{\"@type\":\"ListItem\",\"position\":2,\"name\":\"Dra. Conget dicta charlas en congresos y jornadas cient\u00edficas\"}]},{\"@type\":\"WebSite\",\"@id\":\"https:\/\/medicina.udd.cl\/centro-medicina-regenerativa\/#website\",\"url\":\"https:\/\/medicina.udd.cl\/centro-medicina-regenerativa\/\",\"name\":\"Centro de Medicina Regenerativa\",\"description\":\"\",\"inLanguage\":\"es\"},{\"@type\":\"Person\",\"@id\":\"\",\"url\":\"https:\/\/medicina.udd.cl\/centro-medicina-regenerativa\/noticias\/author\/\"}]}<\/script>\n<!-- \/ Yoast SEO plugin. -->","yoast_head_json":{"title":"Dra. Conget dicta charlas en congresos y jornadas cient\u00edficas","description":"Uso de c\u00e9lulas madre fue el eje central de las exposiciones de la directora del Centro de Medicina Regenerativa.","robots":{"index":"index","follow":"follow","max-snippet":"max-snippet:-1","max-image-preview":"max-image-preview:large","max-video-preview":"max-video-preview:-1"},"canonical":"https:\/\/medicina.udd.cl\/centro-medicina-regenerativa\/noticias\/2014\/10\/16\/dra-conget-dicta-charlas-en-congresos-y-jornadas-cientificas\/","og_locale":"es_ES","og_type":"article","og_title":"Dra. Conget dicta charlas en congresos y jornadas cient\u00edficas","og_description":"Uso de c\u00e9lulas madre fue el eje central de las exposiciones de la directora del Centro de Medicina Regenerativa.","og_url":"https:\/\/medicina.udd.cl\/centro-medicina-regenerativa\/noticias\/2014\/10\/16\/dra-conget-dicta-charlas-en-congresos-y-jornadas-cientificas\/","og_site_name":"Centro de Medicina Regenerativa","article_published_time":"2014-10-16T18:18:42+00:00","article_modified_time":"2014-10-17T12:09:33+00:00","og_image":[{"width":740,"height":740,"url":"https:\/\/medicina.udd.cl\/centro-medicina-regenerativa\/files\/2013\/07\/foto-Paulette-Conget.jpg","type":"image\/jpeg"}],"twitter_misc":{"Escrito por":"","Tiempo de lectura":"1 minuto"},"schema":{"@context":"https:\/\/schema.org","@graph":[{"@type":"Article","@id":"https:\/\/medicina.udd.cl\/centro-medicina-regenerativa\/noticias\/2014\/10\/16\/dra-conget-dicta-charlas-en-congresos-y-jornadas-cientificas\/#article","isPartOf":{"@id":"https:\/\/medicina.udd.cl\/centro-medicina-regenerativa\/noticias\/2014\/10\/16\/dra-conget-dicta-charlas-en-congresos-y-jornadas-cientificas\/"},"author":{"name":"","@id":""},"headline":"Dra. Conget dicta charlas en congresos y jornadas cient\u00edficas","datePublished":"2014-10-16T18:18:42+00:00","dateModified":"2014-10-17T12:09:33+00:00","mainEntityOfPage":{"@id":"https:\/\/medicina.udd.cl\/centro-medicina-regenerativa\/noticias\/2014\/10\/16\/dra-conget-dicta-charlas-en-congresos-y-jornadas-cientificas\/"},"wordCount":138,"commentCount":0,"image":{"@id":"https:\/\/medicina.udd.cl\/centro-medicina-regenerativa\/noticias\/2014\/10\/16\/dra-conget-dicta-charlas-en-congresos-y-jornadas-cientificas\/#primaryimage"},"thumbnailUrl":"https:\/\/medicina.udd.cl\/centro-medicina-regenerativa\/files\/2013\/07\/foto-Paulette-Conget.jpg","articleSection":["Noticias"],"inLanguage":"es","potentialAction":[{"@type":"CommentAction","name":"Comment","target":["https:\/\/medicina.udd.cl\/centro-medicina-regenerativa\/noticias\/2014\/10\/16\/dra-conget-dicta-charlas-en-congresos-y-jornadas-cientificas\/#respond"]}]},{"@type":"WebPage","@id":"https:\/\/medicina.udd.cl\/centro-medicina-regenerativa\/noticias\/2014\/10\/16\/dra-conget-dicta-charlas-en-congresos-y-jornadas-cientificas\/","url":"https:\/\/medicina.udd.cl\/centro-medicina-regenerativa\/noticias\/2014\/10\/16\/dra-conget-dicta-charlas-en-congresos-y-jornadas-cientificas\/","name":"Dra. Conget dicta charlas en congresos y jornadas cient\u00edficas","isPartOf":{"@id":"https:\/\/medicina.udd.cl\/centro-medicina-regenerativa\/#website"},"primaryImageOfPage":{"@id":"https:\/\/medicina.udd.cl\/centro-medicina-regenerativa\/noticias\/2014\/10\/16\/dra-conget-dicta-charlas-en-congresos-y-jornadas-cientificas\/#primaryimage"},"image":{"@id":"https:\/\/medicina.udd.cl\/centro-medicina-regenerativa\/noticias\/2014\/10\/16\/dra-conget-dicta-charlas-en-congresos-y-jornadas-cientificas\/#primaryimage"},"thumbnailUrl":"https:\/\/medicina.udd.cl\/centro-medicina-regenerativa\/files\/2013\/07\/foto-Paulette-Conget.jpg","datePublished":"2014-10-16T18:18:42+00:00","dateModified":"2014-10-17T12:09:33+00:00","author":{"@id":""},"description":"Uso de c\u00e9lulas madre fue el eje central de las exposiciones de la directora del Centro de Medicina Regenerativa.","breadcrumb":{"@id":"https:\/\/medicina.udd.cl\/centro-medicina-regenerativa\/noticias\/2014\/10\/16\/dra-conget-dicta-charlas-en-congresos-y-jornadas-cientificas\/#breadcrumb"},"inLanguage":"es","potentialAction":[{"@type":"ReadAction","target":["https:\/\/medicina.udd.cl\/centro-medicina-regenerativa\/noticias\/2014\/10\/16\/dra-conget-dicta-charlas-en-congresos-y-jornadas-cientificas\/"]}]},{"@type":"ImageObject","inLanguage":"es","@id":"https:\/\/medicina.udd.cl\/centro-medicina-regenerativa\/noticias\/2014\/10\/16\/dra-conget-dicta-charlas-en-congresos-y-jornadas-cientificas\/#primaryimage","url":"https:\/\/medicina.udd.cl\/centro-medicina-regenerativa\/files\/2013\/07\/foto-Paulette-Conget.jpg","contentUrl":"https:\/\/medicina.udd.cl\/centro-medicina-regenerativa\/files\/2013\/07\/foto-Paulette-Conget.jpg","width":740,"height":740},{"@type":"BreadcrumbList","@id":"https:\/\/medicina.udd.cl\/centro-medicina-regenerativa\/noticias\/2014\/10\/16\/dra-conget-dicta-charlas-en-congresos-y-jornadas-cientificas\/#breadcrumb","itemListElement":[{"@type":"ListItem","position":1,"name":"Inicio","item":"https:\/\/medicina.udd.cl\/centro-medicina-regenerativa\/"},{"@type":"ListItem","position":2,"name":"Dra. Conget dicta charlas en congresos y jornadas cient\u00edficas"}]},{"@type":"WebSite","@id":"https:\/\/medicina.udd.cl\/centro-medicina-regenerativa\/#website","url":"https:\/\/medicina.udd.cl\/centro-medicina-regenerativa\/","name":"Centro de Medicina Regenerativa","description":"","inLanguage":"es"},{"@type":"Person","@id":"","url":"https:\/\/medicina.udd.cl\/centro-medicina-regenerativa\/noticias\/author\/"}]}},"featured_image_url":"https:\/\/medicina.udd.cl\/centro-medicina-regenerativa\/files\/2013\/07\/foto-Paulette-Conget.jpg","_links":{"self":[{"href":"https:\/\/medicina.udd.cl\/centro-medicina-regenerativa\/wp-json\/wp\/v2\/posts\/2047","targetHints":{"allow":["GET"]}}],"collection":[{"href":"https:\/\/medicina.udd.cl\/centro-medicina-regenerativa\/wp-json\/wp\/v2\/posts"}],"about":[{"href":"https:\/\/medicina.udd.cl\/centro-medicina-regenerativa\/wp-json\/wp\/v2\/types\/post"}],"author":[{"embeddable":true,"href":"https:\/\/medicina.udd.cl\/centro-medicina-regenerativa\/wp-json\/wp\/v2\/users\/42"}],"replies":[{"embeddable":true,"href":"https:\/\/medicina.udd.cl\/centro-medicina-regenerativa\/wp-json\/wp\/v2\/comments?post=2047"}],"version-history":[{"count":2,"href":"https:\/\/medicina.udd.cl\/centro-medicina-regenerativa\/wp-json\/wp\/v2\/posts\/2047\/revisions"}],"predecessor-version":[{"id":2050,"href":"https:\/\/medicina.udd.cl\/centro-medicina-regenerativa\/wp-json\/wp\/v2\/posts\/2047\/revisions\/2050"}],"wp:featuredmedia":[{"embeddable":true,"href":"https:\/\/medicina.udd.cl\/centro-medicina-regenerativa\/wp-json\/wp\/v2\/media\/1807"}],"wp:attachment":[{"href":"https:\/\/medicina.udd.cl\/centro-medicina-regenerativa\/wp-json\/wp\/v2\/media?parent=2047"}],"wp:term":[{"taxonomy":"category","embeddable":true,"href":"https:\/\/medicina.udd.cl\/centro-medicina-regenerativa\/wp-json\/wp\/v2\/categories?post=2047"},{"taxonomy":"post_tag","embeddable":true,"href":"https:\/\/medicina.udd.cl\/centro-medicina-regenerativa\/wp-json\/wp\/v2\/tags?post=2047"}],"curies":[{"name":"wp","href":"https:\/\/api.w.org\/{rel}","templated":true}]}}