{"id":2234,"date":"2015-11-20T15:44:12","date_gmt":"2015-11-20T18:44:12","guid":{"rendered":"http:\/\/medicina.udd.cl\/centro-medicina-regenerativa\/?p=2234"},"modified":"2015-11-23T09:18:23","modified_gmt":"2015-11-23T12:18:23","slug":"investigador-del-centro-de-medicina-regenerativa-participa-en-congreso-chileno-de-trasplante","status":"publish","type":"post","link":"https:\/\/medicina.udd.cl\/centro-medicina-regenerativa\/noticias\/2015\/11\/20\/investigador-del-centro-de-medicina-regenerativa-participa-en-congreso-chileno-de-trasplante\/","title":{"rendered":"Investigador del Centro de Medicina Regenerativa participa en Congreso Chileno de Trasplante"},"content":{"rendered":"<p style=\"text-align: justify;\"><strong><a href=\"http:\/\/medicina.udd.cl\/centro-medicina-regenerativa\/files\/2015\/11\/Fernando-Ezquer.jpg\"><img loading=\"lazy\" decoding=\"async\" class=\"size-medium wp-image-2243 alignleft\" alt=\"Fernando Ezquer\" src=\"http:\/\/medicina.udd.cl\/centro-medicina-regenerativa\/files\/2015\/11\/Fernando-Ezquer-263x300.jpg\" width=\"263\" height=\"300\" \/><\/a>En el marco del V Congreso Chileno de Trasplante, Fernando Ezquer, investigador del Centro de Medicina Regenerativa de la Facultad de Medicina CAS-UDD, realiz\u00f3 la charla \u201cTrasplante de c\u00e9lulas madre mesenquim\u00e1ticas en diabetes mellitus\u201d.<\/strong><\/p>\n<p style=\"text-align: justify;\">Este programa contempla un curso previo al congreso que, en esta oportunidad, recibi\u00f3 el nombre de \u201cTrasplante de C\u00e9lulas Madre\u201d, con el objetivo de familiarizar a los participantes y a los profesionales en la actividad del trasplante con esta tem\u00e1tica en particular.<\/p>\n<p style=\"text-align: justify;\">En este contexto, Ezquer fue invitado a presentar a los profesionales de salud asistentes al encuentro su trabajo con c\u00e9lulas madre mesenquim\u00e1ticas, espec\u00edficamente en la diabetes tipo 1, un estudio con animales a los cuales se les generaba una diabetes inmunol\u00f3gica, muy parecida a la que tienen los ni\u00f1os diab\u00e9ticos, a trav\u00e9s de un modelo que ya se encuentra estandarizado (aplicaci\u00f3n de una droga).<\/p>\n<p style=\"text-align: justify;\">Luego de eso y una vez que la enfermedad se produc\u00eda, \u201cadministramos una dosis de c\u00e9lulas troncales mesenquim\u00e1ticas, y vimos que los animales comenzaron a bajar sus niveles de glicemia y comienzan a generar el p\u00e1ncreas\u201d, explica el investigador.<\/p>\n<p style=\"text-align: justify;\">Esta parte pre cl\u00ednica muestra cu\u00e1les son los mecanismos que la c\u00e9lula va haciendo para lograr el efecto esperado y, a su vez, dio origen a la etapa cl\u00ednica del estudio, la cual se est\u00e1 llevando a cabo actualmente. \u201cContamos con 10 pacientes, de los cuales ocho ya han sido trasplantados\u201d, agrega.<\/p>\n<p style=\"text-align: justify;\">La evaluaci\u00f3n que realiza Fernando Ezquer sobre su participaci\u00f3n en el Congreso es positiva, \u201cpues les presentamos informaci\u00f3n que es ajena a ellos, por lo que les llama la atenci\u00f3n\u201d.<\/p>\n<p style=\"text-align: justify;\">A su vez, cuenta que estos profesionales se ven enfrentados en la actualidad a la inquietud por parte de los pacientes acerca del uso de las c\u00e9lulas madre. \u201cLas personas cada vez tienen m\u00e1s interrogantes y les est\u00e1n preguntando a ellos su opini\u00f3n, a quienes realizan los trasplantes, entonces \u00a0este din\u00e1mico formato de sesiones fue muy \u00fatil para que ellos aprendieran y llenaran un vac\u00edo\u201d, finaliza.<\/p>\n<p style=\"text-align: justify;\">\n","protected":false},"excerpt":{"rendered":"<p>Se trata de Fernando Ezquer, que realiz\u00f3 una charla enfocada en el trasplante de c\u00e9lulas madre mesenquim\u00e1ticas en el tratamiento de la diabetes mellitus.<\/p>\n","protected":false},"author":42,"featured_media":2243,"comment_status":"open","ping_status":"open","sticky":false,"template":"","format":"standard","meta":{"footnotes":""},"categories":[4],"tags":[],"class_list":["post-2234","post","type-post","status-publish","format-standard","has-post-thumbnail","hentry","category-noticias"],"yoast_head":"<!-- This site is optimized with the Yoast SEO plugin v26.9 - https:\/\/yoast.com\/product\/yoast-seo-wordpress\/ -->\n<title>Investigador del Centro de Medicina Regenerativa participa en Congreso Chileno de Trasplante<\/title>\n<meta name=\"description\" content=\"Se trata de Fernando Ezquer del Centro de Medicina Regenerativa de la Facultad de Medicina CAS-UDD, que realiz\u00f3 una charla enfocada en el trasplante de c\u00e9lulas madre mesenquim\u00e1ticas en el tratamiento de la diabetes mellitus.\" \/>\n<meta name=\"robots\" content=\"index, follow, max-snippet:-1, max-image-preview:large, max-video-preview:-1\" \/>\n<link rel=\"canonical\" href=\"https:\/\/medicina.udd.cl\/centro-medicina-regenerativa\/noticias\/2015\/11\/20\/investigador-del-centro-de-medicina-regenerativa-participa-en-congreso-chileno-de-trasplante\/\" \/>\n<meta property=\"og:locale\" content=\"es_ES\" \/>\n<meta property=\"og:type\" content=\"article\" \/>\n<meta property=\"og:title\" content=\"Investigador del Centro de Medicina Regenerativa participa en Congreso Chileno de Trasplante\" \/>\n<meta property=\"og:description\" content=\"Se trata de Fernando Ezquer del Centro de Medicina Regenerativa de la Facultad de Medicina CAS-UDD, que realiz\u00f3 una charla enfocada en el trasplante de c\u00e9lulas madre mesenquim\u00e1ticas en el tratamiento de la diabetes mellitus.\" \/>\n<meta property=\"og:url\" content=\"https:\/\/medicina.udd.cl\/centro-medicina-regenerativa\/noticias\/2015\/11\/20\/investigador-del-centro-de-medicina-regenerativa-participa-en-congreso-chileno-de-trasplante\/\" \/>\n<meta property=\"og:site_name\" content=\"Centro de Medicina Regenerativa\" \/>\n<meta property=\"article:published_time\" content=\"2015-11-20T18:44:12+00:00\" \/>\n<meta property=\"article:modified_time\" content=\"2015-11-23T12:18:23+00:00\" \/>\n<meta property=\"og:image\" content=\"https:\/\/medicina.udd.cl\/centro-medicina-regenerativa\/files\/2015\/11\/Fernando-Ezquer.jpg\" \/>\n\t<meta property=\"og:image:width\" content=\"644\" \/>\n\t<meta property=\"og:image:height\" content=\"732\" \/>\n\t<meta property=\"og:image:type\" content=\"image\/jpeg\" \/>\n<meta name=\"twitter:label1\" content=\"Escrito por\" \/>\n\t<meta name=\"twitter:data1\" content=\"\" \/>\n\t<meta name=\"twitter:label2\" content=\"Tiempo de lectura\" \/>\n\t<meta name=\"twitter:data2\" content=\"2 minutos\" \/>\n<script type=\"application\/ld+json\" class=\"yoast-schema-graph\">{\"@context\":\"https:\/\/schema.org\",\"@graph\":[{\"@type\":\"Article\",\"@id\":\"https:\/\/medicina.udd.cl\/centro-medicina-regenerativa\/noticias\/2015\/11\/20\/investigador-del-centro-de-medicina-regenerativa-participa-en-congreso-chileno-de-trasplante\/#article\",\"isPartOf\":{\"@id\":\"https:\/\/medicina.udd.cl\/centro-medicina-regenerativa\/noticias\/2015\/11\/20\/investigador-del-centro-de-medicina-regenerativa-participa-en-congreso-chileno-de-trasplante\/\"},\"author\":{\"name\":\"\",\"@id\":\"\"},\"headline\":\"Investigador del Centro de Medicina Regenerativa participa en Congreso Chileno de Trasplante\",\"datePublished\":\"2015-11-20T18:44:12+00:00\",\"dateModified\":\"2015-11-23T12:18:23+00:00\",\"mainEntityOfPage\":{\"@id\":\"https:\/\/medicina.udd.cl\/centro-medicina-regenerativa\/noticias\/2015\/11\/20\/investigador-del-centro-de-medicina-regenerativa-participa-en-congreso-chileno-de-trasplante\/\"},\"wordCount\":367,\"commentCount\":0,\"image\":{\"@id\":\"https:\/\/medicina.udd.cl\/centro-medicina-regenerativa\/noticias\/2015\/11\/20\/investigador-del-centro-de-medicina-regenerativa-participa-en-congreso-chileno-de-trasplante\/#primaryimage\"},\"thumbnailUrl\":\"https:\/\/medicina.udd.cl\/centro-medicina-regenerativa\/files\/2015\/11\/Fernando-Ezquer.jpg\",\"articleSection\":[\"Noticias\"],\"inLanguage\":\"es\",\"potentialAction\":[{\"@type\":\"CommentAction\",\"name\":\"Comment\",\"target\":[\"https:\/\/medicina.udd.cl\/centro-medicina-regenerativa\/noticias\/2015\/11\/20\/investigador-del-centro-de-medicina-regenerativa-participa-en-congreso-chileno-de-trasplante\/#respond\"]}]},{\"@type\":\"WebPage\",\"@id\":\"https:\/\/medicina.udd.cl\/centro-medicina-regenerativa\/noticias\/2015\/11\/20\/investigador-del-centro-de-medicina-regenerativa-participa-en-congreso-chileno-de-trasplante\/\",\"url\":\"https:\/\/medicina.udd.cl\/centro-medicina-regenerativa\/noticias\/2015\/11\/20\/investigador-del-centro-de-medicina-regenerativa-participa-en-congreso-chileno-de-trasplante\/\",\"name\":\"Investigador del Centro de Medicina Regenerativa participa en Congreso Chileno de Trasplante\",\"isPartOf\":{\"@id\":\"https:\/\/medicina.udd.cl\/centro-medicina-regenerativa\/#website\"},\"primaryImageOfPage\":{\"@id\":\"https:\/\/medicina.udd.cl\/centro-medicina-regenerativa\/noticias\/2015\/11\/20\/investigador-del-centro-de-medicina-regenerativa-participa-en-congreso-chileno-de-trasplante\/#primaryimage\"},\"image\":{\"@id\":\"https:\/\/medicina.udd.cl\/centro-medicina-regenerativa\/noticias\/2015\/11\/20\/investigador-del-centro-de-medicina-regenerativa-participa-en-congreso-chileno-de-trasplante\/#primaryimage\"},\"thumbnailUrl\":\"https:\/\/medicina.udd.cl\/centro-medicina-regenerativa\/files\/2015\/11\/Fernando-Ezquer.jpg\",\"datePublished\":\"2015-11-20T18:44:12+00:00\",\"dateModified\":\"2015-11-23T12:18:23+00:00\",\"author\":{\"@id\":\"\"},\"description\":\"Se trata de Fernando Ezquer del Centro de Medicina Regenerativa de la Facultad de Medicina CAS-UDD, que realiz\u00f3 una charla enfocada en el trasplante de c\u00e9lulas madre mesenquim\u00e1ticas en el tratamiento de la diabetes mellitus.\",\"breadcrumb\":{\"@id\":\"https:\/\/medicina.udd.cl\/centro-medicina-regenerativa\/noticias\/2015\/11\/20\/investigador-del-centro-de-medicina-regenerativa-participa-en-congreso-chileno-de-trasplante\/#breadcrumb\"},\"inLanguage\":\"es\",\"potentialAction\":[{\"@type\":\"ReadAction\",\"target\":[\"https:\/\/medicina.udd.cl\/centro-medicina-regenerativa\/noticias\/2015\/11\/20\/investigador-del-centro-de-medicina-regenerativa-participa-en-congreso-chileno-de-trasplante\/\"]}]},{\"@type\":\"ImageObject\",\"inLanguage\":\"es\",\"@id\":\"https:\/\/medicina.udd.cl\/centro-medicina-regenerativa\/noticias\/2015\/11\/20\/investigador-del-centro-de-medicina-regenerativa-participa-en-congreso-chileno-de-trasplante\/#primaryimage\",\"url\":\"https:\/\/medicina.udd.cl\/centro-medicina-regenerativa\/files\/2015\/11\/Fernando-Ezquer.jpg\",\"contentUrl\":\"https:\/\/medicina.udd.cl\/centro-medicina-regenerativa\/files\/2015\/11\/Fernando-Ezquer.jpg\",\"width\":644,\"height\":732},{\"@type\":\"BreadcrumbList\",\"@id\":\"https:\/\/medicina.udd.cl\/centro-medicina-regenerativa\/noticias\/2015\/11\/20\/investigador-del-centro-de-medicina-regenerativa-participa-en-congreso-chileno-de-trasplante\/#breadcrumb\",\"itemListElement\":[{\"@type\":\"ListItem\",\"position\":1,\"name\":\"Inicio\",\"item\":\"https:\/\/medicina.udd.cl\/centro-medicina-regenerativa\/\"},{\"@type\":\"ListItem\",\"position\":2,\"name\":\"Investigador del Centro de Medicina Regenerativa participa en Congreso Chileno de Trasplante\"}]},{\"@type\":\"WebSite\",\"@id\":\"https:\/\/medicina.udd.cl\/centro-medicina-regenerativa\/#website\",\"url\":\"https:\/\/medicina.udd.cl\/centro-medicina-regenerativa\/\",\"name\":\"Centro de Medicina Regenerativa\",\"description\":\"\",\"inLanguage\":\"es\"},{\"@type\":\"Person\",\"@id\":\"\",\"url\":\"https:\/\/medicina.udd.cl\/centro-medicina-regenerativa\/noticias\/author\/\"}]}<\/script>\n<!-- \/ Yoast SEO plugin. -->","yoast_head_json":{"title":"Investigador del Centro de Medicina Regenerativa participa en Congreso Chileno de Trasplante","description":"Se trata de Fernando Ezquer del Centro de Medicina Regenerativa de la Facultad de Medicina CAS-UDD, que realiz\u00f3 una charla enfocada en el trasplante de c\u00e9lulas madre mesenquim\u00e1ticas en el tratamiento de la diabetes mellitus.","robots":{"index":"index","follow":"follow","max-snippet":"max-snippet:-1","max-image-preview":"max-image-preview:large","max-video-preview":"max-video-preview:-1"},"canonical":"https:\/\/medicina.udd.cl\/centro-medicina-regenerativa\/noticias\/2015\/11\/20\/investigador-del-centro-de-medicina-regenerativa-participa-en-congreso-chileno-de-trasplante\/","og_locale":"es_ES","og_type":"article","og_title":"Investigador del Centro de Medicina Regenerativa participa en Congreso Chileno de Trasplante","og_description":"Se trata de Fernando Ezquer del Centro de Medicina Regenerativa de la Facultad de Medicina CAS-UDD, que realiz\u00f3 una charla enfocada en el trasplante de c\u00e9lulas madre mesenquim\u00e1ticas en el tratamiento de la diabetes mellitus.","og_url":"https:\/\/medicina.udd.cl\/centro-medicina-regenerativa\/noticias\/2015\/11\/20\/investigador-del-centro-de-medicina-regenerativa-participa-en-congreso-chileno-de-trasplante\/","og_site_name":"Centro de Medicina Regenerativa","article_published_time":"2015-11-20T18:44:12+00:00","article_modified_time":"2015-11-23T12:18:23+00:00","og_image":[{"width":644,"height":732,"url":"https:\/\/medicina.udd.cl\/centro-medicina-regenerativa\/files\/2015\/11\/Fernando-Ezquer.jpg","type":"image\/jpeg"}],"twitter_misc":{"Escrito por":"","Tiempo de lectura":"2 minutos"},"schema":{"@context":"https:\/\/schema.org","@graph":[{"@type":"Article","@id":"https:\/\/medicina.udd.cl\/centro-medicina-regenerativa\/noticias\/2015\/11\/20\/investigador-del-centro-de-medicina-regenerativa-participa-en-congreso-chileno-de-trasplante\/#article","isPartOf":{"@id":"https:\/\/medicina.udd.cl\/centro-medicina-regenerativa\/noticias\/2015\/11\/20\/investigador-del-centro-de-medicina-regenerativa-participa-en-congreso-chileno-de-trasplante\/"},"author":{"name":"","@id":""},"headline":"Investigador del Centro de Medicina Regenerativa participa en Congreso Chileno de Trasplante","datePublished":"2015-11-20T18:44:12+00:00","dateModified":"2015-11-23T12:18:23+00:00","mainEntityOfPage":{"@id":"https:\/\/medicina.udd.cl\/centro-medicina-regenerativa\/noticias\/2015\/11\/20\/investigador-del-centro-de-medicina-regenerativa-participa-en-congreso-chileno-de-trasplante\/"},"wordCount":367,"commentCount":0,"image":{"@id":"https:\/\/medicina.udd.cl\/centro-medicina-regenerativa\/noticias\/2015\/11\/20\/investigador-del-centro-de-medicina-regenerativa-participa-en-congreso-chileno-de-trasplante\/#primaryimage"},"thumbnailUrl":"https:\/\/medicina.udd.cl\/centro-medicina-regenerativa\/files\/2015\/11\/Fernando-Ezquer.jpg","articleSection":["Noticias"],"inLanguage":"es","potentialAction":[{"@type":"CommentAction","name":"Comment","target":["https:\/\/medicina.udd.cl\/centro-medicina-regenerativa\/noticias\/2015\/11\/20\/investigador-del-centro-de-medicina-regenerativa-participa-en-congreso-chileno-de-trasplante\/#respond"]}]},{"@type":"WebPage","@id":"https:\/\/medicina.udd.cl\/centro-medicina-regenerativa\/noticias\/2015\/11\/20\/investigador-del-centro-de-medicina-regenerativa-participa-en-congreso-chileno-de-trasplante\/","url":"https:\/\/medicina.udd.cl\/centro-medicina-regenerativa\/noticias\/2015\/11\/20\/investigador-del-centro-de-medicina-regenerativa-participa-en-congreso-chileno-de-trasplante\/","name":"Investigador del Centro de Medicina Regenerativa participa en Congreso Chileno de Trasplante","isPartOf":{"@id":"https:\/\/medicina.udd.cl\/centro-medicina-regenerativa\/#website"},"primaryImageOfPage":{"@id":"https:\/\/medicina.udd.cl\/centro-medicina-regenerativa\/noticias\/2015\/11\/20\/investigador-del-centro-de-medicina-regenerativa-participa-en-congreso-chileno-de-trasplante\/#primaryimage"},"image":{"@id":"https:\/\/medicina.udd.cl\/centro-medicina-regenerativa\/noticias\/2015\/11\/20\/investigador-del-centro-de-medicina-regenerativa-participa-en-congreso-chileno-de-trasplante\/#primaryimage"},"thumbnailUrl":"https:\/\/medicina.udd.cl\/centro-medicina-regenerativa\/files\/2015\/11\/Fernando-Ezquer.jpg","datePublished":"2015-11-20T18:44:12+00:00","dateModified":"2015-11-23T12:18:23+00:00","author":{"@id":""},"description":"Se trata de Fernando Ezquer del Centro de Medicina Regenerativa de la Facultad de Medicina CAS-UDD, que realiz\u00f3 una charla enfocada en el trasplante de c\u00e9lulas madre mesenquim\u00e1ticas en el tratamiento de la diabetes mellitus.","breadcrumb":{"@id":"https:\/\/medicina.udd.cl\/centro-medicina-regenerativa\/noticias\/2015\/11\/20\/investigador-del-centro-de-medicina-regenerativa-participa-en-congreso-chileno-de-trasplante\/#breadcrumb"},"inLanguage":"es","potentialAction":[{"@type":"ReadAction","target":["https:\/\/medicina.udd.cl\/centro-medicina-regenerativa\/noticias\/2015\/11\/20\/investigador-del-centro-de-medicina-regenerativa-participa-en-congreso-chileno-de-trasplante\/"]}]},{"@type":"ImageObject","inLanguage":"es","@id":"https:\/\/medicina.udd.cl\/centro-medicina-regenerativa\/noticias\/2015\/11\/20\/investigador-del-centro-de-medicina-regenerativa-participa-en-congreso-chileno-de-trasplante\/#primaryimage","url":"https:\/\/medicina.udd.cl\/centro-medicina-regenerativa\/files\/2015\/11\/Fernando-Ezquer.jpg","contentUrl":"https:\/\/medicina.udd.cl\/centro-medicina-regenerativa\/files\/2015\/11\/Fernando-Ezquer.jpg","width":644,"height":732},{"@type":"BreadcrumbList","@id":"https:\/\/medicina.udd.cl\/centro-medicina-regenerativa\/noticias\/2015\/11\/20\/investigador-del-centro-de-medicina-regenerativa-participa-en-congreso-chileno-de-trasplante\/#breadcrumb","itemListElement":[{"@type":"ListItem","position":1,"name":"Inicio","item":"https:\/\/medicina.udd.cl\/centro-medicina-regenerativa\/"},{"@type":"ListItem","position":2,"name":"Investigador del Centro de Medicina Regenerativa participa en Congreso Chileno de Trasplante"}]},{"@type":"WebSite","@id":"https:\/\/medicina.udd.cl\/centro-medicina-regenerativa\/#website","url":"https:\/\/medicina.udd.cl\/centro-medicina-regenerativa\/","name":"Centro de Medicina Regenerativa","description":"","inLanguage":"es"},{"@type":"Person","@id":"","url":"https:\/\/medicina.udd.cl\/centro-medicina-regenerativa\/noticias\/author\/"}]}},"featured_image_url":"https:\/\/medicina.udd.cl\/centro-medicina-regenerativa\/files\/2015\/11\/Fernando-Ezquer.jpg","_links":{"self":[{"href":"https:\/\/medicina.udd.cl\/centro-medicina-regenerativa\/wp-json\/wp\/v2\/posts\/2234","targetHints":{"allow":["GET"]}}],"collection":[{"href":"https:\/\/medicina.udd.cl\/centro-medicina-regenerativa\/wp-json\/wp\/v2\/posts"}],"about":[{"href":"https:\/\/medicina.udd.cl\/centro-medicina-regenerativa\/wp-json\/wp\/v2\/types\/post"}],"author":[{"embeddable":true,"href":"https:\/\/medicina.udd.cl\/centro-medicina-regenerativa\/wp-json\/wp\/v2\/users\/42"}],"replies":[{"embeddable":true,"href":"https:\/\/medicina.udd.cl\/centro-medicina-regenerativa\/wp-json\/wp\/v2\/comments?post=2234"}],"version-history":[{"count":11,"href":"https:\/\/medicina.udd.cl\/centro-medicina-regenerativa\/wp-json\/wp\/v2\/posts\/2234\/revisions"}],"predecessor-version":[{"id":2242,"href":"https:\/\/medicina.udd.cl\/centro-medicina-regenerativa\/wp-json\/wp\/v2\/posts\/2234\/revisions\/2242"}],"wp:featuredmedia":[{"embeddable":true,"href":"https:\/\/medicina.udd.cl\/centro-medicina-regenerativa\/wp-json\/wp\/v2\/media\/2243"}],"wp:attachment":[{"href":"https:\/\/medicina.udd.cl\/centro-medicina-regenerativa\/wp-json\/wp\/v2\/media?parent=2234"}],"wp:term":[{"taxonomy":"category","embeddable":true,"href":"https:\/\/medicina.udd.cl\/centro-medicina-regenerativa\/wp-json\/wp\/v2\/categories?post=2234"},{"taxonomy":"post_tag","embeddable":true,"href":"https:\/\/medicina.udd.cl\/centro-medicina-regenerativa\/wp-json\/wp\/v2\/tags?post=2234"}],"curies":[{"name":"wp","href":"https:\/\/api.w.org\/{rel}","templated":true}]}}