{"id":2573,"date":"2017-10-02T12:18:52","date_gmt":"2017-10-02T15:18:52","guid":{"rendered":"http:\/\/medicina.udd.cl\/centro-medicina-regenerativa\/?p=2573"},"modified":"2017-10-02T13:19:35","modified_gmt":"2017-10-02T16:19:35","slug":"2573","status":"publish","type":"post","link":"https:\/\/medicina.udd.cl\/centro-medicina-regenerativa\/noticias\/2017\/10\/02\/2573\/","title":{"rendered":"Investigador del Centro de Medicina Regenerativa expuso en congreso argentino de investigaci\u00f3n en neurociencias"},"content":{"rendered":"<p style=\"text-align: justify;\"><strong>Fernando Ezquer, subdirector del Centro de Medicina Regenerativa del <a href=\"http:\/\/medicina.udd.cl\/icim\/\">Instituto de Ciencias e Innovaci\u00f3n en Medicina (ICIM)<\/a>, particip\u00f3 en el XXXII Congreso Anual de la Sociedad Argentina de Investigaci\u00f3n en Neurociencias, realizado entre el 25 y 27 de septiembre en Mar del Plata.<\/strong><\/p>\n<p style=\"text-align: justify;\">En la ocasi\u00f3n, el acad\u00e9mico de la Universidad del Desarrollo realiz\u00f3 la charla oral \u201cAdministraci\u00f3n intra-cerebral e intravenosa de c\u00e9lulas madre inhiben el consumo cr\u00f3nico de alcohol y previenen la reca\u00edda en ratas alcoh\u00f3licas\u201d, resultado del trabajo realizado junto a investigadores del Instituto de Ciencias Biom\u00e9dicas de la Universidad de Chile.<\/p>\n<p style=\"text-align: justify;\">Este estudio \u2013 liderado por Fernando Ezquer y el profesor Yedy Isarel, de la Universidad de Chile\u2013 \u00a0analiza los efectos de administrar c\u00e9lulas madre a ratas alcoholizadas \u201cen rehabilitaci\u00f3n\u201d y nuevamente presentadas a soluciones de alcohol. En estos experimentos, los especialistas evidenciaron que las c\u00e9lulas madre administradas intra-cerebralmente redujeron el consumo de alcohol en 60 minutos hasta un 80-85%, efecto que se mantuvo al menos por 40 d\u00edas, tan s\u00f3lo despu\u00e9s de una inyecci\u00f3n de c\u00e9lulas madre. Es decir, los animales redujeron su consumo, comport\u00e1ndose como \u201cbebedores sociales\u201d.<\/p>\n<p style=\"text-align: justify;\">Ambos investigadores se\u00f1alaron que hay muchas etapas necesarias antes de llevar los estudios a la cl\u00ednica. Por esta raz\u00f3n, hoy se concentran en activar la capacidad antinflamatoria de estas c\u00e9lulas madre en el tubo de ensayo antes de administrarlas, por v\u00eda intravenosa e intracerebral, a los animales en rehabilitaci\u00f3n luego de un consumo extremo.<\/p>\n<p style=\"text-align: justify;\">Cabe destacar que estos hallazgos se enmarcan en estudios desarrollados con financiamiento de Fondecyt y Conicyt. Adem\u00e1s, los primeros antecedentes fueron publicados en septiembre por Oxford University Press, siendo el primer reporte en la literatura en demostrar que una adicci\u00f3n puede ser tratada con el uso de c\u00e9lulas madre.<\/p>\n<p style=\"text-align: justify;\">\n","protected":false},"excerpt":{"rendered":"<p>Fernando Ezquer present\u00f3 la charla \u201cAdministraci\u00f3n intra-cerebral e intravenosa de c\u00e9lulas madre inhiben el consumo cr\u00f3nico de alcohol y previenen la reca\u00edda en ratas alcoh\u00f3licas\u201d, en un encuentro realizado en Mar del Plata entre el 25 y 27 de septiembre.<\/p>\n","protected":false},"author":42,"featured_media":2297,"comment_status":"open","ping_status":"open","sticky":false,"template":"","format":"standard","meta":{"footnotes":""},"categories":[4],"tags":[],"class_list":["post-2573","post","type-post","status-publish","format-standard","has-post-thumbnail","hentry","category-noticias"],"yoast_head":"<!-- This site is optimized with the Yoast SEO plugin v26.9 - https:\/\/yoast.com\/product\/yoast-seo-wordpress\/ -->\n<title>Investigador del Centro de Medicina Regenerativa expuso en congreso argentino de investigaci\u00f3n en neurociencias - Centro de Medicina Regenerativa<\/title>\n<meta name=\"robots\" content=\"index, follow, max-snippet:-1, max-image-preview:large, max-video-preview:-1\" \/>\n<link rel=\"canonical\" href=\"https:\/\/medicina.udd.cl\/centro-medicina-regenerativa\/noticias\/2017\/10\/02\/2573\/\" \/>\n<meta property=\"og:locale\" content=\"es_ES\" \/>\n<meta property=\"og:type\" content=\"article\" \/>\n<meta property=\"og:title\" content=\"Investigador del Centro de Medicina Regenerativa expuso en congreso argentino de investigaci\u00f3n en neurociencias - Centro de Medicina Regenerativa\" \/>\n<meta property=\"og:description\" content=\"Fernando Ezquer present\u00f3 la charla \u201cAdministraci\u00f3n intra-cerebral e intravenosa de c\u00e9lulas madre inhiben el consumo cr\u00f3nico de alcohol y previenen la reca\u00edda en ratas alcoh\u00f3licas\u201d, en un encuentro realizado en Mar del Plata entre el 25 y 27 de septiembre.\" \/>\n<meta property=\"og:url\" content=\"https:\/\/medicina.udd.cl\/centro-medicina-regenerativa\/noticias\/2017\/10\/02\/2573\/\" \/>\n<meta property=\"og:site_name\" content=\"Centro de Medicina Regenerativa\" \/>\n<meta property=\"article:published_time\" content=\"2017-10-02T15:18:52+00:00\" \/>\n<meta property=\"article:modified_time\" content=\"2017-10-02T16:19:35+00:00\" \/>\n<meta property=\"og:image\" content=\"https:\/\/medicina.udd.cl\/centro-medicina-regenerativa\/files\/2016\/04\/Fernando-Ezquer-1024x669.jpg\" \/>\n\t<meta property=\"og:image:width\" content=\"1024\" \/>\n\t<meta property=\"og:image:height\" content=\"669\" \/>\n\t<meta property=\"og:image:type\" content=\"image\/jpeg\" \/>\n<meta name=\"twitter:label1\" content=\"Escrito por\" \/>\n\t<meta name=\"twitter:data1\" content=\"\" \/>\n\t<meta name=\"twitter:label2\" content=\"Tiempo de lectura\" \/>\n\t<meta name=\"twitter:data2\" content=\"2 minutos\" \/>\n<script type=\"application\/ld+json\" class=\"yoast-schema-graph\">{\"@context\":\"https:\/\/schema.org\",\"@graph\":[{\"@type\":\"Article\",\"@id\":\"https:\/\/medicina.udd.cl\/centro-medicina-regenerativa\/noticias\/2017\/10\/02\/2573\/#article\",\"isPartOf\":{\"@id\":\"https:\/\/medicina.udd.cl\/centro-medicina-regenerativa\/noticias\/2017\/10\/02\/2573\/\"},\"author\":{\"name\":\"\",\"@id\":\"\"},\"headline\":\"Investigador del Centro de Medicina Regenerativa expuso en congreso argentino de investigaci\u00f3n en neurociencias\",\"datePublished\":\"2017-10-02T15:18:52+00:00\",\"dateModified\":\"2017-10-02T16:19:35+00:00\",\"mainEntityOfPage\":{\"@id\":\"https:\/\/medicina.udd.cl\/centro-medicina-regenerativa\/noticias\/2017\/10\/02\/2573\/\"},\"wordCount\":323,\"commentCount\":0,\"image\":{\"@id\":\"https:\/\/medicina.udd.cl\/centro-medicina-regenerativa\/noticias\/2017\/10\/02\/2573\/#primaryimage\"},\"thumbnailUrl\":\"https:\/\/medicina.udd.cl\/centro-medicina-regenerativa\/files\/2016\/04\/Fernando-Ezquer.jpg\",\"articleSection\":[\"Noticias\"],\"inLanguage\":\"es\",\"potentialAction\":[{\"@type\":\"CommentAction\",\"name\":\"Comment\",\"target\":[\"https:\/\/medicina.udd.cl\/centro-medicina-regenerativa\/noticias\/2017\/10\/02\/2573\/#respond\"]}]},{\"@type\":\"WebPage\",\"@id\":\"https:\/\/medicina.udd.cl\/centro-medicina-regenerativa\/noticias\/2017\/10\/02\/2573\/\",\"url\":\"https:\/\/medicina.udd.cl\/centro-medicina-regenerativa\/noticias\/2017\/10\/02\/2573\/\",\"name\":\"Investigador del Centro de Medicina Regenerativa expuso en congreso argentino de investigaci\u00f3n en neurociencias - Centro de Medicina Regenerativa\",\"isPartOf\":{\"@id\":\"https:\/\/medicina.udd.cl\/centro-medicina-regenerativa\/#website\"},\"primaryImageOfPage\":{\"@id\":\"https:\/\/medicina.udd.cl\/centro-medicina-regenerativa\/noticias\/2017\/10\/02\/2573\/#primaryimage\"},\"image\":{\"@id\":\"https:\/\/medicina.udd.cl\/centro-medicina-regenerativa\/noticias\/2017\/10\/02\/2573\/#primaryimage\"},\"thumbnailUrl\":\"https:\/\/medicina.udd.cl\/centro-medicina-regenerativa\/files\/2016\/04\/Fernando-Ezquer.jpg\",\"datePublished\":\"2017-10-02T15:18:52+00:00\",\"dateModified\":\"2017-10-02T16:19:35+00:00\",\"author\":{\"@id\":\"\"},\"breadcrumb\":{\"@id\":\"https:\/\/medicina.udd.cl\/centro-medicina-regenerativa\/noticias\/2017\/10\/02\/2573\/#breadcrumb\"},\"inLanguage\":\"es\",\"potentialAction\":[{\"@type\":\"ReadAction\",\"target\":[\"https:\/\/medicina.udd.cl\/centro-medicina-regenerativa\/noticias\/2017\/10\/02\/2573\/\"]}]},{\"@type\":\"ImageObject\",\"inLanguage\":\"es\",\"@id\":\"https:\/\/medicina.udd.cl\/centro-medicina-regenerativa\/noticias\/2017\/10\/02\/2573\/#primaryimage\",\"url\":\"https:\/\/medicina.udd.cl\/centro-medicina-regenerativa\/files\/2016\/04\/Fernando-Ezquer.jpg\",\"contentUrl\":\"https:\/\/medicina.udd.cl\/centro-medicina-regenerativa\/files\/2016\/04\/Fernando-Ezquer.jpg\",\"width\":4845,\"height\":3163},{\"@type\":\"BreadcrumbList\",\"@id\":\"https:\/\/medicina.udd.cl\/centro-medicina-regenerativa\/noticias\/2017\/10\/02\/2573\/#breadcrumb\",\"itemListElement\":[{\"@type\":\"ListItem\",\"position\":1,\"name\":\"Inicio\",\"item\":\"https:\/\/medicina.udd.cl\/centro-medicina-regenerativa\/\"},{\"@type\":\"ListItem\",\"position\":2,\"name\":\"Investigador del Centro de Medicina Regenerativa expuso en congreso argentino de investigaci\u00f3n en neurociencias\"}]},{\"@type\":\"WebSite\",\"@id\":\"https:\/\/medicina.udd.cl\/centro-medicina-regenerativa\/#website\",\"url\":\"https:\/\/medicina.udd.cl\/centro-medicina-regenerativa\/\",\"name\":\"Centro de Medicina Regenerativa\",\"description\":\"\",\"inLanguage\":\"es\"},{\"@type\":\"Person\",\"@id\":\"\",\"url\":\"https:\/\/medicina.udd.cl\/centro-medicina-regenerativa\/noticias\/author\/\"}]}<\/script>\n<!-- \/ Yoast SEO plugin. -->","yoast_head_json":{"title":"Investigador del Centro de Medicina Regenerativa expuso en congreso argentino de investigaci\u00f3n en neurociencias - Centro de Medicina Regenerativa","robots":{"index":"index","follow":"follow","max-snippet":"max-snippet:-1","max-image-preview":"max-image-preview:large","max-video-preview":"max-video-preview:-1"},"canonical":"https:\/\/medicina.udd.cl\/centro-medicina-regenerativa\/noticias\/2017\/10\/02\/2573\/","og_locale":"es_ES","og_type":"article","og_title":"Investigador del Centro de Medicina Regenerativa expuso en congreso argentino de investigaci\u00f3n en neurociencias - Centro de Medicina Regenerativa","og_description":"Fernando Ezquer present\u00f3 la charla \u201cAdministraci\u00f3n intra-cerebral e intravenosa de c\u00e9lulas madre inhiben el consumo cr\u00f3nico de alcohol y previenen la reca\u00edda en ratas alcoh\u00f3licas\u201d, en un encuentro realizado en Mar del Plata entre el 25 y 27 de septiembre.","og_url":"https:\/\/medicina.udd.cl\/centro-medicina-regenerativa\/noticias\/2017\/10\/02\/2573\/","og_site_name":"Centro de Medicina Regenerativa","article_published_time":"2017-10-02T15:18:52+00:00","article_modified_time":"2017-10-02T16:19:35+00:00","og_image":[{"width":1024,"height":669,"url":"https:\/\/medicina.udd.cl\/centro-medicina-regenerativa\/files\/2016\/04\/Fernando-Ezquer-1024x669.jpg","type":"image\/jpeg"}],"twitter_misc":{"Escrito por":"","Tiempo de lectura":"2 minutos"},"schema":{"@context":"https:\/\/schema.org","@graph":[{"@type":"Article","@id":"https:\/\/medicina.udd.cl\/centro-medicina-regenerativa\/noticias\/2017\/10\/02\/2573\/#article","isPartOf":{"@id":"https:\/\/medicina.udd.cl\/centro-medicina-regenerativa\/noticias\/2017\/10\/02\/2573\/"},"author":{"name":"","@id":""},"headline":"Investigador del Centro de Medicina Regenerativa expuso en congreso argentino de investigaci\u00f3n en neurociencias","datePublished":"2017-10-02T15:18:52+00:00","dateModified":"2017-10-02T16:19:35+00:00","mainEntityOfPage":{"@id":"https:\/\/medicina.udd.cl\/centro-medicina-regenerativa\/noticias\/2017\/10\/02\/2573\/"},"wordCount":323,"commentCount":0,"image":{"@id":"https:\/\/medicina.udd.cl\/centro-medicina-regenerativa\/noticias\/2017\/10\/02\/2573\/#primaryimage"},"thumbnailUrl":"https:\/\/medicina.udd.cl\/centro-medicina-regenerativa\/files\/2016\/04\/Fernando-Ezquer.jpg","articleSection":["Noticias"],"inLanguage":"es","potentialAction":[{"@type":"CommentAction","name":"Comment","target":["https:\/\/medicina.udd.cl\/centro-medicina-regenerativa\/noticias\/2017\/10\/02\/2573\/#respond"]}]},{"@type":"WebPage","@id":"https:\/\/medicina.udd.cl\/centro-medicina-regenerativa\/noticias\/2017\/10\/02\/2573\/","url":"https:\/\/medicina.udd.cl\/centro-medicina-regenerativa\/noticias\/2017\/10\/02\/2573\/","name":"Investigador del Centro de Medicina Regenerativa expuso en congreso argentino de investigaci\u00f3n en neurociencias - Centro de Medicina Regenerativa","isPartOf":{"@id":"https:\/\/medicina.udd.cl\/centro-medicina-regenerativa\/#website"},"primaryImageOfPage":{"@id":"https:\/\/medicina.udd.cl\/centro-medicina-regenerativa\/noticias\/2017\/10\/02\/2573\/#primaryimage"},"image":{"@id":"https:\/\/medicina.udd.cl\/centro-medicina-regenerativa\/noticias\/2017\/10\/02\/2573\/#primaryimage"},"thumbnailUrl":"https:\/\/medicina.udd.cl\/centro-medicina-regenerativa\/files\/2016\/04\/Fernando-Ezquer.jpg","datePublished":"2017-10-02T15:18:52+00:00","dateModified":"2017-10-02T16:19:35+00:00","author":{"@id":""},"breadcrumb":{"@id":"https:\/\/medicina.udd.cl\/centro-medicina-regenerativa\/noticias\/2017\/10\/02\/2573\/#breadcrumb"},"inLanguage":"es","potentialAction":[{"@type":"ReadAction","target":["https:\/\/medicina.udd.cl\/centro-medicina-regenerativa\/noticias\/2017\/10\/02\/2573\/"]}]},{"@type":"ImageObject","inLanguage":"es","@id":"https:\/\/medicina.udd.cl\/centro-medicina-regenerativa\/noticias\/2017\/10\/02\/2573\/#primaryimage","url":"https:\/\/medicina.udd.cl\/centro-medicina-regenerativa\/files\/2016\/04\/Fernando-Ezquer.jpg","contentUrl":"https:\/\/medicina.udd.cl\/centro-medicina-regenerativa\/files\/2016\/04\/Fernando-Ezquer.jpg","width":4845,"height":3163},{"@type":"BreadcrumbList","@id":"https:\/\/medicina.udd.cl\/centro-medicina-regenerativa\/noticias\/2017\/10\/02\/2573\/#breadcrumb","itemListElement":[{"@type":"ListItem","position":1,"name":"Inicio","item":"https:\/\/medicina.udd.cl\/centro-medicina-regenerativa\/"},{"@type":"ListItem","position":2,"name":"Investigador del Centro de Medicina Regenerativa expuso en congreso argentino de investigaci\u00f3n en neurociencias"}]},{"@type":"WebSite","@id":"https:\/\/medicina.udd.cl\/centro-medicina-regenerativa\/#website","url":"https:\/\/medicina.udd.cl\/centro-medicina-regenerativa\/","name":"Centro de Medicina Regenerativa","description":"","inLanguage":"es"},{"@type":"Person","@id":"","url":"https:\/\/medicina.udd.cl\/centro-medicina-regenerativa\/noticias\/author\/"}]}},"featured_image_url":"https:\/\/medicina.udd.cl\/centro-medicina-regenerativa\/files\/2016\/04\/Fernando-Ezquer.jpg","_links":{"self":[{"href":"https:\/\/medicina.udd.cl\/centro-medicina-regenerativa\/wp-json\/wp\/v2\/posts\/2573","targetHints":{"allow":["GET"]}}],"collection":[{"href":"https:\/\/medicina.udd.cl\/centro-medicina-regenerativa\/wp-json\/wp\/v2\/posts"}],"about":[{"href":"https:\/\/medicina.udd.cl\/centro-medicina-regenerativa\/wp-json\/wp\/v2\/types\/post"}],"author":[{"embeddable":true,"href":"https:\/\/medicina.udd.cl\/centro-medicina-regenerativa\/wp-json\/wp\/v2\/users\/42"}],"replies":[{"embeddable":true,"href":"https:\/\/medicina.udd.cl\/centro-medicina-regenerativa\/wp-json\/wp\/v2\/comments?post=2573"}],"version-history":[{"count":1,"href":"https:\/\/medicina.udd.cl\/centro-medicina-regenerativa\/wp-json\/wp\/v2\/posts\/2573\/revisions"}],"predecessor-version":[{"id":2574,"href":"https:\/\/medicina.udd.cl\/centro-medicina-regenerativa\/wp-json\/wp\/v2\/posts\/2573\/revisions\/2574"}],"wp:featuredmedia":[{"embeddable":true,"href":"https:\/\/medicina.udd.cl\/centro-medicina-regenerativa\/wp-json\/wp\/v2\/media\/2297"}],"wp:attachment":[{"href":"https:\/\/medicina.udd.cl\/centro-medicina-regenerativa\/wp-json\/wp\/v2\/media?parent=2573"}],"wp:term":[{"taxonomy":"category","embeddable":true,"href":"https:\/\/medicina.udd.cl\/centro-medicina-regenerativa\/wp-json\/wp\/v2\/categories?post=2573"},{"taxonomy":"post_tag","embeddable":true,"href":"https:\/\/medicina.udd.cl\/centro-medicina-regenerativa\/wp-json\/wp\/v2\/tags?post=2573"}],"curies":[{"name":"wp","href":"https:\/\/api.w.org\/{rel}","templated":true}]}}