{"id":2609,"date":"2018-01-18T12:26:23","date_gmt":"2018-01-18T15:26:23","guid":{"rendered":"http:\/\/medicina.udd.cl\/centro-medicina-regenerativa\/?p=2609"},"modified":"2018-01-18T12:30:45","modified_gmt":"2018-01-18T15:30:45","slug":"director-del-cmr-se-adjudico-fondos-del-concurso-interfacultades-udd","status":"publish","type":"post","link":"https:\/\/medicina.udd.cl\/centro-medicina-regenerativa\/noticias\/2018\/01\/18\/director-del-cmr-se-adjudico-fondos-del-concurso-interfacultades-udd\/","title":{"rendered":"Director del CMR se adjudic\u00f3 fondos del Concurso Interfacultades UDD"},"content":{"rendered":"<p style=\"text-align: justify;\">El Concurso Interfacultades de la Universidad del Desarrollo tiene por objetivo propiciar la colaboraci\u00f3n entre las distintas facultades para la elaboraci\u00f3n en conjunto de proyectos que se encuentren vinculados a tem\u00e1ticas prioritarias para la instituci\u00f3n.<\/p>\n<p style=\"text-align: justify;\">Los resultados de estas investigaciones se deben traducir en mayores conocimientos y publicaciones cient\u00edficas con alto impacto; la concreci\u00f3n de redes de colaboraci\u00f3n nacionales e internacionales; la formaci\u00f3n de cient\u00edficos j\u00f3venes en investigaci\u00f3n incorporando estudiantes de pregrado y postgrado como tesistas; la difusi\u00f3n de nuevos conocimientos cient\u00edficos; y realizaci\u00f3n de acciones de transferencia al medio externo.<\/p>\n<p style=\"text-align: justify;\">En este contexto, y en su versi\u00f3n 2018, tres acad\u00e9micos de la Facultad de Medicina Cl\u00ednica Alemana Universidad del Desarrollo se adjudicaron fondos de este concurso, para la ejecuci\u00f3n de proyectos de investigaci\u00f3n.<\/p>\n<p style=\"text-align: justify;\">Marcelo Ezquer, director del Centro de Medicina Regenerativa, y Alexandra Obach, investigadora del Programa de Estudios Sociales en Salud, ser\u00e1n los investigadores principales de estudios sobre el efecto de c\u00e9lulas madre en consumo cr\u00f3nico de alcohol y educaci\u00f3n sexual en adolescentes, respectivamente.<\/p>\n<p style=\"text-align: justify;\">\u201cEvaluaci\u00f3n del efecto terap\u00e9utico de la administraci\u00f3n endovenosa de c\u00e9lulas troncales mesenquim\u00e1ticas, sobre la recuperaci\u00f3n de la funci\u00f3n cognitiva en ratas sometidas al consumo cr\u00f3nico de alcohol\u201d, es el nombre del proyecto de Ezquer, que realizar\u00e1 en asociaci\u00f3n a la Facultad de Psicolog\u00eda, con el acad\u00e9mico Francisco Ceric.<\/p>\n<p style=\"text-align: justify;\">Por su parte, Obach llevar\u00e1 a cabo un \u201cEstudio etnogr\u00e1fico para la promoci\u00f3n de la salud sexual\/reproductiva y la prevenci\u00f3n del embarazo adolescente en Chile: identificando desaf\u00edos y proponiendo soluciones\u201d, junto a Mar\u00eda del Pilar Mery, de la Facultad de Educaci\u00f3n de la UDD.<\/p>\n<p style=\"text-align: justify;\">En tanto, la Dra. Dra. Luisa Schonhaut, participar\u00e1 como investigadora asociada en un proyecto de Ximena Pereira, de la Facultad de Psicolog\u00eda de la UDD, denominado \u201cValidez predictiva de las escalas Age &amp; Stages Questionnaires y el Bayley para la pesquisa de dificultades del aprendizaje en los primeros a\u00f1os de educaci\u00f3n escolar\u201d.<\/p>\n<p style=\"text-align: justify;\">Cabe destacar que fueron cuatro los proyectos seleccionados, de un total de 11 postulaciones, para recibir un financiamiento de 10 millones, durante un per\u00edodo de 18 meses.<\/p>\n","protected":false},"excerpt":{"rendered":"<p>\u201cEvaluaci\u00f3n del efecto terap\u00e9utico de la administraci\u00f3n endovenosa de c\u00e9lulas troncales mesenquim\u00e1ticas, sobre la recuperaci\u00f3n de la funci\u00f3n cognitiva en ratas sometidas al consumo cr\u00f3nico de alcohol\u201d, es el nombre del proyecto de Marcelo Ezquer, que realizar\u00e1 en asociaci\u00f3n a la Facultad de Psicolog\u00eda, con el acad\u00e9mico Francisco Ceric.<\/p>\n","protected":false},"author":42,"featured_media":2487,"comment_status":"open","ping_status":"open","sticky":false,"template":"","format":"standard","meta":{"footnotes":""},"categories":[4],"tags":[],"class_list":["post-2609","post","type-post","status-publish","format-standard","has-post-thumbnail","hentry","category-noticias"],"yoast_head":"<!-- This site is optimized with the Yoast SEO plugin v26.9 - https:\/\/yoast.com\/product\/yoast-seo-wordpress\/ -->\n<title>Director del CMR se adjudic\u00f3 fondos del Concurso Interfacultades UDD - Centro de Medicina Regenerativa<\/title>\n<meta name=\"robots\" content=\"index, follow, max-snippet:-1, max-image-preview:large, max-video-preview:-1\" \/>\n<link rel=\"canonical\" href=\"https:\/\/medicina.udd.cl\/centro-medicina-regenerativa\/noticias\/2018\/01\/18\/director-del-cmr-se-adjudico-fondos-del-concurso-interfacultades-udd\/\" \/>\n<meta property=\"og:locale\" content=\"es_ES\" \/>\n<meta property=\"og:type\" content=\"article\" \/>\n<meta property=\"og:title\" content=\"Director del CMR se adjudic\u00f3 fondos del Concurso Interfacultades UDD - Centro de Medicina Regenerativa\" \/>\n<meta property=\"og:description\" content=\"\u201cEvaluaci\u00f3n del efecto terap\u00e9utico de la administraci\u00f3n endovenosa de c\u00e9lulas troncales mesenquim\u00e1ticas, sobre la recuperaci\u00f3n de la funci\u00f3n cognitiva en ratas sometidas al consumo cr\u00f3nico de alcohol\u201d, es el nombre del proyecto de Marcelo Ezquer, que realizar\u00e1 en asociaci\u00f3n a la Facultad de Psicolog\u00eda, con el acad\u00e9mico Francisco Ceric.\" \/>\n<meta property=\"og:url\" content=\"https:\/\/medicina.udd.cl\/centro-medicina-regenerativa\/noticias\/2018\/01\/18\/director-del-cmr-se-adjudico-fondos-del-concurso-interfacultades-udd\/\" \/>\n<meta property=\"og:site_name\" content=\"Centro de Medicina Regenerativa\" \/>\n<meta property=\"article:published_time\" content=\"2018-01-18T15:26:23+00:00\" \/>\n<meta property=\"article:modified_time\" content=\"2018-01-18T15:30:45+00:00\" \/>\n<meta property=\"og:image\" content=\"https:\/\/medicina.udd.cl\/centro-medicina-regenerativa\/files\/2010\/06\/Infraestructura-y-laboratorios-2.jpg\" \/>\n\t<meta property=\"og:image:width\" content=\"675\" \/>\n\t<meta property=\"og:image:height\" content=\"450\" \/>\n\t<meta property=\"og:image:type\" content=\"image\/jpeg\" \/>\n<meta name=\"twitter:label1\" content=\"Escrito por\" \/>\n\t<meta name=\"twitter:data1\" content=\"\" \/>\n\t<meta name=\"twitter:label2\" content=\"Tiempo de lectura\" \/>\n\t<meta name=\"twitter:data2\" content=\"2 minutos\" \/>\n<script type=\"application\/ld+json\" class=\"yoast-schema-graph\">{\"@context\":\"https:\/\/schema.org\",\"@graph\":[{\"@type\":\"Article\",\"@id\":\"https:\/\/medicina.udd.cl\/centro-medicina-regenerativa\/noticias\/2018\/01\/18\/director-del-cmr-se-adjudico-fondos-del-concurso-interfacultades-udd\/#article\",\"isPartOf\":{\"@id\":\"https:\/\/medicina.udd.cl\/centro-medicina-regenerativa\/noticias\/2018\/01\/18\/director-del-cmr-se-adjudico-fondos-del-concurso-interfacultades-udd\/\"},\"author\":{\"name\":\"\",\"@id\":\"\"},\"headline\":\"Director del CMR se adjudic\u00f3 fondos del Concurso Interfacultades UDD\",\"datePublished\":\"2018-01-18T15:26:23+00:00\",\"dateModified\":\"2018-01-18T15:30:45+00:00\",\"mainEntityOfPage\":{\"@id\":\"https:\/\/medicina.udd.cl\/centro-medicina-regenerativa\/noticias\/2018\/01\/18\/director-del-cmr-se-adjudico-fondos-del-concurso-interfacultades-udd\/\"},\"wordCount\":388,\"commentCount\":0,\"image\":{\"@id\":\"https:\/\/medicina.udd.cl\/centro-medicina-regenerativa\/noticias\/2018\/01\/18\/director-del-cmr-se-adjudico-fondos-del-concurso-interfacultades-udd\/#primaryimage\"},\"thumbnailUrl\":\"https:\/\/medicina.udd.cl\/centro-medicina-regenerativa\/files\/2010\/06\/Infraestructura-y-laboratorios-2.jpg\",\"articleSection\":[\"Noticias\"],\"inLanguage\":\"es\",\"potentialAction\":[{\"@type\":\"CommentAction\",\"name\":\"Comment\",\"target\":[\"https:\/\/medicina.udd.cl\/centro-medicina-regenerativa\/noticias\/2018\/01\/18\/director-del-cmr-se-adjudico-fondos-del-concurso-interfacultades-udd\/#respond\"]}]},{\"@type\":\"WebPage\",\"@id\":\"https:\/\/medicina.udd.cl\/centro-medicina-regenerativa\/noticias\/2018\/01\/18\/director-del-cmr-se-adjudico-fondos-del-concurso-interfacultades-udd\/\",\"url\":\"https:\/\/medicina.udd.cl\/centro-medicina-regenerativa\/noticias\/2018\/01\/18\/director-del-cmr-se-adjudico-fondos-del-concurso-interfacultades-udd\/\",\"name\":\"Director del CMR se adjudic\u00f3 fondos del Concurso Interfacultades UDD - Centro de Medicina Regenerativa\",\"isPartOf\":{\"@id\":\"https:\/\/medicina.udd.cl\/centro-medicina-regenerativa\/#website\"},\"primaryImageOfPage\":{\"@id\":\"https:\/\/medicina.udd.cl\/centro-medicina-regenerativa\/noticias\/2018\/01\/18\/director-del-cmr-se-adjudico-fondos-del-concurso-interfacultades-udd\/#primaryimage\"},\"image\":{\"@id\":\"https:\/\/medicina.udd.cl\/centro-medicina-regenerativa\/noticias\/2018\/01\/18\/director-del-cmr-se-adjudico-fondos-del-concurso-interfacultades-udd\/#primaryimage\"},\"thumbnailUrl\":\"https:\/\/medicina.udd.cl\/centro-medicina-regenerativa\/files\/2010\/06\/Infraestructura-y-laboratorios-2.jpg\",\"datePublished\":\"2018-01-18T15:26:23+00:00\",\"dateModified\":\"2018-01-18T15:30:45+00:00\",\"author\":{\"@id\":\"\"},\"breadcrumb\":{\"@id\":\"https:\/\/medicina.udd.cl\/centro-medicina-regenerativa\/noticias\/2018\/01\/18\/director-del-cmr-se-adjudico-fondos-del-concurso-interfacultades-udd\/#breadcrumb\"},\"inLanguage\":\"es\",\"potentialAction\":[{\"@type\":\"ReadAction\",\"target\":[\"https:\/\/medicina.udd.cl\/centro-medicina-regenerativa\/noticias\/2018\/01\/18\/director-del-cmr-se-adjudico-fondos-del-concurso-interfacultades-udd\/\"]}]},{\"@type\":\"ImageObject\",\"inLanguage\":\"es\",\"@id\":\"https:\/\/medicina.udd.cl\/centro-medicina-regenerativa\/noticias\/2018\/01\/18\/director-del-cmr-se-adjudico-fondos-del-concurso-interfacultades-udd\/#primaryimage\",\"url\":\"https:\/\/medicina.udd.cl\/centro-medicina-regenerativa\/files\/2010\/06\/Infraestructura-y-laboratorios-2.jpg\",\"contentUrl\":\"https:\/\/medicina.udd.cl\/centro-medicina-regenerativa\/files\/2010\/06\/Infraestructura-y-laboratorios-2.jpg\",\"width\":675,\"height\":450},{\"@type\":\"BreadcrumbList\",\"@id\":\"https:\/\/medicina.udd.cl\/centro-medicina-regenerativa\/noticias\/2018\/01\/18\/director-del-cmr-se-adjudico-fondos-del-concurso-interfacultades-udd\/#breadcrumb\",\"itemListElement\":[{\"@type\":\"ListItem\",\"position\":1,\"name\":\"Inicio\",\"item\":\"https:\/\/medicina.udd.cl\/centro-medicina-regenerativa\/\"},{\"@type\":\"ListItem\",\"position\":2,\"name\":\"Director del CMR se adjudic\u00f3 fondos del Concurso Interfacultades UDD\"}]},{\"@type\":\"WebSite\",\"@id\":\"https:\/\/medicina.udd.cl\/centro-medicina-regenerativa\/#website\",\"url\":\"https:\/\/medicina.udd.cl\/centro-medicina-regenerativa\/\",\"name\":\"Centro de Medicina Regenerativa\",\"description\":\"\",\"inLanguage\":\"es\"},{\"@type\":\"Person\",\"@id\":\"\",\"url\":\"https:\/\/medicina.udd.cl\/centro-medicina-regenerativa\/noticias\/author\/\"}]}<\/script>\n<!-- \/ Yoast SEO plugin. -->","yoast_head_json":{"title":"Director del CMR se adjudic\u00f3 fondos del Concurso Interfacultades UDD - Centro de Medicina Regenerativa","robots":{"index":"index","follow":"follow","max-snippet":"max-snippet:-1","max-image-preview":"max-image-preview:large","max-video-preview":"max-video-preview:-1"},"canonical":"https:\/\/medicina.udd.cl\/centro-medicina-regenerativa\/noticias\/2018\/01\/18\/director-del-cmr-se-adjudico-fondos-del-concurso-interfacultades-udd\/","og_locale":"es_ES","og_type":"article","og_title":"Director del CMR se adjudic\u00f3 fondos del Concurso Interfacultades UDD - Centro de Medicina Regenerativa","og_description":"\u201cEvaluaci\u00f3n del efecto terap\u00e9utico de la administraci\u00f3n endovenosa de c\u00e9lulas troncales mesenquim\u00e1ticas, sobre la recuperaci\u00f3n de la funci\u00f3n cognitiva en ratas sometidas al consumo cr\u00f3nico de alcohol\u201d, es el nombre del proyecto de Marcelo Ezquer, que realizar\u00e1 en asociaci\u00f3n a la Facultad de Psicolog\u00eda, con el acad\u00e9mico Francisco Ceric.","og_url":"https:\/\/medicina.udd.cl\/centro-medicina-regenerativa\/noticias\/2018\/01\/18\/director-del-cmr-se-adjudico-fondos-del-concurso-interfacultades-udd\/","og_site_name":"Centro de Medicina Regenerativa","article_published_time":"2018-01-18T15:26:23+00:00","article_modified_time":"2018-01-18T15:30:45+00:00","og_image":[{"width":675,"height":450,"url":"https:\/\/medicina.udd.cl\/centro-medicina-regenerativa\/files\/2010\/06\/Infraestructura-y-laboratorios-2.jpg","type":"image\/jpeg"}],"twitter_misc":{"Escrito por":"","Tiempo de lectura":"2 minutos"},"schema":{"@context":"https:\/\/schema.org","@graph":[{"@type":"Article","@id":"https:\/\/medicina.udd.cl\/centro-medicina-regenerativa\/noticias\/2018\/01\/18\/director-del-cmr-se-adjudico-fondos-del-concurso-interfacultades-udd\/#article","isPartOf":{"@id":"https:\/\/medicina.udd.cl\/centro-medicina-regenerativa\/noticias\/2018\/01\/18\/director-del-cmr-se-adjudico-fondos-del-concurso-interfacultades-udd\/"},"author":{"name":"","@id":""},"headline":"Director del CMR se adjudic\u00f3 fondos del Concurso Interfacultades UDD","datePublished":"2018-01-18T15:26:23+00:00","dateModified":"2018-01-18T15:30:45+00:00","mainEntityOfPage":{"@id":"https:\/\/medicina.udd.cl\/centro-medicina-regenerativa\/noticias\/2018\/01\/18\/director-del-cmr-se-adjudico-fondos-del-concurso-interfacultades-udd\/"},"wordCount":388,"commentCount":0,"image":{"@id":"https:\/\/medicina.udd.cl\/centro-medicina-regenerativa\/noticias\/2018\/01\/18\/director-del-cmr-se-adjudico-fondos-del-concurso-interfacultades-udd\/#primaryimage"},"thumbnailUrl":"https:\/\/medicina.udd.cl\/centro-medicina-regenerativa\/files\/2010\/06\/Infraestructura-y-laboratorios-2.jpg","articleSection":["Noticias"],"inLanguage":"es","potentialAction":[{"@type":"CommentAction","name":"Comment","target":["https:\/\/medicina.udd.cl\/centro-medicina-regenerativa\/noticias\/2018\/01\/18\/director-del-cmr-se-adjudico-fondos-del-concurso-interfacultades-udd\/#respond"]}]},{"@type":"WebPage","@id":"https:\/\/medicina.udd.cl\/centro-medicina-regenerativa\/noticias\/2018\/01\/18\/director-del-cmr-se-adjudico-fondos-del-concurso-interfacultades-udd\/","url":"https:\/\/medicina.udd.cl\/centro-medicina-regenerativa\/noticias\/2018\/01\/18\/director-del-cmr-se-adjudico-fondos-del-concurso-interfacultades-udd\/","name":"Director del CMR se adjudic\u00f3 fondos del Concurso Interfacultades UDD - Centro de Medicina Regenerativa","isPartOf":{"@id":"https:\/\/medicina.udd.cl\/centro-medicina-regenerativa\/#website"},"primaryImageOfPage":{"@id":"https:\/\/medicina.udd.cl\/centro-medicina-regenerativa\/noticias\/2018\/01\/18\/director-del-cmr-se-adjudico-fondos-del-concurso-interfacultades-udd\/#primaryimage"},"image":{"@id":"https:\/\/medicina.udd.cl\/centro-medicina-regenerativa\/noticias\/2018\/01\/18\/director-del-cmr-se-adjudico-fondos-del-concurso-interfacultades-udd\/#primaryimage"},"thumbnailUrl":"https:\/\/medicina.udd.cl\/centro-medicina-regenerativa\/files\/2010\/06\/Infraestructura-y-laboratorios-2.jpg","datePublished":"2018-01-18T15:26:23+00:00","dateModified":"2018-01-18T15:30:45+00:00","author":{"@id":""},"breadcrumb":{"@id":"https:\/\/medicina.udd.cl\/centro-medicina-regenerativa\/noticias\/2018\/01\/18\/director-del-cmr-se-adjudico-fondos-del-concurso-interfacultades-udd\/#breadcrumb"},"inLanguage":"es","potentialAction":[{"@type":"ReadAction","target":["https:\/\/medicina.udd.cl\/centro-medicina-regenerativa\/noticias\/2018\/01\/18\/director-del-cmr-se-adjudico-fondos-del-concurso-interfacultades-udd\/"]}]},{"@type":"ImageObject","inLanguage":"es","@id":"https:\/\/medicina.udd.cl\/centro-medicina-regenerativa\/noticias\/2018\/01\/18\/director-del-cmr-se-adjudico-fondos-del-concurso-interfacultades-udd\/#primaryimage","url":"https:\/\/medicina.udd.cl\/centro-medicina-regenerativa\/files\/2010\/06\/Infraestructura-y-laboratorios-2.jpg","contentUrl":"https:\/\/medicina.udd.cl\/centro-medicina-regenerativa\/files\/2010\/06\/Infraestructura-y-laboratorios-2.jpg","width":675,"height":450},{"@type":"BreadcrumbList","@id":"https:\/\/medicina.udd.cl\/centro-medicina-regenerativa\/noticias\/2018\/01\/18\/director-del-cmr-se-adjudico-fondos-del-concurso-interfacultades-udd\/#breadcrumb","itemListElement":[{"@type":"ListItem","position":1,"name":"Inicio","item":"https:\/\/medicina.udd.cl\/centro-medicina-regenerativa\/"},{"@type":"ListItem","position":2,"name":"Director del CMR se adjudic\u00f3 fondos del Concurso Interfacultades UDD"}]},{"@type":"WebSite","@id":"https:\/\/medicina.udd.cl\/centro-medicina-regenerativa\/#website","url":"https:\/\/medicina.udd.cl\/centro-medicina-regenerativa\/","name":"Centro de Medicina Regenerativa","description":"","inLanguage":"es"},{"@type":"Person","@id":"","url":"https:\/\/medicina.udd.cl\/centro-medicina-regenerativa\/noticias\/author\/"}]}},"featured_image_url":"https:\/\/medicina.udd.cl\/centro-medicina-regenerativa\/files\/2010\/06\/Infraestructura-y-laboratorios-2.jpg","_links":{"self":[{"href":"https:\/\/medicina.udd.cl\/centro-medicina-regenerativa\/wp-json\/wp\/v2\/posts\/2609","targetHints":{"allow":["GET"]}}],"collection":[{"href":"https:\/\/medicina.udd.cl\/centro-medicina-regenerativa\/wp-json\/wp\/v2\/posts"}],"about":[{"href":"https:\/\/medicina.udd.cl\/centro-medicina-regenerativa\/wp-json\/wp\/v2\/types\/post"}],"author":[{"embeddable":true,"href":"https:\/\/medicina.udd.cl\/centro-medicina-regenerativa\/wp-json\/wp\/v2\/users\/42"}],"replies":[{"embeddable":true,"href":"https:\/\/medicina.udd.cl\/centro-medicina-regenerativa\/wp-json\/wp\/v2\/comments?post=2609"}],"version-history":[{"count":3,"href":"https:\/\/medicina.udd.cl\/centro-medicina-regenerativa\/wp-json\/wp\/v2\/posts\/2609\/revisions"}],"predecessor-version":[{"id":2612,"href":"https:\/\/medicina.udd.cl\/centro-medicina-regenerativa\/wp-json\/wp\/v2\/posts\/2609\/revisions\/2612"}],"wp:featuredmedia":[{"embeddable":true,"href":"https:\/\/medicina.udd.cl\/centro-medicina-regenerativa\/wp-json\/wp\/v2\/media\/2487"}],"wp:attachment":[{"href":"https:\/\/medicina.udd.cl\/centro-medicina-regenerativa\/wp-json\/wp\/v2\/media?parent=2609"}],"wp:term":[{"taxonomy":"category","embeddable":true,"href":"https:\/\/medicina.udd.cl\/centro-medicina-regenerativa\/wp-json\/wp\/v2\/categories?post=2609"},{"taxonomy":"post_tag","embeddable":true,"href":"https:\/\/medicina.udd.cl\/centro-medicina-regenerativa\/wp-json\/wp\/v2\/tags?post=2609"}],"curies":[{"name":"wp","href":"https:\/\/api.w.org\/{rel}","templated":true}]}}