{"id":2647,"date":"2018-04-27T13:53:11","date_gmt":"2018-04-27T16:53:11","guid":{"rendered":"http:\/\/medicina.udd.cl\/centro-medicina-regenerativa\/?p=2647"},"modified":"2018-04-27T13:53:11","modified_gmt":"2018-04-27T16:53:11","slug":"investigadora-udd-realizo-charla-en-colegio-de-san-felipe","status":"publish","type":"post","link":"https:\/\/medicina.udd.cl\/centro-medicina-regenerativa\/noticias\/2018\/04\/27\/investigadora-udd-realizo-charla-en-colegio-de-san-felipe\/","title":{"rendered":"Investigadora UDD realiz\u00f3 charla en colegio de San Felipe"},"content":{"rendered":"<div id=\"gallery-1\" class=\"carousel slide carousel-gallery\" data-ride=\"false\" data-interval=\"false\"><div class=\"carousel-inner\" role=\"listbox\"><figure class=\"carousel-item active\"><img loading=\"lazy\" decoding=\"async\" width=\"712\" height=\"534\" src=\"https:\/\/medicina.udd.cl\/centro-medicina-regenerativa\/files\/2018\/04\/Colegio-en-Los-Andes-800x450.jpg\" class=\"attachment-landscape_952 size-landscape_952 lazyload\" alt=\"\" sizes=\"auto, (max-width: 712px) 100vw, 712px\" data-src=\"https:\/\/medicina.udd.cl\/centro-medicina-regenerativa\/files\/2018\/04\/Colegio-en-Los-Andes.jpg\" data-srcset=\"https:\/\/medicina.udd.cl\/centro-medicina-regenerativa\/files\/2018\/04\/Colegio-en-Los-Andes.jpg 1280w, https:\/\/medicina.udd.cl\/centro-medicina-regenerativa\/files\/2018\/04\/Colegio-en-Los-Andes-300x225.jpg 300w, https:\/\/medicina.udd.cl\/centro-medicina-regenerativa\/files\/2018\/04\/Colegio-en-Los-Andes-768x576.jpg 768w, https:\/\/medicina.udd.cl\/centro-medicina-regenerativa\/files\/2018\/04\/Colegio-en-Los-Andes-1024x768.jpg 1024w, https:\/\/medicina.udd.cl\/centro-medicina-regenerativa\/files\/2018\/04\/Colegio-en-Los-Andes-960x720.jpg 960w\" \/><\/figure><figure class=\"carousel-item\"><img loading=\"lazy\" decoding=\"async\" width=\"712\" height=\"534\" src=\"https:\/\/medicina.udd.cl\/centro-medicina-regenerativa\/files\/2018\/04\/Colegio-Curimon-1-1-800x450.jpg\" class=\"attachment-landscape_952 size-landscape_952 lazyload\" alt=\"\" sizes=\"auto, (max-width: 712px) 100vw, 712px\" data-src=\"https:\/\/medicina.udd.cl\/centro-medicina-regenerativa\/files\/2018\/04\/Colegio-Curimon-1-1.jpg\" data-srcset=\"https:\/\/medicina.udd.cl\/centro-medicina-regenerativa\/files\/2018\/04\/Colegio-Curimon-1-1.jpg 1024w, https:\/\/medicina.udd.cl\/centro-medicina-regenerativa\/files\/2018\/04\/Colegio-Curimon-1-1-300x225.jpg 300w, https:\/\/medicina.udd.cl\/centro-medicina-regenerativa\/files\/2018\/04\/Colegio-Curimon-1-1-768x576.jpg 768w, https:\/\/medicina.udd.cl\/centro-medicina-regenerativa\/files\/2018\/04\/Colegio-Curimon-1-1-960x720.jpg 960w\" \/><\/figure><figure class=\"carousel-item\"><img loading=\"lazy\" decoding=\"async\" width=\"401\" height=\"534\" src=\"https:\/\/medicina.udd.cl\/centro-medicina-regenerativa\/files\/2018\/04\/Colegio-Curimon.jpeg\" class=\"attachment-landscape_952 size-landscape_952 lazyload\" alt=\"\" sizes=\"auto, (max-width: 401px) 100vw, 401px\" data-src=\"https:\/\/medicina.udd.cl\/centro-medicina-regenerativa\/files\/2018\/04\/Colegio-Curimon.jpeg\" data-srcset=\"https:\/\/medicina.udd.cl\/centro-medicina-regenerativa\/files\/2018\/04\/Colegio-Curimon.jpeg 768w, https:\/\/medicina.udd.cl\/centro-medicina-regenerativa\/files\/2018\/04\/Colegio-Curimon-225x300.jpeg 225w, https:\/\/medicina.udd.cl\/centro-medicina-regenerativa\/files\/2018\/04\/Colegio-Curimon-720x960.jpeg 720w\" \/><\/figure><\/div><footer class=\"carousel-footer\"><div class=\"carousel-counter\"><span class=\"carousel-counter-current\"><\/span> \/ <span class=\"carousel-counter-total\"><\/span><\/div><a class=\"carousel-control-prev\" href=\"#gallery-1\" role=\"button\" data-slide=\"prev\"><svg aria-hidden=\"true\" class=\"svg-chevron-left-dims\"><use xlink:href='https:\/\/medicina.udd.cl\/centro-medicina-regenerativa\/wp-content\/themes\/facultades-2018\/assets\/img\/svg\/dist\/main.svg?version=1695853099#chevron-left'><\/use><\/svg><span class=\"sr-only\">Anterior<\/span><\/a><a class=\"carousel-control-next\" href=\"#gallery-1\" role=\"button\" data-slide=\"next\"><svg aria-hidden=\"true\" class=\"svg-chevron-right-dims\"><use xlink:href='https:\/\/medicina.udd.cl\/centro-medicina-regenerativa\/wp-content\/themes\/facultades-2018\/assets\/img\/svg\/dist\/main.svg?version=1695853099#chevron-right'><\/use><\/svg><span class=\"sr-only\">Siguiente<\/span><\/a><\/footer><\/div>\n<p style=\"text-align: justify;\">Lorena Lobos, investigadora del Centro de Medicina Regenerativa del Instituto de Ciencias e Innovaci\u00f3n en Medicina (ICIM) de la Universidad del Desarrollo, dict\u00f3 una charla en el Colegio Curim\u00f3n de Rinconada, San Felipe.<\/p>\n<p style=\"text-align: justify;\">La exposici\u00f3n se enmarca en las gestiones de la profesora del establecimiento Andrea Prieto, quien organiz\u00f3 la actividad motivacional para los alumnos de 1ero a 4to medio, con el fin de profundizar en las disciplinas de Bioqu\u00edmica y Biotecnolog\u00eda, adem\u00e1s de mostrar la l\u00ednea de investigaci\u00f3n que actualmente lleva en el Centro de Medicina Regenerativa de la UDD, sobre c\u00f3mo el c\u00e1ncer de mamas afecta a otras partes del cuerpo.<\/p>\n<p style=\"text-align: justify;\">A su vez, Lorena Lobos dio una entrevista para el canal local VTV (<a href=\"http:\/\/www.vtv2.cl\">www.vtv2.cl<\/a>) donde habl\u00f3 sobre su l\u00ednea de investigaci\u00f3n, la que ser\u00e1 emitida el domingo 6 de mayo.<\/p>\n","protected":false},"excerpt":{"rendered":"<p>Lorena Lobos, del Centro de Medicina Regenerativa, expuso sobre bioqu\u00edmica y biotecnolog\u00eda con el objetivo de presentar a los alumnos del Colegio Curim\u00f3n estas disciplinas. Adem\u00e1s, dio a conocer su l\u00ednea de investigaci\u00f3n sobre c\u00e1ncer de mamas.<\/p>\n","protected":false},"author":42,"featured_media":2648,"comment_status":"open","ping_status":"open","sticky":false,"template":"","format":"standard","meta":{"footnotes":""},"categories":[4],"tags":[],"class_list":["post-2647","post","type-post","status-publish","format-standard","has-post-thumbnail","hentry","category-noticias"],"yoast_head":"<!-- This site is optimized with the Yoast SEO plugin v26.9 - https:\/\/yoast.com\/product\/yoast-seo-wordpress\/ -->\n<title>Investigadora UDD realiz\u00f3 charla en colegio de San Felipe - Centro de Medicina Regenerativa<\/title>\n<meta name=\"robots\" content=\"index, follow, max-snippet:-1, max-image-preview:large, max-video-preview:-1\" \/>\n<link rel=\"canonical\" href=\"https:\/\/medicina.udd.cl\/centro-medicina-regenerativa\/noticias\/2018\/04\/27\/investigadora-udd-realizo-charla-en-colegio-de-san-felipe\/\" \/>\n<meta property=\"og:locale\" content=\"es_ES\" \/>\n<meta property=\"og:type\" content=\"article\" \/>\n<meta property=\"og:title\" content=\"Investigadora UDD realiz\u00f3 charla en colegio de San Felipe - Centro de Medicina Regenerativa\" \/>\n<meta property=\"og:description\" content=\"Lorena Lobos, del Centro de Medicina Regenerativa, expuso sobre bioqu\u00edmica y biotecnolog\u00eda con el objetivo de presentar a los alumnos del Colegio Curim\u00f3n estas disciplinas. Adem\u00e1s, dio a conocer su l\u00ednea de investigaci\u00f3n sobre c\u00e1ncer de mamas.\" \/>\n<meta property=\"og:url\" content=\"https:\/\/medicina.udd.cl\/centro-medicina-regenerativa\/noticias\/2018\/04\/27\/investigadora-udd-realizo-charla-en-colegio-de-san-felipe\/\" \/>\n<meta property=\"og:site_name\" content=\"Centro de Medicina Regenerativa\" \/>\n<meta property=\"article:published_time\" content=\"2018-04-27T16:53:11+00:00\" \/>\n<meta property=\"og:image\" content=\"https:\/\/medicina.udd.cl\/centro-medicina-regenerativa\/files\/2018\/04\/Colegio-Curimon-1.jpg\" \/>\n\t<meta property=\"og:image:width\" content=\"1024\" \/>\n\t<meta property=\"og:image:height\" content=\"768\" \/>\n\t<meta property=\"og:image:type\" content=\"image\/jpeg\" \/>\n<meta name=\"twitter:label1\" content=\"Escrito por\" \/>\n\t<meta name=\"twitter:data1\" content=\"\" \/>\n\t<meta name=\"twitter:label2\" content=\"Tiempo de lectura\" \/>\n\t<meta name=\"twitter:data2\" content=\"1 minuto\" \/>\n<script type=\"application\/ld+json\" class=\"yoast-schema-graph\">{\"@context\":\"https:\/\/schema.org\",\"@graph\":[{\"@type\":\"Article\",\"@id\":\"https:\/\/medicina.udd.cl\/centro-medicina-regenerativa\/noticias\/2018\/04\/27\/investigadora-udd-realizo-charla-en-colegio-de-san-felipe\/#article\",\"isPartOf\":{\"@id\":\"https:\/\/medicina.udd.cl\/centro-medicina-regenerativa\/noticias\/2018\/04\/27\/investigadora-udd-realizo-charla-en-colegio-de-san-felipe\/\"},\"author\":{\"name\":\"\",\"@id\":\"\"},\"headline\":\"Investigadora UDD realiz\u00f3 charla en colegio de San Felipe\",\"datePublished\":\"2018-04-27T16:53:11+00:00\",\"mainEntityOfPage\":{\"@id\":\"https:\/\/medicina.udd.cl\/centro-medicina-regenerativa\/noticias\/2018\/04\/27\/investigadora-udd-realizo-charla-en-colegio-de-san-felipe\/\"},\"wordCount\":157,\"commentCount\":0,\"image\":{\"@id\":\"https:\/\/medicina.udd.cl\/centro-medicina-regenerativa\/noticias\/2018\/04\/27\/investigadora-udd-realizo-charla-en-colegio-de-san-felipe\/#primaryimage\"},\"thumbnailUrl\":\"https:\/\/medicina.udd.cl\/centro-medicina-regenerativa\/files\/2018\/04\/Colegio-Curimon-1.jpg\",\"articleSection\":[\"Noticias\"],\"inLanguage\":\"es\",\"potentialAction\":[{\"@type\":\"CommentAction\",\"name\":\"Comment\",\"target\":[\"https:\/\/medicina.udd.cl\/centro-medicina-regenerativa\/noticias\/2018\/04\/27\/investigadora-udd-realizo-charla-en-colegio-de-san-felipe\/#respond\"]}]},{\"@type\":\"WebPage\",\"@id\":\"https:\/\/medicina.udd.cl\/centro-medicina-regenerativa\/noticias\/2018\/04\/27\/investigadora-udd-realizo-charla-en-colegio-de-san-felipe\/\",\"url\":\"https:\/\/medicina.udd.cl\/centro-medicina-regenerativa\/noticias\/2018\/04\/27\/investigadora-udd-realizo-charla-en-colegio-de-san-felipe\/\",\"name\":\"Investigadora UDD realiz\u00f3 charla en colegio de San Felipe - Centro de Medicina Regenerativa\",\"isPartOf\":{\"@id\":\"https:\/\/medicina.udd.cl\/centro-medicina-regenerativa\/#website\"},\"primaryImageOfPage\":{\"@id\":\"https:\/\/medicina.udd.cl\/centro-medicina-regenerativa\/noticias\/2018\/04\/27\/investigadora-udd-realizo-charla-en-colegio-de-san-felipe\/#primaryimage\"},\"image\":{\"@id\":\"https:\/\/medicina.udd.cl\/centro-medicina-regenerativa\/noticias\/2018\/04\/27\/investigadora-udd-realizo-charla-en-colegio-de-san-felipe\/#primaryimage\"},\"thumbnailUrl\":\"https:\/\/medicina.udd.cl\/centro-medicina-regenerativa\/files\/2018\/04\/Colegio-Curimon-1.jpg\",\"datePublished\":\"2018-04-27T16:53:11+00:00\",\"author\":{\"@id\":\"\"},\"breadcrumb\":{\"@id\":\"https:\/\/medicina.udd.cl\/centro-medicina-regenerativa\/noticias\/2018\/04\/27\/investigadora-udd-realizo-charla-en-colegio-de-san-felipe\/#breadcrumb\"},\"inLanguage\":\"es\",\"potentialAction\":[{\"@type\":\"ReadAction\",\"target\":[\"https:\/\/medicina.udd.cl\/centro-medicina-regenerativa\/noticias\/2018\/04\/27\/investigadora-udd-realizo-charla-en-colegio-de-san-felipe\/\"]}]},{\"@type\":\"ImageObject\",\"inLanguage\":\"es\",\"@id\":\"https:\/\/medicina.udd.cl\/centro-medicina-regenerativa\/noticias\/2018\/04\/27\/investigadora-udd-realizo-charla-en-colegio-de-san-felipe\/#primaryimage\",\"url\":\"https:\/\/medicina.udd.cl\/centro-medicina-regenerativa\/files\/2018\/04\/Colegio-Curimon-1.jpg\",\"contentUrl\":\"https:\/\/medicina.udd.cl\/centro-medicina-regenerativa\/files\/2018\/04\/Colegio-Curimon-1.jpg\",\"width\":1024,\"height\":768},{\"@type\":\"BreadcrumbList\",\"@id\":\"https:\/\/medicina.udd.cl\/centro-medicina-regenerativa\/noticias\/2018\/04\/27\/investigadora-udd-realizo-charla-en-colegio-de-san-felipe\/#breadcrumb\",\"itemListElement\":[{\"@type\":\"ListItem\",\"position\":1,\"name\":\"Inicio\",\"item\":\"https:\/\/medicina.udd.cl\/centro-medicina-regenerativa\/\"},{\"@type\":\"ListItem\",\"position\":2,\"name\":\"Investigadora UDD realiz\u00f3 charla en colegio de San Felipe\"}]},{\"@type\":\"WebSite\",\"@id\":\"https:\/\/medicina.udd.cl\/centro-medicina-regenerativa\/#website\",\"url\":\"https:\/\/medicina.udd.cl\/centro-medicina-regenerativa\/\",\"name\":\"Centro de Medicina Regenerativa\",\"description\":\"\",\"inLanguage\":\"es\"},{\"@type\":\"Person\",\"@id\":\"\",\"url\":\"https:\/\/medicina.udd.cl\/centro-medicina-regenerativa\/noticias\/author\/\"}]}<\/script>\n<!-- \/ Yoast SEO plugin. -->","yoast_head_json":{"title":"Investigadora UDD realiz\u00f3 charla en colegio de San Felipe - Centro de Medicina Regenerativa","robots":{"index":"index","follow":"follow","max-snippet":"max-snippet:-1","max-image-preview":"max-image-preview:large","max-video-preview":"max-video-preview:-1"},"canonical":"https:\/\/medicina.udd.cl\/centro-medicina-regenerativa\/noticias\/2018\/04\/27\/investigadora-udd-realizo-charla-en-colegio-de-san-felipe\/","og_locale":"es_ES","og_type":"article","og_title":"Investigadora UDD realiz\u00f3 charla en colegio de San Felipe - Centro de Medicina Regenerativa","og_description":"Lorena Lobos, del Centro de Medicina Regenerativa, expuso sobre bioqu\u00edmica y biotecnolog\u00eda con el objetivo de presentar a los alumnos del Colegio Curim\u00f3n estas disciplinas. Adem\u00e1s, dio a conocer su l\u00ednea de investigaci\u00f3n sobre c\u00e1ncer de mamas.","og_url":"https:\/\/medicina.udd.cl\/centro-medicina-regenerativa\/noticias\/2018\/04\/27\/investigadora-udd-realizo-charla-en-colegio-de-san-felipe\/","og_site_name":"Centro de Medicina Regenerativa","article_published_time":"2018-04-27T16:53:11+00:00","og_image":[{"width":1024,"height":768,"url":"https:\/\/medicina.udd.cl\/centro-medicina-regenerativa\/files\/2018\/04\/Colegio-Curimon-1.jpg","type":"image\/jpeg"}],"twitter_misc":{"Escrito por":"","Tiempo de lectura":"1 minuto"},"schema":{"@context":"https:\/\/schema.org","@graph":[{"@type":"Article","@id":"https:\/\/medicina.udd.cl\/centro-medicina-regenerativa\/noticias\/2018\/04\/27\/investigadora-udd-realizo-charla-en-colegio-de-san-felipe\/#article","isPartOf":{"@id":"https:\/\/medicina.udd.cl\/centro-medicina-regenerativa\/noticias\/2018\/04\/27\/investigadora-udd-realizo-charla-en-colegio-de-san-felipe\/"},"author":{"name":"","@id":""},"headline":"Investigadora UDD realiz\u00f3 charla en colegio de San Felipe","datePublished":"2018-04-27T16:53:11+00:00","mainEntityOfPage":{"@id":"https:\/\/medicina.udd.cl\/centro-medicina-regenerativa\/noticias\/2018\/04\/27\/investigadora-udd-realizo-charla-en-colegio-de-san-felipe\/"},"wordCount":157,"commentCount":0,"image":{"@id":"https:\/\/medicina.udd.cl\/centro-medicina-regenerativa\/noticias\/2018\/04\/27\/investigadora-udd-realizo-charla-en-colegio-de-san-felipe\/#primaryimage"},"thumbnailUrl":"https:\/\/medicina.udd.cl\/centro-medicina-regenerativa\/files\/2018\/04\/Colegio-Curimon-1.jpg","articleSection":["Noticias"],"inLanguage":"es","potentialAction":[{"@type":"CommentAction","name":"Comment","target":["https:\/\/medicina.udd.cl\/centro-medicina-regenerativa\/noticias\/2018\/04\/27\/investigadora-udd-realizo-charla-en-colegio-de-san-felipe\/#respond"]}]},{"@type":"WebPage","@id":"https:\/\/medicina.udd.cl\/centro-medicina-regenerativa\/noticias\/2018\/04\/27\/investigadora-udd-realizo-charla-en-colegio-de-san-felipe\/","url":"https:\/\/medicina.udd.cl\/centro-medicina-regenerativa\/noticias\/2018\/04\/27\/investigadora-udd-realizo-charla-en-colegio-de-san-felipe\/","name":"Investigadora UDD realiz\u00f3 charla en colegio de San Felipe - Centro de Medicina Regenerativa","isPartOf":{"@id":"https:\/\/medicina.udd.cl\/centro-medicina-regenerativa\/#website"},"primaryImageOfPage":{"@id":"https:\/\/medicina.udd.cl\/centro-medicina-regenerativa\/noticias\/2018\/04\/27\/investigadora-udd-realizo-charla-en-colegio-de-san-felipe\/#primaryimage"},"image":{"@id":"https:\/\/medicina.udd.cl\/centro-medicina-regenerativa\/noticias\/2018\/04\/27\/investigadora-udd-realizo-charla-en-colegio-de-san-felipe\/#primaryimage"},"thumbnailUrl":"https:\/\/medicina.udd.cl\/centro-medicina-regenerativa\/files\/2018\/04\/Colegio-Curimon-1.jpg","datePublished":"2018-04-27T16:53:11+00:00","author":{"@id":""},"breadcrumb":{"@id":"https:\/\/medicina.udd.cl\/centro-medicina-regenerativa\/noticias\/2018\/04\/27\/investigadora-udd-realizo-charla-en-colegio-de-san-felipe\/#breadcrumb"},"inLanguage":"es","potentialAction":[{"@type":"ReadAction","target":["https:\/\/medicina.udd.cl\/centro-medicina-regenerativa\/noticias\/2018\/04\/27\/investigadora-udd-realizo-charla-en-colegio-de-san-felipe\/"]}]},{"@type":"ImageObject","inLanguage":"es","@id":"https:\/\/medicina.udd.cl\/centro-medicina-regenerativa\/noticias\/2018\/04\/27\/investigadora-udd-realizo-charla-en-colegio-de-san-felipe\/#primaryimage","url":"https:\/\/medicina.udd.cl\/centro-medicina-regenerativa\/files\/2018\/04\/Colegio-Curimon-1.jpg","contentUrl":"https:\/\/medicina.udd.cl\/centro-medicina-regenerativa\/files\/2018\/04\/Colegio-Curimon-1.jpg","width":1024,"height":768},{"@type":"BreadcrumbList","@id":"https:\/\/medicina.udd.cl\/centro-medicina-regenerativa\/noticias\/2018\/04\/27\/investigadora-udd-realizo-charla-en-colegio-de-san-felipe\/#breadcrumb","itemListElement":[{"@type":"ListItem","position":1,"name":"Inicio","item":"https:\/\/medicina.udd.cl\/centro-medicina-regenerativa\/"},{"@type":"ListItem","position":2,"name":"Investigadora UDD realiz\u00f3 charla en colegio de San Felipe"}]},{"@type":"WebSite","@id":"https:\/\/medicina.udd.cl\/centro-medicina-regenerativa\/#website","url":"https:\/\/medicina.udd.cl\/centro-medicina-regenerativa\/","name":"Centro de Medicina Regenerativa","description":"","inLanguage":"es"},{"@type":"Person","@id":"","url":"https:\/\/medicina.udd.cl\/centro-medicina-regenerativa\/noticias\/author\/"}]}},"featured_image_url":"https:\/\/medicina.udd.cl\/centro-medicina-regenerativa\/files\/2018\/04\/Colegio-Curimon-1.jpg","_links":{"self":[{"href":"https:\/\/medicina.udd.cl\/centro-medicina-regenerativa\/wp-json\/wp\/v2\/posts\/2647","targetHints":{"allow":["GET"]}}],"collection":[{"href":"https:\/\/medicina.udd.cl\/centro-medicina-regenerativa\/wp-json\/wp\/v2\/posts"}],"about":[{"href":"https:\/\/medicina.udd.cl\/centro-medicina-regenerativa\/wp-json\/wp\/v2\/types\/post"}],"author":[{"embeddable":true,"href":"https:\/\/medicina.udd.cl\/centro-medicina-regenerativa\/wp-json\/wp\/v2\/users\/42"}],"replies":[{"embeddable":true,"href":"https:\/\/medicina.udd.cl\/centro-medicina-regenerativa\/wp-json\/wp\/v2\/comments?post=2647"}],"version-history":[{"count":1,"href":"https:\/\/medicina.udd.cl\/centro-medicina-regenerativa\/wp-json\/wp\/v2\/posts\/2647\/revisions"}],"predecessor-version":[{"id":2652,"href":"https:\/\/medicina.udd.cl\/centro-medicina-regenerativa\/wp-json\/wp\/v2\/posts\/2647\/revisions\/2652"}],"wp:featuredmedia":[{"embeddable":true,"href":"https:\/\/medicina.udd.cl\/centro-medicina-regenerativa\/wp-json\/wp\/v2\/media\/2648"}],"wp:attachment":[{"href":"https:\/\/medicina.udd.cl\/centro-medicina-regenerativa\/wp-json\/wp\/v2\/media?parent=2647"}],"wp:term":[{"taxonomy":"category","embeddable":true,"href":"https:\/\/medicina.udd.cl\/centro-medicina-regenerativa\/wp-json\/wp\/v2\/categories?post=2647"},{"taxonomy":"post_tag","embeddable":true,"href":"https:\/\/medicina.udd.cl\/centro-medicina-regenerativa\/wp-json\/wp\/v2\/tags?post=2647"}],"curies":[{"name":"wp","href":"https:\/\/api.w.org\/{rel}","templated":true}]}}