{"id":2698,"date":"2018-10-17T11:54:22","date_gmt":"2018-10-17T14:54:22","guid":{"rendered":"http:\/\/medicina.udd.cl\/centro-medicina-regenerativa\/?p=2698"},"modified":"2018-10-17T12:23:08","modified_gmt":"2018-10-17T15:23:08","slug":"lorena-lobos-participo-en-feria-cientifica-en-colegio-de-quilicura","status":"publish","type":"post","link":"https:\/\/medicina.udd.cl\/centro-medicina-regenerativa\/noticias\/2018\/10\/17\/lorena-lobos-participo-en-feria-cientifica-en-colegio-de-quilicura\/","title":{"rendered":"Lorena Lobos particip\u00f3 en feria cient\u00edfica en colegio de Quilicura"},"content":{"rendered":"<p>Lorena Lobos, investigadora docente del Centro de Medicina Regenerativa y de la carrera de Medicina de la Universidad del Desarrollo, particip\u00f3 en una ferie cient\u00edfica realizada en el Colegio Santa B\u00e1rbara de Quilicura y que fue organizada por la profesora Julia Contreras.<\/p>\n<p>La tem\u00e1tica abordada por la acad\u00e9mica UDD fue c\u00f3mo las c\u00e9lulas tumorales env\u00edan mensajes al interior del cuerpo enviando exosomas, a los que llam\u00f3 \u201cpokebolas\u201d, haciendo alusi\u00f3n a la conocida animaci\u00f3n y video juego \u201cPokem\u00f3n\u201d.<\/p>\n<p>Cabe recordar que la l\u00ednea de investigaci\u00f3n de Lobos est\u00e1 focalizada en llegar a un diagn\u00f3stico precoz de la met\u00e1stasis del c\u00e1ncer de mama, a trav\u00e9s del estudio de c\u00f3mo este tipo de c\u00e1ncer ataca a posteriormente a otros \u00f3rganos del cuerpo.<\/p>\n<p>La investigadora y su equipo observaron que las c\u00e9lulas de un tumor mamario tienen una alta tasa de proliferaci\u00f3n, son capaces de emigrar, invadir y anidarse en zonas que no son su anclaje, logrando conectarse con otros tejidos del organismo a trav\u00e9s de la comunicaci\u00f3n por microves\u00edculas (principalmente exosomas) y preparar nichos metast\u00e1sicos. Es decir, definir con anterioridad donde puede desarrollarse un nuevo c\u00e1ncer.<\/p>\n<div id=\"gallery-1\" class=\"carousel slide carousel-gallery\" data-ride=\"false\" data-interval=\"false\"><div class=\"carousel-inner\" role=\"listbox\"><figure class=\"carousel-item active\"><img loading=\"lazy\" decoding=\"async\" width=\"401\" height=\"534\" src=\"https:\/\/medicina.udd.cl\/centro-medicina-regenerativa\/files\/2018\/10\/Lorena-Lobos-en-colegio-de-Quilicura-6-800x450.jpg\" class=\"attachment-landscape_952 size-landscape_952 lazyload\" alt=\"\" sizes=\"auto, (max-width: 401px) 100vw, 401px\" data-src=\"https:\/\/medicina.udd.cl\/centro-medicina-regenerativa\/files\/2018\/10\/Lorena-Lobos-en-colegio-de-Quilicura-6.jpg\" data-srcset=\"https:\/\/medicina.udd.cl\/centro-medicina-regenerativa\/files\/2018\/10\/Lorena-Lobos-en-colegio-de-Quilicura-6.jpg 960w, https:\/\/medicina.udd.cl\/centro-medicina-regenerativa\/files\/2018\/10\/Lorena-Lobos-en-colegio-de-Quilicura-6-225x300.jpg 225w, https:\/\/medicina.udd.cl\/centro-medicina-regenerativa\/files\/2018\/10\/Lorena-Lobos-en-colegio-de-Quilicura-6-768x1024.jpg 768w, https:\/\/medicina.udd.cl\/centro-medicina-regenerativa\/files\/2018\/10\/Lorena-Lobos-en-colegio-de-Quilicura-6-720x960.jpg 720w\" \/><\/figure><figure class=\"carousel-item\"><img loading=\"lazy\" decoding=\"async\" width=\"712\" height=\"534\" src=\"https:\/\/medicina.udd.cl\/centro-medicina-regenerativa\/files\/2018\/10\/Lorena-Lobos-en-colegio-de-Quilicura-1-800x450.jpg\" class=\"attachment-landscape_952 size-landscape_952 lazyload\" alt=\"\" sizes=\"auto, (max-width: 712px) 100vw, 712px\" data-src=\"https:\/\/medicina.udd.cl\/centro-medicina-regenerativa\/files\/2018\/10\/Lorena-Lobos-en-colegio-de-Quilicura-1.jpg\" data-srcset=\"https:\/\/medicina.udd.cl\/centro-medicina-regenerativa\/files\/2018\/10\/Lorena-Lobos-en-colegio-de-Quilicura-1.jpg 1280w, https:\/\/medicina.udd.cl\/centro-medicina-regenerativa\/files\/2018\/10\/Lorena-Lobos-en-colegio-de-Quilicura-1-300x225.jpg 300w, https:\/\/medicina.udd.cl\/centro-medicina-regenerativa\/files\/2018\/10\/Lorena-Lobos-en-colegio-de-Quilicura-1-768x576.jpg 768w, https:\/\/medicina.udd.cl\/centro-medicina-regenerativa\/files\/2018\/10\/Lorena-Lobos-en-colegio-de-Quilicura-1-1024x768.jpg 1024w, https:\/\/medicina.udd.cl\/centro-medicina-regenerativa\/files\/2018\/10\/Lorena-Lobos-en-colegio-de-Quilicura-1-960x720.jpg 960w\" \/><\/figure><figure class=\"carousel-item\"><img loading=\"lazy\" decoding=\"async\" width=\"401\" height=\"534\" src=\"https:\/\/medicina.udd.cl\/centro-medicina-regenerativa\/files\/2018\/10\/Lorena-Lobos-en-colegio-de-Quilicura-8-800x450.jpg\" class=\"attachment-landscape_952 size-landscape_952 lazyload\" alt=\"\" sizes=\"auto, (max-width: 401px) 100vw, 401px\" data-src=\"https:\/\/medicina.udd.cl\/centro-medicina-regenerativa\/files\/2018\/10\/Lorena-Lobos-en-colegio-de-Quilicura-8.jpg\" data-srcset=\"https:\/\/medicina.udd.cl\/centro-medicina-regenerativa\/files\/2018\/10\/Lorena-Lobos-en-colegio-de-Quilicura-8.jpg 960w, https:\/\/medicina.udd.cl\/centro-medicina-regenerativa\/files\/2018\/10\/Lorena-Lobos-en-colegio-de-Quilicura-8-225x300.jpg 225w, https:\/\/medicina.udd.cl\/centro-medicina-regenerativa\/files\/2018\/10\/Lorena-Lobos-en-colegio-de-Quilicura-8-768x1024.jpg 768w, https:\/\/medicina.udd.cl\/centro-medicina-regenerativa\/files\/2018\/10\/Lorena-Lobos-en-colegio-de-Quilicura-8-720x960.jpg 720w\" \/><\/figure><\/div><footer class=\"carousel-footer\"><div class=\"carousel-counter\"><span class=\"carousel-counter-current\"><\/span> \/ <span class=\"carousel-counter-total\"><\/span><\/div><a class=\"carousel-control-prev\" href=\"#gallery-1\" role=\"button\" data-slide=\"prev\"><svg aria-hidden=\"true\" class=\"svg-chevron-left-dims\"><use xlink:href='https:\/\/medicina.udd.cl\/centro-medicina-regenerativa\/wp-content\/themes\/facultades-2018\/assets\/img\/svg\/dist\/main.svg?version=1695853099#chevron-left'><\/use><\/svg><span class=\"sr-only\">Anterior<\/span><\/a><a class=\"carousel-control-next\" href=\"#gallery-1\" role=\"button\" data-slide=\"next\"><svg aria-hidden=\"true\" class=\"svg-chevron-right-dims\"><use xlink:href='https:\/\/medicina.udd.cl\/centro-medicina-regenerativa\/wp-content\/themes\/facultades-2018\/assets\/img\/svg\/dist\/main.svg?version=1695853099#chevron-right'><\/use><\/svg><span class=\"sr-only\">Siguiente<\/span><\/a><\/footer><\/div>\n","protected":false},"excerpt":{"rendered":"<p>La tem\u00e1tica expuesta por la investigadora del Centro de Medicina Regenerativa fue c\u00f3mo las c\u00e9lulas tumorales env\u00edan mensajes al interior del cuerpo enviando \u201cPokebolas\u201d, nombre ocupado por la acad\u00e9mica para representar los exosomas. <\/p>\n","protected":false},"author":42,"featured_media":2700,"comment_status":"open","ping_status":"open","sticky":false,"template":"","format":"standard","meta":{"footnotes":""},"categories":[4],"tags":[],"class_list":["post-2698","post","type-post","status-publish","format-standard","has-post-thumbnail","hentry","category-noticias"],"yoast_head":"<!-- This site is optimized with the Yoast SEO plugin v26.9 - https:\/\/yoast.com\/product\/yoast-seo-wordpress\/ -->\n<title>Lorena Lobos particip\u00f3 en feria cient\u00edfica en colegio de Quilicura - Centro de Medicina Regenerativa<\/title>\n<meta name=\"robots\" content=\"index, follow, max-snippet:-1, max-image-preview:large, max-video-preview:-1\" \/>\n<link rel=\"canonical\" href=\"https:\/\/medicina.udd.cl\/centro-medicina-regenerativa\/noticias\/2018\/10\/17\/lorena-lobos-participo-en-feria-cientifica-en-colegio-de-quilicura\/\" \/>\n<meta property=\"og:locale\" content=\"es_ES\" \/>\n<meta property=\"og:type\" content=\"article\" \/>\n<meta property=\"og:title\" content=\"Lorena Lobos particip\u00f3 en feria cient\u00edfica en colegio de Quilicura - Centro de Medicina Regenerativa\" \/>\n<meta property=\"og:description\" content=\"La tem\u00e1tica expuesta por la investigadora del Centro de Medicina Regenerativa fue c\u00f3mo las c\u00e9lulas tumorales env\u00edan mensajes al interior del cuerpo enviando \u201cPokebolas\u201d, nombre ocupado por la acad\u00e9mica para representar los exosomas.\" \/>\n<meta property=\"og:url\" content=\"https:\/\/medicina.udd.cl\/centro-medicina-regenerativa\/noticias\/2018\/10\/17\/lorena-lobos-participo-en-feria-cientifica-en-colegio-de-quilicura\/\" \/>\n<meta property=\"og:site_name\" content=\"Centro de Medicina Regenerativa\" \/>\n<meta property=\"article:published_time\" content=\"2018-10-17T14:54:22+00:00\" \/>\n<meta property=\"article:modified_time\" content=\"2018-10-17T15:23:08+00:00\" \/>\n<meta property=\"og:image\" content=\"https:\/\/medicina.udd.cl\/centro-medicina-regenerativa\/files\/2018\/10\/Lorena-Lobos-en-colegio-de-Quilicura-6.jpg\" \/>\n\t<meta property=\"og:image:width\" content=\"960\" \/>\n\t<meta property=\"og:image:height\" content=\"1280\" \/>\n\t<meta property=\"og:image:type\" content=\"image\/jpeg\" \/>\n<meta name=\"twitter:label1\" content=\"Escrito por\" \/>\n\t<meta name=\"twitter:data1\" content=\"\" \/>\n\t<meta name=\"twitter:label2\" content=\"Tiempo de lectura\" \/>\n\t<meta name=\"twitter:data2\" content=\"1 minuto\" \/>\n<script type=\"application\/ld+json\" class=\"yoast-schema-graph\">{\"@context\":\"https:\/\/schema.org\",\"@graph\":[{\"@type\":\"Article\",\"@id\":\"https:\/\/medicina.udd.cl\/centro-medicina-regenerativa\/noticias\/2018\/10\/17\/lorena-lobos-participo-en-feria-cientifica-en-colegio-de-quilicura\/#article\",\"isPartOf\":{\"@id\":\"https:\/\/medicina.udd.cl\/centro-medicina-regenerativa\/noticias\/2018\/10\/17\/lorena-lobos-participo-en-feria-cientifica-en-colegio-de-quilicura\/\"},\"author\":{\"name\":\"\",\"@id\":\"\"},\"headline\":\"Lorena Lobos particip\u00f3 en feria cient\u00edfica en colegio de Quilicura\",\"datePublished\":\"2018-10-17T14:54:22+00:00\",\"dateModified\":\"2018-10-17T15:23:08+00:00\",\"mainEntityOfPage\":{\"@id\":\"https:\/\/medicina.udd.cl\/centro-medicina-regenerativa\/noticias\/2018\/10\/17\/lorena-lobos-participo-en-feria-cientifica-en-colegio-de-quilicura\/\"},\"wordCount\":221,\"commentCount\":0,\"image\":{\"@id\":\"https:\/\/medicina.udd.cl\/centro-medicina-regenerativa\/noticias\/2018\/10\/17\/lorena-lobos-participo-en-feria-cientifica-en-colegio-de-quilicura\/#primaryimage\"},\"thumbnailUrl\":\"https:\/\/medicina.udd.cl\/centro-medicina-regenerativa\/files\/2018\/10\/Lorena-Lobos-en-colegio-de-Quilicura-6.jpg\",\"articleSection\":[\"Noticias\"],\"inLanguage\":\"es\",\"potentialAction\":[{\"@type\":\"CommentAction\",\"name\":\"Comment\",\"target\":[\"https:\/\/medicina.udd.cl\/centro-medicina-regenerativa\/noticias\/2018\/10\/17\/lorena-lobos-participo-en-feria-cientifica-en-colegio-de-quilicura\/#respond\"]}]},{\"@type\":\"WebPage\",\"@id\":\"https:\/\/medicina.udd.cl\/centro-medicina-regenerativa\/noticias\/2018\/10\/17\/lorena-lobos-participo-en-feria-cientifica-en-colegio-de-quilicura\/\",\"url\":\"https:\/\/medicina.udd.cl\/centro-medicina-regenerativa\/noticias\/2018\/10\/17\/lorena-lobos-participo-en-feria-cientifica-en-colegio-de-quilicura\/\",\"name\":\"Lorena Lobos particip\u00f3 en feria cient\u00edfica en colegio de Quilicura - Centro de Medicina Regenerativa\",\"isPartOf\":{\"@id\":\"https:\/\/medicina.udd.cl\/centro-medicina-regenerativa\/#website\"},\"primaryImageOfPage\":{\"@id\":\"https:\/\/medicina.udd.cl\/centro-medicina-regenerativa\/noticias\/2018\/10\/17\/lorena-lobos-participo-en-feria-cientifica-en-colegio-de-quilicura\/#primaryimage\"},\"image\":{\"@id\":\"https:\/\/medicina.udd.cl\/centro-medicina-regenerativa\/noticias\/2018\/10\/17\/lorena-lobos-participo-en-feria-cientifica-en-colegio-de-quilicura\/#primaryimage\"},\"thumbnailUrl\":\"https:\/\/medicina.udd.cl\/centro-medicina-regenerativa\/files\/2018\/10\/Lorena-Lobos-en-colegio-de-Quilicura-6.jpg\",\"datePublished\":\"2018-10-17T14:54:22+00:00\",\"dateModified\":\"2018-10-17T15:23:08+00:00\",\"author\":{\"@id\":\"\"},\"breadcrumb\":{\"@id\":\"https:\/\/medicina.udd.cl\/centro-medicina-regenerativa\/noticias\/2018\/10\/17\/lorena-lobos-participo-en-feria-cientifica-en-colegio-de-quilicura\/#breadcrumb\"},\"inLanguage\":\"es\",\"potentialAction\":[{\"@type\":\"ReadAction\",\"target\":[\"https:\/\/medicina.udd.cl\/centro-medicina-regenerativa\/noticias\/2018\/10\/17\/lorena-lobos-participo-en-feria-cientifica-en-colegio-de-quilicura\/\"]}]},{\"@type\":\"ImageObject\",\"inLanguage\":\"es\",\"@id\":\"https:\/\/medicina.udd.cl\/centro-medicina-regenerativa\/noticias\/2018\/10\/17\/lorena-lobos-participo-en-feria-cientifica-en-colegio-de-quilicura\/#primaryimage\",\"url\":\"https:\/\/medicina.udd.cl\/centro-medicina-regenerativa\/files\/2018\/10\/Lorena-Lobos-en-colegio-de-Quilicura-6.jpg\",\"contentUrl\":\"https:\/\/medicina.udd.cl\/centro-medicina-regenerativa\/files\/2018\/10\/Lorena-Lobos-en-colegio-de-Quilicura-6.jpg\",\"width\":960,\"height\":1280},{\"@type\":\"BreadcrumbList\",\"@id\":\"https:\/\/medicina.udd.cl\/centro-medicina-regenerativa\/noticias\/2018\/10\/17\/lorena-lobos-participo-en-feria-cientifica-en-colegio-de-quilicura\/#breadcrumb\",\"itemListElement\":[{\"@type\":\"ListItem\",\"position\":1,\"name\":\"Inicio\",\"item\":\"https:\/\/medicina.udd.cl\/centro-medicina-regenerativa\/\"},{\"@type\":\"ListItem\",\"position\":2,\"name\":\"Lorena Lobos particip\u00f3 en feria cient\u00edfica en colegio de Quilicura\"}]},{\"@type\":\"WebSite\",\"@id\":\"https:\/\/medicina.udd.cl\/centro-medicina-regenerativa\/#website\",\"url\":\"https:\/\/medicina.udd.cl\/centro-medicina-regenerativa\/\",\"name\":\"Centro de Medicina Regenerativa\",\"description\":\"\",\"inLanguage\":\"es\"},{\"@type\":\"Person\",\"@id\":\"\",\"url\":\"https:\/\/medicina.udd.cl\/centro-medicina-regenerativa\/noticias\/author\/\"}]}<\/script>\n<!-- \/ Yoast SEO plugin. -->","yoast_head_json":{"title":"Lorena Lobos particip\u00f3 en feria cient\u00edfica en colegio de Quilicura - Centro de Medicina Regenerativa","robots":{"index":"index","follow":"follow","max-snippet":"max-snippet:-1","max-image-preview":"max-image-preview:large","max-video-preview":"max-video-preview:-1"},"canonical":"https:\/\/medicina.udd.cl\/centro-medicina-regenerativa\/noticias\/2018\/10\/17\/lorena-lobos-participo-en-feria-cientifica-en-colegio-de-quilicura\/","og_locale":"es_ES","og_type":"article","og_title":"Lorena Lobos particip\u00f3 en feria cient\u00edfica en colegio de Quilicura - Centro de Medicina Regenerativa","og_description":"La tem\u00e1tica expuesta por la investigadora del Centro de Medicina Regenerativa fue c\u00f3mo las c\u00e9lulas tumorales env\u00edan mensajes al interior del cuerpo enviando \u201cPokebolas\u201d, nombre ocupado por la acad\u00e9mica para representar los exosomas.","og_url":"https:\/\/medicina.udd.cl\/centro-medicina-regenerativa\/noticias\/2018\/10\/17\/lorena-lobos-participo-en-feria-cientifica-en-colegio-de-quilicura\/","og_site_name":"Centro de Medicina Regenerativa","article_published_time":"2018-10-17T14:54:22+00:00","article_modified_time":"2018-10-17T15:23:08+00:00","og_image":[{"width":960,"height":1280,"url":"https:\/\/medicina.udd.cl\/centro-medicina-regenerativa\/files\/2018\/10\/Lorena-Lobos-en-colegio-de-Quilicura-6.jpg","type":"image\/jpeg"}],"twitter_misc":{"Escrito por":"","Tiempo de lectura":"1 minuto"},"schema":{"@context":"https:\/\/schema.org","@graph":[{"@type":"Article","@id":"https:\/\/medicina.udd.cl\/centro-medicina-regenerativa\/noticias\/2018\/10\/17\/lorena-lobos-participo-en-feria-cientifica-en-colegio-de-quilicura\/#article","isPartOf":{"@id":"https:\/\/medicina.udd.cl\/centro-medicina-regenerativa\/noticias\/2018\/10\/17\/lorena-lobos-participo-en-feria-cientifica-en-colegio-de-quilicura\/"},"author":{"name":"","@id":""},"headline":"Lorena Lobos particip\u00f3 en feria cient\u00edfica en colegio de Quilicura","datePublished":"2018-10-17T14:54:22+00:00","dateModified":"2018-10-17T15:23:08+00:00","mainEntityOfPage":{"@id":"https:\/\/medicina.udd.cl\/centro-medicina-regenerativa\/noticias\/2018\/10\/17\/lorena-lobos-participo-en-feria-cientifica-en-colegio-de-quilicura\/"},"wordCount":221,"commentCount":0,"image":{"@id":"https:\/\/medicina.udd.cl\/centro-medicina-regenerativa\/noticias\/2018\/10\/17\/lorena-lobos-participo-en-feria-cientifica-en-colegio-de-quilicura\/#primaryimage"},"thumbnailUrl":"https:\/\/medicina.udd.cl\/centro-medicina-regenerativa\/files\/2018\/10\/Lorena-Lobos-en-colegio-de-Quilicura-6.jpg","articleSection":["Noticias"],"inLanguage":"es","potentialAction":[{"@type":"CommentAction","name":"Comment","target":["https:\/\/medicina.udd.cl\/centro-medicina-regenerativa\/noticias\/2018\/10\/17\/lorena-lobos-participo-en-feria-cientifica-en-colegio-de-quilicura\/#respond"]}]},{"@type":"WebPage","@id":"https:\/\/medicina.udd.cl\/centro-medicina-regenerativa\/noticias\/2018\/10\/17\/lorena-lobos-participo-en-feria-cientifica-en-colegio-de-quilicura\/","url":"https:\/\/medicina.udd.cl\/centro-medicina-regenerativa\/noticias\/2018\/10\/17\/lorena-lobos-participo-en-feria-cientifica-en-colegio-de-quilicura\/","name":"Lorena Lobos particip\u00f3 en feria cient\u00edfica en colegio de Quilicura - Centro de Medicina Regenerativa","isPartOf":{"@id":"https:\/\/medicina.udd.cl\/centro-medicina-regenerativa\/#website"},"primaryImageOfPage":{"@id":"https:\/\/medicina.udd.cl\/centro-medicina-regenerativa\/noticias\/2018\/10\/17\/lorena-lobos-participo-en-feria-cientifica-en-colegio-de-quilicura\/#primaryimage"},"image":{"@id":"https:\/\/medicina.udd.cl\/centro-medicina-regenerativa\/noticias\/2018\/10\/17\/lorena-lobos-participo-en-feria-cientifica-en-colegio-de-quilicura\/#primaryimage"},"thumbnailUrl":"https:\/\/medicina.udd.cl\/centro-medicina-regenerativa\/files\/2018\/10\/Lorena-Lobos-en-colegio-de-Quilicura-6.jpg","datePublished":"2018-10-17T14:54:22+00:00","dateModified":"2018-10-17T15:23:08+00:00","author":{"@id":""},"breadcrumb":{"@id":"https:\/\/medicina.udd.cl\/centro-medicina-regenerativa\/noticias\/2018\/10\/17\/lorena-lobos-participo-en-feria-cientifica-en-colegio-de-quilicura\/#breadcrumb"},"inLanguage":"es","potentialAction":[{"@type":"ReadAction","target":["https:\/\/medicina.udd.cl\/centro-medicina-regenerativa\/noticias\/2018\/10\/17\/lorena-lobos-participo-en-feria-cientifica-en-colegio-de-quilicura\/"]}]},{"@type":"ImageObject","inLanguage":"es","@id":"https:\/\/medicina.udd.cl\/centro-medicina-regenerativa\/noticias\/2018\/10\/17\/lorena-lobos-participo-en-feria-cientifica-en-colegio-de-quilicura\/#primaryimage","url":"https:\/\/medicina.udd.cl\/centro-medicina-regenerativa\/files\/2018\/10\/Lorena-Lobos-en-colegio-de-Quilicura-6.jpg","contentUrl":"https:\/\/medicina.udd.cl\/centro-medicina-regenerativa\/files\/2018\/10\/Lorena-Lobos-en-colegio-de-Quilicura-6.jpg","width":960,"height":1280},{"@type":"BreadcrumbList","@id":"https:\/\/medicina.udd.cl\/centro-medicina-regenerativa\/noticias\/2018\/10\/17\/lorena-lobos-participo-en-feria-cientifica-en-colegio-de-quilicura\/#breadcrumb","itemListElement":[{"@type":"ListItem","position":1,"name":"Inicio","item":"https:\/\/medicina.udd.cl\/centro-medicina-regenerativa\/"},{"@type":"ListItem","position":2,"name":"Lorena Lobos particip\u00f3 en feria cient\u00edfica en colegio de Quilicura"}]},{"@type":"WebSite","@id":"https:\/\/medicina.udd.cl\/centro-medicina-regenerativa\/#website","url":"https:\/\/medicina.udd.cl\/centro-medicina-regenerativa\/","name":"Centro de Medicina Regenerativa","description":"","inLanguage":"es"},{"@type":"Person","@id":"","url":"https:\/\/medicina.udd.cl\/centro-medicina-regenerativa\/noticias\/author\/"}]}},"featured_image_url":"https:\/\/medicina.udd.cl\/centro-medicina-regenerativa\/files\/2018\/10\/Lorena-Lobos-en-colegio-de-Quilicura-6.jpg","_links":{"self":[{"href":"https:\/\/medicina.udd.cl\/centro-medicina-regenerativa\/wp-json\/wp\/v2\/posts\/2698","targetHints":{"allow":["GET"]}}],"collection":[{"href":"https:\/\/medicina.udd.cl\/centro-medicina-regenerativa\/wp-json\/wp\/v2\/posts"}],"about":[{"href":"https:\/\/medicina.udd.cl\/centro-medicina-regenerativa\/wp-json\/wp\/v2\/types\/post"}],"author":[{"embeddable":true,"href":"https:\/\/medicina.udd.cl\/centro-medicina-regenerativa\/wp-json\/wp\/v2\/users\/42"}],"replies":[{"embeddable":true,"href":"https:\/\/medicina.udd.cl\/centro-medicina-regenerativa\/wp-json\/wp\/v2\/comments?post=2698"}],"version-history":[{"count":1,"href":"https:\/\/medicina.udd.cl\/centro-medicina-regenerativa\/wp-json\/wp\/v2\/posts\/2698\/revisions"}],"predecessor-version":[{"id":2702,"href":"https:\/\/medicina.udd.cl\/centro-medicina-regenerativa\/wp-json\/wp\/v2\/posts\/2698\/revisions\/2702"}],"wp:featuredmedia":[{"embeddable":true,"href":"https:\/\/medicina.udd.cl\/centro-medicina-regenerativa\/wp-json\/wp\/v2\/media\/2700"}],"wp:attachment":[{"href":"https:\/\/medicina.udd.cl\/centro-medicina-regenerativa\/wp-json\/wp\/v2\/media?parent=2698"}],"wp:term":[{"taxonomy":"category","embeddable":true,"href":"https:\/\/medicina.udd.cl\/centro-medicina-regenerativa\/wp-json\/wp\/v2\/categories?post=2698"},{"taxonomy":"post_tag","embeddable":true,"href":"https:\/\/medicina.udd.cl\/centro-medicina-regenerativa\/wp-json\/wp\/v2\/tags?post=2698"}],"curies":[{"name":"wp","href":"https:\/\/api.w.org\/{rel}","templated":true}]}}