{"id":2708,"date":"2018-11-08T16:55:32","date_gmt":"2018-11-08T19:55:32","guid":{"rendered":"http:\/\/medicina.udd.cl\/centro-medicina-regenerativa\/?p=2708"},"modified":"2018-11-08T16:55:32","modified_gmt":"2018-11-08T19:55:32","slug":"academica-udd-participo-en-actividad-cultural-encuentro-santiago","status":"publish","type":"post","link":"https:\/\/medicina.udd.cl\/centro-medicina-regenerativa\/noticias\/2018\/11\/08\/academica-udd-participo-en-actividad-cultural-encuentro-santiago\/","title":{"rendered":"Acad\u00e9mica UDD particip\u00f3 en actividad cultural \u201cEncuentro Santiago\u201d"},"content":{"rendered":"<p><a href=\"http:\/\/medicina.udd.cl\/centro-medicina-regenerativa\/files\/2018\/11\/PC-en-Dignos-de-conocer-el-mundo.jpeg\"><img loading=\"lazy\" decoding=\"async\" class=\"aligncenter wp-image-2709\" src=\"http:\/\/medicina.udd.cl\/centro-medicina-regenerativa\/files\/2018\/11\/PC-en-Dignos-de-conocer-el-mundo-300x300.jpeg\" alt=\"\" width=\"420\" height=\"420\" srcset=\"https:\/\/medicina.udd.cl\/centro-medicina-regenerativa\/files\/2018\/11\/PC-en-Dignos-de-conocer-el-mundo-300x300.jpeg 300w, https:\/\/medicina.udd.cl\/centro-medicina-regenerativa\/files\/2018\/11\/PC-en-Dignos-de-conocer-el-mundo-150x150.jpeg 150w, https:\/\/medicina.udd.cl\/centro-medicina-regenerativa\/files\/2018\/11\/PC-en-Dignos-de-conocer-el-mundo-768x768.jpeg 768w, https:\/\/medicina.udd.cl\/centro-medicina-regenerativa\/files\/2018\/11\/PC-en-Dignos-de-conocer-el-mundo-62x62.jpeg 62w, https:\/\/medicina.udd.cl\/centro-medicina-regenerativa\/files\/2018\/11\/PC-en-Dignos-de-conocer-el-mundo-960x960.jpeg 960w, https:\/\/medicina.udd.cl\/centro-medicina-regenerativa\/files\/2018\/11\/PC-en-Dignos-de-conocer-el-mundo-126x126.jpeg 126w, https:\/\/medicina.udd.cl\/centro-medicina-regenerativa\/files\/2018\/11\/PC-en-Dignos-de-conocer-el-mundo.jpeg 1024w\" sizes=\"auto, (max-width: 420px) 100vw, 420px\" \/><\/a>La Dra. Paulette Conget, docente e investigadora de la Facultad de Medicina Cl\u00ednica Alemana Universidad del Desarrollo, fue parte de una nueva versi\u00f3n de la tradicional actividad cultural llamada \u201cEncuentro Santiago\u201d que, este a\u00f1o, tuvo como t\u00edtulo \u00abDignos de conocer el mundo\u201d.<\/p>\n<p>Se trata de un encuentro que se realiza hace varios a\u00f1os, en el cual, durante tres d\u00edas, se realizan diversas actividades basadas en la tem\u00e1tica elegida, tales como obras de teatro, exposiciones, campeonatos de tenis, bailes, m\u00fasica, comida, encuentros con personajes de la pol\u00edtica nacional, empresarios y migrantes.<\/p>\n<p>En este contexto, la Dra. Conget fue invitada para entregar su testimonio respecto del trabajo en el \u00e1rea de las ciencias, adem\u00e1s del gusto y motivaci\u00f3n por ense\u00f1ar. Cabe destacar que la acad\u00e9mica cuenta con a\u00f1os de experiencia en la docencia y realizando investigaci\u00f3n cient\u00edfica con el objetivo de mejorar la salud de las personas y, actualmente, es profesora en la carrera de Medicina e investigadora en el Centro de Medicina Regenerativa de la UDD.<\/p>\n<p>As\u00ed, particip\u00f3 en una conversaci\u00f3n junto a M\u00e1ximo Ba\u00f1ados, astr\u00f3nomo y actual decano de la Facultad de F\u00edsica de la Pontificia Universidad Cat\u00f3lica de Chile, que se realiz\u00f3 el s\u00e1bado 27 de octubre en el Parque Gabriela, en la comuna de Puente Alto.<\/p>\n","protected":false},"excerpt":{"rendered":"<p>La Dra. Paulette Conget entreg\u00f3 su testimonio como docente e investigadora del \u00e1rea de las ciencias, en un panel que tambi\u00e9n cont\u00f3 con la participaci\u00f3n M\u00e1ximo Ba\u00f1ados, astr\u00f3nomo y actual decano de la Facultad de F\u00edsica de la P. Universidad Cat\u00f3lica de Chile.<\/p>\n","protected":false},"author":42,"featured_media":2709,"comment_status":"open","ping_status":"open","sticky":false,"template":"","format":"standard","meta":{"footnotes":""},"categories":[4],"tags":[],"class_list":["post-2708","post","type-post","status-publish","format-standard","has-post-thumbnail","hentry","category-noticias"],"yoast_head":"<!-- This site is optimized with the Yoast SEO plugin v26.9 - https:\/\/yoast.com\/product\/yoast-seo-wordpress\/ -->\n<title>Acad\u00e9mica UDD particip\u00f3 en actividad cultural \u201cEncuentro Santiago\u201d - Centro de Medicina Regenerativa<\/title>\n<meta name=\"robots\" content=\"index, follow, max-snippet:-1, max-image-preview:large, max-video-preview:-1\" \/>\n<link rel=\"canonical\" href=\"https:\/\/medicina.udd.cl\/centro-medicina-regenerativa\/noticias\/2018\/11\/08\/academica-udd-participo-en-actividad-cultural-encuentro-santiago\/\" \/>\n<meta property=\"og:locale\" content=\"es_ES\" \/>\n<meta property=\"og:type\" content=\"article\" \/>\n<meta property=\"og:title\" content=\"Acad\u00e9mica UDD particip\u00f3 en actividad cultural \u201cEncuentro Santiago\u201d - Centro de Medicina Regenerativa\" \/>\n<meta property=\"og:description\" content=\"La Dra. Paulette Conget entreg\u00f3 su testimonio como docente e investigadora del \u00e1rea de las ciencias, en un panel que tambi\u00e9n cont\u00f3 con la participaci\u00f3n M\u00e1ximo Ba\u00f1ados, astr\u00f3nomo y actual decano de la Facultad de F\u00edsica de la P. Universidad Cat\u00f3lica de Chile.\" \/>\n<meta property=\"og:url\" content=\"https:\/\/medicina.udd.cl\/centro-medicina-regenerativa\/noticias\/2018\/11\/08\/academica-udd-participo-en-actividad-cultural-encuentro-santiago\/\" \/>\n<meta property=\"og:site_name\" content=\"Centro de Medicina Regenerativa\" \/>\n<meta property=\"article:published_time\" content=\"2018-11-08T19:55:32+00:00\" \/>\n<meta property=\"og:image\" content=\"https:\/\/medicina.udd.cl\/centro-medicina-regenerativa\/files\/2018\/11\/PC-en-Dignos-de-conocer-el-mundo.jpeg\" \/>\n\t<meta property=\"og:image:width\" content=\"1024\" \/>\n\t<meta property=\"og:image:height\" content=\"1024\" \/>\n\t<meta property=\"og:image:type\" content=\"image\/jpeg\" \/>\n<meta name=\"twitter:label1\" content=\"Escrito por\" \/>\n\t<meta name=\"twitter:data1\" content=\"\" \/>\n\t<meta name=\"twitter:label2\" content=\"Tiempo de lectura\" \/>\n\t<meta name=\"twitter:data2\" content=\"1 minuto\" \/>\n<script type=\"application\/ld+json\" class=\"yoast-schema-graph\">{\"@context\":\"https:\/\/schema.org\",\"@graph\":[{\"@type\":\"Article\",\"@id\":\"https:\/\/medicina.udd.cl\/centro-medicina-regenerativa\/noticias\/2018\/11\/08\/academica-udd-participo-en-actividad-cultural-encuentro-santiago\/#article\",\"isPartOf\":{\"@id\":\"https:\/\/medicina.udd.cl\/centro-medicina-regenerativa\/noticias\/2018\/11\/08\/academica-udd-participo-en-actividad-cultural-encuentro-santiago\/\"},\"author\":{\"name\":\"\",\"@id\":\"\"},\"headline\":\"Acad\u00e9mica UDD particip\u00f3 en actividad cultural \u201cEncuentro Santiago\u201d\",\"datePublished\":\"2018-11-08T19:55:32+00:00\",\"mainEntityOfPage\":{\"@id\":\"https:\/\/medicina.udd.cl\/centro-medicina-regenerativa\/noticias\/2018\/11\/08\/academica-udd-participo-en-actividad-cultural-encuentro-santiago\/\"},\"wordCount\":239,\"commentCount\":0,\"image\":{\"@id\":\"https:\/\/medicina.udd.cl\/centro-medicina-regenerativa\/noticias\/2018\/11\/08\/academica-udd-participo-en-actividad-cultural-encuentro-santiago\/#primaryimage\"},\"thumbnailUrl\":\"https:\/\/medicina.udd.cl\/centro-medicina-regenerativa\/files\/2018\/11\/PC-en-Dignos-de-conocer-el-mundo.jpeg\",\"articleSection\":[\"Noticias\"],\"inLanguage\":\"es\",\"potentialAction\":[{\"@type\":\"CommentAction\",\"name\":\"Comment\",\"target\":[\"https:\/\/medicina.udd.cl\/centro-medicina-regenerativa\/noticias\/2018\/11\/08\/academica-udd-participo-en-actividad-cultural-encuentro-santiago\/#respond\"]}]},{\"@type\":\"WebPage\",\"@id\":\"https:\/\/medicina.udd.cl\/centro-medicina-regenerativa\/noticias\/2018\/11\/08\/academica-udd-participo-en-actividad-cultural-encuentro-santiago\/\",\"url\":\"https:\/\/medicina.udd.cl\/centro-medicina-regenerativa\/noticias\/2018\/11\/08\/academica-udd-participo-en-actividad-cultural-encuentro-santiago\/\",\"name\":\"Acad\u00e9mica UDD particip\u00f3 en actividad cultural \u201cEncuentro Santiago\u201d - Centro de Medicina Regenerativa\",\"isPartOf\":{\"@id\":\"https:\/\/medicina.udd.cl\/centro-medicina-regenerativa\/#website\"},\"primaryImageOfPage\":{\"@id\":\"https:\/\/medicina.udd.cl\/centro-medicina-regenerativa\/noticias\/2018\/11\/08\/academica-udd-participo-en-actividad-cultural-encuentro-santiago\/#primaryimage\"},\"image\":{\"@id\":\"https:\/\/medicina.udd.cl\/centro-medicina-regenerativa\/noticias\/2018\/11\/08\/academica-udd-participo-en-actividad-cultural-encuentro-santiago\/#primaryimage\"},\"thumbnailUrl\":\"https:\/\/medicina.udd.cl\/centro-medicina-regenerativa\/files\/2018\/11\/PC-en-Dignos-de-conocer-el-mundo.jpeg\",\"datePublished\":\"2018-11-08T19:55:32+00:00\",\"author\":{\"@id\":\"\"},\"breadcrumb\":{\"@id\":\"https:\/\/medicina.udd.cl\/centro-medicina-regenerativa\/noticias\/2018\/11\/08\/academica-udd-participo-en-actividad-cultural-encuentro-santiago\/#breadcrumb\"},\"inLanguage\":\"es\",\"potentialAction\":[{\"@type\":\"ReadAction\",\"target\":[\"https:\/\/medicina.udd.cl\/centro-medicina-regenerativa\/noticias\/2018\/11\/08\/academica-udd-participo-en-actividad-cultural-encuentro-santiago\/\"]}]},{\"@type\":\"ImageObject\",\"inLanguage\":\"es\",\"@id\":\"https:\/\/medicina.udd.cl\/centro-medicina-regenerativa\/noticias\/2018\/11\/08\/academica-udd-participo-en-actividad-cultural-encuentro-santiago\/#primaryimage\",\"url\":\"https:\/\/medicina.udd.cl\/centro-medicina-regenerativa\/files\/2018\/11\/PC-en-Dignos-de-conocer-el-mundo.jpeg\",\"contentUrl\":\"https:\/\/medicina.udd.cl\/centro-medicina-regenerativa\/files\/2018\/11\/PC-en-Dignos-de-conocer-el-mundo.jpeg\",\"width\":1024,\"height\":1024},{\"@type\":\"BreadcrumbList\",\"@id\":\"https:\/\/medicina.udd.cl\/centro-medicina-regenerativa\/noticias\/2018\/11\/08\/academica-udd-participo-en-actividad-cultural-encuentro-santiago\/#breadcrumb\",\"itemListElement\":[{\"@type\":\"ListItem\",\"position\":1,\"name\":\"Inicio\",\"item\":\"https:\/\/medicina.udd.cl\/centro-medicina-regenerativa\/\"},{\"@type\":\"ListItem\",\"position\":2,\"name\":\"Acad\u00e9mica UDD particip\u00f3 en actividad cultural \u201cEncuentro Santiago\u201d\"}]},{\"@type\":\"WebSite\",\"@id\":\"https:\/\/medicina.udd.cl\/centro-medicina-regenerativa\/#website\",\"url\":\"https:\/\/medicina.udd.cl\/centro-medicina-regenerativa\/\",\"name\":\"Centro de Medicina Regenerativa\",\"description\":\"\",\"inLanguage\":\"es\"},{\"@type\":\"Person\",\"@id\":\"\",\"url\":\"https:\/\/medicina.udd.cl\/centro-medicina-regenerativa\/noticias\/author\/\"}]}<\/script>\n<!-- \/ Yoast SEO plugin. -->","yoast_head_json":{"title":"Acad\u00e9mica UDD particip\u00f3 en actividad cultural \u201cEncuentro Santiago\u201d - Centro de Medicina Regenerativa","robots":{"index":"index","follow":"follow","max-snippet":"max-snippet:-1","max-image-preview":"max-image-preview:large","max-video-preview":"max-video-preview:-1"},"canonical":"https:\/\/medicina.udd.cl\/centro-medicina-regenerativa\/noticias\/2018\/11\/08\/academica-udd-participo-en-actividad-cultural-encuentro-santiago\/","og_locale":"es_ES","og_type":"article","og_title":"Acad\u00e9mica UDD particip\u00f3 en actividad cultural \u201cEncuentro Santiago\u201d - Centro de Medicina Regenerativa","og_description":"La Dra. Paulette Conget entreg\u00f3 su testimonio como docente e investigadora del \u00e1rea de las ciencias, en un panel que tambi\u00e9n cont\u00f3 con la participaci\u00f3n M\u00e1ximo Ba\u00f1ados, astr\u00f3nomo y actual decano de la Facultad de F\u00edsica de la P. Universidad Cat\u00f3lica de Chile.","og_url":"https:\/\/medicina.udd.cl\/centro-medicina-regenerativa\/noticias\/2018\/11\/08\/academica-udd-participo-en-actividad-cultural-encuentro-santiago\/","og_site_name":"Centro de Medicina Regenerativa","article_published_time":"2018-11-08T19:55:32+00:00","og_image":[{"width":1024,"height":1024,"url":"https:\/\/medicina.udd.cl\/centro-medicina-regenerativa\/files\/2018\/11\/PC-en-Dignos-de-conocer-el-mundo.jpeg","type":"image\/jpeg"}],"twitter_misc":{"Escrito por":"","Tiempo de lectura":"1 minuto"},"schema":{"@context":"https:\/\/schema.org","@graph":[{"@type":"Article","@id":"https:\/\/medicina.udd.cl\/centro-medicina-regenerativa\/noticias\/2018\/11\/08\/academica-udd-participo-en-actividad-cultural-encuentro-santiago\/#article","isPartOf":{"@id":"https:\/\/medicina.udd.cl\/centro-medicina-regenerativa\/noticias\/2018\/11\/08\/academica-udd-participo-en-actividad-cultural-encuentro-santiago\/"},"author":{"name":"","@id":""},"headline":"Acad\u00e9mica UDD particip\u00f3 en actividad cultural \u201cEncuentro Santiago\u201d","datePublished":"2018-11-08T19:55:32+00:00","mainEntityOfPage":{"@id":"https:\/\/medicina.udd.cl\/centro-medicina-regenerativa\/noticias\/2018\/11\/08\/academica-udd-participo-en-actividad-cultural-encuentro-santiago\/"},"wordCount":239,"commentCount":0,"image":{"@id":"https:\/\/medicina.udd.cl\/centro-medicina-regenerativa\/noticias\/2018\/11\/08\/academica-udd-participo-en-actividad-cultural-encuentro-santiago\/#primaryimage"},"thumbnailUrl":"https:\/\/medicina.udd.cl\/centro-medicina-regenerativa\/files\/2018\/11\/PC-en-Dignos-de-conocer-el-mundo.jpeg","articleSection":["Noticias"],"inLanguage":"es","potentialAction":[{"@type":"CommentAction","name":"Comment","target":["https:\/\/medicina.udd.cl\/centro-medicina-regenerativa\/noticias\/2018\/11\/08\/academica-udd-participo-en-actividad-cultural-encuentro-santiago\/#respond"]}]},{"@type":"WebPage","@id":"https:\/\/medicina.udd.cl\/centro-medicina-regenerativa\/noticias\/2018\/11\/08\/academica-udd-participo-en-actividad-cultural-encuentro-santiago\/","url":"https:\/\/medicina.udd.cl\/centro-medicina-regenerativa\/noticias\/2018\/11\/08\/academica-udd-participo-en-actividad-cultural-encuentro-santiago\/","name":"Acad\u00e9mica UDD particip\u00f3 en actividad cultural \u201cEncuentro Santiago\u201d - Centro de Medicina Regenerativa","isPartOf":{"@id":"https:\/\/medicina.udd.cl\/centro-medicina-regenerativa\/#website"},"primaryImageOfPage":{"@id":"https:\/\/medicina.udd.cl\/centro-medicina-regenerativa\/noticias\/2018\/11\/08\/academica-udd-participo-en-actividad-cultural-encuentro-santiago\/#primaryimage"},"image":{"@id":"https:\/\/medicina.udd.cl\/centro-medicina-regenerativa\/noticias\/2018\/11\/08\/academica-udd-participo-en-actividad-cultural-encuentro-santiago\/#primaryimage"},"thumbnailUrl":"https:\/\/medicina.udd.cl\/centro-medicina-regenerativa\/files\/2018\/11\/PC-en-Dignos-de-conocer-el-mundo.jpeg","datePublished":"2018-11-08T19:55:32+00:00","author":{"@id":""},"breadcrumb":{"@id":"https:\/\/medicina.udd.cl\/centro-medicina-regenerativa\/noticias\/2018\/11\/08\/academica-udd-participo-en-actividad-cultural-encuentro-santiago\/#breadcrumb"},"inLanguage":"es","potentialAction":[{"@type":"ReadAction","target":["https:\/\/medicina.udd.cl\/centro-medicina-regenerativa\/noticias\/2018\/11\/08\/academica-udd-participo-en-actividad-cultural-encuentro-santiago\/"]}]},{"@type":"ImageObject","inLanguage":"es","@id":"https:\/\/medicina.udd.cl\/centro-medicina-regenerativa\/noticias\/2018\/11\/08\/academica-udd-participo-en-actividad-cultural-encuentro-santiago\/#primaryimage","url":"https:\/\/medicina.udd.cl\/centro-medicina-regenerativa\/files\/2018\/11\/PC-en-Dignos-de-conocer-el-mundo.jpeg","contentUrl":"https:\/\/medicina.udd.cl\/centro-medicina-regenerativa\/files\/2018\/11\/PC-en-Dignos-de-conocer-el-mundo.jpeg","width":1024,"height":1024},{"@type":"BreadcrumbList","@id":"https:\/\/medicina.udd.cl\/centro-medicina-regenerativa\/noticias\/2018\/11\/08\/academica-udd-participo-en-actividad-cultural-encuentro-santiago\/#breadcrumb","itemListElement":[{"@type":"ListItem","position":1,"name":"Inicio","item":"https:\/\/medicina.udd.cl\/centro-medicina-regenerativa\/"},{"@type":"ListItem","position":2,"name":"Acad\u00e9mica UDD particip\u00f3 en actividad cultural \u201cEncuentro Santiago\u201d"}]},{"@type":"WebSite","@id":"https:\/\/medicina.udd.cl\/centro-medicina-regenerativa\/#website","url":"https:\/\/medicina.udd.cl\/centro-medicina-regenerativa\/","name":"Centro de Medicina Regenerativa","description":"","inLanguage":"es"},{"@type":"Person","@id":"","url":"https:\/\/medicina.udd.cl\/centro-medicina-regenerativa\/noticias\/author\/"}]}},"featured_image_url":"https:\/\/medicina.udd.cl\/centro-medicina-regenerativa\/files\/2018\/11\/PC-en-Dignos-de-conocer-el-mundo.jpeg","_links":{"self":[{"href":"https:\/\/medicina.udd.cl\/centro-medicina-regenerativa\/wp-json\/wp\/v2\/posts\/2708","targetHints":{"allow":["GET"]}}],"collection":[{"href":"https:\/\/medicina.udd.cl\/centro-medicina-regenerativa\/wp-json\/wp\/v2\/posts"}],"about":[{"href":"https:\/\/medicina.udd.cl\/centro-medicina-regenerativa\/wp-json\/wp\/v2\/types\/post"}],"author":[{"embeddable":true,"href":"https:\/\/medicina.udd.cl\/centro-medicina-regenerativa\/wp-json\/wp\/v2\/users\/42"}],"replies":[{"embeddable":true,"href":"https:\/\/medicina.udd.cl\/centro-medicina-regenerativa\/wp-json\/wp\/v2\/comments?post=2708"}],"version-history":[{"count":1,"href":"https:\/\/medicina.udd.cl\/centro-medicina-regenerativa\/wp-json\/wp\/v2\/posts\/2708\/revisions"}],"predecessor-version":[{"id":2710,"href":"https:\/\/medicina.udd.cl\/centro-medicina-regenerativa\/wp-json\/wp\/v2\/posts\/2708\/revisions\/2710"}],"wp:featuredmedia":[{"embeddable":true,"href":"https:\/\/medicina.udd.cl\/centro-medicina-regenerativa\/wp-json\/wp\/v2\/media\/2709"}],"wp:attachment":[{"href":"https:\/\/medicina.udd.cl\/centro-medicina-regenerativa\/wp-json\/wp\/v2\/media?parent=2708"}],"wp:term":[{"taxonomy":"category","embeddable":true,"href":"https:\/\/medicina.udd.cl\/centro-medicina-regenerativa\/wp-json\/wp\/v2\/categories?post=2708"},{"taxonomy":"post_tag","embeddable":true,"href":"https:\/\/medicina.udd.cl\/centro-medicina-regenerativa\/wp-json\/wp\/v2\/tags?post=2708"}],"curies":[{"name":"wp","href":"https:\/\/api.w.org\/{rel}","templated":true}]}}