{"id":271,"date":"2010-08-20T11:57:32","date_gmt":"2010-08-20T15:57:32","guid":{"rendered":"http:\/\/medicina.udd.cl\/instituto-ciencias\/2010\/08\/20\/con-exito-se-realizo-el-ii-taller-sobre-cuidado-y-uso-de-animales-de-laboratorio\/"},"modified":"2014-06-26T10:30:56","modified_gmt":"2014-06-26T14:30:56","slug":"con-exito-se-realizo-el-ii-taller-sobre-cuidado-y-uso-de-animales-de-laboratorio","status":"publish","type":"post","link":"https:\/\/medicina.udd.cl\/centro-medicina-regenerativa\/noticias\/2010\/08\/20\/con-exito-se-realizo-el-ii-taller-sobre-cuidado-y-uso-de-animales-de-laboratorio\/","title":{"rendered":"Con \u00e9xito se realiz\u00f3 el II Taller sobre Cuidado y Uso de Animales de Laboratorio"},"content":{"rendered":"<p style=\"text-align: justify;\">El 17 y 18 de Junio de 2010 se realiz\u00f3 con \u00e9xito la segunda edici\u00f3n del Taller sobre Cuidado y Uso de Animales de Laboratorio dictado por la Tecn\u00f3loga en Bioterio Micaela Ricca y la M\u00e9dico Veterinaria \u00a0Gabriela M\u00e9ndez R. como invitada. En esta oportunidad se profundizaron los temas de anatom\u00eda y toma de muestras post-mortem en las clases pr\u00e1cticas as\u00ed como los t\u00f3picos de bio\u00e9tica m\u00e1s actuales. Una vez m\u00e1s los alumnos de regiones fueron los pioneros en asistencia, ya que contamos con la presencia de profesionales de Talca, Concepci\u00f3n y Valpara\u00edso. Se considera ofrecer m\u00e1s talleres y capacitaciones en un futuro cercano para satisfacer las reglamentaciones nacionales vigentes sobre acreditaci\u00f3n de profesionales que trabajen con Animales de Laboratorio.<\/p>\n","protected":false},"excerpt":{"rendered":"<p>El 17 y 18 de Junio de 2010 se realiz\u00f3 con \u00e9xito la segunda edici\u00f3n del Taller sobre Cuidado y Uso de Animales de Laboratorio <\/p>\n","protected":false},"author":1,"featured_media":0,"comment_status":"open","ping_status":"open","sticky":false,"template":"","format":"standard","meta":{"footnotes":""},"categories":[4],"tags":[],"class_list":["post-271","post","type-post","status-publish","format-standard","hentry","category-noticias"],"yoast_head":"<!-- This site is optimized with the Yoast SEO plugin v26.9 - https:\/\/yoast.com\/product\/yoast-seo-wordpress\/ -->\n<title>Con \u00e9xito se realiz\u00f3 el II Taller sobre Cuidado y Uso de Animales de Laboratorio - Centro de Medicina Regenerativa<\/title>\n<meta name=\"robots\" content=\"index, follow, max-snippet:-1, max-image-preview:large, max-video-preview:-1\" \/>\n<link rel=\"canonical\" href=\"https:\/\/medicina.udd.cl\/centro-medicina-regenerativa\/noticias\/2010\/08\/20\/con-exito-se-realizo-el-ii-taller-sobre-cuidado-y-uso-de-animales-de-laboratorio\/\" \/>\n<meta property=\"og:locale\" content=\"es_ES\" \/>\n<meta property=\"og:type\" content=\"article\" \/>\n<meta property=\"og:title\" content=\"Con \u00e9xito se realiz\u00f3 el II Taller sobre Cuidado y Uso de Animales de Laboratorio - Centro de Medicina Regenerativa\" \/>\n<meta property=\"og:description\" content=\"El 17 y 18 de Junio de 2010 se realiz\u00f3 con \u00e9xito la segunda edici\u00f3n del Taller sobre Cuidado y Uso de Animales de Laboratorio\" \/>\n<meta property=\"og:url\" content=\"https:\/\/medicina.udd.cl\/centro-medicina-regenerativa\/noticias\/2010\/08\/20\/con-exito-se-realizo-el-ii-taller-sobre-cuidado-y-uso-de-animales-de-laboratorio\/\" \/>\n<meta property=\"og:site_name\" content=\"Centro de Medicina Regenerativa\" \/>\n<meta property=\"article:published_time\" content=\"2010-08-20T15:57:32+00:00\" \/>\n<meta property=\"article:modified_time\" content=\"2014-06-26T14:30:56+00:00\" \/>\n<meta name=\"author\" content=\"admin\" \/>\n<meta name=\"twitter:label1\" content=\"Escrito por\" \/>\n\t<meta name=\"twitter:data1\" content=\"admin\" \/>\n\t<meta name=\"twitter:label2\" content=\"Tiempo de lectura\" \/>\n\t<meta name=\"twitter:data2\" content=\"1 minuto\" \/>\n<script type=\"application\/ld+json\" class=\"yoast-schema-graph\">{\"@context\":\"https:\/\/schema.org\",\"@graph\":[{\"@type\":\"Article\",\"@id\":\"https:\/\/medicina.udd.cl\/centro-medicina-regenerativa\/noticias\/2010\/08\/20\/con-exito-se-realizo-el-ii-taller-sobre-cuidado-y-uso-de-animales-de-laboratorio\/#article\",\"isPartOf\":{\"@id\":\"https:\/\/medicina.udd.cl\/centro-medicina-regenerativa\/noticias\/2010\/08\/20\/con-exito-se-realizo-el-ii-taller-sobre-cuidado-y-uso-de-animales-de-laboratorio\/\"},\"author\":{\"name\":\"admin\",\"@id\":\"https:\/\/medicina.udd.cl\/centro-medicina-regenerativa\/#\/schema\/person\/f7abfa784c86da427e89287831f96ab7\"},\"headline\":\"Con \u00e9xito se realiz\u00f3 el II Taller sobre Cuidado y Uso de Animales de Laboratorio\",\"datePublished\":\"2010-08-20T15:57:32+00:00\",\"dateModified\":\"2014-06-26T14:30:56+00:00\",\"mainEntityOfPage\":{\"@id\":\"https:\/\/medicina.udd.cl\/centro-medicina-regenerativa\/noticias\/2010\/08\/20\/con-exito-se-realizo-el-ii-taller-sobre-cuidado-y-uso-de-animales-de-laboratorio\/\"},\"wordCount\":146,\"commentCount\":0,\"articleSection\":[\"Noticias\"],\"inLanguage\":\"es\",\"potentialAction\":[{\"@type\":\"CommentAction\",\"name\":\"Comment\",\"target\":[\"https:\/\/medicina.udd.cl\/centro-medicina-regenerativa\/noticias\/2010\/08\/20\/con-exito-se-realizo-el-ii-taller-sobre-cuidado-y-uso-de-animales-de-laboratorio\/#respond\"]}]},{\"@type\":\"WebPage\",\"@id\":\"https:\/\/medicina.udd.cl\/centro-medicina-regenerativa\/noticias\/2010\/08\/20\/con-exito-se-realizo-el-ii-taller-sobre-cuidado-y-uso-de-animales-de-laboratorio\/\",\"url\":\"https:\/\/medicina.udd.cl\/centro-medicina-regenerativa\/noticias\/2010\/08\/20\/con-exito-se-realizo-el-ii-taller-sobre-cuidado-y-uso-de-animales-de-laboratorio\/\",\"name\":\"Con \u00e9xito se realiz\u00f3 el II Taller sobre Cuidado y Uso de Animales de Laboratorio - Centro de Medicina Regenerativa\",\"isPartOf\":{\"@id\":\"https:\/\/medicina.udd.cl\/centro-medicina-regenerativa\/#website\"},\"datePublished\":\"2010-08-20T15:57:32+00:00\",\"dateModified\":\"2014-06-26T14:30:56+00:00\",\"author\":{\"@id\":\"https:\/\/medicina.udd.cl\/centro-medicina-regenerativa\/#\/schema\/person\/f7abfa784c86da427e89287831f96ab7\"},\"breadcrumb\":{\"@id\":\"https:\/\/medicina.udd.cl\/centro-medicina-regenerativa\/noticias\/2010\/08\/20\/con-exito-se-realizo-el-ii-taller-sobre-cuidado-y-uso-de-animales-de-laboratorio\/#breadcrumb\"},\"inLanguage\":\"es\",\"potentialAction\":[{\"@type\":\"ReadAction\",\"target\":[\"https:\/\/medicina.udd.cl\/centro-medicina-regenerativa\/noticias\/2010\/08\/20\/con-exito-se-realizo-el-ii-taller-sobre-cuidado-y-uso-de-animales-de-laboratorio\/\"]}]},{\"@type\":\"BreadcrumbList\",\"@id\":\"https:\/\/medicina.udd.cl\/centro-medicina-regenerativa\/noticias\/2010\/08\/20\/con-exito-se-realizo-el-ii-taller-sobre-cuidado-y-uso-de-animales-de-laboratorio\/#breadcrumb\",\"itemListElement\":[{\"@type\":\"ListItem\",\"position\":1,\"name\":\"Inicio\",\"item\":\"https:\/\/medicina.udd.cl\/centro-medicina-regenerativa\/\"},{\"@type\":\"ListItem\",\"position\":2,\"name\":\"Con \u00e9xito se realiz\u00f3 el II Taller sobre Cuidado y Uso de Animales de Laboratorio\"}]},{\"@type\":\"WebSite\",\"@id\":\"https:\/\/medicina.udd.cl\/centro-medicina-regenerativa\/#website\",\"url\":\"https:\/\/medicina.udd.cl\/centro-medicina-regenerativa\/\",\"name\":\"Centro de Medicina Regenerativa\",\"description\":\"\",\"inLanguage\":\"es\"},{\"@type\":\"Person\",\"@id\":\"https:\/\/medicina.udd.cl\/centro-medicina-regenerativa\/#\/schema\/person\/f7abfa784c86da427e89287831f96ab7\",\"name\":\"admin\",\"image\":{\"@type\":\"ImageObject\",\"inLanguage\":\"es\",\"@id\":\"https:\/\/medicina.udd.cl\/centro-medicina-regenerativa\/#\/schema\/person\/image\/\",\"url\":\"https:\/\/secure.gravatar.com\/avatar\/3cb6da298954dfb54457c0910b8c9ca010abd8d87a60f7d701b6ce4254e1c642?s=96&d=mm&r=g\",\"contentUrl\":\"https:\/\/secure.gravatar.com\/avatar\/3cb6da298954dfb54457c0910b8c9ca010abd8d87a60f7d701b6ce4254e1c642?s=96&d=mm&r=g\",\"caption\":\"admin\"},\"url\":\"https:\/\/medicina.udd.cl\/centro-medicina-regenerativa\/noticias\/author\/admin\/\"}]}<\/script>\n<!-- \/ Yoast SEO plugin. -->","yoast_head_json":{"title":"Con \u00e9xito se realiz\u00f3 el II Taller sobre Cuidado y Uso de Animales de Laboratorio - Centro de Medicina Regenerativa","robots":{"index":"index","follow":"follow","max-snippet":"max-snippet:-1","max-image-preview":"max-image-preview:large","max-video-preview":"max-video-preview:-1"},"canonical":"https:\/\/medicina.udd.cl\/centro-medicina-regenerativa\/noticias\/2010\/08\/20\/con-exito-se-realizo-el-ii-taller-sobre-cuidado-y-uso-de-animales-de-laboratorio\/","og_locale":"es_ES","og_type":"article","og_title":"Con \u00e9xito se realiz\u00f3 el II Taller sobre Cuidado y Uso de Animales de Laboratorio - Centro de Medicina Regenerativa","og_description":"El 17 y 18 de Junio de 2010 se realiz\u00f3 con \u00e9xito la segunda edici\u00f3n del Taller sobre Cuidado y Uso de Animales de Laboratorio","og_url":"https:\/\/medicina.udd.cl\/centro-medicina-regenerativa\/noticias\/2010\/08\/20\/con-exito-se-realizo-el-ii-taller-sobre-cuidado-y-uso-de-animales-de-laboratorio\/","og_site_name":"Centro de Medicina Regenerativa","article_published_time":"2010-08-20T15:57:32+00:00","article_modified_time":"2014-06-26T14:30:56+00:00","author":"admin","twitter_misc":{"Escrito por":"admin","Tiempo de lectura":"1 minuto"},"schema":{"@context":"https:\/\/schema.org","@graph":[{"@type":"Article","@id":"https:\/\/medicina.udd.cl\/centro-medicina-regenerativa\/noticias\/2010\/08\/20\/con-exito-se-realizo-el-ii-taller-sobre-cuidado-y-uso-de-animales-de-laboratorio\/#article","isPartOf":{"@id":"https:\/\/medicina.udd.cl\/centro-medicina-regenerativa\/noticias\/2010\/08\/20\/con-exito-se-realizo-el-ii-taller-sobre-cuidado-y-uso-de-animales-de-laboratorio\/"},"author":{"name":"admin","@id":"https:\/\/medicina.udd.cl\/centro-medicina-regenerativa\/#\/schema\/person\/f7abfa784c86da427e89287831f96ab7"},"headline":"Con \u00e9xito se realiz\u00f3 el II Taller sobre Cuidado y Uso de Animales de Laboratorio","datePublished":"2010-08-20T15:57:32+00:00","dateModified":"2014-06-26T14:30:56+00:00","mainEntityOfPage":{"@id":"https:\/\/medicina.udd.cl\/centro-medicina-regenerativa\/noticias\/2010\/08\/20\/con-exito-se-realizo-el-ii-taller-sobre-cuidado-y-uso-de-animales-de-laboratorio\/"},"wordCount":146,"commentCount":0,"articleSection":["Noticias"],"inLanguage":"es","potentialAction":[{"@type":"CommentAction","name":"Comment","target":["https:\/\/medicina.udd.cl\/centro-medicina-regenerativa\/noticias\/2010\/08\/20\/con-exito-se-realizo-el-ii-taller-sobre-cuidado-y-uso-de-animales-de-laboratorio\/#respond"]}]},{"@type":"WebPage","@id":"https:\/\/medicina.udd.cl\/centro-medicina-regenerativa\/noticias\/2010\/08\/20\/con-exito-se-realizo-el-ii-taller-sobre-cuidado-y-uso-de-animales-de-laboratorio\/","url":"https:\/\/medicina.udd.cl\/centro-medicina-regenerativa\/noticias\/2010\/08\/20\/con-exito-se-realizo-el-ii-taller-sobre-cuidado-y-uso-de-animales-de-laboratorio\/","name":"Con \u00e9xito se realiz\u00f3 el II Taller sobre Cuidado y Uso de Animales de Laboratorio - Centro de Medicina Regenerativa","isPartOf":{"@id":"https:\/\/medicina.udd.cl\/centro-medicina-regenerativa\/#website"},"datePublished":"2010-08-20T15:57:32+00:00","dateModified":"2014-06-26T14:30:56+00:00","author":{"@id":"https:\/\/medicina.udd.cl\/centro-medicina-regenerativa\/#\/schema\/person\/f7abfa784c86da427e89287831f96ab7"},"breadcrumb":{"@id":"https:\/\/medicina.udd.cl\/centro-medicina-regenerativa\/noticias\/2010\/08\/20\/con-exito-se-realizo-el-ii-taller-sobre-cuidado-y-uso-de-animales-de-laboratorio\/#breadcrumb"},"inLanguage":"es","potentialAction":[{"@type":"ReadAction","target":["https:\/\/medicina.udd.cl\/centro-medicina-regenerativa\/noticias\/2010\/08\/20\/con-exito-se-realizo-el-ii-taller-sobre-cuidado-y-uso-de-animales-de-laboratorio\/"]}]},{"@type":"BreadcrumbList","@id":"https:\/\/medicina.udd.cl\/centro-medicina-regenerativa\/noticias\/2010\/08\/20\/con-exito-se-realizo-el-ii-taller-sobre-cuidado-y-uso-de-animales-de-laboratorio\/#breadcrumb","itemListElement":[{"@type":"ListItem","position":1,"name":"Inicio","item":"https:\/\/medicina.udd.cl\/centro-medicina-regenerativa\/"},{"@type":"ListItem","position":2,"name":"Con \u00e9xito se realiz\u00f3 el II Taller sobre Cuidado y Uso de Animales de Laboratorio"}]},{"@type":"WebSite","@id":"https:\/\/medicina.udd.cl\/centro-medicina-regenerativa\/#website","url":"https:\/\/medicina.udd.cl\/centro-medicina-regenerativa\/","name":"Centro de Medicina Regenerativa","description":"","inLanguage":"es"},{"@type":"Person","@id":"https:\/\/medicina.udd.cl\/centro-medicina-regenerativa\/#\/schema\/person\/f7abfa784c86da427e89287831f96ab7","name":"admin","image":{"@type":"ImageObject","inLanguage":"es","@id":"https:\/\/medicina.udd.cl\/centro-medicina-regenerativa\/#\/schema\/person\/image\/","url":"https:\/\/secure.gravatar.com\/avatar\/3cb6da298954dfb54457c0910b8c9ca010abd8d87a60f7d701b6ce4254e1c642?s=96&d=mm&r=g","contentUrl":"https:\/\/secure.gravatar.com\/avatar\/3cb6da298954dfb54457c0910b8c9ca010abd8d87a60f7d701b6ce4254e1c642?s=96&d=mm&r=g","caption":"admin"},"url":"https:\/\/medicina.udd.cl\/centro-medicina-regenerativa\/noticias\/author\/admin\/"}]}},"featured_image_url":null,"_links":{"self":[{"href":"https:\/\/medicina.udd.cl\/centro-medicina-regenerativa\/wp-json\/wp\/v2\/posts\/271","targetHints":{"allow":["GET"]}}],"collection":[{"href":"https:\/\/medicina.udd.cl\/centro-medicina-regenerativa\/wp-json\/wp\/v2\/posts"}],"about":[{"href":"https:\/\/medicina.udd.cl\/centro-medicina-regenerativa\/wp-json\/wp\/v2\/types\/post"}],"author":[{"embeddable":true,"href":"https:\/\/medicina.udd.cl\/centro-medicina-regenerativa\/wp-json\/wp\/v2\/users\/1"}],"replies":[{"embeddable":true,"href":"https:\/\/medicina.udd.cl\/centro-medicina-regenerativa\/wp-json\/wp\/v2\/comments?post=271"}],"version-history":[{"count":2,"href":"https:\/\/medicina.udd.cl\/centro-medicina-regenerativa\/wp-json\/wp\/v2\/posts\/271\/revisions"}],"predecessor-version":[{"id":1836,"href":"https:\/\/medicina.udd.cl\/centro-medicina-regenerativa\/wp-json\/wp\/v2\/posts\/271\/revisions\/1836"}],"wp:attachment":[{"href":"https:\/\/medicina.udd.cl\/centro-medicina-regenerativa\/wp-json\/wp\/v2\/media?parent=271"}],"wp:term":[{"taxonomy":"category","embeddable":true,"href":"https:\/\/medicina.udd.cl\/centro-medicina-regenerativa\/wp-json\/wp\/v2\/categories?post=271"},{"taxonomy":"post_tag","embeddable":true,"href":"https:\/\/medicina.udd.cl\/centro-medicina-regenerativa\/wp-json\/wp\/v2\/tags?post=271"}],"curies":[{"name":"wp","href":"https:\/\/api.w.org\/{rel}","templated":true}]}}