{"id":2737,"date":"2018-11-16T15:45:22","date_gmt":"2018-11-16T18:45:22","guid":{"rendered":"http:\/\/medicina.udd.cl\/centro-medicina-regenerativa\/?p=2737"},"modified":"2018-11-16T15:53:35","modified_gmt":"2018-11-16T18:53:35","slug":"investigacion-colaborativa-aproxima-metastasis-del-cancer-cervico-uterino-con-la-percepcion-de-jovenes-sobre-esta-enfermedad","status":"publish","type":"post","link":"https:\/\/medicina.udd.cl\/centro-medicina-regenerativa\/noticias\/2018\/11\/16\/investigacion-colaborativa-aproxima-metastasis-del-cancer-cervico-uterino-con-la-percepcion-de-jovenes-sobre-esta-enfermedad\/","title":{"rendered":"Investigaci\u00f3n colaborativa aproxima met\u00e1stasis del c\u00e1ncer c\u00e9rvico uterino con la percepci\u00f3n de j\u00f3venes sobre esta enfermedad"},"content":{"rendered":"<p><a href=\"http:\/\/medicina.udd.cl\/centro-medicina-regenerativa\/files\/2018\/11\/foto-1.jpg\"><img loading=\"lazy\" decoding=\"async\" class=\"aligncenter wp-image-2739\" src=\"http:\/\/medicina.udd.cl\/centro-medicina-regenerativa\/files\/2018\/11\/foto-1-300x225.jpg\" alt=\"\" width=\"420\" height=\"315\" srcset=\"https:\/\/medicina.udd.cl\/centro-medicina-regenerativa\/files\/2018\/11\/foto-1-300x225.jpg 300w, https:\/\/medicina.udd.cl\/centro-medicina-regenerativa\/files\/2018\/11\/foto-1.jpg 467w\" sizes=\"auto, (max-width: 420px) 100vw, 420px\" \/><\/a>Lorena Lobos y Alexandra Obach, investigadoras del Instituto de Ciencias e Innovaci\u00f3n en Medicina (ICIM) de la Universidad del Desarrollo (UDD), junto a estudiantes de tercer a\u00f1o de Pedagog\u00eda en Biolog\u00eda y Ciencias Naturales Especialidad en Indagaci\u00f3n Cient\u00edfica Escolar de la U. Alberto Hurtado (UAH), trabajaron en un innovador proyecto colaborativo.<\/p>\n<p>El trabajo, que fue presentado en el marco de la Feria de Ciencias e Innovaci\u00f3n 2018 de la UDD \u2013instancia en la que tanto acad\u00e9micos como alumnos presentan sus investigaciones en curso a la comunidad universitaria- se denomin\u00f3 \u201cC\u00e9rvix: interacci\u00f3n celular y social\u201d y consisti\u00f3 en una primera aproximaci\u00f3n a dos mundos tan distintos como el de la met\u00e1stasis del c\u00e1ncer c\u00e9rvico uterino y la percepci\u00f3n de j\u00f3venes entre 19 y 23 a\u00f1os sobre esta enfermedad.<\/p>\n<p>Seg\u00fan cuenta Lorena Lobos, para llevar a cabo este trabajo, los estudiantes de la UAH realizaron encuentras entre sus compa\u00f1eros de universidad, \u201cadem\u00e1s de mostrar que las c\u00e9lulas invad\u00edan m\u00e1s y ten\u00edan caracter\u00edsticas metast\u00e1sicas muy agresivas en un modelo c\u00e9rvico uterino\u201d.<\/p>\n","protected":false},"excerpt":{"rendered":"<p>El estudio, llevado a cabo por Alexandra Obach, del Programa de Estudios Sociales en Salud; Lorena Lobos, del Centro de Medicina Regenerativa; junto a estudiantes de la Universidad Alberto Hurtado, fue presentado en la Feria de Ciencias e Innovaci\u00f3n 2018 de la Universidad del Desarrollo.<\/p>\n","protected":false},"author":42,"featured_media":2739,"comment_status":"open","ping_status":"open","sticky":false,"template":"","format":"standard","meta":{"footnotes":""},"categories":[4],"tags":[],"class_list":["post-2737","post","type-post","status-publish","format-standard","has-post-thumbnail","hentry","category-noticias"],"yoast_head":"<!-- This site is optimized with the Yoast SEO plugin v26.9 - https:\/\/yoast.com\/product\/yoast-seo-wordpress\/ -->\n<title>Investigaci\u00f3n colaborativa aproxima met\u00e1stasis del c\u00e1ncer c\u00e9rvico uterino con la percepci\u00f3n de j\u00f3venes sobre esta enfermedad - Centro de Medicina Regenerativa<\/title>\n<meta name=\"robots\" content=\"index, follow, max-snippet:-1, max-image-preview:large, max-video-preview:-1\" \/>\n<link rel=\"canonical\" href=\"https:\/\/medicina.udd.cl\/centro-medicina-regenerativa\/noticias\/2018\/11\/16\/investigacion-colaborativa-aproxima-metastasis-del-cancer-cervico-uterino-con-la-percepcion-de-jovenes-sobre-esta-enfermedad\/\" \/>\n<meta property=\"og:locale\" content=\"es_ES\" \/>\n<meta property=\"og:type\" content=\"article\" \/>\n<meta property=\"og:title\" content=\"Investigaci\u00f3n colaborativa aproxima met\u00e1stasis del c\u00e1ncer c\u00e9rvico uterino con la percepci\u00f3n de j\u00f3venes sobre esta enfermedad - Centro de Medicina Regenerativa\" \/>\n<meta property=\"og:description\" content=\"El estudio, llevado a cabo por Alexandra Obach, del Programa de Estudios Sociales en Salud; Lorena Lobos, del Centro de Medicina Regenerativa; junto a estudiantes de la Universidad Alberto Hurtado, fue presentado en la Feria de Ciencias e Innovaci\u00f3n 2018 de la Universidad del Desarrollo.\" \/>\n<meta property=\"og:url\" content=\"https:\/\/medicina.udd.cl\/centro-medicina-regenerativa\/noticias\/2018\/11\/16\/investigacion-colaborativa-aproxima-metastasis-del-cancer-cervico-uterino-con-la-percepcion-de-jovenes-sobre-esta-enfermedad\/\" \/>\n<meta property=\"og:site_name\" content=\"Centro de Medicina Regenerativa\" \/>\n<meta property=\"article:published_time\" content=\"2018-11-16T18:45:22+00:00\" \/>\n<meta property=\"article:modified_time\" content=\"2018-11-16T18:53:35+00:00\" \/>\n<meta property=\"og:image\" content=\"https:\/\/medicina.udd.cl\/centro-medicina-regenerativa\/files\/2018\/11\/foto-1.jpg\" \/>\n\t<meta property=\"og:image:width\" content=\"467\" \/>\n\t<meta property=\"og:image:height\" content=\"350\" \/>\n\t<meta property=\"og:image:type\" content=\"image\/jpeg\" \/>\n<meta name=\"twitter:label1\" content=\"Escrito por\" \/>\n\t<meta name=\"twitter:data1\" content=\"\" \/>\n\t<meta name=\"twitter:label2\" content=\"Tiempo de lectura\" \/>\n\t<meta name=\"twitter:data2\" content=\"1 minuto\" \/>\n<script type=\"application\/ld+json\" class=\"yoast-schema-graph\">{\"@context\":\"https:\/\/schema.org\",\"@graph\":[{\"@type\":\"Article\",\"@id\":\"https:\/\/medicina.udd.cl\/centro-medicina-regenerativa\/noticias\/2018\/11\/16\/investigacion-colaborativa-aproxima-metastasis-del-cancer-cervico-uterino-con-la-percepcion-de-jovenes-sobre-esta-enfermedad\/#article\",\"isPartOf\":{\"@id\":\"https:\/\/medicina.udd.cl\/centro-medicina-regenerativa\/noticias\/2018\/11\/16\/investigacion-colaborativa-aproxima-metastasis-del-cancer-cervico-uterino-con-la-percepcion-de-jovenes-sobre-esta-enfermedad\/\"},\"author\":{\"name\":\"\",\"@id\":\"\"},\"headline\":\"Investigaci\u00f3n colaborativa aproxima met\u00e1stasis del c\u00e1ncer c\u00e9rvico uterino con la percepci\u00f3n de j\u00f3venes sobre esta enfermedad\",\"datePublished\":\"2018-11-16T18:45:22+00:00\",\"dateModified\":\"2018-11-16T18:53:35+00:00\",\"mainEntityOfPage\":{\"@id\":\"https:\/\/medicina.udd.cl\/centro-medicina-regenerativa\/noticias\/2018\/11\/16\/investigacion-colaborativa-aproxima-metastasis-del-cancer-cervico-uterino-con-la-percepcion-de-jovenes-sobre-esta-enfermedad\/\"},\"wordCount\":214,\"commentCount\":0,\"image\":{\"@id\":\"https:\/\/medicina.udd.cl\/centro-medicina-regenerativa\/noticias\/2018\/11\/16\/investigacion-colaborativa-aproxima-metastasis-del-cancer-cervico-uterino-con-la-percepcion-de-jovenes-sobre-esta-enfermedad\/#primaryimage\"},\"thumbnailUrl\":\"https:\/\/medicina.udd.cl\/centro-medicina-regenerativa\/files\/2018\/11\/foto-1.jpg\",\"articleSection\":[\"Noticias\"],\"inLanguage\":\"es\",\"potentialAction\":[{\"@type\":\"CommentAction\",\"name\":\"Comment\",\"target\":[\"https:\/\/medicina.udd.cl\/centro-medicina-regenerativa\/noticias\/2018\/11\/16\/investigacion-colaborativa-aproxima-metastasis-del-cancer-cervico-uterino-con-la-percepcion-de-jovenes-sobre-esta-enfermedad\/#respond\"]}]},{\"@type\":\"WebPage\",\"@id\":\"https:\/\/medicina.udd.cl\/centro-medicina-regenerativa\/noticias\/2018\/11\/16\/investigacion-colaborativa-aproxima-metastasis-del-cancer-cervico-uterino-con-la-percepcion-de-jovenes-sobre-esta-enfermedad\/\",\"url\":\"https:\/\/medicina.udd.cl\/centro-medicina-regenerativa\/noticias\/2018\/11\/16\/investigacion-colaborativa-aproxima-metastasis-del-cancer-cervico-uterino-con-la-percepcion-de-jovenes-sobre-esta-enfermedad\/\",\"name\":\"Investigaci\u00f3n colaborativa aproxima met\u00e1stasis del c\u00e1ncer c\u00e9rvico uterino con la percepci\u00f3n de j\u00f3venes sobre esta enfermedad - Centro de Medicina Regenerativa\",\"isPartOf\":{\"@id\":\"https:\/\/medicina.udd.cl\/centro-medicina-regenerativa\/#website\"},\"primaryImageOfPage\":{\"@id\":\"https:\/\/medicina.udd.cl\/centro-medicina-regenerativa\/noticias\/2018\/11\/16\/investigacion-colaborativa-aproxima-metastasis-del-cancer-cervico-uterino-con-la-percepcion-de-jovenes-sobre-esta-enfermedad\/#primaryimage\"},\"image\":{\"@id\":\"https:\/\/medicina.udd.cl\/centro-medicina-regenerativa\/noticias\/2018\/11\/16\/investigacion-colaborativa-aproxima-metastasis-del-cancer-cervico-uterino-con-la-percepcion-de-jovenes-sobre-esta-enfermedad\/#primaryimage\"},\"thumbnailUrl\":\"https:\/\/medicina.udd.cl\/centro-medicina-regenerativa\/files\/2018\/11\/foto-1.jpg\",\"datePublished\":\"2018-11-16T18:45:22+00:00\",\"dateModified\":\"2018-11-16T18:53:35+00:00\",\"author\":{\"@id\":\"\"},\"breadcrumb\":{\"@id\":\"https:\/\/medicina.udd.cl\/centro-medicina-regenerativa\/noticias\/2018\/11\/16\/investigacion-colaborativa-aproxima-metastasis-del-cancer-cervico-uterino-con-la-percepcion-de-jovenes-sobre-esta-enfermedad\/#breadcrumb\"},\"inLanguage\":\"es\",\"potentialAction\":[{\"@type\":\"ReadAction\",\"target\":[\"https:\/\/medicina.udd.cl\/centro-medicina-regenerativa\/noticias\/2018\/11\/16\/investigacion-colaborativa-aproxima-metastasis-del-cancer-cervico-uterino-con-la-percepcion-de-jovenes-sobre-esta-enfermedad\/\"]}]},{\"@type\":\"ImageObject\",\"inLanguage\":\"es\",\"@id\":\"https:\/\/medicina.udd.cl\/centro-medicina-regenerativa\/noticias\/2018\/11\/16\/investigacion-colaborativa-aproxima-metastasis-del-cancer-cervico-uterino-con-la-percepcion-de-jovenes-sobre-esta-enfermedad\/#primaryimage\",\"url\":\"https:\/\/medicina.udd.cl\/centro-medicina-regenerativa\/files\/2018\/11\/foto-1.jpg\",\"contentUrl\":\"https:\/\/medicina.udd.cl\/centro-medicina-regenerativa\/files\/2018\/11\/foto-1.jpg\",\"width\":467,\"height\":350},{\"@type\":\"BreadcrumbList\",\"@id\":\"https:\/\/medicina.udd.cl\/centro-medicina-regenerativa\/noticias\/2018\/11\/16\/investigacion-colaborativa-aproxima-metastasis-del-cancer-cervico-uterino-con-la-percepcion-de-jovenes-sobre-esta-enfermedad\/#breadcrumb\",\"itemListElement\":[{\"@type\":\"ListItem\",\"position\":1,\"name\":\"Inicio\",\"item\":\"https:\/\/medicina.udd.cl\/centro-medicina-regenerativa\/\"},{\"@type\":\"ListItem\",\"position\":2,\"name\":\"Investigaci\u00f3n colaborativa aproxima met\u00e1stasis del c\u00e1ncer c\u00e9rvico uterino con la percepci\u00f3n de j\u00f3venes sobre esta enfermedad\"}]},{\"@type\":\"WebSite\",\"@id\":\"https:\/\/medicina.udd.cl\/centro-medicina-regenerativa\/#website\",\"url\":\"https:\/\/medicina.udd.cl\/centro-medicina-regenerativa\/\",\"name\":\"Centro de Medicina Regenerativa\",\"description\":\"\",\"inLanguage\":\"es\"},{\"@type\":\"Person\",\"@id\":\"\",\"url\":\"https:\/\/medicina.udd.cl\/centro-medicina-regenerativa\/noticias\/author\/\"}]}<\/script>\n<!-- \/ Yoast SEO plugin. -->","yoast_head_json":{"title":"Investigaci\u00f3n colaborativa aproxima met\u00e1stasis del c\u00e1ncer c\u00e9rvico uterino con la percepci\u00f3n de j\u00f3venes sobre esta enfermedad - Centro de Medicina Regenerativa","robots":{"index":"index","follow":"follow","max-snippet":"max-snippet:-1","max-image-preview":"max-image-preview:large","max-video-preview":"max-video-preview:-1"},"canonical":"https:\/\/medicina.udd.cl\/centro-medicina-regenerativa\/noticias\/2018\/11\/16\/investigacion-colaborativa-aproxima-metastasis-del-cancer-cervico-uterino-con-la-percepcion-de-jovenes-sobre-esta-enfermedad\/","og_locale":"es_ES","og_type":"article","og_title":"Investigaci\u00f3n colaborativa aproxima met\u00e1stasis del c\u00e1ncer c\u00e9rvico uterino con la percepci\u00f3n de j\u00f3venes sobre esta enfermedad - Centro de Medicina Regenerativa","og_description":"El estudio, llevado a cabo por Alexandra Obach, del Programa de Estudios Sociales en Salud; Lorena Lobos, del Centro de Medicina Regenerativa; junto a estudiantes de la Universidad Alberto Hurtado, fue presentado en la Feria de Ciencias e Innovaci\u00f3n 2018 de la Universidad del Desarrollo.","og_url":"https:\/\/medicina.udd.cl\/centro-medicina-regenerativa\/noticias\/2018\/11\/16\/investigacion-colaborativa-aproxima-metastasis-del-cancer-cervico-uterino-con-la-percepcion-de-jovenes-sobre-esta-enfermedad\/","og_site_name":"Centro de Medicina Regenerativa","article_published_time":"2018-11-16T18:45:22+00:00","article_modified_time":"2018-11-16T18:53:35+00:00","og_image":[{"width":467,"height":350,"url":"https:\/\/medicina.udd.cl\/centro-medicina-regenerativa\/files\/2018\/11\/foto-1.jpg","type":"image\/jpeg"}],"twitter_misc":{"Escrito por":"","Tiempo de lectura":"1 minuto"},"schema":{"@context":"https:\/\/schema.org","@graph":[{"@type":"Article","@id":"https:\/\/medicina.udd.cl\/centro-medicina-regenerativa\/noticias\/2018\/11\/16\/investigacion-colaborativa-aproxima-metastasis-del-cancer-cervico-uterino-con-la-percepcion-de-jovenes-sobre-esta-enfermedad\/#article","isPartOf":{"@id":"https:\/\/medicina.udd.cl\/centro-medicina-regenerativa\/noticias\/2018\/11\/16\/investigacion-colaborativa-aproxima-metastasis-del-cancer-cervico-uterino-con-la-percepcion-de-jovenes-sobre-esta-enfermedad\/"},"author":{"name":"","@id":""},"headline":"Investigaci\u00f3n colaborativa aproxima met\u00e1stasis del c\u00e1ncer c\u00e9rvico uterino con la percepci\u00f3n de j\u00f3venes sobre esta enfermedad","datePublished":"2018-11-16T18:45:22+00:00","dateModified":"2018-11-16T18:53:35+00:00","mainEntityOfPage":{"@id":"https:\/\/medicina.udd.cl\/centro-medicina-regenerativa\/noticias\/2018\/11\/16\/investigacion-colaborativa-aproxima-metastasis-del-cancer-cervico-uterino-con-la-percepcion-de-jovenes-sobre-esta-enfermedad\/"},"wordCount":214,"commentCount":0,"image":{"@id":"https:\/\/medicina.udd.cl\/centro-medicina-regenerativa\/noticias\/2018\/11\/16\/investigacion-colaborativa-aproxima-metastasis-del-cancer-cervico-uterino-con-la-percepcion-de-jovenes-sobre-esta-enfermedad\/#primaryimage"},"thumbnailUrl":"https:\/\/medicina.udd.cl\/centro-medicina-regenerativa\/files\/2018\/11\/foto-1.jpg","articleSection":["Noticias"],"inLanguage":"es","potentialAction":[{"@type":"CommentAction","name":"Comment","target":["https:\/\/medicina.udd.cl\/centro-medicina-regenerativa\/noticias\/2018\/11\/16\/investigacion-colaborativa-aproxima-metastasis-del-cancer-cervico-uterino-con-la-percepcion-de-jovenes-sobre-esta-enfermedad\/#respond"]}]},{"@type":"WebPage","@id":"https:\/\/medicina.udd.cl\/centro-medicina-regenerativa\/noticias\/2018\/11\/16\/investigacion-colaborativa-aproxima-metastasis-del-cancer-cervico-uterino-con-la-percepcion-de-jovenes-sobre-esta-enfermedad\/","url":"https:\/\/medicina.udd.cl\/centro-medicina-regenerativa\/noticias\/2018\/11\/16\/investigacion-colaborativa-aproxima-metastasis-del-cancer-cervico-uterino-con-la-percepcion-de-jovenes-sobre-esta-enfermedad\/","name":"Investigaci\u00f3n colaborativa aproxima met\u00e1stasis del c\u00e1ncer c\u00e9rvico uterino con la percepci\u00f3n de j\u00f3venes sobre esta enfermedad - Centro de Medicina Regenerativa","isPartOf":{"@id":"https:\/\/medicina.udd.cl\/centro-medicina-regenerativa\/#website"},"primaryImageOfPage":{"@id":"https:\/\/medicina.udd.cl\/centro-medicina-regenerativa\/noticias\/2018\/11\/16\/investigacion-colaborativa-aproxima-metastasis-del-cancer-cervico-uterino-con-la-percepcion-de-jovenes-sobre-esta-enfermedad\/#primaryimage"},"image":{"@id":"https:\/\/medicina.udd.cl\/centro-medicina-regenerativa\/noticias\/2018\/11\/16\/investigacion-colaborativa-aproxima-metastasis-del-cancer-cervico-uterino-con-la-percepcion-de-jovenes-sobre-esta-enfermedad\/#primaryimage"},"thumbnailUrl":"https:\/\/medicina.udd.cl\/centro-medicina-regenerativa\/files\/2018\/11\/foto-1.jpg","datePublished":"2018-11-16T18:45:22+00:00","dateModified":"2018-11-16T18:53:35+00:00","author":{"@id":""},"breadcrumb":{"@id":"https:\/\/medicina.udd.cl\/centro-medicina-regenerativa\/noticias\/2018\/11\/16\/investigacion-colaborativa-aproxima-metastasis-del-cancer-cervico-uterino-con-la-percepcion-de-jovenes-sobre-esta-enfermedad\/#breadcrumb"},"inLanguage":"es","potentialAction":[{"@type":"ReadAction","target":["https:\/\/medicina.udd.cl\/centro-medicina-regenerativa\/noticias\/2018\/11\/16\/investigacion-colaborativa-aproxima-metastasis-del-cancer-cervico-uterino-con-la-percepcion-de-jovenes-sobre-esta-enfermedad\/"]}]},{"@type":"ImageObject","inLanguage":"es","@id":"https:\/\/medicina.udd.cl\/centro-medicina-regenerativa\/noticias\/2018\/11\/16\/investigacion-colaborativa-aproxima-metastasis-del-cancer-cervico-uterino-con-la-percepcion-de-jovenes-sobre-esta-enfermedad\/#primaryimage","url":"https:\/\/medicina.udd.cl\/centro-medicina-regenerativa\/files\/2018\/11\/foto-1.jpg","contentUrl":"https:\/\/medicina.udd.cl\/centro-medicina-regenerativa\/files\/2018\/11\/foto-1.jpg","width":467,"height":350},{"@type":"BreadcrumbList","@id":"https:\/\/medicina.udd.cl\/centro-medicina-regenerativa\/noticias\/2018\/11\/16\/investigacion-colaborativa-aproxima-metastasis-del-cancer-cervico-uterino-con-la-percepcion-de-jovenes-sobre-esta-enfermedad\/#breadcrumb","itemListElement":[{"@type":"ListItem","position":1,"name":"Inicio","item":"https:\/\/medicina.udd.cl\/centro-medicina-regenerativa\/"},{"@type":"ListItem","position":2,"name":"Investigaci\u00f3n colaborativa aproxima met\u00e1stasis del c\u00e1ncer c\u00e9rvico uterino con la percepci\u00f3n de j\u00f3venes sobre esta enfermedad"}]},{"@type":"WebSite","@id":"https:\/\/medicina.udd.cl\/centro-medicina-regenerativa\/#website","url":"https:\/\/medicina.udd.cl\/centro-medicina-regenerativa\/","name":"Centro de Medicina Regenerativa","description":"","inLanguage":"es"},{"@type":"Person","@id":"","url":"https:\/\/medicina.udd.cl\/centro-medicina-regenerativa\/noticias\/author\/"}]}},"featured_image_url":"https:\/\/medicina.udd.cl\/centro-medicina-regenerativa\/files\/2018\/11\/foto-1.jpg","_links":{"self":[{"href":"https:\/\/medicina.udd.cl\/centro-medicina-regenerativa\/wp-json\/wp\/v2\/posts\/2737","targetHints":{"allow":["GET"]}}],"collection":[{"href":"https:\/\/medicina.udd.cl\/centro-medicina-regenerativa\/wp-json\/wp\/v2\/posts"}],"about":[{"href":"https:\/\/medicina.udd.cl\/centro-medicina-regenerativa\/wp-json\/wp\/v2\/types\/post"}],"author":[{"embeddable":true,"href":"https:\/\/medicina.udd.cl\/centro-medicina-regenerativa\/wp-json\/wp\/v2\/users\/42"}],"replies":[{"embeddable":true,"href":"https:\/\/medicina.udd.cl\/centro-medicina-regenerativa\/wp-json\/wp\/v2\/comments?post=2737"}],"version-history":[{"count":3,"href":"https:\/\/medicina.udd.cl\/centro-medicina-regenerativa\/wp-json\/wp\/v2\/posts\/2737\/revisions"}],"predecessor-version":[{"id":2741,"href":"https:\/\/medicina.udd.cl\/centro-medicina-regenerativa\/wp-json\/wp\/v2\/posts\/2737\/revisions\/2741"}],"wp:featuredmedia":[{"embeddable":true,"href":"https:\/\/medicina.udd.cl\/centro-medicina-regenerativa\/wp-json\/wp\/v2\/media\/2739"}],"wp:attachment":[{"href":"https:\/\/medicina.udd.cl\/centro-medicina-regenerativa\/wp-json\/wp\/v2\/media?parent=2737"}],"wp:term":[{"taxonomy":"category","embeddable":true,"href":"https:\/\/medicina.udd.cl\/centro-medicina-regenerativa\/wp-json\/wp\/v2\/categories?post=2737"},{"taxonomy":"post_tag","embeddable":true,"href":"https:\/\/medicina.udd.cl\/centro-medicina-regenerativa\/wp-json\/wp\/v2\/tags?post=2737"}],"curies":[{"name":"wp","href":"https:\/\/api.w.org\/{rel}","templated":true}]}}