{"id":2742,"date":"2018-11-21T11:57:10","date_gmt":"2018-11-21T14:57:10","guid":{"rendered":"http:\/\/medicina.udd.cl\/centro-medicina-regenerativa\/?p=2742"},"modified":"2018-11-21T11:57:10","modified_gmt":"2018-11-21T14:57:10","slug":"investigadora-del-cmr-participo-en-ii-simposio-de-biologia-del-rna","status":"publish","type":"post","link":"https:\/\/medicina.udd.cl\/centro-medicina-regenerativa\/noticias\/2018\/11\/21\/investigadora-del-cmr-participo-en-ii-simposio-de-biologia-del-rna\/","title":{"rendered":"Investigadora del CMR particip\u00f3 en II Simposio de Biolog\u00eda del RNA"},"content":{"rendered":"<div id=\"gallery-1\" class=\"carousel slide carousel-gallery\" data-ride=\"false\" data-interval=\"false\"><div class=\"carousel-inner\" role=\"listbox\"><figure class=\"carousel-item active\"><img loading=\"lazy\" decoding=\"async\" width=\"949\" height=\"534\" src=\"https:\/\/medicina.udd.cl\/centro-medicina-regenerativa\/files\/2018\/11\/Congreso-RNA-6-300x169.jpg\" class=\"attachment-landscape_952 size-landscape_952 lazyload\" alt=\"\" sizes=\"auto, (max-width: 949px) 100vw, 949px\" data-src=\"https:\/\/medicina.udd.cl\/centro-medicina-regenerativa\/files\/2018\/11\/Congreso-RNA-6.jpg\" data-srcset=\"https:\/\/medicina.udd.cl\/centro-medicina-regenerativa\/files\/2018\/11\/Congreso-RNA-6.jpg 1280w, https:\/\/medicina.udd.cl\/centro-medicina-regenerativa\/files\/2018\/11\/Congreso-RNA-6-300x169.jpg 300w, https:\/\/medicina.udd.cl\/centro-medicina-regenerativa\/files\/2018\/11\/Congreso-RNA-6-768x432.jpg 768w, https:\/\/medicina.udd.cl\/centro-medicina-regenerativa\/files\/2018\/11\/Congreso-RNA-6-1024x576.jpg 1024w, https:\/\/medicina.udd.cl\/centro-medicina-regenerativa\/files\/2018\/11\/Congreso-RNA-6-800x450.jpg 800w, https:\/\/medicina.udd.cl\/centro-medicina-regenerativa\/files\/2018\/11\/Congreso-RNA-6-960x540.jpg 960w\" \/><\/figure><figure class=\"carousel-item\"><img loading=\"lazy\" decoding=\"async\" width=\"534\" height=\"534\" src=\"https:\/\/medicina.udd.cl\/centro-medicina-regenerativa\/files\/2018\/11\/Congreso-RNA-5-800x450.jpg\" class=\"attachment-landscape_952 size-landscape_952 lazyload\" alt=\"\" sizes=\"auto, (max-width: 534px) 100vw, 534px\" data-src=\"https:\/\/medicina.udd.cl\/centro-medicina-regenerativa\/files\/2018\/11\/Congreso-RNA-5.jpg\" data-srcset=\"https:\/\/medicina.udd.cl\/centro-medicina-regenerativa\/files\/2018\/11\/Congreso-RNA-5.jpg 1080w, https:\/\/medicina.udd.cl\/centro-medicina-regenerativa\/files\/2018\/11\/Congreso-RNA-5-150x150.jpg 150w, https:\/\/medicina.udd.cl\/centro-medicina-regenerativa\/files\/2018\/11\/Congreso-RNA-5-300x300.jpg 300w, https:\/\/medicina.udd.cl\/centro-medicina-regenerativa\/files\/2018\/11\/Congreso-RNA-5-768x768.jpg 768w, https:\/\/medicina.udd.cl\/centro-medicina-regenerativa\/files\/2018\/11\/Congreso-RNA-5-1024x1024.jpg 1024w, https:\/\/medicina.udd.cl\/centro-medicina-regenerativa\/files\/2018\/11\/Congreso-RNA-5-62x62.jpg 62w, https:\/\/medicina.udd.cl\/centro-medicina-regenerativa\/files\/2018\/11\/Congreso-RNA-5-960x960.jpg 960w, https:\/\/medicina.udd.cl\/centro-medicina-regenerativa\/files\/2018\/11\/Congreso-RNA-5-126x126.jpg 126w\" \/><\/figure><figure class=\"carousel-item\"><img loading=\"lazy\" decoding=\"async\" width=\"949\" height=\"534\" src=\"https:\/\/medicina.udd.cl\/centro-medicina-regenerativa\/files\/2018\/11\/Congreso-RNA-1-300x169.jpg\" class=\"attachment-landscape_952 size-landscape_952 lazyload\" alt=\"\" sizes=\"auto, (max-width: 949px) 100vw, 949px\" data-src=\"https:\/\/medicina.udd.cl\/centro-medicina-regenerativa\/files\/2018\/11\/Congreso-RNA-1.jpg\" data-srcset=\"https:\/\/medicina.udd.cl\/centro-medicina-regenerativa\/files\/2018\/11\/Congreso-RNA-1.jpg 1280w, https:\/\/medicina.udd.cl\/centro-medicina-regenerativa\/files\/2018\/11\/Congreso-RNA-1-300x169.jpg 300w, https:\/\/medicina.udd.cl\/centro-medicina-regenerativa\/files\/2018\/11\/Congreso-RNA-1-768x432.jpg 768w, https:\/\/medicina.udd.cl\/centro-medicina-regenerativa\/files\/2018\/11\/Congreso-RNA-1-1024x576.jpg 1024w, https:\/\/medicina.udd.cl\/centro-medicina-regenerativa\/files\/2018\/11\/Congreso-RNA-1-800x450.jpg 800w, https:\/\/medicina.udd.cl\/centro-medicina-regenerativa\/files\/2018\/11\/Congreso-RNA-1-960x540.jpg 960w\" \/><\/figure><figure class=\"carousel-item\"><img loading=\"lazy\" decoding=\"async\" width=\"949\" height=\"534\" src=\"https:\/\/medicina.udd.cl\/centro-medicina-regenerativa\/files\/2018\/11\/Congreso-RNA-3-300x169.jpg\" class=\"attachment-landscape_952 size-landscape_952 lazyload\" alt=\"\" sizes=\"auto, (max-width: 949px) 100vw, 949px\" data-src=\"https:\/\/medicina.udd.cl\/centro-medicina-regenerativa\/files\/2018\/11\/Congreso-RNA-3.jpg\" data-srcset=\"https:\/\/medicina.udd.cl\/centro-medicina-regenerativa\/files\/2018\/11\/Congreso-RNA-3.jpg 1280w, https:\/\/medicina.udd.cl\/centro-medicina-regenerativa\/files\/2018\/11\/Congreso-RNA-3-300x169.jpg 300w, https:\/\/medicina.udd.cl\/centro-medicina-regenerativa\/files\/2018\/11\/Congreso-RNA-3-768x432.jpg 768w, https:\/\/medicina.udd.cl\/centro-medicina-regenerativa\/files\/2018\/11\/Congreso-RNA-3-1024x576.jpg 1024w, https:\/\/medicina.udd.cl\/centro-medicina-regenerativa\/files\/2018\/11\/Congreso-RNA-3-800x450.jpg 800w, https:\/\/medicina.udd.cl\/centro-medicina-regenerativa\/files\/2018\/11\/Congreso-RNA-3-960x540.jpg 960w\" \/><\/figure><\/div><footer class=\"carousel-footer\"><div class=\"carousel-counter\"><span class=\"carousel-counter-current\"><\/span> \/ <span class=\"carousel-counter-total\"><\/span><\/div><a class=\"carousel-control-prev\" href=\"#gallery-1\" role=\"button\" data-slide=\"prev\"><svg aria-hidden=\"true\" class=\"svg-chevron-left-dims\"><use xlink:href='https:\/\/medicina.udd.cl\/centro-medicina-regenerativa\/wp-content\/themes\/facultades-2018\/assets\/img\/svg\/dist\/main.svg?version=1695853099#chevron-left'><\/use><\/svg><span class=\"sr-only\">Anterior<\/span><\/a><a class=\"carousel-control-next\" href=\"#gallery-1\" role=\"button\" data-slide=\"next\"><svg aria-hidden=\"true\" class=\"svg-chevron-right-dims\"><use xlink:href='https:\/\/medicina.udd.cl\/centro-medicina-regenerativa\/wp-content\/themes\/facultades-2018\/assets\/img\/svg\/dist\/main.svg?version=1695853099#chevron-right'><\/use><\/svg><span class=\"sr-only\">Siguiente<\/span><\/a><\/footer><\/div>\n<p>La visi\u00f3n sobre la biolog\u00eda de los RNA ha cambiado durante os \u00faltimos 10 y 15 a\u00f1os. En este contexto, y con el objetivo de entregar un espacio de conversaci\u00f3n al respecto a los investigadores que trabajan en este tema, se realiz\u00f3 el II Simposio de Biolog\u00eda del RNA.<\/p>\n<p>El encuentro, actividad sat\u00e9lite del Congreso de la Asociaci\u00f3n Latinoamericana de Microbiolog\u00eda (ALAM), cont\u00f3 con la participaci\u00f3n de destacados expositores, quienes realizaron una serie de charlas, adem\u00e1s de una instancia de presentaci\u00f3n de posters.<\/p>\n<p>Lorena Lobos, investigadora docente del Centro de Medicina Regenerativa del Instituto de Ciencias e Innovaci\u00f3n en Medicina (ICIM) de la Universidad del Desarrollo, fue una de las expositoras, presentando el tema \u201cMicroves\u00edculas, exosomas: \u00bfqui\u00e9n propaga el c\u00e1ncer?\u201d, l\u00ednea de investigaci\u00f3n liderada por la acad\u00e9mica en la UDD.<\/p>\n","protected":false},"excerpt":{"rendered":"<p>En la ocasi\u00f3n, Lorena Lobos mostr\u00f3 su investigaci\u00f3n en exosomas microRNAs y c\u00e1ncer, como nueva l\u00ednea de desarrollo del Centro de medicina Regenerativa.<\/p>\n","protected":false},"author":42,"featured_media":2745,"comment_status":"open","ping_status":"open","sticky":false,"template":"","format":"standard","meta":{"footnotes":""},"categories":[4],"tags":[],"class_list":["post-2742","post","type-post","status-publish","format-standard","has-post-thumbnail","hentry","category-noticias"],"yoast_head":"<!-- This site is optimized with the Yoast SEO plugin v26.9 - https:\/\/yoast.com\/product\/yoast-seo-wordpress\/ -->\n<title>Investigadora del CMR particip\u00f3 en II Simposio de Biolog\u00eda del RNA - Centro de Medicina Regenerativa<\/title>\n<meta name=\"robots\" content=\"index, follow, max-snippet:-1, max-image-preview:large, max-video-preview:-1\" \/>\n<link rel=\"canonical\" href=\"https:\/\/medicina.udd.cl\/centro-medicina-regenerativa\/noticias\/2018\/11\/21\/investigadora-del-cmr-participo-en-ii-simposio-de-biologia-del-rna\/\" \/>\n<meta property=\"og:locale\" content=\"es_ES\" \/>\n<meta property=\"og:type\" content=\"article\" \/>\n<meta property=\"og:title\" content=\"Investigadora del CMR particip\u00f3 en II Simposio de Biolog\u00eda del RNA - Centro de Medicina Regenerativa\" \/>\n<meta property=\"og:description\" content=\"En la ocasi\u00f3n, Lorena Lobos mostr\u00f3 su investigaci\u00f3n en exosomas microRNAs y c\u00e1ncer, como nueva l\u00ednea de desarrollo del Centro de medicina Regenerativa.\" \/>\n<meta property=\"og:url\" content=\"https:\/\/medicina.udd.cl\/centro-medicina-regenerativa\/noticias\/2018\/11\/21\/investigadora-del-cmr-participo-en-ii-simposio-de-biologia-del-rna\/\" \/>\n<meta property=\"og:site_name\" content=\"Centro de Medicina Regenerativa\" \/>\n<meta property=\"article:published_time\" content=\"2018-11-21T14:57:10+00:00\" \/>\n<meta property=\"og:image\" content=\"https:\/\/medicina.udd.cl\/centro-medicina-regenerativa\/files\/2018\/11\/Congreso-RNA-5.jpg\" \/>\n\t<meta property=\"og:image:width\" content=\"1080\" \/>\n\t<meta property=\"og:image:height\" content=\"1080\" \/>\n\t<meta property=\"og:image:type\" content=\"image\/jpeg\" \/>\n<meta name=\"twitter:label1\" content=\"Escrito por\" \/>\n\t<meta name=\"twitter:data1\" content=\"\" \/>\n\t<meta name=\"twitter:label2\" content=\"Tiempo de lectura\" \/>\n\t<meta name=\"twitter:data2\" content=\"1 minuto\" \/>\n<script type=\"application\/ld+json\" class=\"yoast-schema-graph\">{\"@context\":\"https:\/\/schema.org\",\"@graph\":[{\"@type\":\"Article\",\"@id\":\"https:\/\/medicina.udd.cl\/centro-medicina-regenerativa\/noticias\/2018\/11\/21\/investigadora-del-cmr-participo-en-ii-simposio-de-biologia-del-rna\/#article\",\"isPartOf\":{\"@id\":\"https:\/\/medicina.udd.cl\/centro-medicina-regenerativa\/noticias\/2018\/11\/21\/investigadora-del-cmr-participo-en-ii-simposio-de-biologia-del-rna\/\"},\"author\":{\"name\":\"\",\"@id\":\"\"},\"headline\":\"Investigadora del CMR particip\u00f3 en II Simposio de Biolog\u00eda del RNA\",\"datePublished\":\"2018-11-21T14:57:10+00:00\",\"mainEntityOfPage\":{\"@id\":\"https:\/\/medicina.udd.cl\/centro-medicina-regenerativa\/noticias\/2018\/11\/21\/investigadora-del-cmr-participo-en-ii-simposio-de-biologia-del-rna\/\"},\"wordCount\":160,\"commentCount\":0,\"image\":{\"@id\":\"https:\/\/medicina.udd.cl\/centro-medicina-regenerativa\/noticias\/2018\/11\/21\/investigadora-del-cmr-participo-en-ii-simposio-de-biologia-del-rna\/#primaryimage\"},\"thumbnailUrl\":\"https:\/\/medicina.udd.cl\/centro-medicina-regenerativa\/files\/2018\/11\/Congreso-RNA-5.jpg\",\"articleSection\":[\"Noticias\"],\"inLanguage\":\"es\",\"potentialAction\":[{\"@type\":\"CommentAction\",\"name\":\"Comment\",\"target\":[\"https:\/\/medicina.udd.cl\/centro-medicina-regenerativa\/noticias\/2018\/11\/21\/investigadora-del-cmr-participo-en-ii-simposio-de-biologia-del-rna\/#respond\"]}]},{\"@type\":\"WebPage\",\"@id\":\"https:\/\/medicina.udd.cl\/centro-medicina-regenerativa\/noticias\/2018\/11\/21\/investigadora-del-cmr-participo-en-ii-simposio-de-biologia-del-rna\/\",\"url\":\"https:\/\/medicina.udd.cl\/centro-medicina-regenerativa\/noticias\/2018\/11\/21\/investigadora-del-cmr-participo-en-ii-simposio-de-biologia-del-rna\/\",\"name\":\"Investigadora del CMR particip\u00f3 en II Simposio de Biolog\u00eda del RNA - Centro de Medicina Regenerativa\",\"isPartOf\":{\"@id\":\"https:\/\/medicina.udd.cl\/centro-medicina-regenerativa\/#website\"},\"primaryImageOfPage\":{\"@id\":\"https:\/\/medicina.udd.cl\/centro-medicina-regenerativa\/noticias\/2018\/11\/21\/investigadora-del-cmr-participo-en-ii-simposio-de-biologia-del-rna\/#primaryimage\"},\"image\":{\"@id\":\"https:\/\/medicina.udd.cl\/centro-medicina-regenerativa\/noticias\/2018\/11\/21\/investigadora-del-cmr-participo-en-ii-simposio-de-biologia-del-rna\/#primaryimage\"},\"thumbnailUrl\":\"https:\/\/medicina.udd.cl\/centro-medicina-regenerativa\/files\/2018\/11\/Congreso-RNA-5.jpg\",\"datePublished\":\"2018-11-21T14:57:10+00:00\",\"author\":{\"@id\":\"\"},\"breadcrumb\":{\"@id\":\"https:\/\/medicina.udd.cl\/centro-medicina-regenerativa\/noticias\/2018\/11\/21\/investigadora-del-cmr-participo-en-ii-simposio-de-biologia-del-rna\/#breadcrumb\"},\"inLanguage\":\"es\",\"potentialAction\":[{\"@type\":\"ReadAction\",\"target\":[\"https:\/\/medicina.udd.cl\/centro-medicina-regenerativa\/noticias\/2018\/11\/21\/investigadora-del-cmr-participo-en-ii-simposio-de-biologia-del-rna\/\"]}]},{\"@type\":\"ImageObject\",\"inLanguage\":\"es\",\"@id\":\"https:\/\/medicina.udd.cl\/centro-medicina-regenerativa\/noticias\/2018\/11\/21\/investigadora-del-cmr-participo-en-ii-simposio-de-biologia-del-rna\/#primaryimage\",\"url\":\"https:\/\/medicina.udd.cl\/centro-medicina-regenerativa\/files\/2018\/11\/Congreso-RNA-5.jpg\",\"contentUrl\":\"https:\/\/medicina.udd.cl\/centro-medicina-regenerativa\/files\/2018\/11\/Congreso-RNA-5.jpg\",\"width\":1080,\"height\":1080},{\"@type\":\"BreadcrumbList\",\"@id\":\"https:\/\/medicina.udd.cl\/centro-medicina-regenerativa\/noticias\/2018\/11\/21\/investigadora-del-cmr-participo-en-ii-simposio-de-biologia-del-rna\/#breadcrumb\",\"itemListElement\":[{\"@type\":\"ListItem\",\"position\":1,\"name\":\"Inicio\",\"item\":\"https:\/\/medicina.udd.cl\/centro-medicina-regenerativa\/\"},{\"@type\":\"ListItem\",\"position\":2,\"name\":\"Investigadora del CMR particip\u00f3 en II Simposio de Biolog\u00eda del RNA\"}]},{\"@type\":\"WebSite\",\"@id\":\"https:\/\/medicina.udd.cl\/centro-medicina-regenerativa\/#website\",\"url\":\"https:\/\/medicina.udd.cl\/centro-medicina-regenerativa\/\",\"name\":\"Centro de Medicina Regenerativa\",\"description\":\"\",\"inLanguage\":\"es\"},{\"@type\":\"Person\",\"@id\":\"\",\"url\":\"https:\/\/medicina.udd.cl\/centro-medicina-regenerativa\/noticias\/author\/\"}]}<\/script>\n<!-- \/ Yoast SEO plugin. -->","yoast_head_json":{"title":"Investigadora del CMR particip\u00f3 en II Simposio de Biolog\u00eda del RNA - Centro de Medicina Regenerativa","robots":{"index":"index","follow":"follow","max-snippet":"max-snippet:-1","max-image-preview":"max-image-preview:large","max-video-preview":"max-video-preview:-1"},"canonical":"https:\/\/medicina.udd.cl\/centro-medicina-regenerativa\/noticias\/2018\/11\/21\/investigadora-del-cmr-participo-en-ii-simposio-de-biologia-del-rna\/","og_locale":"es_ES","og_type":"article","og_title":"Investigadora del CMR particip\u00f3 en II Simposio de Biolog\u00eda del RNA - Centro de Medicina Regenerativa","og_description":"En la ocasi\u00f3n, Lorena Lobos mostr\u00f3 su investigaci\u00f3n en exosomas microRNAs y c\u00e1ncer, como nueva l\u00ednea de desarrollo del Centro de medicina Regenerativa.","og_url":"https:\/\/medicina.udd.cl\/centro-medicina-regenerativa\/noticias\/2018\/11\/21\/investigadora-del-cmr-participo-en-ii-simposio-de-biologia-del-rna\/","og_site_name":"Centro de Medicina Regenerativa","article_published_time":"2018-11-21T14:57:10+00:00","og_image":[{"width":1080,"height":1080,"url":"https:\/\/medicina.udd.cl\/centro-medicina-regenerativa\/files\/2018\/11\/Congreso-RNA-5.jpg","type":"image\/jpeg"}],"twitter_misc":{"Escrito por":"","Tiempo de lectura":"1 minuto"},"schema":{"@context":"https:\/\/schema.org","@graph":[{"@type":"Article","@id":"https:\/\/medicina.udd.cl\/centro-medicina-regenerativa\/noticias\/2018\/11\/21\/investigadora-del-cmr-participo-en-ii-simposio-de-biologia-del-rna\/#article","isPartOf":{"@id":"https:\/\/medicina.udd.cl\/centro-medicina-regenerativa\/noticias\/2018\/11\/21\/investigadora-del-cmr-participo-en-ii-simposio-de-biologia-del-rna\/"},"author":{"name":"","@id":""},"headline":"Investigadora del CMR particip\u00f3 en II Simposio de Biolog\u00eda del RNA","datePublished":"2018-11-21T14:57:10+00:00","mainEntityOfPage":{"@id":"https:\/\/medicina.udd.cl\/centro-medicina-regenerativa\/noticias\/2018\/11\/21\/investigadora-del-cmr-participo-en-ii-simposio-de-biologia-del-rna\/"},"wordCount":160,"commentCount":0,"image":{"@id":"https:\/\/medicina.udd.cl\/centro-medicina-regenerativa\/noticias\/2018\/11\/21\/investigadora-del-cmr-participo-en-ii-simposio-de-biologia-del-rna\/#primaryimage"},"thumbnailUrl":"https:\/\/medicina.udd.cl\/centro-medicina-regenerativa\/files\/2018\/11\/Congreso-RNA-5.jpg","articleSection":["Noticias"],"inLanguage":"es","potentialAction":[{"@type":"CommentAction","name":"Comment","target":["https:\/\/medicina.udd.cl\/centro-medicina-regenerativa\/noticias\/2018\/11\/21\/investigadora-del-cmr-participo-en-ii-simposio-de-biologia-del-rna\/#respond"]}]},{"@type":"WebPage","@id":"https:\/\/medicina.udd.cl\/centro-medicina-regenerativa\/noticias\/2018\/11\/21\/investigadora-del-cmr-participo-en-ii-simposio-de-biologia-del-rna\/","url":"https:\/\/medicina.udd.cl\/centro-medicina-regenerativa\/noticias\/2018\/11\/21\/investigadora-del-cmr-participo-en-ii-simposio-de-biologia-del-rna\/","name":"Investigadora del CMR particip\u00f3 en II Simposio de Biolog\u00eda del RNA - Centro de Medicina Regenerativa","isPartOf":{"@id":"https:\/\/medicina.udd.cl\/centro-medicina-regenerativa\/#website"},"primaryImageOfPage":{"@id":"https:\/\/medicina.udd.cl\/centro-medicina-regenerativa\/noticias\/2018\/11\/21\/investigadora-del-cmr-participo-en-ii-simposio-de-biologia-del-rna\/#primaryimage"},"image":{"@id":"https:\/\/medicina.udd.cl\/centro-medicina-regenerativa\/noticias\/2018\/11\/21\/investigadora-del-cmr-participo-en-ii-simposio-de-biologia-del-rna\/#primaryimage"},"thumbnailUrl":"https:\/\/medicina.udd.cl\/centro-medicina-regenerativa\/files\/2018\/11\/Congreso-RNA-5.jpg","datePublished":"2018-11-21T14:57:10+00:00","author":{"@id":""},"breadcrumb":{"@id":"https:\/\/medicina.udd.cl\/centro-medicina-regenerativa\/noticias\/2018\/11\/21\/investigadora-del-cmr-participo-en-ii-simposio-de-biologia-del-rna\/#breadcrumb"},"inLanguage":"es","potentialAction":[{"@type":"ReadAction","target":["https:\/\/medicina.udd.cl\/centro-medicina-regenerativa\/noticias\/2018\/11\/21\/investigadora-del-cmr-participo-en-ii-simposio-de-biologia-del-rna\/"]}]},{"@type":"ImageObject","inLanguage":"es","@id":"https:\/\/medicina.udd.cl\/centro-medicina-regenerativa\/noticias\/2018\/11\/21\/investigadora-del-cmr-participo-en-ii-simposio-de-biologia-del-rna\/#primaryimage","url":"https:\/\/medicina.udd.cl\/centro-medicina-regenerativa\/files\/2018\/11\/Congreso-RNA-5.jpg","contentUrl":"https:\/\/medicina.udd.cl\/centro-medicina-regenerativa\/files\/2018\/11\/Congreso-RNA-5.jpg","width":1080,"height":1080},{"@type":"BreadcrumbList","@id":"https:\/\/medicina.udd.cl\/centro-medicina-regenerativa\/noticias\/2018\/11\/21\/investigadora-del-cmr-participo-en-ii-simposio-de-biologia-del-rna\/#breadcrumb","itemListElement":[{"@type":"ListItem","position":1,"name":"Inicio","item":"https:\/\/medicina.udd.cl\/centro-medicina-regenerativa\/"},{"@type":"ListItem","position":2,"name":"Investigadora del CMR particip\u00f3 en II Simposio de Biolog\u00eda del RNA"}]},{"@type":"WebSite","@id":"https:\/\/medicina.udd.cl\/centro-medicina-regenerativa\/#website","url":"https:\/\/medicina.udd.cl\/centro-medicina-regenerativa\/","name":"Centro de Medicina Regenerativa","description":"","inLanguage":"es"},{"@type":"Person","@id":"","url":"https:\/\/medicina.udd.cl\/centro-medicina-regenerativa\/noticias\/author\/"}]}},"featured_image_url":"https:\/\/medicina.udd.cl\/centro-medicina-regenerativa\/files\/2018\/11\/Congreso-RNA-5.jpg","_links":{"self":[{"href":"https:\/\/medicina.udd.cl\/centro-medicina-regenerativa\/wp-json\/wp\/v2\/posts\/2742","targetHints":{"allow":["GET"]}}],"collection":[{"href":"https:\/\/medicina.udd.cl\/centro-medicina-regenerativa\/wp-json\/wp\/v2\/posts"}],"about":[{"href":"https:\/\/medicina.udd.cl\/centro-medicina-regenerativa\/wp-json\/wp\/v2\/types\/post"}],"author":[{"embeddable":true,"href":"https:\/\/medicina.udd.cl\/centro-medicina-regenerativa\/wp-json\/wp\/v2\/users\/42"}],"replies":[{"embeddable":true,"href":"https:\/\/medicina.udd.cl\/centro-medicina-regenerativa\/wp-json\/wp\/v2\/comments?post=2742"}],"version-history":[{"count":1,"href":"https:\/\/medicina.udd.cl\/centro-medicina-regenerativa\/wp-json\/wp\/v2\/posts\/2742\/revisions"}],"predecessor-version":[{"id":2747,"href":"https:\/\/medicina.udd.cl\/centro-medicina-regenerativa\/wp-json\/wp\/v2\/posts\/2742\/revisions\/2747"}],"wp:featuredmedia":[{"embeddable":true,"href":"https:\/\/medicina.udd.cl\/centro-medicina-regenerativa\/wp-json\/wp\/v2\/media\/2745"}],"wp:attachment":[{"href":"https:\/\/medicina.udd.cl\/centro-medicina-regenerativa\/wp-json\/wp\/v2\/media?parent=2742"}],"wp:term":[{"taxonomy":"category","embeddable":true,"href":"https:\/\/medicina.udd.cl\/centro-medicina-regenerativa\/wp-json\/wp\/v2\/categories?post=2742"},{"taxonomy":"post_tag","embeddable":true,"href":"https:\/\/medicina.udd.cl\/centro-medicina-regenerativa\/wp-json\/wp\/v2\/tags?post=2742"}],"curies":[{"name":"wp","href":"https:\/\/api.w.org\/{rel}","templated":true}]}}