{"id":2898,"date":"2020-06-09T20:41:26","date_gmt":"2020-06-10T00:41:26","guid":{"rendered":"http:\/\/medicina.udd.cl\/centro-medicina-regenerativa\/?p=2898"},"modified":"2020-06-09T20:41:43","modified_gmt":"2020-06-10T00:41:43","slug":"lorena-lobos-dicto-charla-sobre-cancer-de-mama-en-ciclo-de-encuentros-cientificos-de-la-u-alberto-hurtado","status":"publish","type":"post","link":"https:\/\/medicina.udd.cl\/centro-medicina-regenerativa\/noticias\/2020\/06\/09\/lorena-lobos-dicto-charla-sobre-cancer-de-mama-en-ciclo-de-encuentros-cientificos-de-la-u-alberto-hurtado\/","title":{"rendered":"Lorena Lobos dict\u00f3 charla sobre c\u00e1ncer de mama en Ciclo de Encuentros Cient\u00edficos de la U. Alberto Hurtado"},"content":{"rendered":"\n<div class=\"wp-block-image\"><figure class=\"aligncenter is-resized\"><img loading=\"lazy\" decoding=\"async\" src=\"https:\/\/medicina.udd.cl\/centro-medicina-regenerativa\/files\/2020\/06\/charla-lorena-lobos.jpg\" alt=\"\" class=\"wp-image-2899\" width=\"455\" height=\"256\" srcset=\"https:\/\/medicina.udd.cl\/centro-medicina-regenerativa\/files\/2020\/06\/charla-lorena-lobos.jpg 768w, https:\/\/medicina.udd.cl\/centro-medicina-regenerativa\/files\/2020\/06\/charla-lorena-lobos-300x169.jpg 300w\" sizes=\"auto, (max-width: 455px) 100vw, 455px\" \/><\/figure><\/div>\n\n\n\n<p>Lorena Lobos, PhD. e investigadora docente del Centro de\nMedicina Regenerativa, particip\u00f3 en el Ciclo de Encuentros Cient\u00edficos, organizado\npor la carrera de Pedagog\u00eda y Ciencias Naturales de la Universidad Alberto\nHurtado.<\/p>\n\n\n\n<p>En la ocasi\u00f3n, la Dra. Lobos dict\u00f3 la charla virtual \u201cLactadherina:\nDesde la Leche al C\u00e1ncer\u201d, instancia en la que abord\u00f3 c\u00f3mo el desarrollo de la\ngl\u00e1ndula mamaria se vincula con procesos que desencadenan el c\u00e1ncer de mama, abordando\nel impacto social de esta enfermedad.<\/p>\n\n\n\n<p>A su vez, present\u00f3 la fisiopatolog\u00eda de los distintos tipos\nde c\u00e1ncer de mama, los m\u00e9todos diagn\u00f3sticos que actualmente se utilizan y sus\ntratamientos, destacando los mecanismos de proliferaci\u00f3n y comunicaci\u00f3n\ntumoral. &nbsp;<\/p>\n\n\n\n<p>En este contexto, present\u00f3 los avances y hallazgos en torno a Lactadherina (prote\u00edna presente en la leche materna) y su potencial uso como herramienta de diagn\u00f3stico temprano de c\u00e1ncer de mama. A su vez, present\u00f3 las investigaciones realizadas para validar este marcados y el desarrollo de nuevas metodolog\u00edas anal\u00edticas y viables econ\u00f3micamente para la detecci\u00f3n de este tipo de c\u00e1ncer. <\/p>\n\n\n\n<p><\/p>\n","protected":false},"excerpt":{"rendered":"<p>Lorena Lobos, PhD. e investigadora docente del Centro de Medicina Regenerativa, particip\u00f3 en el Ciclo de Encuentros Cient\u00edficos, organizado por la carrera de Pedagog\u00eda y Ciencias Naturales de la Universidad Alberto Hurtado. En la ocasi\u00f3n, la Dra. Lobos dict\u00f3 la charla virtual \u201cLactadherina: Desde la Leche al C\u00e1ncer\u201d, instancia en la que abord\u00f3 c\u00f3mo el [&hellip;]<\/p>\n","protected":false},"author":42,"featured_media":0,"comment_status":"open","ping_status":"open","sticky":false,"template":"","format":"standard","meta":{"footnotes":""},"categories":[4],"tags":[],"class_list":["post-2898","post","type-post","status-publish","format-standard","hentry","category-noticias"],"yoast_head":"<!-- This site is optimized with the Yoast SEO plugin v26.9 - https:\/\/yoast.com\/product\/yoast-seo-wordpress\/ -->\n<title>Lorena Lobos dict\u00f3 charla sobre c\u00e1ncer de mama en Ciclo de Encuentros Cient\u00edficos de la U. Alberto Hurtado - Centro de Medicina Regenerativa<\/title>\n<meta name=\"robots\" content=\"index, follow, max-snippet:-1, max-image-preview:large, max-video-preview:-1\" \/>\n<link rel=\"canonical\" href=\"https:\/\/medicina.udd.cl\/centro-medicina-regenerativa\/noticias\/2020\/06\/09\/lorena-lobos-dicto-charla-sobre-cancer-de-mama-en-ciclo-de-encuentros-cientificos-de-la-u-alberto-hurtado\/\" \/>\n<meta property=\"og:locale\" content=\"es_ES\" \/>\n<meta property=\"og:type\" content=\"article\" \/>\n<meta property=\"og:title\" content=\"Lorena Lobos dict\u00f3 charla sobre c\u00e1ncer de mama en Ciclo de Encuentros Cient\u00edficos de la U. Alberto Hurtado - Centro de Medicina Regenerativa\" \/>\n<meta property=\"og:description\" content=\"Lorena Lobos, PhD. e investigadora docente del Centro de Medicina Regenerativa, particip\u00f3 en el Ciclo de Encuentros Cient\u00edficos, organizado por la carrera de Pedagog\u00eda y Ciencias Naturales de la Universidad Alberto Hurtado. En la ocasi\u00f3n, la Dra. Lobos dict\u00f3 la charla virtual \u201cLactadherina: Desde la Leche al C\u00e1ncer\u201d, instancia en la que abord\u00f3 c\u00f3mo el [&hellip;]\" \/>\n<meta property=\"og:url\" content=\"https:\/\/medicina.udd.cl\/centro-medicina-regenerativa\/noticias\/2020\/06\/09\/lorena-lobos-dicto-charla-sobre-cancer-de-mama-en-ciclo-de-encuentros-cientificos-de-la-u-alberto-hurtado\/\" \/>\n<meta property=\"og:site_name\" content=\"Centro de Medicina Regenerativa\" \/>\n<meta property=\"article:published_time\" content=\"2020-06-10T00:41:26+00:00\" \/>\n<meta property=\"article:modified_time\" content=\"2020-06-10T00:41:43+00:00\" \/>\n<meta property=\"og:image\" content=\"https:\/\/medicina.udd.cl\/centro-medicina-regenerativa\/files\/2020\/06\/charla-lorena-lobos.jpg\" \/>\n<meta name=\"twitter:label1\" content=\"Escrito por\" \/>\n\t<meta name=\"twitter:data1\" content=\"\" \/>\n\t<meta name=\"twitter:label2\" content=\"Tiempo de lectura\" \/>\n\t<meta name=\"twitter:data2\" content=\"1 minuto\" \/>\n<script type=\"application\/ld+json\" class=\"yoast-schema-graph\">{\"@context\":\"https:\/\/schema.org\",\"@graph\":[{\"@type\":\"Article\",\"@id\":\"https:\/\/medicina.udd.cl\/centro-medicina-regenerativa\/noticias\/2020\/06\/09\/lorena-lobos-dicto-charla-sobre-cancer-de-mama-en-ciclo-de-encuentros-cientificos-de-la-u-alberto-hurtado\/#article\",\"isPartOf\":{\"@id\":\"https:\/\/medicina.udd.cl\/centro-medicina-regenerativa\/noticias\/2020\/06\/09\/lorena-lobos-dicto-charla-sobre-cancer-de-mama-en-ciclo-de-encuentros-cientificos-de-la-u-alberto-hurtado\/\"},\"author\":{\"name\":\"\",\"@id\":\"\"},\"headline\":\"Lorena Lobos dict\u00f3 charla sobre c\u00e1ncer de mama en Ciclo de Encuentros Cient\u00edficos de la U. Alberto Hurtado\",\"datePublished\":\"2020-06-10T00:41:26+00:00\",\"dateModified\":\"2020-06-10T00:41:43+00:00\",\"mainEntityOfPage\":{\"@id\":\"https:\/\/medicina.udd.cl\/centro-medicina-regenerativa\/noticias\/2020\/06\/09\/lorena-lobos-dicto-charla-sobre-cancer-de-mama-en-ciclo-de-encuentros-cientificos-de-la-u-alberto-hurtado\/\"},\"wordCount\":211,\"commentCount\":0,\"image\":{\"@id\":\"https:\/\/medicina.udd.cl\/centro-medicina-regenerativa\/noticias\/2020\/06\/09\/lorena-lobos-dicto-charla-sobre-cancer-de-mama-en-ciclo-de-encuentros-cientificos-de-la-u-alberto-hurtado\/#primaryimage\"},\"thumbnailUrl\":\"https:\/\/medicina.udd.cl\/centro-medicina-regenerativa\/files\/2020\/06\/charla-lorena-lobos.jpg\",\"articleSection\":[\"Noticias\"],\"inLanguage\":\"es\",\"potentialAction\":[{\"@type\":\"CommentAction\",\"name\":\"Comment\",\"target\":[\"https:\/\/medicina.udd.cl\/centro-medicina-regenerativa\/noticias\/2020\/06\/09\/lorena-lobos-dicto-charla-sobre-cancer-de-mama-en-ciclo-de-encuentros-cientificos-de-la-u-alberto-hurtado\/#respond\"]}]},{\"@type\":\"WebPage\",\"@id\":\"https:\/\/medicina.udd.cl\/centro-medicina-regenerativa\/noticias\/2020\/06\/09\/lorena-lobos-dicto-charla-sobre-cancer-de-mama-en-ciclo-de-encuentros-cientificos-de-la-u-alberto-hurtado\/\",\"url\":\"https:\/\/medicina.udd.cl\/centro-medicina-regenerativa\/noticias\/2020\/06\/09\/lorena-lobos-dicto-charla-sobre-cancer-de-mama-en-ciclo-de-encuentros-cientificos-de-la-u-alberto-hurtado\/\",\"name\":\"Lorena Lobos dict\u00f3 charla sobre c\u00e1ncer de mama en Ciclo de Encuentros Cient\u00edficos de la U. Alberto Hurtado - Centro de Medicina Regenerativa\",\"isPartOf\":{\"@id\":\"https:\/\/medicina.udd.cl\/centro-medicina-regenerativa\/#website\"},\"primaryImageOfPage\":{\"@id\":\"https:\/\/medicina.udd.cl\/centro-medicina-regenerativa\/noticias\/2020\/06\/09\/lorena-lobos-dicto-charla-sobre-cancer-de-mama-en-ciclo-de-encuentros-cientificos-de-la-u-alberto-hurtado\/#primaryimage\"},\"image\":{\"@id\":\"https:\/\/medicina.udd.cl\/centro-medicina-regenerativa\/noticias\/2020\/06\/09\/lorena-lobos-dicto-charla-sobre-cancer-de-mama-en-ciclo-de-encuentros-cientificos-de-la-u-alberto-hurtado\/#primaryimage\"},\"thumbnailUrl\":\"https:\/\/medicina.udd.cl\/centro-medicina-regenerativa\/files\/2020\/06\/charla-lorena-lobos.jpg\",\"datePublished\":\"2020-06-10T00:41:26+00:00\",\"dateModified\":\"2020-06-10T00:41:43+00:00\",\"author\":{\"@id\":\"\"},\"breadcrumb\":{\"@id\":\"https:\/\/medicina.udd.cl\/centro-medicina-regenerativa\/noticias\/2020\/06\/09\/lorena-lobos-dicto-charla-sobre-cancer-de-mama-en-ciclo-de-encuentros-cientificos-de-la-u-alberto-hurtado\/#breadcrumb\"},\"inLanguage\":\"es\",\"potentialAction\":[{\"@type\":\"ReadAction\",\"target\":[\"https:\/\/medicina.udd.cl\/centro-medicina-regenerativa\/noticias\/2020\/06\/09\/lorena-lobos-dicto-charla-sobre-cancer-de-mama-en-ciclo-de-encuentros-cientificos-de-la-u-alberto-hurtado\/\"]}]},{\"@type\":\"ImageObject\",\"inLanguage\":\"es\",\"@id\":\"https:\/\/medicina.udd.cl\/centro-medicina-regenerativa\/noticias\/2020\/06\/09\/lorena-lobos-dicto-charla-sobre-cancer-de-mama-en-ciclo-de-encuentros-cientificos-de-la-u-alberto-hurtado\/#primaryimage\",\"url\":\"https:\/\/medicina.udd.cl\/centro-medicina-regenerativa\/files\/2020\/06\/charla-lorena-lobos.jpg\",\"contentUrl\":\"https:\/\/medicina.udd.cl\/centro-medicina-regenerativa\/files\/2020\/06\/charla-lorena-lobos.jpg\",\"width\":768,\"height\":432},{\"@type\":\"BreadcrumbList\",\"@id\":\"https:\/\/medicina.udd.cl\/centro-medicina-regenerativa\/noticias\/2020\/06\/09\/lorena-lobos-dicto-charla-sobre-cancer-de-mama-en-ciclo-de-encuentros-cientificos-de-la-u-alberto-hurtado\/#breadcrumb\",\"itemListElement\":[{\"@type\":\"ListItem\",\"position\":1,\"name\":\"Inicio\",\"item\":\"https:\/\/medicina.udd.cl\/centro-medicina-regenerativa\/\"},{\"@type\":\"ListItem\",\"position\":2,\"name\":\"Lorena Lobos dict\u00f3 charla sobre c\u00e1ncer de mama en Ciclo de Encuentros Cient\u00edficos de la U. Alberto Hurtado\"}]},{\"@type\":\"WebSite\",\"@id\":\"https:\/\/medicina.udd.cl\/centro-medicina-regenerativa\/#website\",\"url\":\"https:\/\/medicina.udd.cl\/centro-medicina-regenerativa\/\",\"name\":\"Centro de Medicina Regenerativa\",\"description\":\"\",\"inLanguage\":\"es\"},{\"@type\":\"Person\",\"@id\":\"\",\"url\":\"https:\/\/medicina.udd.cl\/centro-medicina-regenerativa\/noticias\/author\/\"}]}<\/script>\n<!-- \/ Yoast SEO plugin. -->","yoast_head_json":{"title":"Lorena Lobos dict\u00f3 charla sobre c\u00e1ncer de mama en Ciclo de Encuentros Cient\u00edficos de la U. Alberto Hurtado - Centro de Medicina Regenerativa","robots":{"index":"index","follow":"follow","max-snippet":"max-snippet:-1","max-image-preview":"max-image-preview:large","max-video-preview":"max-video-preview:-1"},"canonical":"https:\/\/medicina.udd.cl\/centro-medicina-regenerativa\/noticias\/2020\/06\/09\/lorena-lobos-dicto-charla-sobre-cancer-de-mama-en-ciclo-de-encuentros-cientificos-de-la-u-alberto-hurtado\/","og_locale":"es_ES","og_type":"article","og_title":"Lorena Lobos dict\u00f3 charla sobre c\u00e1ncer de mama en Ciclo de Encuentros Cient\u00edficos de la U. Alberto Hurtado - Centro de Medicina Regenerativa","og_description":"Lorena Lobos, PhD. e investigadora docente del Centro de Medicina Regenerativa, particip\u00f3 en el Ciclo de Encuentros Cient\u00edficos, organizado por la carrera de Pedagog\u00eda y Ciencias Naturales de la Universidad Alberto Hurtado. En la ocasi\u00f3n, la Dra. Lobos dict\u00f3 la charla virtual \u201cLactadherina: Desde la Leche al C\u00e1ncer\u201d, instancia en la que abord\u00f3 c\u00f3mo el [&hellip;]","og_url":"https:\/\/medicina.udd.cl\/centro-medicina-regenerativa\/noticias\/2020\/06\/09\/lorena-lobos-dicto-charla-sobre-cancer-de-mama-en-ciclo-de-encuentros-cientificos-de-la-u-alberto-hurtado\/","og_site_name":"Centro de Medicina Regenerativa","article_published_time":"2020-06-10T00:41:26+00:00","article_modified_time":"2020-06-10T00:41:43+00:00","og_image":[{"url":"https:\/\/medicina.udd.cl\/centro-medicina-regenerativa\/files\/2020\/06\/charla-lorena-lobos.jpg","type":"","width":"","height":""}],"twitter_misc":{"Escrito por":"","Tiempo de lectura":"1 minuto"},"schema":{"@context":"https:\/\/schema.org","@graph":[{"@type":"Article","@id":"https:\/\/medicina.udd.cl\/centro-medicina-regenerativa\/noticias\/2020\/06\/09\/lorena-lobos-dicto-charla-sobre-cancer-de-mama-en-ciclo-de-encuentros-cientificos-de-la-u-alberto-hurtado\/#article","isPartOf":{"@id":"https:\/\/medicina.udd.cl\/centro-medicina-regenerativa\/noticias\/2020\/06\/09\/lorena-lobos-dicto-charla-sobre-cancer-de-mama-en-ciclo-de-encuentros-cientificos-de-la-u-alberto-hurtado\/"},"author":{"name":"","@id":""},"headline":"Lorena Lobos dict\u00f3 charla sobre c\u00e1ncer de mama en Ciclo de Encuentros Cient\u00edficos de la U. Alberto Hurtado","datePublished":"2020-06-10T00:41:26+00:00","dateModified":"2020-06-10T00:41:43+00:00","mainEntityOfPage":{"@id":"https:\/\/medicina.udd.cl\/centro-medicina-regenerativa\/noticias\/2020\/06\/09\/lorena-lobos-dicto-charla-sobre-cancer-de-mama-en-ciclo-de-encuentros-cientificos-de-la-u-alberto-hurtado\/"},"wordCount":211,"commentCount":0,"image":{"@id":"https:\/\/medicina.udd.cl\/centro-medicina-regenerativa\/noticias\/2020\/06\/09\/lorena-lobos-dicto-charla-sobre-cancer-de-mama-en-ciclo-de-encuentros-cientificos-de-la-u-alberto-hurtado\/#primaryimage"},"thumbnailUrl":"https:\/\/medicina.udd.cl\/centro-medicina-regenerativa\/files\/2020\/06\/charla-lorena-lobos.jpg","articleSection":["Noticias"],"inLanguage":"es","potentialAction":[{"@type":"CommentAction","name":"Comment","target":["https:\/\/medicina.udd.cl\/centro-medicina-regenerativa\/noticias\/2020\/06\/09\/lorena-lobos-dicto-charla-sobre-cancer-de-mama-en-ciclo-de-encuentros-cientificos-de-la-u-alberto-hurtado\/#respond"]}]},{"@type":"WebPage","@id":"https:\/\/medicina.udd.cl\/centro-medicina-regenerativa\/noticias\/2020\/06\/09\/lorena-lobos-dicto-charla-sobre-cancer-de-mama-en-ciclo-de-encuentros-cientificos-de-la-u-alberto-hurtado\/","url":"https:\/\/medicina.udd.cl\/centro-medicina-regenerativa\/noticias\/2020\/06\/09\/lorena-lobos-dicto-charla-sobre-cancer-de-mama-en-ciclo-de-encuentros-cientificos-de-la-u-alberto-hurtado\/","name":"Lorena Lobos dict\u00f3 charla sobre c\u00e1ncer de mama en Ciclo de Encuentros Cient\u00edficos de la U. Alberto Hurtado - Centro de Medicina Regenerativa","isPartOf":{"@id":"https:\/\/medicina.udd.cl\/centro-medicina-regenerativa\/#website"},"primaryImageOfPage":{"@id":"https:\/\/medicina.udd.cl\/centro-medicina-regenerativa\/noticias\/2020\/06\/09\/lorena-lobos-dicto-charla-sobre-cancer-de-mama-en-ciclo-de-encuentros-cientificos-de-la-u-alberto-hurtado\/#primaryimage"},"image":{"@id":"https:\/\/medicina.udd.cl\/centro-medicina-regenerativa\/noticias\/2020\/06\/09\/lorena-lobos-dicto-charla-sobre-cancer-de-mama-en-ciclo-de-encuentros-cientificos-de-la-u-alberto-hurtado\/#primaryimage"},"thumbnailUrl":"https:\/\/medicina.udd.cl\/centro-medicina-regenerativa\/files\/2020\/06\/charla-lorena-lobos.jpg","datePublished":"2020-06-10T00:41:26+00:00","dateModified":"2020-06-10T00:41:43+00:00","author":{"@id":""},"breadcrumb":{"@id":"https:\/\/medicina.udd.cl\/centro-medicina-regenerativa\/noticias\/2020\/06\/09\/lorena-lobos-dicto-charla-sobre-cancer-de-mama-en-ciclo-de-encuentros-cientificos-de-la-u-alberto-hurtado\/#breadcrumb"},"inLanguage":"es","potentialAction":[{"@type":"ReadAction","target":["https:\/\/medicina.udd.cl\/centro-medicina-regenerativa\/noticias\/2020\/06\/09\/lorena-lobos-dicto-charla-sobre-cancer-de-mama-en-ciclo-de-encuentros-cientificos-de-la-u-alberto-hurtado\/"]}]},{"@type":"ImageObject","inLanguage":"es","@id":"https:\/\/medicina.udd.cl\/centro-medicina-regenerativa\/noticias\/2020\/06\/09\/lorena-lobos-dicto-charla-sobre-cancer-de-mama-en-ciclo-de-encuentros-cientificos-de-la-u-alberto-hurtado\/#primaryimage","url":"https:\/\/medicina.udd.cl\/centro-medicina-regenerativa\/files\/2020\/06\/charla-lorena-lobos.jpg","contentUrl":"https:\/\/medicina.udd.cl\/centro-medicina-regenerativa\/files\/2020\/06\/charla-lorena-lobos.jpg","width":768,"height":432},{"@type":"BreadcrumbList","@id":"https:\/\/medicina.udd.cl\/centro-medicina-regenerativa\/noticias\/2020\/06\/09\/lorena-lobos-dicto-charla-sobre-cancer-de-mama-en-ciclo-de-encuentros-cientificos-de-la-u-alberto-hurtado\/#breadcrumb","itemListElement":[{"@type":"ListItem","position":1,"name":"Inicio","item":"https:\/\/medicina.udd.cl\/centro-medicina-regenerativa\/"},{"@type":"ListItem","position":2,"name":"Lorena Lobos dict\u00f3 charla sobre c\u00e1ncer de mama en Ciclo de Encuentros Cient\u00edficos de la U. Alberto Hurtado"}]},{"@type":"WebSite","@id":"https:\/\/medicina.udd.cl\/centro-medicina-regenerativa\/#website","url":"https:\/\/medicina.udd.cl\/centro-medicina-regenerativa\/","name":"Centro de Medicina Regenerativa","description":"","inLanguage":"es"},{"@type":"Person","@id":"","url":"https:\/\/medicina.udd.cl\/centro-medicina-regenerativa\/noticias\/author\/"}]}},"featured_image_url":null,"_links":{"self":[{"href":"https:\/\/medicina.udd.cl\/centro-medicina-regenerativa\/wp-json\/wp\/v2\/posts\/2898","targetHints":{"allow":["GET"]}}],"collection":[{"href":"https:\/\/medicina.udd.cl\/centro-medicina-regenerativa\/wp-json\/wp\/v2\/posts"}],"about":[{"href":"https:\/\/medicina.udd.cl\/centro-medicina-regenerativa\/wp-json\/wp\/v2\/types\/post"}],"author":[{"embeddable":true,"href":"https:\/\/medicina.udd.cl\/centro-medicina-regenerativa\/wp-json\/wp\/v2\/users\/42"}],"replies":[{"embeddable":true,"href":"https:\/\/medicina.udd.cl\/centro-medicina-regenerativa\/wp-json\/wp\/v2\/comments?post=2898"}],"version-history":[{"count":2,"href":"https:\/\/medicina.udd.cl\/centro-medicina-regenerativa\/wp-json\/wp\/v2\/posts\/2898\/revisions"}],"predecessor-version":[{"id":2901,"href":"https:\/\/medicina.udd.cl\/centro-medicina-regenerativa\/wp-json\/wp\/v2\/posts\/2898\/revisions\/2901"}],"wp:attachment":[{"href":"https:\/\/medicina.udd.cl\/centro-medicina-regenerativa\/wp-json\/wp\/v2\/media?parent=2898"}],"wp:term":[{"taxonomy":"category","embeddable":true,"href":"https:\/\/medicina.udd.cl\/centro-medicina-regenerativa\/wp-json\/wp\/v2\/categories?post=2898"},{"taxonomy":"post_tag","embeddable":true,"href":"https:\/\/medicina.udd.cl\/centro-medicina-regenerativa\/wp-json\/wp\/v2\/tags?post=2898"}],"curies":[{"name":"wp","href":"https:\/\/api.w.org\/{rel}","templated":true}]}}