{"id":2914,"date":"2020-10-13T09:20:35","date_gmt":"2020-10-13T12:20:35","guid":{"rendered":"http:\/\/medicina.udd.cl\/centro-medicina-regenerativa\/?p=2914"},"modified":"2020-10-13T09:20:36","modified_gmt":"2020-10-13T12:20:36","slug":"dra-lorena-lobos-converso-sobre-cancer-de-mama-en-encuentro-del-accdis","status":"publish","type":"post","link":"https:\/\/medicina.udd.cl\/centro-medicina-regenerativa\/noticias\/2020\/10\/13\/dra-lorena-lobos-converso-sobre-cancer-de-mama-en-encuentro-del-accdis\/","title":{"rendered":"Dra. Lorena Lobos convers\u00f3 sobre c\u00e1ncer de mama en encuentro del ACCDiS"},"content":{"rendered":"\n<p>El pasado viernes 9 de octubre, la Dra. Lorena\nLobos, investigadora del Centro de Medicina Regenerativa del Instituto de\nCiencias e Innovaci\u00f3n en Medicina (ICIM) de la Universidad del Desarrollo,\nparticip\u00f3 en un seminario abierto a la comunudad del Centro Avanzado de\nEnfermedades Cr\u00f3nicas (ACCDiS), exponiendo sobre un tema que aqueja a muchas\nmujeres en el mundo: el c\u00e1ncer de mama.<\/p>\n\n\n\n<p>En la ocasi\u00f3n, la investigadora UDD y del ACCDis convers\u00f3 junto al Dr. C\u00e9sar S\u00e1nchez, onc\u00f3logo de la P. U. Cat\u00f3lica, sobre este c\u00e1ncer que es el m\u00e1s frecuente en mujeres, tanto en los pa\u00edses desarrollados como en aquellos en v\u00edas de desarrollo, cuya incidencia est\u00e1 aumentando en el mundo debido a la mayor esperanza de vida, el aumento de la urbanizaci\u00f3n y la adopci\u00f3n de modos de vidas occidentales, seg\u00fan plantea la Organizaci\u00f3n Mundial de la Salud (OMS).<\/p>\n\n\n\n<figure class=\"wp-block-image size-large\"><img loading=\"lazy\" decoding=\"async\" width=\"1008\" height=\"1008\" src=\"https:\/\/medicina.udd.cl\/centro-medicina-regenerativa\/files\/2020\/10\/PHOTO-2020-10-06-15-35-49-1.jpg\" alt=\"\" class=\"wp-image-2915\" srcset=\"https:\/\/medicina.udd.cl\/centro-medicina-regenerativa\/files\/2020\/10\/PHOTO-2020-10-06-15-35-49-1.jpg 1008w, https:\/\/medicina.udd.cl\/centro-medicina-regenerativa\/files\/2020\/10\/PHOTO-2020-10-06-15-35-49-1-300x300.jpg 300w, https:\/\/medicina.udd.cl\/centro-medicina-regenerativa\/files\/2020\/10\/PHOTO-2020-10-06-15-35-49-1-150x150.jpg 150w, https:\/\/medicina.udd.cl\/centro-medicina-regenerativa\/files\/2020\/10\/PHOTO-2020-10-06-15-35-49-1-768x768.jpg 768w, https:\/\/medicina.udd.cl\/centro-medicina-regenerativa\/files\/2020\/10\/PHOTO-2020-10-06-15-35-49-1-62x62.jpg 62w, https:\/\/medicina.udd.cl\/centro-medicina-regenerativa\/files\/2020\/10\/PHOTO-2020-10-06-15-35-49-1-960x960.jpg 960w, https:\/\/medicina.udd.cl\/centro-medicina-regenerativa\/files\/2020\/10\/PHOTO-2020-10-06-15-35-49-1-126x126.jpg 126w\" sizes=\"auto, (max-width: 1008px) 100vw, 1008px\" \/><\/figure>\n","protected":false},"excerpt":{"rendered":"<p>El pasado viernes 9 de octubre, la Dra. Lorena Lobos, investigadora del Centro de Medicina Regenerativa del Instituto de Ciencias e Innovaci\u00f3n en Medicina (ICIM) de la Universidad del Desarrollo, particip\u00f3 en un seminario abierto a la comunudad del Centro Avanzado de Enfermedades Cr\u00f3nicas (ACCDiS), exponiendo sobre un tema que aqueja a muchas mujeres en [&hellip;]<\/p>\n","protected":false},"author":42,"featured_media":2915,"comment_status":"open","ping_status":"open","sticky":false,"template":"","format":"standard","meta":{"footnotes":""},"categories":[4],"tags":[],"class_list":["post-2914","post","type-post","status-publish","format-standard","has-post-thumbnail","hentry","category-noticias"],"yoast_head":"<!-- This site is optimized with the Yoast SEO plugin v26.9 - https:\/\/yoast.com\/product\/yoast-seo-wordpress\/ -->\n<title>Dra. Lorena Lobos convers\u00f3 sobre c\u00e1ncer de mama en encuentro del ACCDiS - Centro de Medicina Regenerativa<\/title>\n<meta name=\"robots\" content=\"index, follow, max-snippet:-1, max-image-preview:large, max-video-preview:-1\" \/>\n<link rel=\"canonical\" href=\"https:\/\/medicina.udd.cl\/centro-medicina-regenerativa\/noticias\/2020\/10\/13\/dra-lorena-lobos-converso-sobre-cancer-de-mama-en-encuentro-del-accdis\/\" \/>\n<meta property=\"og:locale\" content=\"es_ES\" \/>\n<meta property=\"og:type\" content=\"article\" \/>\n<meta property=\"og:title\" content=\"Dra. Lorena Lobos convers\u00f3 sobre c\u00e1ncer de mama en encuentro del ACCDiS - Centro de Medicina Regenerativa\" \/>\n<meta property=\"og:description\" content=\"El pasado viernes 9 de octubre, la Dra. Lorena Lobos, investigadora del Centro de Medicina Regenerativa del Instituto de Ciencias e Innovaci\u00f3n en Medicina (ICIM) de la Universidad del Desarrollo, particip\u00f3 en un seminario abierto a la comunudad del Centro Avanzado de Enfermedades Cr\u00f3nicas (ACCDiS), exponiendo sobre un tema que aqueja a muchas mujeres en [&hellip;]\" \/>\n<meta property=\"og:url\" content=\"https:\/\/medicina.udd.cl\/centro-medicina-regenerativa\/noticias\/2020\/10\/13\/dra-lorena-lobos-converso-sobre-cancer-de-mama-en-encuentro-del-accdis\/\" \/>\n<meta property=\"og:site_name\" content=\"Centro de Medicina Regenerativa\" \/>\n<meta property=\"article:published_time\" content=\"2020-10-13T12:20:35+00:00\" \/>\n<meta property=\"article:modified_time\" content=\"2020-10-13T12:20:36+00:00\" \/>\n<meta property=\"og:image\" content=\"https:\/\/medicina.udd.cl\/centro-medicina-regenerativa\/files\/2020\/10\/PHOTO-2020-10-06-15-35-49-1.jpg\" \/>\n\t<meta property=\"og:image:width\" content=\"1008\" \/>\n\t<meta property=\"og:image:height\" content=\"1008\" \/>\n\t<meta property=\"og:image:type\" content=\"image\/jpeg\" \/>\n<meta name=\"twitter:label1\" content=\"Escrito por\" \/>\n\t<meta name=\"twitter:data1\" content=\"\" \/>\n\t<meta name=\"twitter:label2\" content=\"Tiempo de lectura\" \/>\n\t<meta name=\"twitter:data2\" content=\"1 minuto\" \/>\n<script type=\"application\/ld+json\" class=\"yoast-schema-graph\">{\"@context\":\"https:\/\/schema.org\",\"@graph\":[{\"@type\":\"Article\",\"@id\":\"https:\/\/medicina.udd.cl\/centro-medicina-regenerativa\/noticias\/2020\/10\/13\/dra-lorena-lobos-converso-sobre-cancer-de-mama-en-encuentro-del-accdis\/#article\",\"isPartOf\":{\"@id\":\"https:\/\/medicina.udd.cl\/centro-medicina-regenerativa\/noticias\/2020\/10\/13\/dra-lorena-lobos-converso-sobre-cancer-de-mama-en-encuentro-del-accdis\/\"},\"author\":{\"name\":\"\",\"@id\":\"\"},\"headline\":\"Dra. Lorena Lobos convers\u00f3 sobre c\u00e1ncer de mama en encuentro del ACCDiS\",\"datePublished\":\"2020-10-13T12:20:35+00:00\",\"dateModified\":\"2020-10-13T12:20:36+00:00\",\"mainEntityOfPage\":{\"@id\":\"https:\/\/medicina.udd.cl\/centro-medicina-regenerativa\/noticias\/2020\/10\/13\/dra-lorena-lobos-converso-sobre-cancer-de-mama-en-encuentro-del-accdis\/\"},\"wordCount\":168,\"commentCount\":0,\"image\":{\"@id\":\"https:\/\/medicina.udd.cl\/centro-medicina-regenerativa\/noticias\/2020\/10\/13\/dra-lorena-lobos-converso-sobre-cancer-de-mama-en-encuentro-del-accdis\/#primaryimage\"},\"thumbnailUrl\":\"https:\/\/medicina.udd.cl\/centro-medicina-regenerativa\/files\/2020\/10\/PHOTO-2020-10-06-15-35-49-1.jpg\",\"articleSection\":[\"Noticias\"],\"inLanguage\":\"es\",\"potentialAction\":[{\"@type\":\"CommentAction\",\"name\":\"Comment\",\"target\":[\"https:\/\/medicina.udd.cl\/centro-medicina-regenerativa\/noticias\/2020\/10\/13\/dra-lorena-lobos-converso-sobre-cancer-de-mama-en-encuentro-del-accdis\/#respond\"]}]},{\"@type\":\"WebPage\",\"@id\":\"https:\/\/medicina.udd.cl\/centro-medicina-regenerativa\/noticias\/2020\/10\/13\/dra-lorena-lobos-converso-sobre-cancer-de-mama-en-encuentro-del-accdis\/\",\"url\":\"https:\/\/medicina.udd.cl\/centro-medicina-regenerativa\/noticias\/2020\/10\/13\/dra-lorena-lobos-converso-sobre-cancer-de-mama-en-encuentro-del-accdis\/\",\"name\":\"Dra. Lorena Lobos convers\u00f3 sobre c\u00e1ncer de mama en encuentro del ACCDiS - Centro de Medicina Regenerativa\",\"isPartOf\":{\"@id\":\"https:\/\/medicina.udd.cl\/centro-medicina-regenerativa\/#website\"},\"primaryImageOfPage\":{\"@id\":\"https:\/\/medicina.udd.cl\/centro-medicina-regenerativa\/noticias\/2020\/10\/13\/dra-lorena-lobos-converso-sobre-cancer-de-mama-en-encuentro-del-accdis\/#primaryimage\"},\"image\":{\"@id\":\"https:\/\/medicina.udd.cl\/centro-medicina-regenerativa\/noticias\/2020\/10\/13\/dra-lorena-lobos-converso-sobre-cancer-de-mama-en-encuentro-del-accdis\/#primaryimage\"},\"thumbnailUrl\":\"https:\/\/medicina.udd.cl\/centro-medicina-regenerativa\/files\/2020\/10\/PHOTO-2020-10-06-15-35-49-1.jpg\",\"datePublished\":\"2020-10-13T12:20:35+00:00\",\"dateModified\":\"2020-10-13T12:20:36+00:00\",\"author\":{\"@id\":\"\"},\"breadcrumb\":{\"@id\":\"https:\/\/medicina.udd.cl\/centro-medicina-regenerativa\/noticias\/2020\/10\/13\/dra-lorena-lobos-converso-sobre-cancer-de-mama-en-encuentro-del-accdis\/#breadcrumb\"},\"inLanguage\":\"es\",\"potentialAction\":[{\"@type\":\"ReadAction\",\"target\":[\"https:\/\/medicina.udd.cl\/centro-medicina-regenerativa\/noticias\/2020\/10\/13\/dra-lorena-lobos-converso-sobre-cancer-de-mama-en-encuentro-del-accdis\/\"]}]},{\"@type\":\"ImageObject\",\"inLanguage\":\"es\",\"@id\":\"https:\/\/medicina.udd.cl\/centro-medicina-regenerativa\/noticias\/2020\/10\/13\/dra-lorena-lobos-converso-sobre-cancer-de-mama-en-encuentro-del-accdis\/#primaryimage\",\"url\":\"https:\/\/medicina.udd.cl\/centro-medicina-regenerativa\/files\/2020\/10\/PHOTO-2020-10-06-15-35-49-1.jpg\",\"contentUrl\":\"https:\/\/medicina.udd.cl\/centro-medicina-regenerativa\/files\/2020\/10\/PHOTO-2020-10-06-15-35-49-1.jpg\",\"width\":1008,\"height\":1008},{\"@type\":\"BreadcrumbList\",\"@id\":\"https:\/\/medicina.udd.cl\/centro-medicina-regenerativa\/noticias\/2020\/10\/13\/dra-lorena-lobos-converso-sobre-cancer-de-mama-en-encuentro-del-accdis\/#breadcrumb\",\"itemListElement\":[{\"@type\":\"ListItem\",\"position\":1,\"name\":\"Inicio\",\"item\":\"https:\/\/medicina.udd.cl\/centro-medicina-regenerativa\/\"},{\"@type\":\"ListItem\",\"position\":2,\"name\":\"Dra. Lorena Lobos convers\u00f3 sobre c\u00e1ncer de mama en encuentro del ACCDiS\"}]},{\"@type\":\"WebSite\",\"@id\":\"https:\/\/medicina.udd.cl\/centro-medicina-regenerativa\/#website\",\"url\":\"https:\/\/medicina.udd.cl\/centro-medicina-regenerativa\/\",\"name\":\"Centro de Medicina Regenerativa\",\"description\":\"\",\"inLanguage\":\"es\"},{\"@type\":\"Person\",\"@id\":\"\",\"url\":\"https:\/\/medicina.udd.cl\/centro-medicina-regenerativa\/noticias\/author\/\"}]}<\/script>\n<!-- \/ Yoast SEO plugin. -->","yoast_head_json":{"title":"Dra. Lorena Lobos convers\u00f3 sobre c\u00e1ncer de mama en encuentro del ACCDiS - Centro de Medicina Regenerativa","robots":{"index":"index","follow":"follow","max-snippet":"max-snippet:-1","max-image-preview":"max-image-preview:large","max-video-preview":"max-video-preview:-1"},"canonical":"https:\/\/medicina.udd.cl\/centro-medicina-regenerativa\/noticias\/2020\/10\/13\/dra-lorena-lobos-converso-sobre-cancer-de-mama-en-encuentro-del-accdis\/","og_locale":"es_ES","og_type":"article","og_title":"Dra. Lorena Lobos convers\u00f3 sobre c\u00e1ncer de mama en encuentro del ACCDiS - Centro de Medicina Regenerativa","og_description":"El pasado viernes 9 de octubre, la Dra. Lorena Lobos, investigadora del Centro de Medicina Regenerativa del Instituto de Ciencias e Innovaci\u00f3n en Medicina (ICIM) de la Universidad del Desarrollo, particip\u00f3 en un seminario abierto a la comunudad del Centro Avanzado de Enfermedades Cr\u00f3nicas (ACCDiS), exponiendo sobre un tema que aqueja a muchas mujeres en [&hellip;]","og_url":"https:\/\/medicina.udd.cl\/centro-medicina-regenerativa\/noticias\/2020\/10\/13\/dra-lorena-lobos-converso-sobre-cancer-de-mama-en-encuentro-del-accdis\/","og_site_name":"Centro de Medicina Regenerativa","article_published_time":"2020-10-13T12:20:35+00:00","article_modified_time":"2020-10-13T12:20:36+00:00","og_image":[{"width":1008,"height":1008,"url":"https:\/\/medicina.udd.cl\/centro-medicina-regenerativa\/files\/2020\/10\/PHOTO-2020-10-06-15-35-49-1.jpg","type":"image\/jpeg"}],"twitter_misc":{"Escrito por":"","Tiempo de lectura":"1 minuto"},"schema":{"@context":"https:\/\/schema.org","@graph":[{"@type":"Article","@id":"https:\/\/medicina.udd.cl\/centro-medicina-regenerativa\/noticias\/2020\/10\/13\/dra-lorena-lobos-converso-sobre-cancer-de-mama-en-encuentro-del-accdis\/#article","isPartOf":{"@id":"https:\/\/medicina.udd.cl\/centro-medicina-regenerativa\/noticias\/2020\/10\/13\/dra-lorena-lobos-converso-sobre-cancer-de-mama-en-encuentro-del-accdis\/"},"author":{"name":"","@id":""},"headline":"Dra. Lorena Lobos convers\u00f3 sobre c\u00e1ncer de mama en encuentro del ACCDiS","datePublished":"2020-10-13T12:20:35+00:00","dateModified":"2020-10-13T12:20:36+00:00","mainEntityOfPage":{"@id":"https:\/\/medicina.udd.cl\/centro-medicina-regenerativa\/noticias\/2020\/10\/13\/dra-lorena-lobos-converso-sobre-cancer-de-mama-en-encuentro-del-accdis\/"},"wordCount":168,"commentCount":0,"image":{"@id":"https:\/\/medicina.udd.cl\/centro-medicina-regenerativa\/noticias\/2020\/10\/13\/dra-lorena-lobos-converso-sobre-cancer-de-mama-en-encuentro-del-accdis\/#primaryimage"},"thumbnailUrl":"https:\/\/medicina.udd.cl\/centro-medicina-regenerativa\/files\/2020\/10\/PHOTO-2020-10-06-15-35-49-1.jpg","articleSection":["Noticias"],"inLanguage":"es","potentialAction":[{"@type":"CommentAction","name":"Comment","target":["https:\/\/medicina.udd.cl\/centro-medicina-regenerativa\/noticias\/2020\/10\/13\/dra-lorena-lobos-converso-sobre-cancer-de-mama-en-encuentro-del-accdis\/#respond"]}]},{"@type":"WebPage","@id":"https:\/\/medicina.udd.cl\/centro-medicina-regenerativa\/noticias\/2020\/10\/13\/dra-lorena-lobos-converso-sobre-cancer-de-mama-en-encuentro-del-accdis\/","url":"https:\/\/medicina.udd.cl\/centro-medicina-regenerativa\/noticias\/2020\/10\/13\/dra-lorena-lobos-converso-sobre-cancer-de-mama-en-encuentro-del-accdis\/","name":"Dra. Lorena Lobos convers\u00f3 sobre c\u00e1ncer de mama en encuentro del ACCDiS - Centro de Medicina Regenerativa","isPartOf":{"@id":"https:\/\/medicina.udd.cl\/centro-medicina-regenerativa\/#website"},"primaryImageOfPage":{"@id":"https:\/\/medicina.udd.cl\/centro-medicina-regenerativa\/noticias\/2020\/10\/13\/dra-lorena-lobos-converso-sobre-cancer-de-mama-en-encuentro-del-accdis\/#primaryimage"},"image":{"@id":"https:\/\/medicina.udd.cl\/centro-medicina-regenerativa\/noticias\/2020\/10\/13\/dra-lorena-lobos-converso-sobre-cancer-de-mama-en-encuentro-del-accdis\/#primaryimage"},"thumbnailUrl":"https:\/\/medicina.udd.cl\/centro-medicina-regenerativa\/files\/2020\/10\/PHOTO-2020-10-06-15-35-49-1.jpg","datePublished":"2020-10-13T12:20:35+00:00","dateModified":"2020-10-13T12:20:36+00:00","author":{"@id":""},"breadcrumb":{"@id":"https:\/\/medicina.udd.cl\/centro-medicina-regenerativa\/noticias\/2020\/10\/13\/dra-lorena-lobos-converso-sobre-cancer-de-mama-en-encuentro-del-accdis\/#breadcrumb"},"inLanguage":"es","potentialAction":[{"@type":"ReadAction","target":["https:\/\/medicina.udd.cl\/centro-medicina-regenerativa\/noticias\/2020\/10\/13\/dra-lorena-lobos-converso-sobre-cancer-de-mama-en-encuentro-del-accdis\/"]}]},{"@type":"ImageObject","inLanguage":"es","@id":"https:\/\/medicina.udd.cl\/centro-medicina-regenerativa\/noticias\/2020\/10\/13\/dra-lorena-lobos-converso-sobre-cancer-de-mama-en-encuentro-del-accdis\/#primaryimage","url":"https:\/\/medicina.udd.cl\/centro-medicina-regenerativa\/files\/2020\/10\/PHOTO-2020-10-06-15-35-49-1.jpg","contentUrl":"https:\/\/medicina.udd.cl\/centro-medicina-regenerativa\/files\/2020\/10\/PHOTO-2020-10-06-15-35-49-1.jpg","width":1008,"height":1008},{"@type":"BreadcrumbList","@id":"https:\/\/medicina.udd.cl\/centro-medicina-regenerativa\/noticias\/2020\/10\/13\/dra-lorena-lobos-converso-sobre-cancer-de-mama-en-encuentro-del-accdis\/#breadcrumb","itemListElement":[{"@type":"ListItem","position":1,"name":"Inicio","item":"https:\/\/medicina.udd.cl\/centro-medicina-regenerativa\/"},{"@type":"ListItem","position":2,"name":"Dra. Lorena Lobos convers\u00f3 sobre c\u00e1ncer de mama en encuentro del ACCDiS"}]},{"@type":"WebSite","@id":"https:\/\/medicina.udd.cl\/centro-medicina-regenerativa\/#website","url":"https:\/\/medicina.udd.cl\/centro-medicina-regenerativa\/","name":"Centro de Medicina Regenerativa","description":"","inLanguage":"es"},{"@type":"Person","@id":"","url":"https:\/\/medicina.udd.cl\/centro-medicina-regenerativa\/noticias\/author\/"}]}},"featured_image_url":"https:\/\/medicina.udd.cl\/centro-medicina-regenerativa\/files\/2020\/10\/PHOTO-2020-10-06-15-35-49-1.jpg","_links":{"self":[{"href":"https:\/\/medicina.udd.cl\/centro-medicina-regenerativa\/wp-json\/wp\/v2\/posts\/2914","targetHints":{"allow":["GET"]}}],"collection":[{"href":"https:\/\/medicina.udd.cl\/centro-medicina-regenerativa\/wp-json\/wp\/v2\/posts"}],"about":[{"href":"https:\/\/medicina.udd.cl\/centro-medicina-regenerativa\/wp-json\/wp\/v2\/types\/post"}],"author":[{"embeddable":true,"href":"https:\/\/medicina.udd.cl\/centro-medicina-regenerativa\/wp-json\/wp\/v2\/users\/42"}],"replies":[{"embeddable":true,"href":"https:\/\/medicina.udd.cl\/centro-medicina-regenerativa\/wp-json\/wp\/v2\/comments?post=2914"}],"version-history":[{"count":1,"href":"https:\/\/medicina.udd.cl\/centro-medicina-regenerativa\/wp-json\/wp\/v2\/posts\/2914\/revisions"}],"predecessor-version":[{"id":2916,"href":"https:\/\/medicina.udd.cl\/centro-medicina-regenerativa\/wp-json\/wp\/v2\/posts\/2914\/revisions\/2916"}],"wp:featuredmedia":[{"embeddable":true,"href":"https:\/\/medicina.udd.cl\/centro-medicina-regenerativa\/wp-json\/wp\/v2\/media\/2915"}],"wp:attachment":[{"href":"https:\/\/medicina.udd.cl\/centro-medicina-regenerativa\/wp-json\/wp\/v2\/media?parent=2914"}],"wp:term":[{"taxonomy":"category","embeddable":true,"href":"https:\/\/medicina.udd.cl\/centro-medicina-regenerativa\/wp-json\/wp\/v2\/categories?post=2914"},{"taxonomy":"post_tag","embeddable":true,"href":"https:\/\/medicina.udd.cl\/centro-medicina-regenerativa\/wp-json\/wp\/v2\/tags?post=2914"}],"curies":[{"name":"wp","href":"https:\/\/api.w.org\/{rel}","templated":true}]}}