{"id":2922,"date":"2020-11-09T09:45:14","date_gmt":"2020-11-09T12:45:14","guid":{"rendered":"http:\/\/medicina.udd.cl\/centro-medicina-regenerativa\/?p=2922"},"modified":"2021-04-13T10:50:40","modified_gmt":"2021-04-13T14:50:40","slug":"investigadora-udd-expuso-en-xiv-congreso-latinoamericano-de-apicultura","status":"publish","type":"post","link":"https:\/\/medicina.udd.cl\/centro-medicina-regenerativa\/noticias\/2020\/11\/09\/investigadora-udd-expuso-en-xiv-congreso-latinoamericano-de-apicultura\/","title":{"rendered":"Investigadora UDD expuso en XIV Congreso Latinoamericano de Apicultura"},"content":{"rendered":"<div id=\"gallery-1\" class=\"carousel slide carousel-gallery\" data-ride=\"false\" data-interval=\"false\"><div class=\"carousel-inner\" role=\"listbox\"><figure class=\"carousel-item active\"><img loading=\"lazy\" decoding=\"async\" width=\"939\" height=\"534\" src=\"https:\/\/medicina.udd.cl\/centro-medicina-regenerativa\/files\/2020\/11\/1-800x450.png\" class=\"attachment-landscape_952 size-landscape_952 lazyload\" alt=\"\" sizes=\"auto, (max-width: 939px) 100vw, 939px\" data-src=\"https:\/\/medicina.udd.cl\/centro-medicina-regenerativa\/files\/2020\/11\/1.png\" data-srcset=\"https:\/\/medicina.udd.cl\/centro-medicina-regenerativa\/files\/2020\/11\/1.png 1356w, https:\/\/medicina.udd.cl\/centro-medicina-regenerativa\/files\/2020\/11\/1-300x171.png 300w, https:\/\/medicina.udd.cl\/centro-medicina-regenerativa\/files\/2020\/11\/1-1024x582.png 1024w, https:\/\/medicina.udd.cl\/centro-medicina-regenerativa\/files\/2020\/11\/1-768x437.png 768w, https:\/\/medicina.udd.cl\/centro-medicina-regenerativa\/files\/2020\/11\/1-960x546.png 960w\" \/><\/figure><figure class=\"carousel-item\"><img loading=\"lazy\" decoding=\"async\" width=\"742\" height=\"460\" src=\"https:\/\/medicina.udd.cl\/centro-medicina-regenerativa\/files\/2020\/11\/5.jpg\" class=\"attachment-landscape_952 size-landscape_952 lazyload\" alt=\"\" sizes=\"auto, (max-width: 742px) 100vw, 742px\" data-src=\"https:\/\/medicina.udd.cl\/centro-medicina-regenerativa\/files\/2020\/11\/5.jpg\" data-srcset=\"https:\/\/medicina.udd.cl\/centro-medicina-regenerativa\/files\/2020\/11\/5.jpg 742w, https:\/\/medicina.udd.cl\/centro-medicina-regenerativa\/files\/2020\/11\/5-300x186.jpg 300w\" \/><\/figure><figure class=\"carousel-item\"><img loading=\"lazy\" decoding=\"async\" width=\"727\" height=\"475\" src=\"https:\/\/medicina.udd.cl\/centro-medicina-regenerativa\/files\/2020\/11\/3.jpg\" class=\"attachment-landscape_952 size-landscape_952 lazyload\" alt=\"\" sizes=\"auto, (max-width: 727px) 100vw, 727px\" data-src=\"https:\/\/medicina.udd.cl\/centro-medicina-regenerativa\/files\/2020\/11\/3.jpg\" data-srcset=\"https:\/\/medicina.udd.cl\/centro-medicina-regenerativa\/files\/2020\/11\/3.jpg 727w, https:\/\/medicina.udd.cl\/centro-medicina-regenerativa\/files\/2020\/11\/3-300x196.jpg 300w, https:\/\/medicina.udd.cl\/centro-medicina-regenerativa\/files\/2020\/11\/3-660x430.jpg 660w\" \/><\/figure><\/div><footer class=\"carousel-footer\"><div class=\"carousel-counter\"><span class=\"carousel-counter-current\"><\/span> \/ <span class=\"carousel-counter-total\"><\/span><\/div><a class=\"carousel-control-prev\" href=\"#gallery-1\" role=\"button\" data-slide=\"prev\"><svg aria-hidden=\"true\" class=\"svg-chevron-left-dims\"><use xlink:href='https:\/\/medicina.udd.cl\/centro-medicina-regenerativa\/wp-content\/themes\/facultades-2018\/assets\/img\/svg\/dist\/main.svg?version=1695853099#chevron-left'><\/use><\/svg><span class=\"sr-only\">Anterior<\/span><\/a><a class=\"carousel-control-next\" href=\"#gallery-1\" role=\"button\" data-slide=\"next\"><svg aria-hidden=\"true\" class=\"svg-chevron-right-dims\"><use xlink:href='https:\/\/medicina.udd.cl\/centro-medicina-regenerativa\/wp-content\/themes\/facultades-2018\/assets\/img\/svg\/dist\/main.svg?version=1695853099#chevron-right'><\/use><\/svg><span class=\"sr-only\">Siguiente<\/span><\/a><\/footer><\/div>\n\n\n<p>Jessica Mart\u00ednez, investigadora del Centro de\nMedicina Regenerativa del Instituto de Ciencias e Innovaci\u00f3n en Medicina (ICIM)\nde la Facultad de Medicina Cl\u00ednica Alemana Universidad del Desarrollo,\nparticip\u00f3 en el XIV Congreso Latinoamericano de Apicultura 2020.<\/p>\n\n\n\n<p>En el encuentro, la Dra. Mart\u00ednez particip\u00f3 en\nel Simposio de Salud Ap\u00edcola: plagas y pat\u00f3genos que afectan a las abejas,\nexponiendo sobre un formulado en base a extracto natural para el control de Paenibacillus,\nlarva agente causal de Loque Americana en Apis mell\u00edfera, que se enmarca en el\ntrabajo de investigaci\u00f3n que ha llevado en la UDD respecto al desarrollo de\nproductos naturales para el control de esta infecci\u00f3n. <\/p>\n\n\n\n<p>El congreso se realiz\u00f3 entre los d\u00edas 3 y 7 de\nnoviembre de manera virtual y fue organizado por la Federaci\u00f3n Internacional\nLatinoamericana de Apicultura (Filapi), que tiene como socios a organizaciones\nap\u00edcolas de representaci\u00f3n nacional de distintos pa\u00edses de Latinoam\u00e9rica y El\nCaribe.<\/p>\n","protected":false},"excerpt":{"rendered":"<p>Jessica Mart\u00ednez, investigadora del Centro de Medicina Regenerativa del Instituto de Ciencias e Innovaci\u00f3n en Medicina (ICIM) de la Facultad de Medicina Cl\u00ednica Alemana Universidad del Desarrollo, particip\u00f3 en el XIV Congreso Latinoamericano de Apicultura 2020. En el encuentro, la Dra. Mart\u00ednez particip\u00f3 en el Simposio de Salud Ap\u00edcola: plagas y pat\u00f3genos que afectan a [&hellip;]<\/p>\n","protected":false},"author":42,"featured_media":2923,"comment_status":"open","ping_status":"open","sticky":false,"template":"","format":"standard","meta":{"footnotes":""},"categories":[4],"tags":[],"class_list":["post-2922","post","type-post","status-publish","format-standard","has-post-thumbnail","hentry","category-noticias"],"yoast_head":"<!-- This site is optimized with the Yoast SEO plugin v26.9 - https:\/\/yoast.com\/product\/yoast-seo-wordpress\/ -->\n<title>Investigadora UDD expuso en XIV Congreso Latinoamericano de Apicultura - Centro de Medicina Regenerativa<\/title>\n<meta name=\"robots\" content=\"index, follow, max-snippet:-1, max-image-preview:large, max-video-preview:-1\" \/>\n<link rel=\"canonical\" href=\"https:\/\/medicina.udd.cl\/centro-medicina-regenerativa\/noticias\/2020\/11\/09\/investigadora-udd-expuso-en-xiv-congreso-latinoamericano-de-apicultura\/\" \/>\n<meta property=\"og:locale\" content=\"es_ES\" \/>\n<meta property=\"og:type\" content=\"article\" \/>\n<meta property=\"og:title\" content=\"Investigadora UDD expuso en XIV Congreso Latinoamericano de Apicultura - Centro de Medicina Regenerativa\" \/>\n<meta property=\"og:description\" content=\"Jessica Mart\u00ednez, investigadora del Centro de Medicina Regenerativa del Instituto de Ciencias e Innovaci\u00f3n en Medicina (ICIM) de la Facultad de Medicina Cl\u00ednica Alemana Universidad del Desarrollo, particip\u00f3 en el XIV Congreso Latinoamericano de Apicultura 2020. En el encuentro, la Dra. Mart\u00ednez particip\u00f3 en el Simposio de Salud Ap\u00edcola: plagas y pat\u00f3genos que afectan a [&hellip;]\" \/>\n<meta property=\"og:url\" content=\"https:\/\/medicina.udd.cl\/centro-medicina-regenerativa\/noticias\/2020\/11\/09\/investigadora-udd-expuso-en-xiv-congreso-latinoamericano-de-apicultura\/\" \/>\n<meta property=\"og:site_name\" content=\"Centro de Medicina Regenerativa\" \/>\n<meta property=\"article:published_time\" content=\"2020-11-09T12:45:14+00:00\" \/>\n<meta property=\"article:modified_time\" content=\"2021-04-13T14:50:40+00:00\" \/>\n<meta property=\"og:image\" content=\"https:\/\/medicina.udd.cl\/centro-medicina-regenerativa\/files\/2020\/11\/1.png\" \/>\n\t<meta property=\"og:image:width\" content=\"1356\" \/>\n\t<meta property=\"og:image:height\" content=\"771\" \/>\n\t<meta property=\"og:image:type\" content=\"image\/png\" \/>\n<meta name=\"twitter:label1\" content=\"Escrito por\" \/>\n\t<meta name=\"twitter:data1\" content=\"\" \/>\n\t<meta name=\"twitter:label2\" content=\"Tiempo de lectura\" \/>\n\t<meta name=\"twitter:data2\" content=\"1 minuto\" \/>\n<script type=\"application\/ld+json\" class=\"yoast-schema-graph\">{\"@context\":\"https:\/\/schema.org\",\"@graph\":[{\"@type\":\"Article\",\"@id\":\"https:\/\/medicina.udd.cl\/centro-medicina-regenerativa\/noticias\/2020\/11\/09\/investigadora-udd-expuso-en-xiv-congreso-latinoamericano-de-apicultura\/#article\",\"isPartOf\":{\"@id\":\"https:\/\/medicina.udd.cl\/centro-medicina-regenerativa\/noticias\/2020\/11\/09\/investigadora-udd-expuso-en-xiv-congreso-latinoamericano-de-apicultura\/\"},\"author\":{\"name\":\"\",\"@id\":\"\"},\"headline\":\"Investigadora UDD expuso en XIV Congreso Latinoamericano de Apicultura\",\"datePublished\":\"2020-11-09T12:45:14+00:00\",\"dateModified\":\"2021-04-13T14:50:40+00:00\",\"mainEntityOfPage\":{\"@id\":\"https:\/\/medicina.udd.cl\/centro-medicina-regenerativa\/noticias\/2020\/11\/09\/investigadora-udd-expuso-en-xiv-congreso-latinoamericano-de-apicultura\/\"},\"wordCount\":173,\"commentCount\":0,\"image\":{\"@id\":\"https:\/\/medicina.udd.cl\/centro-medicina-regenerativa\/noticias\/2020\/11\/09\/investigadora-udd-expuso-en-xiv-congreso-latinoamericano-de-apicultura\/#primaryimage\"},\"thumbnailUrl\":\"https:\/\/medicina.udd.cl\/centro-medicina-regenerativa\/files\/2020\/11\/1.png\",\"articleSection\":[\"Noticias\"],\"inLanguage\":\"es\",\"potentialAction\":[{\"@type\":\"CommentAction\",\"name\":\"Comment\",\"target\":[\"https:\/\/medicina.udd.cl\/centro-medicina-regenerativa\/noticias\/2020\/11\/09\/investigadora-udd-expuso-en-xiv-congreso-latinoamericano-de-apicultura\/#respond\"]}]},{\"@type\":\"WebPage\",\"@id\":\"https:\/\/medicina.udd.cl\/centro-medicina-regenerativa\/noticias\/2020\/11\/09\/investigadora-udd-expuso-en-xiv-congreso-latinoamericano-de-apicultura\/\",\"url\":\"https:\/\/medicina.udd.cl\/centro-medicina-regenerativa\/noticias\/2020\/11\/09\/investigadora-udd-expuso-en-xiv-congreso-latinoamericano-de-apicultura\/\",\"name\":\"Investigadora UDD expuso en XIV Congreso Latinoamericano de Apicultura - Centro de Medicina Regenerativa\",\"isPartOf\":{\"@id\":\"https:\/\/medicina.udd.cl\/centro-medicina-regenerativa\/#website\"},\"primaryImageOfPage\":{\"@id\":\"https:\/\/medicina.udd.cl\/centro-medicina-regenerativa\/noticias\/2020\/11\/09\/investigadora-udd-expuso-en-xiv-congreso-latinoamericano-de-apicultura\/#primaryimage\"},\"image\":{\"@id\":\"https:\/\/medicina.udd.cl\/centro-medicina-regenerativa\/noticias\/2020\/11\/09\/investigadora-udd-expuso-en-xiv-congreso-latinoamericano-de-apicultura\/#primaryimage\"},\"thumbnailUrl\":\"https:\/\/medicina.udd.cl\/centro-medicina-regenerativa\/files\/2020\/11\/1.png\",\"datePublished\":\"2020-11-09T12:45:14+00:00\",\"dateModified\":\"2021-04-13T14:50:40+00:00\",\"author\":{\"@id\":\"\"},\"breadcrumb\":{\"@id\":\"https:\/\/medicina.udd.cl\/centro-medicina-regenerativa\/noticias\/2020\/11\/09\/investigadora-udd-expuso-en-xiv-congreso-latinoamericano-de-apicultura\/#breadcrumb\"},\"inLanguage\":\"es\",\"potentialAction\":[{\"@type\":\"ReadAction\",\"target\":[\"https:\/\/medicina.udd.cl\/centro-medicina-regenerativa\/noticias\/2020\/11\/09\/investigadora-udd-expuso-en-xiv-congreso-latinoamericano-de-apicultura\/\"]}]},{\"@type\":\"ImageObject\",\"inLanguage\":\"es\",\"@id\":\"https:\/\/medicina.udd.cl\/centro-medicina-regenerativa\/noticias\/2020\/11\/09\/investigadora-udd-expuso-en-xiv-congreso-latinoamericano-de-apicultura\/#primaryimage\",\"url\":\"https:\/\/medicina.udd.cl\/centro-medicina-regenerativa\/files\/2020\/11\/1.png\",\"contentUrl\":\"https:\/\/medicina.udd.cl\/centro-medicina-regenerativa\/files\/2020\/11\/1.png\",\"width\":1356,\"height\":771},{\"@type\":\"BreadcrumbList\",\"@id\":\"https:\/\/medicina.udd.cl\/centro-medicina-regenerativa\/noticias\/2020\/11\/09\/investigadora-udd-expuso-en-xiv-congreso-latinoamericano-de-apicultura\/#breadcrumb\",\"itemListElement\":[{\"@type\":\"ListItem\",\"position\":1,\"name\":\"Inicio\",\"item\":\"https:\/\/medicina.udd.cl\/centro-medicina-regenerativa\/\"},{\"@type\":\"ListItem\",\"position\":2,\"name\":\"Investigadora UDD expuso en XIV Congreso Latinoamericano de Apicultura\"}]},{\"@type\":\"WebSite\",\"@id\":\"https:\/\/medicina.udd.cl\/centro-medicina-regenerativa\/#website\",\"url\":\"https:\/\/medicina.udd.cl\/centro-medicina-regenerativa\/\",\"name\":\"Centro de Medicina Regenerativa\",\"description\":\"\",\"inLanguage\":\"es\"},{\"@type\":\"Person\",\"@id\":\"\",\"url\":\"https:\/\/medicina.udd.cl\/centro-medicina-regenerativa\/noticias\/author\/\"}]}<\/script>\n<!-- \/ Yoast SEO plugin. -->","yoast_head_json":{"title":"Investigadora UDD expuso en XIV Congreso Latinoamericano de Apicultura - Centro de Medicina Regenerativa","robots":{"index":"index","follow":"follow","max-snippet":"max-snippet:-1","max-image-preview":"max-image-preview:large","max-video-preview":"max-video-preview:-1"},"canonical":"https:\/\/medicina.udd.cl\/centro-medicina-regenerativa\/noticias\/2020\/11\/09\/investigadora-udd-expuso-en-xiv-congreso-latinoamericano-de-apicultura\/","og_locale":"es_ES","og_type":"article","og_title":"Investigadora UDD expuso en XIV Congreso Latinoamericano de Apicultura - Centro de Medicina Regenerativa","og_description":"Jessica Mart\u00ednez, investigadora del Centro de Medicina Regenerativa del Instituto de Ciencias e Innovaci\u00f3n en Medicina (ICIM) de la Facultad de Medicina Cl\u00ednica Alemana Universidad del Desarrollo, particip\u00f3 en el XIV Congreso Latinoamericano de Apicultura 2020. En el encuentro, la Dra. Mart\u00ednez particip\u00f3 en el Simposio de Salud Ap\u00edcola: plagas y pat\u00f3genos que afectan a [&hellip;]","og_url":"https:\/\/medicina.udd.cl\/centro-medicina-regenerativa\/noticias\/2020\/11\/09\/investigadora-udd-expuso-en-xiv-congreso-latinoamericano-de-apicultura\/","og_site_name":"Centro de Medicina Regenerativa","article_published_time":"2020-11-09T12:45:14+00:00","article_modified_time":"2021-04-13T14:50:40+00:00","og_image":[{"width":1356,"height":771,"url":"https:\/\/medicina.udd.cl\/centro-medicina-regenerativa\/files\/2020\/11\/1.png","type":"image\/png"}],"twitter_misc":{"Escrito por":"","Tiempo de lectura":"1 minuto"},"schema":{"@context":"https:\/\/schema.org","@graph":[{"@type":"Article","@id":"https:\/\/medicina.udd.cl\/centro-medicina-regenerativa\/noticias\/2020\/11\/09\/investigadora-udd-expuso-en-xiv-congreso-latinoamericano-de-apicultura\/#article","isPartOf":{"@id":"https:\/\/medicina.udd.cl\/centro-medicina-regenerativa\/noticias\/2020\/11\/09\/investigadora-udd-expuso-en-xiv-congreso-latinoamericano-de-apicultura\/"},"author":{"name":"","@id":""},"headline":"Investigadora UDD expuso en XIV Congreso Latinoamericano de Apicultura","datePublished":"2020-11-09T12:45:14+00:00","dateModified":"2021-04-13T14:50:40+00:00","mainEntityOfPage":{"@id":"https:\/\/medicina.udd.cl\/centro-medicina-regenerativa\/noticias\/2020\/11\/09\/investigadora-udd-expuso-en-xiv-congreso-latinoamericano-de-apicultura\/"},"wordCount":173,"commentCount":0,"image":{"@id":"https:\/\/medicina.udd.cl\/centro-medicina-regenerativa\/noticias\/2020\/11\/09\/investigadora-udd-expuso-en-xiv-congreso-latinoamericano-de-apicultura\/#primaryimage"},"thumbnailUrl":"https:\/\/medicina.udd.cl\/centro-medicina-regenerativa\/files\/2020\/11\/1.png","articleSection":["Noticias"],"inLanguage":"es","potentialAction":[{"@type":"CommentAction","name":"Comment","target":["https:\/\/medicina.udd.cl\/centro-medicina-regenerativa\/noticias\/2020\/11\/09\/investigadora-udd-expuso-en-xiv-congreso-latinoamericano-de-apicultura\/#respond"]}]},{"@type":"WebPage","@id":"https:\/\/medicina.udd.cl\/centro-medicina-regenerativa\/noticias\/2020\/11\/09\/investigadora-udd-expuso-en-xiv-congreso-latinoamericano-de-apicultura\/","url":"https:\/\/medicina.udd.cl\/centro-medicina-regenerativa\/noticias\/2020\/11\/09\/investigadora-udd-expuso-en-xiv-congreso-latinoamericano-de-apicultura\/","name":"Investigadora UDD expuso en XIV Congreso Latinoamericano de Apicultura - Centro de Medicina Regenerativa","isPartOf":{"@id":"https:\/\/medicina.udd.cl\/centro-medicina-regenerativa\/#website"},"primaryImageOfPage":{"@id":"https:\/\/medicina.udd.cl\/centro-medicina-regenerativa\/noticias\/2020\/11\/09\/investigadora-udd-expuso-en-xiv-congreso-latinoamericano-de-apicultura\/#primaryimage"},"image":{"@id":"https:\/\/medicina.udd.cl\/centro-medicina-regenerativa\/noticias\/2020\/11\/09\/investigadora-udd-expuso-en-xiv-congreso-latinoamericano-de-apicultura\/#primaryimage"},"thumbnailUrl":"https:\/\/medicina.udd.cl\/centro-medicina-regenerativa\/files\/2020\/11\/1.png","datePublished":"2020-11-09T12:45:14+00:00","dateModified":"2021-04-13T14:50:40+00:00","author":{"@id":""},"breadcrumb":{"@id":"https:\/\/medicina.udd.cl\/centro-medicina-regenerativa\/noticias\/2020\/11\/09\/investigadora-udd-expuso-en-xiv-congreso-latinoamericano-de-apicultura\/#breadcrumb"},"inLanguage":"es","potentialAction":[{"@type":"ReadAction","target":["https:\/\/medicina.udd.cl\/centro-medicina-regenerativa\/noticias\/2020\/11\/09\/investigadora-udd-expuso-en-xiv-congreso-latinoamericano-de-apicultura\/"]}]},{"@type":"ImageObject","inLanguage":"es","@id":"https:\/\/medicina.udd.cl\/centro-medicina-regenerativa\/noticias\/2020\/11\/09\/investigadora-udd-expuso-en-xiv-congreso-latinoamericano-de-apicultura\/#primaryimage","url":"https:\/\/medicina.udd.cl\/centro-medicina-regenerativa\/files\/2020\/11\/1.png","contentUrl":"https:\/\/medicina.udd.cl\/centro-medicina-regenerativa\/files\/2020\/11\/1.png","width":1356,"height":771},{"@type":"BreadcrumbList","@id":"https:\/\/medicina.udd.cl\/centro-medicina-regenerativa\/noticias\/2020\/11\/09\/investigadora-udd-expuso-en-xiv-congreso-latinoamericano-de-apicultura\/#breadcrumb","itemListElement":[{"@type":"ListItem","position":1,"name":"Inicio","item":"https:\/\/medicina.udd.cl\/centro-medicina-regenerativa\/"},{"@type":"ListItem","position":2,"name":"Investigadora UDD expuso en XIV Congreso Latinoamericano de Apicultura"}]},{"@type":"WebSite","@id":"https:\/\/medicina.udd.cl\/centro-medicina-regenerativa\/#website","url":"https:\/\/medicina.udd.cl\/centro-medicina-regenerativa\/","name":"Centro de Medicina Regenerativa","description":"","inLanguage":"es"},{"@type":"Person","@id":"","url":"https:\/\/medicina.udd.cl\/centro-medicina-regenerativa\/noticias\/author\/"}]}},"featured_image_url":"https:\/\/medicina.udd.cl\/centro-medicina-regenerativa\/files\/2020\/11\/1.png","_links":{"self":[{"href":"https:\/\/medicina.udd.cl\/centro-medicina-regenerativa\/wp-json\/wp\/v2\/posts\/2922","targetHints":{"allow":["GET"]}}],"collection":[{"href":"https:\/\/medicina.udd.cl\/centro-medicina-regenerativa\/wp-json\/wp\/v2\/posts"}],"about":[{"href":"https:\/\/medicina.udd.cl\/centro-medicina-regenerativa\/wp-json\/wp\/v2\/types\/post"}],"author":[{"embeddable":true,"href":"https:\/\/medicina.udd.cl\/centro-medicina-regenerativa\/wp-json\/wp\/v2\/users\/42"}],"replies":[{"embeddable":true,"href":"https:\/\/medicina.udd.cl\/centro-medicina-regenerativa\/wp-json\/wp\/v2\/comments?post=2922"}],"version-history":[{"count":1,"href":"https:\/\/medicina.udd.cl\/centro-medicina-regenerativa\/wp-json\/wp\/v2\/posts\/2922\/revisions"}],"predecessor-version":[{"id":2926,"href":"https:\/\/medicina.udd.cl\/centro-medicina-regenerativa\/wp-json\/wp\/v2\/posts\/2922\/revisions\/2926"}],"wp:featuredmedia":[{"embeddable":true,"href":"https:\/\/medicina.udd.cl\/centro-medicina-regenerativa\/wp-json\/wp\/v2\/media\/2923"}],"wp:attachment":[{"href":"https:\/\/medicina.udd.cl\/centro-medicina-regenerativa\/wp-json\/wp\/v2\/media?parent=2922"}],"wp:term":[{"taxonomy":"category","embeddable":true,"href":"https:\/\/medicina.udd.cl\/centro-medicina-regenerativa\/wp-json\/wp\/v2\/categories?post=2922"},{"taxonomy":"post_tag","embeddable":true,"href":"https:\/\/medicina.udd.cl\/centro-medicina-regenerativa\/wp-json\/wp\/v2\/tags?post=2922"}],"curies":[{"name":"wp","href":"https:\/\/api.w.org\/{rel}","templated":true}]}}