{"id":489,"date":"2011-08-08T11:59:02","date_gmt":"2011-08-08T15:59:02","guid":{"rendered":"http:\/\/medicina.udd.cl\/instituto-ciencias\/?p=489"},"modified":"2014-06-26T10:24:44","modified_gmt":"2014-06-26T14:24:44","slug":"miembro-de-instituto-de-ciencias-participa-en-el-xii-congreso-gremial-de-la-red-apicola-nacional-y-seminario-internacional","status":"publish","type":"post","link":"https:\/\/medicina.udd.cl\/centro-medicina-regenerativa\/noticias\/2011\/08\/08\/miembro-de-instituto-de-ciencias-participa-en-el-xii-congreso-gremial-de-la-red-apicola-nacional-y-seminario-internacional\/","title":{"rendered":"Miembro del Instituto de Ciencias participa  en el XII Congreso Gremial de la Red Ap\u00edcola Nacional  y Seminario Internacional"},"content":{"rendered":"<p style=\"text-align: justify;\"><a href=\"http:\/\/medicina.udd.cl\/centro-medicina-regenerativa\/files\/2011\/08\/congreso-jessica-agosto-2011.jpg\"><img loading=\"lazy\" decoding=\"async\" class=\" wp-image-491 alignleft\" alt=\"congreso jessica agosto 2011\" src=\"http:\/\/medicina.udd.cl\/centro-medicina-regenerativa\/files\/2011\/08\/congreso-jessica-agosto-2011-300x300.jpg\" width=\"240\" height=\"240\" srcset=\"https:\/\/medicina.udd.cl\/centro-medicina-regenerativa\/files\/2011\/08\/congreso-jessica-agosto-2011-300x300.jpg 300w, https:\/\/medicina.udd.cl\/centro-medicina-regenerativa\/files\/2011\/08\/congreso-jessica-agosto-2011-150x150.jpg 150w, https:\/\/medicina.udd.cl\/centro-medicina-regenerativa\/files\/2011\/08\/congreso-jessica-agosto-2011-62x62.jpg 62w, https:\/\/medicina.udd.cl\/centro-medicina-regenerativa\/files\/2011\/08\/congreso-jessica-agosto-2011-126x126.jpg 126w\" sizes=\"auto, (max-width: 240px) 100vw, 240px\" \/><\/a>El XII Congreso Gremial de la Red Ap\u00edcola Nacional \u00a0y Seminario Internacional, \u00a0se realiz\u00f3 entre el 28 y 30 de Julio en la ciudad de \u00a0Valdivia. La Dra. Jessica Mart\u00ednez, miembro del Instituto de Ciencias, fue invitada a este evento por la Red Ap\u00edcola Nacional y la Asociaci\u00f3n gremial de Apicultores de la regi\u00f3n de los R\u00edos y Los lagos de Chile (Red APIX A.G), y en esa oportunidad expuso su trabajo \u201cDiagn\u00f3stico Molecular de <em>Nosema ceranae<\/em>, un pat\u00f3geno emergente de <em>Apis mel\u00edfera<\/em> en Chile\u201d.<\/p>\n<p style=\"text-align: justify;\">Cabe destacar que a este congreso asistieron relatores de trayectoria \u00a0nacional como internacional cuya orientaci\u00f3n principal estuvo dirigida a un debate con todos los actores de la cadena sobre las oportunidades y amenazas\u00a0 del rubro ap\u00edcola, y las restricciones que est\u00e1 imponiendo el mercado internacional de la miel.<\/p>\n","protected":false},"excerpt":{"rendered":"<p>El XII Congreso Gremial de la Red Ap\u00edcola Nacional \u00a0y Seminario Internacional, \u00a0se realiz\u00f3 entre el 28 y 30 de Julio en la ciudad de \u00a0Valdivia. La Dra. Jessica Mart\u00ednez, miembro del Instituto de Ciencias, fue invitada a este evento por la Red Ap\u00edcola Nacional y la Asociaci\u00f3n gremial de Apicultores de la regi\u00f3n de [&hellip;]<\/p>\n","protected":false},"author":1,"featured_media":0,"comment_status":"open","ping_status":"open","sticky":false,"template":"","format":"standard","meta":{"footnotes":""},"categories":[4,1],"tags":[],"class_list":["post-489","post","type-post","status-publish","format-standard","hentry","category-noticias","category-sin-categoria"],"yoast_head":"<!-- This site is optimized with the Yoast SEO plugin v26.9 - https:\/\/yoast.com\/product\/yoast-seo-wordpress\/ -->\n<title>Miembro del Instituto de Ciencias participa en el XII Congreso Gremial de la Red Ap\u00edcola Nacional y Seminario Internacional - Centro de Medicina Regenerativa<\/title>\n<meta name=\"robots\" content=\"index, follow, max-snippet:-1, max-image-preview:large, max-video-preview:-1\" \/>\n<link rel=\"canonical\" href=\"https:\/\/medicina.udd.cl\/centro-medicina-regenerativa\/noticias\/2011\/08\/08\/miembro-de-instituto-de-ciencias-participa-en-el-xii-congreso-gremial-de-la-red-apicola-nacional-y-seminario-internacional\/\" \/>\n<meta property=\"og:locale\" content=\"es_ES\" \/>\n<meta property=\"og:type\" content=\"article\" \/>\n<meta property=\"og:title\" content=\"Miembro del Instituto de Ciencias participa en el XII Congreso Gremial de la Red Ap\u00edcola Nacional y Seminario Internacional - Centro de Medicina Regenerativa\" \/>\n<meta property=\"og:description\" content=\"El XII Congreso Gremial de la Red Ap\u00edcola Nacional \u00a0y Seminario Internacional, \u00a0se realiz\u00f3 entre el 28 y 30 de Julio en la ciudad de \u00a0Valdivia. La Dra. Jessica Mart\u00ednez, miembro del Instituto de Ciencias, fue invitada a este evento por la Red Ap\u00edcola Nacional y la Asociaci\u00f3n gremial de Apicultores de la regi\u00f3n de [&hellip;]\" \/>\n<meta property=\"og:url\" content=\"https:\/\/medicina.udd.cl\/centro-medicina-regenerativa\/noticias\/2011\/08\/08\/miembro-de-instituto-de-ciencias-participa-en-el-xii-congreso-gremial-de-la-red-apicola-nacional-y-seminario-internacional\/\" \/>\n<meta property=\"og:site_name\" content=\"Centro de Medicina Regenerativa\" \/>\n<meta property=\"article:published_time\" content=\"2011-08-08T15:59:02+00:00\" \/>\n<meta property=\"article:modified_time\" content=\"2014-06-26T14:24:44+00:00\" \/>\n<meta property=\"og:image\" content=\"http:\/\/medicina.udd.cl\/centro-medicina-regenerativa\/files\/2011\/08\/congreso-jessica-agosto-2011-300x300.jpg\" \/>\n<meta name=\"author\" content=\"admin\" \/>\n<meta name=\"twitter:label1\" content=\"Escrito por\" \/>\n\t<meta name=\"twitter:data1\" content=\"admin\" \/>\n\t<meta name=\"twitter:label2\" content=\"Tiempo de lectura\" \/>\n\t<meta name=\"twitter:data2\" content=\"1 minuto\" \/>\n<script type=\"application\/ld+json\" class=\"yoast-schema-graph\">{\"@context\":\"https:\/\/schema.org\",\"@graph\":[{\"@type\":\"Article\",\"@id\":\"https:\/\/medicina.udd.cl\/centro-medicina-regenerativa\/noticias\/2011\/08\/08\/miembro-de-instituto-de-ciencias-participa-en-el-xii-congreso-gremial-de-la-red-apicola-nacional-y-seminario-internacional\/#article\",\"isPartOf\":{\"@id\":\"https:\/\/medicina.udd.cl\/centro-medicina-regenerativa\/noticias\/2011\/08\/08\/miembro-de-instituto-de-ciencias-participa-en-el-xii-congreso-gremial-de-la-red-apicola-nacional-y-seminario-internacional\/\"},\"author\":{\"name\":\"admin\",\"@id\":\"https:\/\/medicina.udd.cl\/centro-medicina-regenerativa\/#\/schema\/person\/f7abfa784c86da427e89287831f96ab7\"},\"headline\":\"Miembro del Instituto de Ciencias participa en el XII Congreso Gremial de la Red Ap\u00edcola Nacional y Seminario Internacional\",\"datePublished\":\"2011-08-08T15:59:02+00:00\",\"dateModified\":\"2014-06-26T14:24:44+00:00\",\"mainEntityOfPage\":{\"@id\":\"https:\/\/medicina.udd.cl\/centro-medicina-regenerativa\/noticias\/2011\/08\/08\/miembro-de-instituto-de-ciencias-participa-en-el-xii-congreso-gremial-de-la-red-apicola-nacional-y-seminario-internacional\/\"},\"wordCount\":163,\"commentCount\":0,\"image\":{\"@id\":\"https:\/\/medicina.udd.cl\/centro-medicina-regenerativa\/noticias\/2011\/08\/08\/miembro-de-instituto-de-ciencias-participa-en-el-xii-congreso-gremial-de-la-red-apicola-nacional-y-seminario-internacional\/#primaryimage\"},\"thumbnailUrl\":\"http:\/\/medicina.udd.cl\/centro-medicina-regenerativa\/files\/2011\/08\/congreso-jessica-agosto-2011-300x300.jpg\",\"articleSection\":[\"Noticias\"],\"inLanguage\":\"es\",\"potentialAction\":[{\"@type\":\"CommentAction\",\"name\":\"Comment\",\"target\":[\"https:\/\/medicina.udd.cl\/centro-medicina-regenerativa\/noticias\/2011\/08\/08\/miembro-de-instituto-de-ciencias-participa-en-el-xii-congreso-gremial-de-la-red-apicola-nacional-y-seminario-internacional\/#respond\"]}]},{\"@type\":\"WebPage\",\"@id\":\"https:\/\/medicina.udd.cl\/centro-medicina-regenerativa\/noticias\/2011\/08\/08\/miembro-de-instituto-de-ciencias-participa-en-el-xii-congreso-gremial-de-la-red-apicola-nacional-y-seminario-internacional\/\",\"url\":\"https:\/\/medicina.udd.cl\/centro-medicina-regenerativa\/noticias\/2011\/08\/08\/miembro-de-instituto-de-ciencias-participa-en-el-xii-congreso-gremial-de-la-red-apicola-nacional-y-seminario-internacional\/\",\"name\":\"Miembro del Instituto de Ciencias participa en el XII Congreso Gremial de la Red Ap\u00edcola Nacional y Seminario Internacional - Centro de Medicina Regenerativa\",\"isPartOf\":{\"@id\":\"https:\/\/medicina.udd.cl\/centro-medicina-regenerativa\/#website\"},\"primaryImageOfPage\":{\"@id\":\"https:\/\/medicina.udd.cl\/centro-medicina-regenerativa\/noticias\/2011\/08\/08\/miembro-de-instituto-de-ciencias-participa-en-el-xii-congreso-gremial-de-la-red-apicola-nacional-y-seminario-internacional\/#primaryimage\"},\"image\":{\"@id\":\"https:\/\/medicina.udd.cl\/centro-medicina-regenerativa\/noticias\/2011\/08\/08\/miembro-de-instituto-de-ciencias-participa-en-el-xii-congreso-gremial-de-la-red-apicola-nacional-y-seminario-internacional\/#primaryimage\"},\"thumbnailUrl\":\"http:\/\/medicina.udd.cl\/centro-medicina-regenerativa\/files\/2011\/08\/congreso-jessica-agosto-2011-300x300.jpg\",\"datePublished\":\"2011-08-08T15:59:02+00:00\",\"dateModified\":\"2014-06-26T14:24:44+00:00\",\"author\":{\"@id\":\"https:\/\/medicina.udd.cl\/centro-medicina-regenerativa\/#\/schema\/person\/f7abfa784c86da427e89287831f96ab7\"},\"breadcrumb\":{\"@id\":\"https:\/\/medicina.udd.cl\/centro-medicina-regenerativa\/noticias\/2011\/08\/08\/miembro-de-instituto-de-ciencias-participa-en-el-xii-congreso-gremial-de-la-red-apicola-nacional-y-seminario-internacional\/#breadcrumb\"},\"inLanguage\":\"es\",\"potentialAction\":[{\"@type\":\"ReadAction\",\"target\":[\"https:\/\/medicina.udd.cl\/centro-medicina-regenerativa\/noticias\/2011\/08\/08\/miembro-de-instituto-de-ciencias-participa-en-el-xii-congreso-gremial-de-la-red-apicola-nacional-y-seminario-internacional\/\"]}]},{\"@type\":\"ImageObject\",\"inLanguage\":\"es\",\"@id\":\"https:\/\/medicina.udd.cl\/centro-medicina-regenerativa\/noticias\/2011\/08\/08\/miembro-de-instituto-de-ciencias-participa-en-el-xii-congreso-gremial-de-la-red-apicola-nacional-y-seminario-internacional\/#primaryimage\",\"url\":\"http:\/\/medicina.udd.cl\/centro-medicina-regenerativa\/files\/2011\/08\/congreso-jessica-agosto-2011-300x300.jpg\",\"contentUrl\":\"http:\/\/medicina.udd.cl\/centro-medicina-regenerativa\/files\/2011\/08\/congreso-jessica-agosto-2011-300x300.jpg\"},{\"@type\":\"BreadcrumbList\",\"@id\":\"https:\/\/medicina.udd.cl\/centro-medicina-regenerativa\/noticias\/2011\/08\/08\/miembro-de-instituto-de-ciencias-participa-en-el-xii-congreso-gremial-de-la-red-apicola-nacional-y-seminario-internacional\/#breadcrumb\",\"itemListElement\":[{\"@type\":\"ListItem\",\"position\":1,\"name\":\"Inicio\",\"item\":\"https:\/\/medicina.udd.cl\/centro-medicina-regenerativa\/\"},{\"@type\":\"ListItem\",\"position\":2,\"name\":\"Miembro del Instituto de Ciencias participa en el XII Congreso Gremial de la Red Ap\u00edcola Nacional y Seminario Internacional\"}]},{\"@type\":\"WebSite\",\"@id\":\"https:\/\/medicina.udd.cl\/centro-medicina-regenerativa\/#website\",\"url\":\"https:\/\/medicina.udd.cl\/centro-medicina-regenerativa\/\",\"name\":\"Centro de Medicina Regenerativa\",\"description\":\"\",\"inLanguage\":\"es\"},{\"@type\":\"Person\",\"@id\":\"https:\/\/medicina.udd.cl\/centro-medicina-regenerativa\/#\/schema\/person\/f7abfa784c86da427e89287831f96ab7\",\"name\":\"admin\",\"image\":{\"@type\":\"ImageObject\",\"inLanguage\":\"es\",\"@id\":\"https:\/\/medicina.udd.cl\/centro-medicina-regenerativa\/#\/schema\/person\/image\/\",\"url\":\"https:\/\/secure.gravatar.com\/avatar\/3cb6da298954dfb54457c0910b8c9ca010abd8d87a60f7d701b6ce4254e1c642?s=96&d=mm&r=g\",\"contentUrl\":\"https:\/\/secure.gravatar.com\/avatar\/3cb6da298954dfb54457c0910b8c9ca010abd8d87a60f7d701b6ce4254e1c642?s=96&d=mm&r=g\",\"caption\":\"admin\"},\"url\":\"https:\/\/medicina.udd.cl\/centro-medicina-regenerativa\/noticias\/author\/admin\/\"}]}<\/script>\n<!-- \/ Yoast SEO plugin. -->","yoast_head_json":{"title":"Miembro del Instituto de Ciencias participa en el XII Congreso Gremial de la Red Ap\u00edcola Nacional y Seminario Internacional - Centro de Medicina Regenerativa","robots":{"index":"index","follow":"follow","max-snippet":"max-snippet:-1","max-image-preview":"max-image-preview:large","max-video-preview":"max-video-preview:-1"},"canonical":"https:\/\/medicina.udd.cl\/centro-medicina-regenerativa\/noticias\/2011\/08\/08\/miembro-de-instituto-de-ciencias-participa-en-el-xii-congreso-gremial-de-la-red-apicola-nacional-y-seminario-internacional\/","og_locale":"es_ES","og_type":"article","og_title":"Miembro del Instituto de Ciencias participa en el XII Congreso Gremial de la Red Ap\u00edcola Nacional y Seminario Internacional - Centro de Medicina Regenerativa","og_description":"El XII Congreso Gremial de la Red Ap\u00edcola Nacional \u00a0y Seminario Internacional, \u00a0se realiz\u00f3 entre el 28 y 30 de Julio en la ciudad de \u00a0Valdivia. La Dra. Jessica Mart\u00ednez, miembro del Instituto de Ciencias, fue invitada a este evento por la Red Ap\u00edcola Nacional y la Asociaci\u00f3n gremial de Apicultores de la regi\u00f3n de [&hellip;]","og_url":"https:\/\/medicina.udd.cl\/centro-medicina-regenerativa\/noticias\/2011\/08\/08\/miembro-de-instituto-de-ciencias-participa-en-el-xii-congreso-gremial-de-la-red-apicola-nacional-y-seminario-internacional\/","og_site_name":"Centro de Medicina Regenerativa","article_published_time":"2011-08-08T15:59:02+00:00","article_modified_time":"2014-06-26T14:24:44+00:00","og_image":[{"url":"http:\/\/medicina.udd.cl\/centro-medicina-regenerativa\/files\/2011\/08\/congreso-jessica-agosto-2011-300x300.jpg","type":"","width":"","height":""}],"author":"admin","twitter_misc":{"Escrito por":"admin","Tiempo de lectura":"1 minuto"},"schema":{"@context":"https:\/\/schema.org","@graph":[{"@type":"Article","@id":"https:\/\/medicina.udd.cl\/centro-medicina-regenerativa\/noticias\/2011\/08\/08\/miembro-de-instituto-de-ciencias-participa-en-el-xii-congreso-gremial-de-la-red-apicola-nacional-y-seminario-internacional\/#article","isPartOf":{"@id":"https:\/\/medicina.udd.cl\/centro-medicina-regenerativa\/noticias\/2011\/08\/08\/miembro-de-instituto-de-ciencias-participa-en-el-xii-congreso-gremial-de-la-red-apicola-nacional-y-seminario-internacional\/"},"author":{"name":"admin","@id":"https:\/\/medicina.udd.cl\/centro-medicina-regenerativa\/#\/schema\/person\/f7abfa784c86da427e89287831f96ab7"},"headline":"Miembro del Instituto de Ciencias participa en el XII Congreso Gremial de la Red Ap\u00edcola Nacional y Seminario Internacional","datePublished":"2011-08-08T15:59:02+00:00","dateModified":"2014-06-26T14:24:44+00:00","mainEntityOfPage":{"@id":"https:\/\/medicina.udd.cl\/centro-medicina-regenerativa\/noticias\/2011\/08\/08\/miembro-de-instituto-de-ciencias-participa-en-el-xii-congreso-gremial-de-la-red-apicola-nacional-y-seminario-internacional\/"},"wordCount":163,"commentCount":0,"image":{"@id":"https:\/\/medicina.udd.cl\/centro-medicina-regenerativa\/noticias\/2011\/08\/08\/miembro-de-instituto-de-ciencias-participa-en-el-xii-congreso-gremial-de-la-red-apicola-nacional-y-seminario-internacional\/#primaryimage"},"thumbnailUrl":"http:\/\/medicina.udd.cl\/centro-medicina-regenerativa\/files\/2011\/08\/congreso-jessica-agosto-2011-300x300.jpg","articleSection":["Noticias"],"inLanguage":"es","potentialAction":[{"@type":"CommentAction","name":"Comment","target":["https:\/\/medicina.udd.cl\/centro-medicina-regenerativa\/noticias\/2011\/08\/08\/miembro-de-instituto-de-ciencias-participa-en-el-xii-congreso-gremial-de-la-red-apicola-nacional-y-seminario-internacional\/#respond"]}]},{"@type":"WebPage","@id":"https:\/\/medicina.udd.cl\/centro-medicina-regenerativa\/noticias\/2011\/08\/08\/miembro-de-instituto-de-ciencias-participa-en-el-xii-congreso-gremial-de-la-red-apicola-nacional-y-seminario-internacional\/","url":"https:\/\/medicina.udd.cl\/centro-medicina-regenerativa\/noticias\/2011\/08\/08\/miembro-de-instituto-de-ciencias-participa-en-el-xii-congreso-gremial-de-la-red-apicola-nacional-y-seminario-internacional\/","name":"Miembro del Instituto de Ciencias participa en el XII Congreso Gremial de la Red Ap\u00edcola Nacional y Seminario Internacional - Centro de Medicina Regenerativa","isPartOf":{"@id":"https:\/\/medicina.udd.cl\/centro-medicina-regenerativa\/#website"},"primaryImageOfPage":{"@id":"https:\/\/medicina.udd.cl\/centro-medicina-regenerativa\/noticias\/2011\/08\/08\/miembro-de-instituto-de-ciencias-participa-en-el-xii-congreso-gremial-de-la-red-apicola-nacional-y-seminario-internacional\/#primaryimage"},"image":{"@id":"https:\/\/medicina.udd.cl\/centro-medicina-regenerativa\/noticias\/2011\/08\/08\/miembro-de-instituto-de-ciencias-participa-en-el-xii-congreso-gremial-de-la-red-apicola-nacional-y-seminario-internacional\/#primaryimage"},"thumbnailUrl":"http:\/\/medicina.udd.cl\/centro-medicina-regenerativa\/files\/2011\/08\/congreso-jessica-agosto-2011-300x300.jpg","datePublished":"2011-08-08T15:59:02+00:00","dateModified":"2014-06-26T14:24:44+00:00","author":{"@id":"https:\/\/medicina.udd.cl\/centro-medicina-regenerativa\/#\/schema\/person\/f7abfa784c86da427e89287831f96ab7"},"breadcrumb":{"@id":"https:\/\/medicina.udd.cl\/centro-medicina-regenerativa\/noticias\/2011\/08\/08\/miembro-de-instituto-de-ciencias-participa-en-el-xii-congreso-gremial-de-la-red-apicola-nacional-y-seminario-internacional\/#breadcrumb"},"inLanguage":"es","potentialAction":[{"@type":"ReadAction","target":["https:\/\/medicina.udd.cl\/centro-medicina-regenerativa\/noticias\/2011\/08\/08\/miembro-de-instituto-de-ciencias-participa-en-el-xii-congreso-gremial-de-la-red-apicola-nacional-y-seminario-internacional\/"]}]},{"@type":"ImageObject","inLanguage":"es","@id":"https:\/\/medicina.udd.cl\/centro-medicina-regenerativa\/noticias\/2011\/08\/08\/miembro-de-instituto-de-ciencias-participa-en-el-xii-congreso-gremial-de-la-red-apicola-nacional-y-seminario-internacional\/#primaryimage","url":"http:\/\/medicina.udd.cl\/centro-medicina-regenerativa\/files\/2011\/08\/congreso-jessica-agosto-2011-300x300.jpg","contentUrl":"http:\/\/medicina.udd.cl\/centro-medicina-regenerativa\/files\/2011\/08\/congreso-jessica-agosto-2011-300x300.jpg"},{"@type":"BreadcrumbList","@id":"https:\/\/medicina.udd.cl\/centro-medicina-regenerativa\/noticias\/2011\/08\/08\/miembro-de-instituto-de-ciencias-participa-en-el-xii-congreso-gremial-de-la-red-apicola-nacional-y-seminario-internacional\/#breadcrumb","itemListElement":[{"@type":"ListItem","position":1,"name":"Inicio","item":"https:\/\/medicina.udd.cl\/centro-medicina-regenerativa\/"},{"@type":"ListItem","position":2,"name":"Miembro del Instituto de Ciencias participa en el XII Congreso Gremial de la Red Ap\u00edcola Nacional y Seminario Internacional"}]},{"@type":"WebSite","@id":"https:\/\/medicina.udd.cl\/centro-medicina-regenerativa\/#website","url":"https:\/\/medicina.udd.cl\/centro-medicina-regenerativa\/","name":"Centro de Medicina Regenerativa","description":"","inLanguage":"es"},{"@type":"Person","@id":"https:\/\/medicina.udd.cl\/centro-medicina-regenerativa\/#\/schema\/person\/f7abfa784c86da427e89287831f96ab7","name":"admin","image":{"@type":"ImageObject","inLanguage":"es","@id":"https:\/\/medicina.udd.cl\/centro-medicina-regenerativa\/#\/schema\/person\/image\/","url":"https:\/\/secure.gravatar.com\/avatar\/3cb6da298954dfb54457c0910b8c9ca010abd8d87a60f7d701b6ce4254e1c642?s=96&d=mm&r=g","contentUrl":"https:\/\/secure.gravatar.com\/avatar\/3cb6da298954dfb54457c0910b8c9ca010abd8d87a60f7d701b6ce4254e1c642?s=96&d=mm&r=g","caption":"admin"},"url":"https:\/\/medicina.udd.cl\/centro-medicina-regenerativa\/noticias\/author\/admin\/"}]}},"featured_image_url":null,"_links":{"self":[{"href":"https:\/\/medicina.udd.cl\/centro-medicina-regenerativa\/wp-json\/wp\/v2\/posts\/489","targetHints":{"allow":["GET"]}}],"collection":[{"href":"https:\/\/medicina.udd.cl\/centro-medicina-regenerativa\/wp-json\/wp\/v2\/posts"}],"about":[{"href":"https:\/\/medicina.udd.cl\/centro-medicina-regenerativa\/wp-json\/wp\/v2\/types\/post"}],"author":[{"embeddable":true,"href":"https:\/\/medicina.udd.cl\/centro-medicina-regenerativa\/wp-json\/wp\/v2\/users\/1"}],"replies":[{"embeddable":true,"href":"https:\/\/medicina.udd.cl\/centro-medicina-regenerativa\/wp-json\/wp\/v2\/comments?post=489"}],"version-history":[{"count":4,"href":"https:\/\/medicina.udd.cl\/centro-medicina-regenerativa\/wp-json\/wp\/v2\/posts\/489\/revisions"}],"predecessor-version":[{"id":1830,"href":"https:\/\/medicina.udd.cl\/centro-medicina-regenerativa\/wp-json\/wp\/v2\/posts\/489\/revisions\/1830"}],"wp:attachment":[{"href":"https:\/\/medicina.udd.cl\/centro-medicina-regenerativa\/wp-json\/wp\/v2\/media?parent=489"}],"wp:term":[{"taxonomy":"category","embeddable":true,"href":"https:\/\/medicina.udd.cl\/centro-medicina-regenerativa\/wp-json\/wp\/v2\/categories?post=489"},{"taxonomy":"post_tag","embeddable":true,"href":"https:\/\/medicina.udd.cl\/centro-medicina-regenerativa\/wp-json\/wp\/v2\/tags?post=489"}],"curies":[{"name":"wp","href":"https:\/\/api.w.org\/{rel}","templated":true}]}}