{"id":648,"date":"2012-08-30T16:16:52","date_gmt":"2012-08-30T20:16:52","guid":{"rendered":"http:\/\/medicina.udd.cl\/instituto-ciencias\/?p=648"},"modified":"2014-06-26T10:15:57","modified_gmt":"2014-06-26T14:15:57","slug":"investigadora-del-instituto-de-ciencias-fue-galardonada-en-el-marco-de-la-celebracion-del-trigesimo-aniversario-del-fondo-nacional-de-desarrollo-cientifico-y-tecnologico-2","status":"publish","type":"post","link":"https:\/\/medicina.udd.cl\/centro-medicina-regenerativa\/noticias\/2012\/08\/30\/investigadora-del-instituto-de-ciencias-fue-galardonada-en-el-marco-de-la-celebracion-del-trigesimo-aniversario-del-fondo-nacional-de-desarrollo-cientifico-y-tecnologico-2\/","title":{"rendered":"Premian a doctora Campod\u00f3nico por su trayectoria y constancia"},"content":{"rendered":"<p style=\"text-align: justify;\"><a href=\"http:\/\/medicina.udd.cl\/centro-medicina-regenerativa\/files\/2012\/08\/pao-laboratorio.jpg\"><img loading=\"lazy\" decoding=\"async\" class=\" wp-image-649 alignleft\" alt=\"pao laboratorio\" src=\"http:\/\/medicina.udd.cl\/centro-medicina-regenerativa\/files\/2012\/08\/pao-laboratorio-300x300.jpg\" width=\"216\" height=\"216\" srcset=\"https:\/\/medicina.udd.cl\/centro-medicina-regenerativa\/files\/2012\/08\/pao-laboratorio-300x300.jpg 300w, https:\/\/medicina.udd.cl\/centro-medicina-regenerativa\/files\/2012\/08\/pao-laboratorio-150x150.jpg 150w, https:\/\/medicina.udd.cl\/centro-medicina-regenerativa\/files\/2012\/08\/pao-laboratorio-62x62.jpg 62w, https:\/\/medicina.udd.cl\/centro-medicina-regenerativa\/files\/2012\/08\/pao-laboratorio-126x126.jpg 126w\" sizes=\"auto, (max-width: 216px) 100vw, 216px\" \/><\/a>Destacando los m\u00e1s de 15 mil proyectos que ha financiado en las m\u00e1s diversas \u00e1reas del conocimiento, el \u00a0mi\u00e9rcoles 29 de Agosto se realiz\u00f3 la \u00a0conmemoraci\u00f3n del trig\u00e9simo aniversario del Fondo Nacional de Desarrollo Cient\u00edfico y Tecnol\u00f3gico (Fondecyt), en el Centro Cultural Gabriela Mistral. En esta oportunidad se reconoci\u00f3 la trayectoria de un grupo de destacados investigadores nacionales, dentro de los cuales destaca la investigadora del Instituto de Ciencias, Dra. Paola Campodonico, quien fue galardonada por su trayectoria y constancia.<\/p>\n<p style=\"text-align: justify;\">La Directora del \u00a0Programa destac\u00f3 el impacto de \u00e9ste, el cual repercute en la ejecuci\u00f3n de 2.400 proyectos con 6 mil millones de pesos anuales. Boisier habl\u00f3 tambi\u00e9n de desaf\u00edos en el camino que avanza, relevando dos aspectos importantes en que la ciencia de hoy debe reparar: el trabajo multidisciplinario y el establecimiento de canales efectivos de comunicaci\u00f3n del quehacer cient\u00edfico y su implicancia en la sociedad.<\/p>\n","protected":false},"excerpt":{"rendered":"<p>Reconocimiento fue entregado por el Fondo Nacional de Desarrollo Cient\u00edfico y Tecnol\u00f3gico (Fondecyt)<\/p>\n","protected":false},"author":1,"featured_media":0,"comment_status":"open","ping_status":"open","sticky":false,"template":"","format":"standard","meta":{"footnotes":""},"categories":[4],"tags":[],"class_list":["post-648","post","type-post","status-publish","format-standard","hentry","category-noticias"],"yoast_head":"<!-- This site is optimized with the Yoast SEO plugin v26.9 - https:\/\/yoast.com\/product\/yoast-seo-wordpress\/ -->\n<title>Premian a doctora Campod\u00f3nico por su trayectoria y constancia - Centro de Medicina Regenerativa<\/title>\n<meta name=\"robots\" content=\"index, follow, max-snippet:-1, max-image-preview:large, max-video-preview:-1\" \/>\n<link rel=\"canonical\" href=\"https:\/\/medicina.udd.cl\/centro-medicina-regenerativa\/noticias\/2012\/08\/30\/investigadora-del-instituto-de-ciencias-fue-galardonada-en-el-marco-de-la-celebracion-del-trigesimo-aniversario-del-fondo-nacional-de-desarrollo-cientifico-y-tecnologico-2\/\" \/>\n<meta property=\"og:locale\" content=\"es_ES\" \/>\n<meta property=\"og:type\" content=\"article\" \/>\n<meta property=\"og:title\" content=\"Premian a doctora Campod\u00f3nico por su trayectoria y constancia - Centro de Medicina Regenerativa\" \/>\n<meta property=\"og:description\" content=\"Reconocimiento fue entregado por el Fondo Nacional de Desarrollo Cient\u00edfico y Tecnol\u00f3gico (Fondecyt)\" \/>\n<meta property=\"og:url\" content=\"https:\/\/medicina.udd.cl\/centro-medicina-regenerativa\/noticias\/2012\/08\/30\/investigadora-del-instituto-de-ciencias-fue-galardonada-en-el-marco-de-la-celebracion-del-trigesimo-aniversario-del-fondo-nacional-de-desarrollo-cientifico-y-tecnologico-2\/\" \/>\n<meta property=\"og:site_name\" content=\"Centro de Medicina Regenerativa\" \/>\n<meta property=\"article:published_time\" content=\"2012-08-30T20:16:52+00:00\" \/>\n<meta property=\"article:modified_time\" content=\"2014-06-26T14:15:57+00:00\" \/>\n<meta property=\"og:image\" content=\"http:\/\/medicina.udd.cl\/centro-medicina-regenerativa\/files\/2012\/08\/pao-laboratorio-300x300.jpg\" \/>\n<meta name=\"author\" content=\"admin\" \/>\n<meta name=\"twitter:label1\" content=\"Escrito por\" \/>\n\t<meta name=\"twitter:data1\" content=\"admin\" \/>\n\t<meta name=\"twitter:label2\" content=\"Tiempo de lectura\" \/>\n\t<meta name=\"twitter:data2\" content=\"1 minuto\" \/>\n<script type=\"application\/ld+json\" class=\"yoast-schema-graph\">{\"@context\":\"https:\/\/schema.org\",\"@graph\":[{\"@type\":\"Article\",\"@id\":\"https:\/\/medicina.udd.cl\/centro-medicina-regenerativa\/noticias\/2012\/08\/30\/investigadora-del-instituto-de-ciencias-fue-galardonada-en-el-marco-de-la-celebracion-del-trigesimo-aniversario-del-fondo-nacional-de-desarrollo-cientifico-y-tecnologico-2\/#article\",\"isPartOf\":{\"@id\":\"https:\/\/medicina.udd.cl\/centro-medicina-regenerativa\/noticias\/2012\/08\/30\/investigadora-del-instituto-de-ciencias-fue-galardonada-en-el-marco-de-la-celebracion-del-trigesimo-aniversario-del-fondo-nacional-de-desarrollo-cientifico-y-tecnologico-2\/\"},\"author\":{\"name\":\"admin\",\"@id\":\"https:\/\/medicina.udd.cl\/centro-medicina-regenerativa\/#\/schema\/person\/f7abfa784c86da427e89287831f96ab7\"},\"headline\":\"Premian a doctora Campod\u00f3nico por su trayectoria y constancia\",\"datePublished\":\"2012-08-30T20:16:52+00:00\",\"dateModified\":\"2014-06-26T14:15:57+00:00\",\"mainEntityOfPage\":{\"@id\":\"https:\/\/medicina.udd.cl\/centro-medicina-regenerativa\/noticias\/2012\/08\/30\/investigadora-del-instituto-de-ciencias-fue-galardonada-en-el-marco-de-la-celebracion-del-trigesimo-aniversario-del-fondo-nacional-de-desarrollo-cientifico-y-tecnologico-2\/\"},\"wordCount\":165,\"commentCount\":0,\"image\":{\"@id\":\"https:\/\/medicina.udd.cl\/centro-medicina-regenerativa\/noticias\/2012\/08\/30\/investigadora-del-instituto-de-ciencias-fue-galardonada-en-el-marco-de-la-celebracion-del-trigesimo-aniversario-del-fondo-nacional-de-desarrollo-cientifico-y-tecnologico-2\/#primaryimage\"},\"thumbnailUrl\":\"http:\/\/medicina.udd.cl\/centro-medicina-regenerativa\/files\/2012\/08\/pao-laboratorio-300x300.jpg\",\"articleSection\":[\"Noticias\"],\"inLanguage\":\"es\",\"potentialAction\":[{\"@type\":\"CommentAction\",\"name\":\"Comment\",\"target\":[\"https:\/\/medicina.udd.cl\/centro-medicina-regenerativa\/noticias\/2012\/08\/30\/investigadora-del-instituto-de-ciencias-fue-galardonada-en-el-marco-de-la-celebracion-del-trigesimo-aniversario-del-fondo-nacional-de-desarrollo-cientifico-y-tecnologico-2\/#respond\"]}]},{\"@type\":\"WebPage\",\"@id\":\"https:\/\/medicina.udd.cl\/centro-medicina-regenerativa\/noticias\/2012\/08\/30\/investigadora-del-instituto-de-ciencias-fue-galardonada-en-el-marco-de-la-celebracion-del-trigesimo-aniversario-del-fondo-nacional-de-desarrollo-cientifico-y-tecnologico-2\/\",\"url\":\"https:\/\/medicina.udd.cl\/centro-medicina-regenerativa\/noticias\/2012\/08\/30\/investigadora-del-instituto-de-ciencias-fue-galardonada-en-el-marco-de-la-celebracion-del-trigesimo-aniversario-del-fondo-nacional-de-desarrollo-cientifico-y-tecnologico-2\/\",\"name\":\"Premian a doctora Campod\u00f3nico por su trayectoria y constancia - Centro de Medicina Regenerativa\",\"isPartOf\":{\"@id\":\"https:\/\/medicina.udd.cl\/centro-medicina-regenerativa\/#website\"},\"primaryImageOfPage\":{\"@id\":\"https:\/\/medicina.udd.cl\/centro-medicina-regenerativa\/noticias\/2012\/08\/30\/investigadora-del-instituto-de-ciencias-fue-galardonada-en-el-marco-de-la-celebracion-del-trigesimo-aniversario-del-fondo-nacional-de-desarrollo-cientifico-y-tecnologico-2\/#primaryimage\"},\"image\":{\"@id\":\"https:\/\/medicina.udd.cl\/centro-medicina-regenerativa\/noticias\/2012\/08\/30\/investigadora-del-instituto-de-ciencias-fue-galardonada-en-el-marco-de-la-celebracion-del-trigesimo-aniversario-del-fondo-nacional-de-desarrollo-cientifico-y-tecnologico-2\/#primaryimage\"},\"thumbnailUrl\":\"http:\/\/medicina.udd.cl\/centro-medicina-regenerativa\/files\/2012\/08\/pao-laboratorio-300x300.jpg\",\"datePublished\":\"2012-08-30T20:16:52+00:00\",\"dateModified\":\"2014-06-26T14:15:57+00:00\",\"author\":{\"@id\":\"https:\/\/medicina.udd.cl\/centro-medicina-regenerativa\/#\/schema\/person\/f7abfa784c86da427e89287831f96ab7\"},\"breadcrumb\":{\"@id\":\"https:\/\/medicina.udd.cl\/centro-medicina-regenerativa\/noticias\/2012\/08\/30\/investigadora-del-instituto-de-ciencias-fue-galardonada-en-el-marco-de-la-celebracion-del-trigesimo-aniversario-del-fondo-nacional-de-desarrollo-cientifico-y-tecnologico-2\/#breadcrumb\"},\"inLanguage\":\"es\",\"potentialAction\":[{\"@type\":\"ReadAction\",\"target\":[\"https:\/\/medicina.udd.cl\/centro-medicina-regenerativa\/noticias\/2012\/08\/30\/investigadora-del-instituto-de-ciencias-fue-galardonada-en-el-marco-de-la-celebracion-del-trigesimo-aniversario-del-fondo-nacional-de-desarrollo-cientifico-y-tecnologico-2\/\"]}]},{\"@type\":\"ImageObject\",\"inLanguage\":\"es\",\"@id\":\"https:\/\/medicina.udd.cl\/centro-medicina-regenerativa\/noticias\/2012\/08\/30\/investigadora-del-instituto-de-ciencias-fue-galardonada-en-el-marco-de-la-celebracion-del-trigesimo-aniversario-del-fondo-nacional-de-desarrollo-cientifico-y-tecnologico-2\/#primaryimage\",\"url\":\"http:\/\/medicina.udd.cl\/centro-medicina-regenerativa\/files\/2012\/08\/pao-laboratorio-300x300.jpg\",\"contentUrl\":\"http:\/\/medicina.udd.cl\/centro-medicina-regenerativa\/files\/2012\/08\/pao-laboratorio-300x300.jpg\"},{\"@type\":\"BreadcrumbList\",\"@id\":\"https:\/\/medicina.udd.cl\/centro-medicina-regenerativa\/noticias\/2012\/08\/30\/investigadora-del-instituto-de-ciencias-fue-galardonada-en-el-marco-de-la-celebracion-del-trigesimo-aniversario-del-fondo-nacional-de-desarrollo-cientifico-y-tecnologico-2\/#breadcrumb\",\"itemListElement\":[{\"@type\":\"ListItem\",\"position\":1,\"name\":\"Inicio\",\"item\":\"https:\/\/medicina.udd.cl\/centro-medicina-regenerativa\/\"},{\"@type\":\"ListItem\",\"position\":2,\"name\":\"Premian a doctora Campod\u00f3nico por su trayectoria y constancia\"}]},{\"@type\":\"WebSite\",\"@id\":\"https:\/\/medicina.udd.cl\/centro-medicina-regenerativa\/#website\",\"url\":\"https:\/\/medicina.udd.cl\/centro-medicina-regenerativa\/\",\"name\":\"Centro de Medicina Regenerativa\",\"description\":\"\",\"inLanguage\":\"es\"},{\"@type\":\"Person\",\"@id\":\"https:\/\/medicina.udd.cl\/centro-medicina-regenerativa\/#\/schema\/person\/f7abfa784c86da427e89287831f96ab7\",\"name\":\"admin\",\"image\":{\"@type\":\"ImageObject\",\"inLanguage\":\"es\",\"@id\":\"https:\/\/medicina.udd.cl\/centro-medicina-regenerativa\/#\/schema\/person\/image\/\",\"url\":\"https:\/\/secure.gravatar.com\/avatar\/3cb6da298954dfb54457c0910b8c9ca010abd8d87a60f7d701b6ce4254e1c642?s=96&d=mm&r=g\",\"contentUrl\":\"https:\/\/secure.gravatar.com\/avatar\/3cb6da298954dfb54457c0910b8c9ca010abd8d87a60f7d701b6ce4254e1c642?s=96&d=mm&r=g\",\"caption\":\"admin\"},\"url\":\"https:\/\/medicina.udd.cl\/centro-medicina-regenerativa\/noticias\/author\/admin\/\"}]}<\/script>\n<!-- \/ Yoast SEO plugin. -->","yoast_head_json":{"title":"Premian a doctora Campod\u00f3nico por su trayectoria y constancia - Centro de Medicina Regenerativa","robots":{"index":"index","follow":"follow","max-snippet":"max-snippet:-1","max-image-preview":"max-image-preview:large","max-video-preview":"max-video-preview:-1"},"canonical":"https:\/\/medicina.udd.cl\/centro-medicina-regenerativa\/noticias\/2012\/08\/30\/investigadora-del-instituto-de-ciencias-fue-galardonada-en-el-marco-de-la-celebracion-del-trigesimo-aniversario-del-fondo-nacional-de-desarrollo-cientifico-y-tecnologico-2\/","og_locale":"es_ES","og_type":"article","og_title":"Premian a doctora Campod\u00f3nico por su trayectoria y constancia - Centro de Medicina Regenerativa","og_description":"Reconocimiento fue entregado por el Fondo Nacional de Desarrollo Cient\u00edfico y Tecnol\u00f3gico (Fondecyt)","og_url":"https:\/\/medicina.udd.cl\/centro-medicina-regenerativa\/noticias\/2012\/08\/30\/investigadora-del-instituto-de-ciencias-fue-galardonada-en-el-marco-de-la-celebracion-del-trigesimo-aniversario-del-fondo-nacional-de-desarrollo-cientifico-y-tecnologico-2\/","og_site_name":"Centro de Medicina Regenerativa","article_published_time":"2012-08-30T20:16:52+00:00","article_modified_time":"2014-06-26T14:15:57+00:00","og_image":[{"url":"http:\/\/medicina.udd.cl\/centro-medicina-regenerativa\/files\/2012\/08\/pao-laboratorio-300x300.jpg","type":"","width":"","height":""}],"author":"admin","twitter_misc":{"Escrito por":"admin","Tiempo de lectura":"1 minuto"},"schema":{"@context":"https:\/\/schema.org","@graph":[{"@type":"Article","@id":"https:\/\/medicina.udd.cl\/centro-medicina-regenerativa\/noticias\/2012\/08\/30\/investigadora-del-instituto-de-ciencias-fue-galardonada-en-el-marco-de-la-celebracion-del-trigesimo-aniversario-del-fondo-nacional-de-desarrollo-cientifico-y-tecnologico-2\/#article","isPartOf":{"@id":"https:\/\/medicina.udd.cl\/centro-medicina-regenerativa\/noticias\/2012\/08\/30\/investigadora-del-instituto-de-ciencias-fue-galardonada-en-el-marco-de-la-celebracion-del-trigesimo-aniversario-del-fondo-nacional-de-desarrollo-cientifico-y-tecnologico-2\/"},"author":{"name":"admin","@id":"https:\/\/medicina.udd.cl\/centro-medicina-regenerativa\/#\/schema\/person\/f7abfa784c86da427e89287831f96ab7"},"headline":"Premian a doctora Campod\u00f3nico por su trayectoria y constancia","datePublished":"2012-08-30T20:16:52+00:00","dateModified":"2014-06-26T14:15:57+00:00","mainEntityOfPage":{"@id":"https:\/\/medicina.udd.cl\/centro-medicina-regenerativa\/noticias\/2012\/08\/30\/investigadora-del-instituto-de-ciencias-fue-galardonada-en-el-marco-de-la-celebracion-del-trigesimo-aniversario-del-fondo-nacional-de-desarrollo-cientifico-y-tecnologico-2\/"},"wordCount":165,"commentCount":0,"image":{"@id":"https:\/\/medicina.udd.cl\/centro-medicina-regenerativa\/noticias\/2012\/08\/30\/investigadora-del-instituto-de-ciencias-fue-galardonada-en-el-marco-de-la-celebracion-del-trigesimo-aniversario-del-fondo-nacional-de-desarrollo-cientifico-y-tecnologico-2\/#primaryimage"},"thumbnailUrl":"http:\/\/medicina.udd.cl\/centro-medicina-regenerativa\/files\/2012\/08\/pao-laboratorio-300x300.jpg","articleSection":["Noticias"],"inLanguage":"es","potentialAction":[{"@type":"CommentAction","name":"Comment","target":["https:\/\/medicina.udd.cl\/centro-medicina-regenerativa\/noticias\/2012\/08\/30\/investigadora-del-instituto-de-ciencias-fue-galardonada-en-el-marco-de-la-celebracion-del-trigesimo-aniversario-del-fondo-nacional-de-desarrollo-cientifico-y-tecnologico-2\/#respond"]}]},{"@type":"WebPage","@id":"https:\/\/medicina.udd.cl\/centro-medicina-regenerativa\/noticias\/2012\/08\/30\/investigadora-del-instituto-de-ciencias-fue-galardonada-en-el-marco-de-la-celebracion-del-trigesimo-aniversario-del-fondo-nacional-de-desarrollo-cientifico-y-tecnologico-2\/","url":"https:\/\/medicina.udd.cl\/centro-medicina-regenerativa\/noticias\/2012\/08\/30\/investigadora-del-instituto-de-ciencias-fue-galardonada-en-el-marco-de-la-celebracion-del-trigesimo-aniversario-del-fondo-nacional-de-desarrollo-cientifico-y-tecnologico-2\/","name":"Premian a doctora Campod\u00f3nico por su trayectoria y constancia - Centro de Medicina Regenerativa","isPartOf":{"@id":"https:\/\/medicina.udd.cl\/centro-medicina-regenerativa\/#website"},"primaryImageOfPage":{"@id":"https:\/\/medicina.udd.cl\/centro-medicina-regenerativa\/noticias\/2012\/08\/30\/investigadora-del-instituto-de-ciencias-fue-galardonada-en-el-marco-de-la-celebracion-del-trigesimo-aniversario-del-fondo-nacional-de-desarrollo-cientifico-y-tecnologico-2\/#primaryimage"},"image":{"@id":"https:\/\/medicina.udd.cl\/centro-medicina-regenerativa\/noticias\/2012\/08\/30\/investigadora-del-instituto-de-ciencias-fue-galardonada-en-el-marco-de-la-celebracion-del-trigesimo-aniversario-del-fondo-nacional-de-desarrollo-cientifico-y-tecnologico-2\/#primaryimage"},"thumbnailUrl":"http:\/\/medicina.udd.cl\/centro-medicina-regenerativa\/files\/2012\/08\/pao-laboratorio-300x300.jpg","datePublished":"2012-08-30T20:16:52+00:00","dateModified":"2014-06-26T14:15:57+00:00","author":{"@id":"https:\/\/medicina.udd.cl\/centro-medicina-regenerativa\/#\/schema\/person\/f7abfa784c86da427e89287831f96ab7"},"breadcrumb":{"@id":"https:\/\/medicina.udd.cl\/centro-medicina-regenerativa\/noticias\/2012\/08\/30\/investigadora-del-instituto-de-ciencias-fue-galardonada-en-el-marco-de-la-celebracion-del-trigesimo-aniversario-del-fondo-nacional-de-desarrollo-cientifico-y-tecnologico-2\/#breadcrumb"},"inLanguage":"es","potentialAction":[{"@type":"ReadAction","target":["https:\/\/medicina.udd.cl\/centro-medicina-regenerativa\/noticias\/2012\/08\/30\/investigadora-del-instituto-de-ciencias-fue-galardonada-en-el-marco-de-la-celebracion-del-trigesimo-aniversario-del-fondo-nacional-de-desarrollo-cientifico-y-tecnologico-2\/"]}]},{"@type":"ImageObject","inLanguage":"es","@id":"https:\/\/medicina.udd.cl\/centro-medicina-regenerativa\/noticias\/2012\/08\/30\/investigadora-del-instituto-de-ciencias-fue-galardonada-en-el-marco-de-la-celebracion-del-trigesimo-aniversario-del-fondo-nacional-de-desarrollo-cientifico-y-tecnologico-2\/#primaryimage","url":"http:\/\/medicina.udd.cl\/centro-medicina-regenerativa\/files\/2012\/08\/pao-laboratorio-300x300.jpg","contentUrl":"http:\/\/medicina.udd.cl\/centro-medicina-regenerativa\/files\/2012\/08\/pao-laboratorio-300x300.jpg"},{"@type":"BreadcrumbList","@id":"https:\/\/medicina.udd.cl\/centro-medicina-regenerativa\/noticias\/2012\/08\/30\/investigadora-del-instituto-de-ciencias-fue-galardonada-en-el-marco-de-la-celebracion-del-trigesimo-aniversario-del-fondo-nacional-de-desarrollo-cientifico-y-tecnologico-2\/#breadcrumb","itemListElement":[{"@type":"ListItem","position":1,"name":"Inicio","item":"https:\/\/medicina.udd.cl\/centro-medicina-regenerativa\/"},{"@type":"ListItem","position":2,"name":"Premian a doctora Campod\u00f3nico por su trayectoria y constancia"}]},{"@type":"WebSite","@id":"https:\/\/medicina.udd.cl\/centro-medicina-regenerativa\/#website","url":"https:\/\/medicina.udd.cl\/centro-medicina-regenerativa\/","name":"Centro de Medicina Regenerativa","description":"","inLanguage":"es"},{"@type":"Person","@id":"https:\/\/medicina.udd.cl\/centro-medicina-regenerativa\/#\/schema\/person\/f7abfa784c86da427e89287831f96ab7","name":"admin","image":{"@type":"ImageObject","inLanguage":"es","@id":"https:\/\/medicina.udd.cl\/centro-medicina-regenerativa\/#\/schema\/person\/image\/","url":"https:\/\/secure.gravatar.com\/avatar\/3cb6da298954dfb54457c0910b8c9ca010abd8d87a60f7d701b6ce4254e1c642?s=96&d=mm&r=g","contentUrl":"https:\/\/secure.gravatar.com\/avatar\/3cb6da298954dfb54457c0910b8c9ca010abd8d87a60f7d701b6ce4254e1c642?s=96&d=mm&r=g","caption":"admin"},"url":"https:\/\/medicina.udd.cl\/centro-medicina-regenerativa\/noticias\/author\/admin\/"}]}},"featured_image_url":null,"_links":{"self":[{"href":"https:\/\/medicina.udd.cl\/centro-medicina-regenerativa\/wp-json\/wp\/v2\/posts\/648","targetHints":{"allow":["GET"]}}],"collection":[{"href":"https:\/\/medicina.udd.cl\/centro-medicina-regenerativa\/wp-json\/wp\/v2\/posts"}],"about":[{"href":"https:\/\/medicina.udd.cl\/centro-medicina-regenerativa\/wp-json\/wp\/v2\/types\/post"}],"author":[{"embeddable":true,"href":"https:\/\/medicina.udd.cl\/centro-medicina-regenerativa\/wp-json\/wp\/v2\/users\/1"}],"replies":[{"embeddable":true,"href":"https:\/\/medicina.udd.cl\/centro-medicina-regenerativa\/wp-json\/wp\/v2\/comments?post=648"}],"version-history":[{"count":6,"href":"https:\/\/medicina.udd.cl\/centro-medicina-regenerativa\/wp-json\/wp\/v2\/posts\/648\/revisions"}],"predecessor-version":[{"id":1820,"href":"https:\/\/medicina.udd.cl\/centro-medicina-regenerativa\/wp-json\/wp\/v2\/posts\/648\/revisions\/1820"}],"wp:attachment":[{"href":"https:\/\/medicina.udd.cl\/centro-medicina-regenerativa\/wp-json\/wp\/v2\/media?parent=648"}],"wp:term":[{"taxonomy":"category","embeddable":true,"href":"https:\/\/medicina.udd.cl\/centro-medicina-regenerativa\/wp-json\/wp\/v2\/categories?post=648"},{"taxonomy":"post_tag","embeddable":true,"href":"https:\/\/medicina.udd.cl\/centro-medicina-regenerativa\/wp-json\/wp\/v2\/tags?post=648"}],"curies":[{"name":"wp","href":"https:\/\/api.w.org\/{rel}","templated":true}]}}