{"id":663,"date":"2012-10-22T14:43:09","date_gmt":"2012-10-22T17:43:09","guid":{"rendered":"http:\/\/medicina.udd.cl\/instituto-ciencias\/?p=663"},"modified":"2014-06-26T10:14:46","modified_gmt":"2014-06-26T14:14:46","slug":"usan-celulas-madre-para-tratar-dano-por-radiactividad-en-trabajador","status":"publish","type":"post","link":"https:\/\/medicina.udd.cl\/centro-medicina-regenerativa\/noticias\/2012\/10\/22\/usan-celulas-madre-para-tratar-dano-por-radiactividad-en-trabajador\/","title":{"rendered":"Usan c\u00e9lulas madre para tratar da\u00f1o por radiactividad en trabajador"},"content":{"rendered":"<p>El 15 de diciembre de 2005 Miguel \u00c1ngel Fuentes sufri\u00f3 un accidente laboral. Durante la construcci\u00f3n de la planta Nueva Aldea de Celulosa Arauco, en la VIII Regi\u00f3n, se perdi\u00f3 una barra de iridio radiactivo de un equipo que fue hallada por \u00e9l. Sin sospechar de su peligrosidad, la guard\u00f3 en el bolsillo trasero de su pantal\u00f3n.<\/p>\n<p>Trece d\u00edas despu\u00e9s vol\u00f3 al Hospital Militar Percy de Par\u00eds, donde permaneci\u00f3 cinco meses en tratamiento, para recuperar el da\u00f1o que sufri\u00f3 en uno de sus gl\u00fateos y en su mano izquierda.<\/p>\n<p>Desde ese momento, tuvo que regresar una vez al a\u00f1o para tratar su mano, debido a que el da\u00f1o se reactiva y le produce un fuerte dolor, que se pasa cuando se le inyectan c\u00e9lulas madre.<\/p>\n<p>Entre agosto y septiembre pasado, esta rutina sufri\u00f3 un cambio. Por primera vez Miguel \u00c1ngel se hizo este tratamiento en nuestro pa\u00eds, en el Hospital Mutual de Seguridad. \u00abMe sacaron c\u00e9lulas madre de la pelvis y las cultivaron durante 10 d\u00edas. Despu\u00e9s me sacaron todo lo que ten\u00eda malo en mi mano, y luego me inyectaron las c\u00e9lulas. A los cinco a seis d\u00edas estaba todo cicatrizado y ya no me dol\u00eda\u00bb, explica Fuentes.<\/p>\n<p><strong>Primer paso<\/strong><\/p>\n<p>\u00abEste es un paso muy importante para el pa\u00eds porque hoy se habla mucho de terapias con c\u00e9lulas madre, pero en verdad no lo son\u00bb, explica el doctor C\u00e9sar C\u00e1rcamo, m\u00e9dico tratante de Fuentes y director del centro de salud.<\/p>\n<p>\u00abAc\u00e1 sacamos estas c\u00e9lulas de la m\u00e9dula \u00f3sea, las purificamos, las cultivamos y multiplicamos y, despu\u00e9s de eso, las inyectamos de regreso al paciente\u00bb, explica este profesional.<\/p>\n<p>Esto es lo que trae alivio a Fuentes, que, despu\u00e9s de un a\u00f1o de este procedimiento, comienza a sentir dolor. \u00abEs como una \u00falcera que arde y que no se alivia con tomar analg\u00e9sicos. S\u00f3lo se pasa con la inyecci\u00f3n de estas c\u00e9lulas\u00bb, cuenta.<\/p>\n<p>Esta terapia ahora se puede hacer en Chile gracias a que la U. del Desarrollo mont\u00f3 un laboratorio de muy buen nivel, con un buen equipo cient\u00edfico capaz de desarrollar c\u00e9lulas madre. \u00abEl a\u00f1o pasado invitamos a los m\u00e9dicos franceses que dieron su autorizaci\u00f3n para que hici\u00e9ramos el procedimiento ac\u00e1, porque vieron que el laboratorio cumpl\u00eda los est\u00e1ndares que ellos exig\u00edan\u00bb, explica C\u00e1rcamo.<\/p>\n<p>Este trabajador de Quill\u00f3n, localidad ubicada en la zona costera de Chill\u00e1n, tiene ahora una reserva de estas c\u00e9lulas congeladas para las veces que \u00e9l las requiera en el futuro.<\/p>\n<p>A Fuentes le duele no encontrar trabajo, \u00abporque todos saben que soy un accidentado que requiere tratarse cada tanto\u00bb. Aunque tambi\u00e9n hoy tiene una alegr\u00eda. Tuvo una hija despu\u00e9s del accidente, a pesar que le advirtieron que no podr\u00eda engendrar a consecuencia de la radiaci\u00f3n. \u00abLa Mutual me daba preservativos para cuidarme, porque si llegaba a tener un hijo pod\u00eda tener problemas. Pero, gracias a Dios, sali\u00f3 una ni\u00f1a sanita que hoy tiene tres a\u00f1os\u00bb, concluye.<\/p>\n<p>(Fuente: Diario El Mercurio, lunes 22 de octubre 2012)<\/p>\n","protected":false},"excerpt":{"rendered":"<p>Terapia es posible gracias a investigaciones desarrolladas en Instituto de Ciencias de la Facultad.<\/p>\n","protected":false},"author":1,"featured_media":0,"comment_status":"open","ping_status":"open","sticky":false,"template":"","format":"standard","meta":{"footnotes":""},"categories":[4],"tags":[],"class_list":["post-663","post","type-post","status-publish","format-standard","hentry","category-noticias"],"yoast_head":"<!-- This site is optimized with the Yoast SEO plugin v26.9 - https:\/\/yoast.com\/product\/yoast-seo-wordpress\/ -->\n<title>Usan c\u00e9lulas madre para tratar da\u00f1o por radiactividad en trabajador - Centro de Medicina Regenerativa<\/title>\n<meta name=\"robots\" content=\"index, follow, max-snippet:-1, max-image-preview:large, max-video-preview:-1\" \/>\n<link rel=\"canonical\" href=\"https:\/\/medicina.udd.cl\/centro-medicina-regenerativa\/noticias\/2012\/10\/22\/usan-celulas-madre-para-tratar-dano-por-radiactividad-en-trabajador\/\" \/>\n<meta property=\"og:locale\" content=\"es_ES\" \/>\n<meta property=\"og:type\" content=\"article\" \/>\n<meta property=\"og:title\" content=\"Usan c\u00e9lulas madre para tratar da\u00f1o por radiactividad en trabajador - Centro de Medicina Regenerativa\" \/>\n<meta property=\"og:description\" content=\"Terapia es posible gracias a investigaciones desarrolladas en Instituto de Ciencias de la Facultad.\" \/>\n<meta property=\"og:url\" content=\"https:\/\/medicina.udd.cl\/centro-medicina-regenerativa\/noticias\/2012\/10\/22\/usan-celulas-madre-para-tratar-dano-por-radiactividad-en-trabajador\/\" \/>\n<meta property=\"og:site_name\" content=\"Centro de Medicina Regenerativa\" \/>\n<meta property=\"article:published_time\" content=\"2012-10-22T17:43:09+00:00\" \/>\n<meta property=\"article:modified_time\" content=\"2014-06-26T14:14:46+00:00\" \/>\n<meta name=\"author\" content=\"admin\" \/>\n<meta name=\"twitter:label1\" content=\"Escrito por\" \/>\n\t<meta name=\"twitter:data1\" content=\"admin\" \/>\n\t<meta name=\"twitter:label2\" content=\"Tiempo de lectura\" \/>\n\t<meta name=\"twitter:data2\" content=\"3 minutos\" \/>\n<script type=\"application\/ld+json\" class=\"yoast-schema-graph\">{\"@context\":\"https:\/\/schema.org\",\"@graph\":[{\"@type\":\"Article\",\"@id\":\"https:\/\/medicina.udd.cl\/centro-medicina-regenerativa\/noticias\/2012\/10\/22\/usan-celulas-madre-para-tratar-dano-por-radiactividad-en-trabajador\/#article\",\"isPartOf\":{\"@id\":\"https:\/\/medicina.udd.cl\/centro-medicina-regenerativa\/noticias\/2012\/10\/22\/usan-celulas-madre-para-tratar-dano-por-radiactividad-en-trabajador\/\"},\"author\":{\"name\":\"admin\",\"@id\":\"https:\/\/medicina.udd.cl\/centro-medicina-regenerativa\/#\/schema\/person\/f7abfa784c86da427e89287831f96ab7\"},\"headline\":\"Usan c\u00e9lulas madre para tratar da\u00f1o por radiactividad en trabajador\",\"datePublished\":\"2012-10-22T17:43:09+00:00\",\"dateModified\":\"2014-06-26T14:14:46+00:00\",\"mainEntityOfPage\":{\"@id\":\"https:\/\/medicina.udd.cl\/centro-medicina-regenerativa\/noticias\/2012\/10\/22\/usan-celulas-madre-para-tratar-dano-por-radiactividad-en-trabajador\/\"},\"wordCount\":551,\"commentCount\":0,\"articleSection\":[\"Noticias\"],\"inLanguage\":\"es\",\"potentialAction\":[{\"@type\":\"CommentAction\",\"name\":\"Comment\",\"target\":[\"https:\/\/medicina.udd.cl\/centro-medicina-regenerativa\/noticias\/2012\/10\/22\/usan-celulas-madre-para-tratar-dano-por-radiactividad-en-trabajador\/#respond\"]}]},{\"@type\":\"WebPage\",\"@id\":\"https:\/\/medicina.udd.cl\/centro-medicina-regenerativa\/noticias\/2012\/10\/22\/usan-celulas-madre-para-tratar-dano-por-radiactividad-en-trabajador\/\",\"url\":\"https:\/\/medicina.udd.cl\/centro-medicina-regenerativa\/noticias\/2012\/10\/22\/usan-celulas-madre-para-tratar-dano-por-radiactividad-en-trabajador\/\",\"name\":\"Usan c\u00e9lulas madre para tratar da\u00f1o por radiactividad en trabajador - Centro de Medicina Regenerativa\",\"isPartOf\":{\"@id\":\"https:\/\/medicina.udd.cl\/centro-medicina-regenerativa\/#website\"},\"datePublished\":\"2012-10-22T17:43:09+00:00\",\"dateModified\":\"2014-06-26T14:14:46+00:00\",\"author\":{\"@id\":\"https:\/\/medicina.udd.cl\/centro-medicina-regenerativa\/#\/schema\/person\/f7abfa784c86da427e89287831f96ab7\"},\"breadcrumb\":{\"@id\":\"https:\/\/medicina.udd.cl\/centro-medicina-regenerativa\/noticias\/2012\/10\/22\/usan-celulas-madre-para-tratar-dano-por-radiactividad-en-trabajador\/#breadcrumb\"},\"inLanguage\":\"es\",\"potentialAction\":[{\"@type\":\"ReadAction\",\"target\":[\"https:\/\/medicina.udd.cl\/centro-medicina-regenerativa\/noticias\/2012\/10\/22\/usan-celulas-madre-para-tratar-dano-por-radiactividad-en-trabajador\/\"]}]},{\"@type\":\"BreadcrumbList\",\"@id\":\"https:\/\/medicina.udd.cl\/centro-medicina-regenerativa\/noticias\/2012\/10\/22\/usan-celulas-madre-para-tratar-dano-por-radiactividad-en-trabajador\/#breadcrumb\",\"itemListElement\":[{\"@type\":\"ListItem\",\"position\":1,\"name\":\"Inicio\",\"item\":\"https:\/\/medicina.udd.cl\/centro-medicina-regenerativa\/\"},{\"@type\":\"ListItem\",\"position\":2,\"name\":\"Usan c\u00e9lulas madre para tratar da\u00f1o por radiactividad en trabajador\"}]},{\"@type\":\"WebSite\",\"@id\":\"https:\/\/medicina.udd.cl\/centro-medicina-regenerativa\/#website\",\"url\":\"https:\/\/medicina.udd.cl\/centro-medicina-regenerativa\/\",\"name\":\"Centro de Medicina Regenerativa\",\"description\":\"\",\"inLanguage\":\"es\"},{\"@type\":\"Person\",\"@id\":\"https:\/\/medicina.udd.cl\/centro-medicina-regenerativa\/#\/schema\/person\/f7abfa784c86da427e89287831f96ab7\",\"name\":\"admin\",\"image\":{\"@type\":\"ImageObject\",\"inLanguage\":\"es\",\"@id\":\"https:\/\/medicina.udd.cl\/centro-medicina-regenerativa\/#\/schema\/person\/image\/\",\"url\":\"https:\/\/secure.gravatar.com\/avatar\/3cb6da298954dfb54457c0910b8c9ca010abd8d87a60f7d701b6ce4254e1c642?s=96&d=mm&r=g\",\"contentUrl\":\"https:\/\/secure.gravatar.com\/avatar\/3cb6da298954dfb54457c0910b8c9ca010abd8d87a60f7d701b6ce4254e1c642?s=96&d=mm&r=g\",\"caption\":\"admin\"},\"url\":\"https:\/\/medicina.udd.cl\/centro-medicina-regenerativa\/noticias\/author\/admin\/\"}]}<\/script>\n<!-- \/ Yoast SEO plugin. -->","yoast_head_json":{"title":"Usan c\u00e9lulas madre para tratar da\u00f1o por radiactividad en trabajador - Centro de Medicina Regenerativa","robots":{"index":"index","follow":"follow","max-snippet":"max-snippet:-1","max-image-preview":"max-image-preview:large","max-video-preview":"max-video-preview:-1"},"canonical":"https:\/\/medicina.udd.cl\/centro-medicina-regenerativa\/noticias\/2012\/10\/22\/usan-celulas-madre-para-tratar-dano-por-radiactividad-en-trabajador\/","og_locale":"es_ES","og_type":"article","og_title":"Usan c\u00e9lulas madre para tratar da\u00f1o por radiactividad en trabajador - Centro de Medicina Regenerativa","og_description":"Terapia es posible gracias a investigaciones desarrolladas en Instituto de Ciencias de la Facultad.","og_url":"https:\/\/medicina.udd.cl\/centro-medicina-regenerativa\/noticias\/2012\/10\/22\/usan-celulas-madre-para-tratar-dano-por-radiactividad-en-trabajador\/","og_site_name":"Centro de Medicina Regenerativa","article_published_time":"2012-10-22T17:43:09+00:00","article_modified_time":"2014-06-26T14:14:46+00:00","author":"admin","twitter_misc":{"Escrito por":"admin","Tiempo de lectura":"3 minutos"},"schema":{"@context":"https:\/\/schema.org","@graph":[{"@type":"Article","@id":"https:\/\/medicina.udd.cl\/centro-medicina-regenerativa\/noticias\/2012\/10\/22\/usan-celulas-madre-para-tratar-dano-por-radiactividad-en-trabajador\/#article","isPartOf":{"@id":"https:\/\/medicina.udd.cl\/centro-medicina-regenerativa\/noticias\/2012\/10\/22\/usan-celulas-madre-para-tratar-dano-por-radiactividad-en-trabajador\/"},"author":{"name":"admin","@id":"https:\/\/medicina.udd.cl\/centro-medicina-regenerativa\/#\/schema\/person\/f7abfa784c86da427e89287831f96ab7"},"headline":"Usan c\u00e9lulas madre para tratar da\u00f1o por radiactividad en trabajador","datePublished":"2012-10-22T17:43:09+00:00","dateModified":"2014-06-26T14:14:46+00:00","mainEntityOfPage":{"@id":"https:\/\/medicina.udd.cl\/centro-medicina-regenerativa\/noticias\/2012\/10\/22\/usan-celulas-madre-para-tratar-dano-por-radiactividad-en-trabajador\/"},"wordCount":551,"commentCount":0,"articleSection":["Noticias"],"inLanguage":"es","potentialAction":[{"@type":"CommentAction","name":"Comment","target":["https:\/\/medicina.udd.cl\/centro-medicina-regenerativa\/noticias\/2012\/10\/22\/usan-celulas-madre-para-tratar-dano-por-radiactividad-en-trabajador\/#respond"]}]},{"@type":"WebPage","@id":"https:\/\/medicina.udd.cl\/centro-medicina-regenerativa\/noticias\/2012\/10\/22\/usan-celulas-madre-para-tratar-dano-por-radiactividad-en-trabajador\/","url":"https:\/\/medicina.udd.cl\/centro-medicina-regenerativa\/noticias\/2012\/10\/22\/usan-celulas-madre-para-tratar-dano-por-radiactividad-en-trabajador\/","name":"Usan c\u00e9lulas madre para tratar da\u00f1o por radiactividad en trabajador - Centro de Medicina Regenerativa","isPartOf":{"@id":"https:\/\/medicina.udd.cl\/centro-medicina-regenerativa\/#website"},"datePublished":"2012-10-22T17:43:09+00:00","dateModified":"2014-06-26T14:14:46+00:00","author":{"@id":"https:\/\/medicina.udd.cl\/centro-medicina-regenerativa\/#\/schema\/person\/f7abfa784c86da427e89287831f96ab7"},"breadcrumb":{"@id":"https:\/\/medicina.udd.cl\/centro-medicina-regenerativa\/noticias\/2012\/10\/22\/usan-celulas-madre-para-tratar-dano-por-radiactividad-en-trabajador\/#breadcrumb"},"inLanguage":"es","potentialAction":[{"@type":"ReadAction","target":["https:\/\/medicina.udd.cl\/centro-medicina-regenerativa\/noticias\/2012\/10\/22\/usan-celulas-madre-para-tratar-dano-por-radiactividad-en-trabajador\/"]}]},{"@type":"BreadcrumbList","@id":"https:\/\/medicina.udd.cl\/centro-medicina-regenerativa\/noticias\/2012\/10\/22\/usan-celulas-madre-para-tratar-dano-por-radiactividad-en-trabajador\/#breadcrumb","itemListElement":[{"@type":"ListItem","position":1,"name":"Inicio","item":"https:\/\/medicina.udd.cl\/centro-medicina-regenerativa\/"},{"@type":"ListItem","position":2,"name":"Usan c\u00e9lulas madre para tratar da\u00f1o por radiactividad en trabajador"}]},{"@type":"WebSite","@id":"https:\/\/medicina.udd.cl\/centro-medicina-regenerativa\/#website","url":"https:\/\/medicina.udd.cl\/centro-medicina-regenerativa\/","name":"Centro de Medicina Regenerativa","description":"","inLanguage":"es"},{"@type":"Person","@id":"https:\/\/medicina.udd.cl\/centro-medicina-regenerativa\/#\/schema\/person\/f7abfa784c86da427e89287831f96ab7","name":"admin","image":{"@type":"ImageObject","inLanguage":"es","@id":"https:\/\/medicina.udd.cl\/centro-medicina-regenerativa\/#\/schema\/person\/image\/","url":"https:\/\/secure.gravatar.com\/avatar\/3cb6da298954dfb54457c0910b8c9ca010abd8d87a60f7d701b6ce4254e1c642?s=96&d=mm&r=g","contentUrl":"https:\/\/secure.gravatar.com\/avatar\/3cb6da298954dfb54457c0910b8c9ca010abd8d87a60f7d701b6ce4254e1c642?s=96&d=mm&r=g","caption":"admin"},"url":"https:\/\/medicina.udd.cl\/centro-medicina-regenerativa\/noticias\/author\/admin\/"}]}},"featured_image_url":null,"_links":{"self":[{"href":"https:\/\/medicina.udd.cl\/centro-medicina-regenerativa\/wp-json\/wp\/v2\/posts\/663","targetHints":{"allow":["GET"]}}],"collection":[{"href":"https:\/\/medicina.udd.cl\/centro-medicina-regenerativa\/wp-json\/wp\/v2\/posts"}],"about":[{"href":"https:\/\/medicina.udd.cl\/centro-medicina-regenerativa\/wp-json\/wp\/v2\/types\/post"}],"author":[{"embeddable":true,"href":"https:\/\/medicina.udd.cl\/centro-medicina-regenerativa\/wp-json\/wp\/v2\/users\/1"}],"replies":[{"embeddable":true,"href":"https:\/\/medicina.udd.cl\/centro-medicina-regenerativa\/wp-json\/wp\/v2\/comments?post=663"}],"version-history":[{"count":7,"href":"https:\/\/medicina.udd.cl\/centro-medicina-regenerativa\/wp-json\/wp\/v2\/posts\/663\/revisions"}],"predecessor-version":[{"id":1819,"href":"https:\/\/medicina.udd.cl\/centro-medicina-regenerativa\/wp-json\/wp\/v2\/posts\/663\/revisions\/1819"}],"wp:attachment":[{"href":"https:\/\/medicina.udd.cl\/centro-medicina-regenerativa\/wp-json\/wp\/v2\/media?parent=663"}],"wp:term":[{"taxonomy":"category","embeddable":true,"href":"https:\/\/medicina.udd.cl\/centro-medicina-regenerativa\/wp-json\/wp\/v2\/categories?post=663"},{"taxonomy":"post_tag","embeddable":true,"href":"https:\/\/medicina.udd.cl\/centro-medicina-regenerativa\/wp-json\/wp\/v2\/tags?post=663"}],"curies":[{"name":"wp","href":"https:\/\/api.w.org\/{rel}","templated":true}]}}